{"id":39307,"date":"2025-05-20T17:23:00","date_gmt":"2025-05-20T20:23:00","guid":{"rendered":"https:\/\/www.correiobraziliense.com.br\/cbradar\/?p=39307"},"modified":"2025-05-19T10:58:04","modified_gmt":"2025-05-19T13:58:04","slug":"esses-oleos-podem-ter-efeito-benefico-e-ate-diminuir-suas-dores-de-cabeca","status":"publish","type":"post","link":"https:\/\/www.correiobraziliense.com.br\/cbradar\/esses-oleos-podem-ter-efeito-benefico-e-ate-diminuir-suas-dores-de-cabeca\/","title":{"rendered":"Esses \u00f3leos podem ter efeito ben\u00e9fico e at\u00e9 diminuir suas dores de cabe\u00e7a!"},"content":{"rendered":"\n<p>As <strong><a href=\"https:\/\/pt.wikipedia.org\/wiki\/Dor\" target=\"_blank\" rel=\"noreferrer noopener\">dores <\/a>de cabe\u00e7a<\/strong> s\u00e3o uma das queixas de <a href=\"https:\/\/www.correiobraziliense.com.br\/cbradar\/ciclistas-estao-amando-o-novo-metodo-de-fortalecimento-de-pernas\/\" target=\"_blank\" rel=\"noreferrer noopener\"><strong>sa\u00fade<\/strong> <\/a>mais comuns, impactando milh\u00f5es de pessoas e prejudicando a produtividade e o bem-estar. Embora existam muitos tipos de <strong>dores de cabe\u00e7a<\/strong>, a <strong>dor de cabe\u00e7a tensional<\/strong>, frequentemente relacionada ao <strong>estresse<\/strong>, <strong>ansiedade<\/strong> e <strong>tens\u00e3o muscular<\/strong> no <strong>pesco\u00e7o<\/strong>, <strong>ombros<\/strong> e couro cabeludo, \u00e9 uma das mais prevalentes. Em busca de <strong>al\u00edvio<\/strong>, muitas pessoas recorrem a medicamentos, mas abordagens complementares focadas no <strong>relaxamento<\/strong> e no uso de <strong>rem\u00e9dios naturais<\/strong>, como os <strong>\u00f3leos essenciais<\/strong> (<strong>aromaterapia<\/strong>), podem oferecer suporte valioso para gerenciar a <strong>tens\u00e3o<\/strong> e <strong>reduzir o desconforto<\/strong>. \u00c9 crucial entender que estas t\u00e9cnicas s\u00e3o complementares ao tratamento m\u00e9dico e n\u00e3o substituem a avalia\u00e7\u00e3o profissional. <strong>Dores de cabe\u00e7a<\/strong> frequentes, severas ou que mudam de padr\u00e3o, como <strong>enxaquecas<\/strong>, requerem <strong>sempre o diagn\u00f3stico e tratamento de um m\u00e9dico<\/strong>.<\/p>\n\n\n\n<p>O uso de <strong>\u00f3leos essenciais<\/strong> para <strong>al\u00edvio da dor de cabe\u00e7a<\/strong> baseia-se nas propriedades <strong>analg\u00e9sicas<\/strong> leves, <strong>anti-inflamat\u00f3rias<\/strong> e <strong>relaxantes<\/strong> de certos compostos arom\u00e1ticos. Combinados com t\u00e9cnicas de <strong>relaxamento<\/strong>, que visam acalmar o <strong>sistema nervoso<\/strong> e <strong>reduzir a tens\u00e3o muscular<\/strong>, essas abordagens podem criar uma sinergia poderosa para <strong>aliviar a dor de cabe\u00e7a tensional<\/strong>. Este guia passo a passo apresenta como usar <strong>relaxamento<\/strong> e <strong>\u00f3leos essenciais<\/strong> de forma <strong>segura<\/strong> e eficaz para <strong>al\u00edvio da dor de cabe\u00e7a<\/strong>, destacando a import\u00e2ncia da <strong>cautela<\/strong> e da <strong>orienta\u00e7\u00e3o profissional<\/strong> ao usar <strong>\u00f3leos essenciais<\/strong>.<\/p>\n\n\n\n<h2 class=\"wp-block-heading\">Por que o estresse e a tens\u00e3o contribuem para a dor de cabe\u00e7a (e como relaxar ajuda)?<\/h2>\n\n\n\n<p>O <strong>estresse<\/strong> e a <strong>tens\u00e3o<\/strong> s\u00e3o <strong>gatilhos<\/strong> bem conhecidos para <strong>dores de cabe\u00e7a<\/strong>, especialmente as de tipo tensional. Quando estamos <strong>estressados<\/strong>, o <strong>sistema nervoso<\/strong> simp\u00e1tico (resposta de &#8220;luta ou fuga&#8221;) \u00e9 ativado, levando \u00e0 contra\u00e7\u00e3o involunt\u00e1ria dos m\u00fasculos, incluindo os do <strong>pesco\u00e7o<\/strong>, <strong>ombros<\/strong>, mand\u00edbula e couro cabeludo. Essa <strong>tens\u00e3o muscular<\/strong> prolongada restringe o fluxo sangu\u00edneo e pode irritar os nervos, resultando na <strong>dor de cabe\u00e7a tensional<\/strong>.<\/p>\n\n\n\n<p>O <strong>relaxamento<\/strong> atua quebrando esse ciclo. T\u00e9cnicas de <strong>relaxamento<\/strong> ativam o <strong>sistema nervoso parassimp\u00e1tico<\/strong> (&#8220;descansar e digerir&#8221;), que promove o relaxamento muscular, <strong>reduz a tens\u00e3o<\/strong> e acalma a resposta ao <strong>estresse<\/strong>. Ao <strong>reduzir a tens\u00e3o<\/strong> na raiz, o <strong>relaxamento<\/strong> pode aliviar a <strong>dor de cabe\u00e7a<\/strong> associada e at\u00e9 ajudar a preveni-la.<\/p>\n\n\n\n<h2 class=\"wp-block-heading\">Que \u00f3leos essenciais s\u00e3o mais utilizados e promissores para o al\u00edvio de dores de cabe\u00e7a?<\/h2>\n\n\n<div class=\"wp-block-image\">\n<figure class=\"aligncenter size-large\"><img decoding=\"async\" width=\"1024\" height=\"576\" src=\"https:\/\/www.correiobraziliense.com.br\/cbradar\/wp-content\/uploads\/2025\/03\/oleos-essenciais-_1741960827256-1024x576.jpg\" alt=\"Revelada pr\u00e1tica milenar que utiliza \u00f3leos que podem te ajudar a ficar mais calmo!\" class=\"wp-image-12634\" srcset=\"https:\/\/www.correiobraziliense.com.br\/cbradar\/wp-content\/uploads\/2025\/03\/oleos-essenciais-_1741960827256-1024x576.jpg 1024w, https:\/\/www.correiobraziliense.com.br\/cbradar\/wp-content\/uploads\/2025\/03\/oleos-essenciais-_1741960827256-300x169.jpg 300w, https:\/\/www.correiobraziliense.com.br\/cbradar\/wp-content\/uploads\/2025\/03\/oleos-essenciais-_1741960827256-768x432.jpg 768w, https:\/\/www.correiobraziliense.com.br\/cbradar\/wp-content\/uploads\/2025\/03\/oleos-essenciais-_1741960827256-750x422.jpg 750w, https:\/\/www.correiobraziliense.com.br\/cbradar\/wp-content\/uploads\/2025\/03\/oleos-essenciais-_1741960827256-1140x641.jpg 1140w, https:\/\/www.correiobraziliense.com.br\/cbradar\/wp-content\/uploads\/2025\/03\/oleos-essenciais-_1741960827256.jpg 1280w\" sizes=\"(max-width: 1024px) 100vw, 1024px\" \/><figcaption class=\"wp-element-caption\">\u00d3leos &#8211; Cr\u00e9ditos: depositphotos.com \/ JanPietruszka<\/figcaption><\/figure><\/div>\n\n\n<p>Alguns <strong>\u00f3leos essenciais<\/strong> s\u00e3o populares e t\u00eam mostrado potencial para <strong>al\u00edvio da dor de cabe\u00e7a<\/strong>, principalmente a tensional:<\/p>\n\n\n\n<ul class=\"wp-block-list\">\n<li><strong>\u00d3leo Essencial de Hortel\u00e3-Pimenta:<\/strong> Cont\u00e9m <strong>mentol<\/strong>, que tem um efeito refrescante e pode ter propriedades <strong>analg\u00e9sicas<\/strong> leves e relaxantes musculares. Aplicado topicamente (dilu\u00eddo), pode ajudar a <strong>reduzir a tens\u00e3o<\/strong> na testa e t\u00eamporas.<\/li>\n\n\n\n<li><strong>\u00d3leo Essencial de Lavanda:<\/strong> Conhecido por suas propriedades <strong>calmantes<\/strong> e <strong>relaxantes<\/strong>. Pode ajudar a <strong>reduzir o estresse<\/strong> e a <strong>ansiedade<\/strong>, que s\u00e3o <strong>gatilhos<\/strong> de <strong>dores de cabe\u00e7a<\/strong>. A <strong>aromaterapia<\/strong> com <strong>lavanda<\/strong> pode promover <strong>relaxamento<\/strong>.<\/li>\n\n\n\n<li><strong>\u00d3leo Essencial de Camomila:<\/strong> Possui propriedades <strong>calmantes<\/strong> e anti-inflamat\u00f3rias leves. O aroma pode ajudar a <strong>relaxar<\/strong>.<\/li>\n<\/ul>\n\n\n\n<p>Outros <strong>\u00f3leos<\/strong> como eucalipto e alecrim tamb\u00e9m s\u00e3o usados, mas a pesquisa \u00e9 mais limitada. <strong>Sempre use \u00f3leos essenciais com cautela<\/strong> e <strong>verifique se h\u00e1 sensibilidade individual<\/strong>.<\/p>\n\n\n\n<h2 class=\"wp-block-heading\">Como usar \u00f3leos essenciais de forma segura e eficaz para dores de cabe\u00e7a?<\/h2>\n\n\n\n<p>O uso de <strong>\u00f3leos essenciais<\/strong> requer <strong>seguran\u00e7a<\/strong> e a <strong>forma<\/strong> correta:<\/p>\n\n\n\n<ul class=\"wp-block-list\">\n<li><strong>Inala\u00e7\u00e3o (Aromaterapia):<\/strong> Adicione algumas gotas a um difusor de <strong>\u00f3leos essenciais<\/strong> em um ambiente bem ventilado. Ou adicione 1-2 gotas a uma tigela de \u00e1gua quente, cubra a cabe\u00e7a com uma toalha e inale o vapor (mantenha os olhos fechados e n\u00e3o muito perto).<\/li>\n\n\n\n<li><strong>Aplica\u00e7\u00e3o T\u00f3pica (Dilu\u00eddo):<\/strong> <strong>Sempre dilua \u00f3leos essenciais<\/strong> em um \u00f3leo carreador (como \u00f3leo de coco fracionado, jojoba ou am\u00eandoa doce) antes de aplicar na <strong>pele<\/strong>. Uma <strong>dilui\u00e7\u00e3o<\/strong> comum \u00e9 de 1-2% (cerca de 6-12 gotas de <strong>\u00f3leo essencial<\/strong> por 30 ml de \u00f3leo carreador). Aplique uma pequena quantidade na testa, t\u00eamporas ou parte de tr\u00e1s do <strong>pesco\u00e7o<\/strong>, <strong>evitando os olhos e mucosas<\/strong>. Massageie suavemente.<\/li>\n\n\n\n<li><strong>N\u00c3O INGERIR:<\/strong> A menos que explicitamente recomendado e **supervisionado por um profissional de sa\u00fade qualificado em <strong>aromaterapia<\/strong> cl\u00ednica, <strong>evite ingerir \u00f3leos essenciais<\/strong>. A <strong>ingest\u00e3o<\/strong> pode ser perigosa.<\/li>\n<\/ul>\n\n\n\n<p><strong>Qualidade:<\/strong> Use <strong>\u00f3leos essenciais<\/strong> puros e de alta qualidade de fontes confi\u00e1veis. Verifique se o \u00f3leo \u00e9 100% puro e o nome bot\u00e2nico est\u00e1 no r\u00f3tulo.<\/p>\n\n\n\n<h2 class=\"wp-block-heading\">Quais t\u00e9cnicas de relaxamento complementam o uso de \u00f3leos essenciais para al\u00edvio?<\/h2>\n\n\n\n<p>Combinar <strong>\u00f3leos essenciais<\/strong> com t\u00e9cnicas de <strong>relaxamento<\/strong> pode potencializar o <strong>al\u00edvio<\/strong>:<\/p>\n\n\n\n<ul class=\"wp-block-list\">\n<li><strong>Respira\u00e7\u00e3o Profunda com Inala\u00e7\u00e3o:<\/strong> Enquanto pratica a <strong>respira\u00e7\u00e3o diafragm\u00e1tica<\/strong>, inale o aroma do <strong>\u00f3leo essencial<\/strong> diretamente do frasco (sem tocar a <strong>pele<\/strong>) ou de um len\u00e7o com algumas gotas (dilu\u00eddas se necess\u00e1rio, mas inala\u00e7\u00e3o pura do frasco pequeno \u00e9 comum e <strong>segura<\/strong>).<\/li>\n\n\n\n<li><strong>Relaxamento Muscular Progressivo com Aplica\u00e7\u00e3o T\u00f3pica:<\/strong> Realize o <strong>rmp<\/strong> enquanto aplica o <strong>\u00f3leo<\/strong> dilu\u00eddo nas \u00e1reas de <strong>tens\u00e3o<\/strong> (pesco\u00e7o, <strong>ombros<\/strong>, testa).<\/li>\n\n\n\n<li><strong>Medita\u00e7\u00e3o Guiada em Ambiente Aromatizado:<\/strong> Medite em um quarto onde um <strong>\u00f3leo essencial<\/strong> calmante (como <strong>lavanda<\/strong>) esteja sendo difundido.<\/li>\n\n\n\n<li><strong>Massagem Suave:<\/strong> Use o <strong>\u00f3leo<\/strong> dilu\u00eddo para massagear suavemente o <strong>pesco\u00e7o<\/strong>, <strong>ombros<\/strong> e couro cabeludo para <strong>reduzir a tens\u00e3o muscular<\/strong>.<\/li>\n<\/ul>\n\n\n\n<p>A combina\u00e7\u00e3o aborda a <strong>dor de cabe\u00e7a<\/strong> tanto no n\u00edvel f\u00edsico quanto no mental.<\/p>\n\n\n\n<h2 class=\"wp-block-heading\">\u00c9 poss\u00edvel usar essas abordagens para prevenir dores de cabe\u00e7a e quando buscar ajuda m\u00e9dica?<\/h2>\n\n\n\n<p>Sim, a pr\u00e1tica regular de t\u00e9cnicas de <strong>relaxamento<\/strong> e o uso consciente de <strong>\u00f3leos essenciais<\/strong> podem fazer parte de uma estrat\u00e9gia de <strong>preven\u00e7\u00e3o da dor de cabe\u00e7a<\/strong>, especialmente se o <strong>estresse<\/strong> e a <strong>tens\u00e3o<\/strong> forem <strong>gatilhos<\/strong>. Incorporar a <strong>respira\u00e7\u00e3o<\/strong> profunda, o <strong>alongamento<\/strong> suave do <strong>pesco\u00e7o<\/strong> e <strong>ombros<\/strong> e o gerenciamento do <strong>estresse<\/strong> no dia a dia pode <strong>reduzir a frequ\u00eancia<\/strong> e a intensidade das <strong>dores de cabe\u00e7a<\/strong> tensionais. Usar <strong>\u00f3leos essenciais<\/strong> calmantes em momentos de <strong>estresse<\/strong> pode ajudar a evitar que a <strong>tens\u00e3o<\/strong> se acumule.<\/p>\n\n\n\n<p><strong>Busque ajuda m\u00e9dica<\/strong> se suas <strong>dores de cabe\u00e7a<\/strong> forem frequentes, severas, mudarem de padr\u00e3o, forem acompanhadas de outros sintomas <strong>neurol\u00f3gicos<\/strong> (fraqueza, dorm\u00eancia, altera\u00e7\u00f5es na <strong>vis\u00e3o<\/strong>) ou se n\u00e3o melhorarem com tratamentos n\u00e3o medicamentosos. Um m\u00e9dico pode diagnosticar o tipo de <strong>dor de cabe\u00e7a<\/strong>, descartar condi\u00e7\u00f5es mais s\u00e9rias e recomendar o tratamento mais adequado. As t\u00e9cnicas de <strong>relaxamento<\/strong> e o uso de <strong>\u00f3leos essenciais<\/strong> s\u00e3o complementos \u00fateis para o manejo da <strong>dor de cabe\u00e7a tensional<\/strong>, mas <strong>nunca devem substituir a avalia\u00e7\u00e3o e o tratamento m\u00e9dico para enxaquecas ou outras dores de cabe\u00e7a persistentes ou severas<\/strong>.<\/p>\n","protected":false},"excerpt":{"rendered":"<p>As dores de cabe\u00e7a s\u00e3o uma das queixas de sa\u00fade mais comuns, impactando milh\u00f5es de pessoas e prejudicando a produtividade e o bem-estar. Embora existam muitos tipos de dores de cabe\u00e7a, a dor de cabe\u00e7a tensional, frequentemente relacionada ao estresse, ansiedade e tens\u00e3o muscular no pesco\u00e7o, ombros e couro cabeludo, \u00e9 uma das mais prevalentes. [&hellip;]<\/p>\n","protected":false},"author":11,"featured_media":23918,"comment_status":"open","ping_status":"open","sticky":false,"template":"","format":"standard","meta":{"_yoast_wpseo_focuskw":"\u00d3leos","_yoast_wpseo_title":"","_yoast_wpseo_metadesc":"\u00d3leos com propriedades especiais que podem aliviar dores de cabe\u00e7a e trazer sensa\u00e7\u00e3o de bem-estar constante","jnews-multi-image_gallery":[],"jnews_single_post":{"format":"standard"},"jnews_primary_category":[],"jnews_social_meta":[],"jnews_override_counter":[],"footnotes":""},"categories":[119],"post_tag":[120,565],"class_list":["post-39307","post","type-post","status-publish","format-standard","has-post-thumbnail","hentry","category-bem-estar","tag-bem-estar","tag-saude"],"yoast_head":"<!-- This site is optimized with the Yoast SEO plugin v24.6 - https:\/\/yoast.com\/wordpress\/plugins\/seo\/ -->\n<title>Esses \u00f3leos podem ter efeito ben\u00e9fico e at\u00e9 diminuir suas dores de cabe\u00e7a! - Correio Braziliense - Radar<\/title>\n<meta name=\"description\" content=\"\u00d3leos com propriedades especiais que podem aliviar dores de cabe\u00e7a e trazer sensa\u00e7\u00e3o de bem-estar constante\" \/>\n<meta name=\"robots\" content=\"index, follow, max-snippet:-1, max-image-preview:large, max-video-preview:-1\" \/>\n<link rel=\"canonical\" href=\"https:\/\/www.correiobraziliense.com.br\/cbradar\/esses-oleos-podem-ter-efeito-benefico-e-ate-diminuir-suas-dores-de-cabeca\/\" \/>\n<meta property=\"og:locale\" content=\"pt_BR\" \/>\n<meta property=\"og:type\" content=\"article\" \/>\n<meta property=\"og:title\" content=\"Esses \u00f3leos podem ter efeito ben\u00e9fico e at\u00e9 diminuir suas dores de cabe\u00e7a! - Correio Braziliense - Radar\" \/>\n<meta property=\"og:description\" content=\"\u00d3leos com propriedades especiais que podem aliviar dores de cabe\u00e7a e trazer sensa\u00e7\u00e3o de bem-estar constante\" \/>\n<meta property=\"og:url\" content=\"https:\/\/www.correiobraziliense.com.br\/cbradar\/esses-oleos-podem-ter-efeito-benefico-e-ate-diminuir-suas-dores-de-cabeca\/\" \/>\n<meta property=\"og:site_name\" content=\"Correio Braziliense - Radar\" \/>\n<meta property=\"article:published_time\" content=\"2025-05-20T20:23:00+00:00\" \/>\n<meta property=\"og:image\" content=\"https:\/\/www.correiobraziliense.com.br\/cbradar\/wp-content\/uploads\/2025\/04\/Oleo-de-Coco_1744724445725.jpg\" \/>\n\t<meta property=\"og:image:width\" content=\"1280\" \/>\n\t<meta property=\"og:image:height\" content=\"720\" \/>\n\t<meta property=\"og:image:type\" content=\"image\/jpeg\" \/>\n<meta name=\"author\" content=\"Paulo Custodio\" \/>\n<meta name=\"twitter:card\" content=\"summary_large_image\" \/>\n<meta name=\"twitter:label1\" content=\"Escrito por\" \/>\n\t<meta name=\"twitter:data1\" content=\"Paulo Custodio\" \/>\n\t<meta name=\"twitter:label2\" content=\"Est. tempo de leitura\" \/>\n\t<meta name=\"twitter:data2\" content=\"7 minutos\" \/>\n<!-- \/ Yoast SEO plugin. -->","yoast_head_json":{"title":"Esses \u00f3leos podem ter efeito ben\u00e9fico e at\u00e9 diminuir suas dores de cabe\u00e7a! - Correio Braziliense - Radar","description":"\u00d3leos com propriedades especiais que podem aliviar dores de cabe\u00e7a e trazer sensa\u00e7\u00e3o de bem-estar constante","robots":{"index":"index","follow":"follow","max-snippet":"max-snippet:-1","max-image-preview":"max-image-preview:large","max-video-preview":"max-video-preview:-1"},"canonical":"https:\/\/www.correiobraziliense.com.br\/cbradar\/esses-oleos-podem-ter-efeito-benefico-e-ate-diminuir-suas-dores-de-cabeca\/","og_locale":"pt_BR","og_type":"article","og_title":"Esses \u00f3leos podem ter efeito ben\u00e9fico e at\u00e9 diminuir suas dores de cabe\u00e7a! - Correio Braziliense - Radar","og_description":"\u00d3leos com propriedades especiais que podem aliviar dores de cabe\u00e7a e trazer sensa\u00e7\u00e3o de bem-estar constante","og_url":"https:\/\/www.correiobraziliense.com.br\/cbradar\/esses-oleos-podem-ter-efeito-benefico-e-ate-diminuir-suas-dores-de-cabeca\/","og_site_name":"Correio Braziliense - Radar","article_published_time":"2025-05-20T20:23:00+00:00","og_image":[{"width":1280,"height":720,"url":"https:\/\/www.correiobraziliense.com.br\/cbradar\/wp-content\/uploads\/2025\/04\/Oleo-de-Coco_1744724445725.jpg","type":"image\/jpeg"}],"author":"Paulo Custodio","twitter_card":"summary_large_image","twitter_misc":{"Escrito por":"Paulo Custodio","Est. tempo de leitura":"7 minutos"},"schema":{"@context":"https:\/\/schema.org","@graph":[{"@type":"WebPage","@id":"https:\/\/www.correiobraziliense.com.br\/cbradar\/esses-oleos-podem-ter-efeito-benefico-e-ate-diminuir-suas-dores-de-cabeca\/","url":"https:\/\/www.correiobraziliense.com.br\/cbradar\/esses-oleos-podem-ter-efeito-benefico-e-ate-diminuir-suas-dores-de-cabeca\/","name":"Esses \u00f3leos podem ter efeito ben\u00e9fico e at\u00e9 diminuir suas dores de cabe\u00e7a! - Correio Braziliense - Radar","isPartOf":{"@id":"https:\/\/www.correiobraziliense.com.br\/cbradar\/#website"},"primaryImageOfPage":{"@id":"https:\/\/www.correiobraziliense.com.br\/cbradar\/esses-oleos-podem-ter-efeito-benefico-e-ate-diminuir-suas-dores-de-cabeca\/#primaryimage"},"image":{"@id":"https:\/\/www.correiobraziliense.com.br\/cbradar\/esses-oleos-podem-ter-efeito-benefico-e-ate-diminuir-suas-dores-de-cabeca\/#primaryimage"},"thumbnailUrl":"https:\/\/www.correiobraziliense.com.br\/cbradar\/wp-content\/uploads\/2025\/04\/Oleo-de-Coco_1744724445725.jpg","datePublished":"2025-05-20T20:23:00+00:00","author":{"@id":"https:\/\/www.correiobraziliense.com.br\/cbradar\/#\/schema\/person\/4cec7857301a9a1a2ef249893cd908d3"},"description":"\u00d3leos com propriedades especiais que podem aliviar dores de cabe\u00e7a e trazer sensa\u00e7\u00e3o de bem-estar constante","breadcrumb":{"@id":"https:\/\/www.correiobraziliense.com.br\/cbradar\/esses-oleos-podem-ter-efeito-benefico-e-ate-diminuir-suas-dores-de-cabeca\/#breadcrumb"},"inLanguage":"pt-BR","potentialAction":[{"@type":"ReadAction","target":["https:\/\/www.correiobraziliense.com.br\/cbradar\/esses-oleos-podem-ter-efeito-benefico-e-ate-diminuir-suas-dores-de-cabeca\/"]}]},{"@type":"ImageObject","inLanguage":"pt-BR","@id":"https:\/\/www.correiobraziliense.com.br\/cbradar\/esses-oleos-podem-ter-efeito-benefico-e-ate-diminuir-suas-dores-de-cabeca\/#primaryimage","url":"https:\/\/www.correiobraziliense.com.br\/cbradar\/wp-content\/uploads\/2025\/04\/Oleo-de-Coco_1744724445725.jpg","contentUrl":"https:\/\/www.correiobraziliense.com.br\/cbradar\/wp-content\/uploads\/2025\/04\/Oleo-de-Coco_1744724445725.jpg","width":1280,"height":720,"caption":"\u00d3leo de Coco - Cr\u00e9ditos: depositphotos.com \/ VadimVasenin"},{"@type":"BreadcrumbList","@id":"https:\/\/www.correiobraziliense.com.br\/cbradar\/esses-oleos-podem-ter-efeito-benefico-e-ate-diminuir-suas-dores-de-cabeca\/#breadcrumb","itemListElement":[{"@type":"ListItem","position":1,"name":"In\u00edcio","item":"https:\/\/www.correiobraziliense.com.br\/cbradar\/"},{"@type":"ListItem","position":2,"name":"Esses \u00f3leos podem ter efeito ben\u00e9fico e at\u00e9 diminuir suas dores de cabe\u00e7a!"}]},{"@type":"WebSite","@id":"https:\/\/www.correiobraziliense.com.br\/cbradar\/#website","url":"https:\/\/www.correiobraziliense.com.br\/cbradar\/","name":"Correio Braziliense - Radar","description":"Acompanhe as \u00faltimas not\u00edcias e fique bem informado sobre tudo o que acontece no Brasil e no mundo.","potentialAction":[{"@type":"SearchAction","target":{"@type":"EntryPoint","urlTemplate":"https:\/\/www.correiobraziliense.com.br\/cbradar\/?s={search_term_string}"},"query-input":{"@type":"PropertyValueSpecification","valueRequired":true,"valueName":"search_term_string"}}],"inLanguage":"pt-BR"},{"@type":"Person","@id":"https:\/\/www.correiobraziliense.com.br\/cbradar\/#\/schema\/person\/4cec7857301a9a1a2ef249893cd908d3","name":"Paulo Custodio","image":{"@type":"ImageObject","inLanguage":"pt-BR","@id":"https:\/\/www.correiobraziliense.com.br\/cbradar\/#\/schema\/person\/image\/","url":"https:\/\/secure.gravatar.com\/avatar\/bcd67168d1534e8fcf4f45c726a87cea?s=96&d=mm&r=g","contentUrl":"https:\/\/secure.gravatar.com\/avatar\/bcd67168d1534e8fcf4f45c726a87cea?s=96&d=mm&r=g","caption":"Paulo Custodio"},"sameAs":["https:\/\/www.correiobraziliense.com.br\/cbradar"],"url":"https:\/\/www.correiobraziliense.com.br\/cbradar\/author\/paulomyth\/"}]}},"_links":{"self":[{"href":"https:\/\/www.correiobraziliense.com.br\/cbradar\/wp-json\/wp\/v2\/posts\/39307","targetHints":{"allow":["GET"]}}],"collection":[{"href":"https:\/\/www.correiobraziliense.com.br\/cbradar\/wp-json\/wp\/v2\/posts"}],"about":[{"href":"https:\/\/www.correiobraziliense.com.br\/cbradar\/wp-json\/wp\/v2\/types\/post"}],"author":[{"embeddable":true,"href":"https:\/\/www.correiobraziliense.com.br\/cbradar\/wp-json\/wp\/v2\/users\/11"}],"replies":[{"embeddable":true,"href":"https:\/\/www.correiobraziliense.com.br\/cbradar\/wp-json\/wp\/v2\/comments?post=39307"}],"version-history":[{"count":2,"href":"https:\/\/www.correiobraziliense.com.br\/cbradar\/wp-json\/wp\/v2\/posts\/39307\/revisions"}],"predecessor-version":[{"id":39348,"href":"https:\/\/www.correiobraziliense.com.br\/cbradar\/wp-json\/wp\/v2\/posts\/39307\/revisions\/39348"}],"wp:featuredmedia":[{"embeddable":true,"href":"https:\/\/www.correiobraziliense.com.br\/cbradar\/wp-json\/wp\/v2\/media\/23918"}],"wp:attachment":[{"href":"https:\/\/www.correiobraziliense.com.br\/cbradar\/wp-json\/wp\/v2\/media?parent=39307"}],"wp:term":[{"taxonomy":"category","embeddable":true,"href":"https:\/\/www.correiobraziliense.com.br\/cbradar\/wp-json\/wp\/v2\/categories?post=39307"},{"taxonomy":"post_tag","embeddable":true,"href":"https:\/\/www.correiobraziliense.com.br\/cbradar\/wp-json\/wp\/v2\/post_tag?post=39307"}],"curies":[{"name":"wp","href":"https:\/\/api.w.org\/{rel}","templated":true}]}}