{"id":39427,"date":"2025-05-20T11:43:00","date_gmt":"2025-05-20T14:43:00","guid":{"rendered":"https:\/\/www.correiobraziliense.com.br\/cbradar\/?p=39427"},"modified":"2025-05-19T13:57:04","modified_gmt":"2025-05-19T16:57:04","slug":"essa-fruta-doce-ajuda-a-combater-rugas-e-flacidez-da-pele","status":"publish","type":"post","link":"https:\/\/www.correiobraziliense.com.br\/cbradar\/essa-fruta-doce-ajuda-a-combater-rugas-e-flacidez-da-pele\/","title":{"rendered":"Essa fruta doce ajuda a combater rugas e flacidez da pele"},"content":{"rendered":"\n<p>O <strong>Col\u00e1geno <\/strong>\u00e9 uma prote\u00edna vital para o corpo humano, desempenhando um papel crucial na manuten\u00e7\u00e3o da estrutura e resist\u00eancia dos tecidos. Ele \u00e9 essencial para a sa\u00fade da pele, articula\u00e7\u00f5es e ossos. No entanto, com o passar dos anos, a produ\u00e7\u00e3o de <a href=\"https:\/\/www.tuasaude.com\/colageno\/\" target=\"_blank\" rel=\"noreferrer noopener\">Col\u00e1geno <\/a>diminui, resultando em fragilidade \u00f3ssea, rugas e perda de elasticidade da pele.<\/p>\n\n\n\n<p>Para combater esses efeitos do envelhecimento, muitas pessoas buscam formas de estimular a produ\u00e7\u00e3o de Col\u00e1geno de maneira natural. Uma fruta doce e bastante popular pode ser uma aliada nessa miss\u00e3o: a ameixa seca. Rica em nutrientes essenciais, ela pode ajudar a manter a pele jovem e saud\u00e1vel.<\/p>\n\n\n\n<h2 class=\"wp-block-heading\">Por que o Col\u00e1geno \u00e9 importante?<\/h2>\n\n\n\n<p>O Col\u00e1geno atua como uma esp\u00e9cie de &#8220;cola&#8221; no corpo, proporcionando estrutura e firmeza aos tecidos. Ele \u00e9 respons\u00e1vel por manter a pele el\u00e1stica e resistente, al\u00e9m de proteger as articula\u00e7\u00f5es e fortalecer os ossos. Com a idade, a produ\u00e7\u00e3o de Col\u00e1geno diminui, o que pode levar a problemas como rugas, flacidez e dores articulares.<\/p>\n\n\n\n<figure class=\"wp-block-image size-large\"><img decoding=\"async\" width=\"1024\" height=\"576\" src=\"https:\/\/www.correiobraziliense.com.br\/cbradar\/wp-content\/uploads\/2025\/05\/Colageno-_1747673650108-1024x576.jpg\" alt=\"\" class=\"wp-image-39434\" srcset=\"https:\/\/www.correiobraziliense.com.br\/cbradar\/wp-content\/uploads\/2025\/05\/Colageno-_1747673650108-1024x576.jpg 1024w, https:\/\/www.correiobraziliense.com.br\/cbradar\/wp-content\/uploads\/2025\/05\/Colageno-_1747673650108-300x169.jpg 300w, https:\/\/www.correiobraziliense.com.br\/cbradar\/wp-content\/uploads\/2025\/05\/Colageno-_1747673650108-768x432.jpg 768w, https:\/\/www.correiobraziliense.com.br\/cbradar\/wp-content\/uploads\/2025\/05\/Colageno-_1747673650108-750x422.jpg 750w, https:\/\/www.correiobraziliense.com.br\/cbradar\/wp-content\/uploads\/2025\/05\/Colageno-_1747673650108-1140x641.jpg 1140w, https:\/\/www.correiobraziliense.com.br\/cbradar\/wp-content\/uploads\/2025\/05\/Colageno-_1747673650108.jpg 1280w\" sizes=\"(max-width: 1024px) 100vw, 1024px\" \/><figcaption class=\"wp-element-caption\">essa fruta doce ajuda a combater rugas e flacidez da pele &#8211; Cr\u00e9ditos: depositphotos.com \/ dmitryi\n<\/figcaption><\/figure>\n\n\n\n<p>Al\u00e9m disso, o Col\u00e1geno \u00e9 fundamental para a cicatriza\u00e7\u00e3o de feridas e a regenera\u00e7\u00e3o de tecidos. Ele tamb\u00e9m desempenha um papel importante na sa\u00fade dos cabelos e unhas, contribuindo para sua for\u00e7a e brilho.<\/p>\n\n\n\n<h2 class=\"wp-block-heading\">Como a ameixa seca pode ajudar?<\/h2>\n\n\n\n<p>A ameixa seca \u00e9 uma fruta rica em vitamina C, um nutriente essencial para a s\u00edntese de Col\u00e1geno. A vitamina C atua como um antioxidante, protegendo as c\u00e9lulas contra danos e inflama\u00e7\u00f5es. Al\u00e9m disso, a ameixa seca cont\u00e9m polifen\u00f3is, compostos que ajudam a combater o envelhecimento precoce.<\/p>\n\n\n\n<p>O consumo regular de ameixa seca pode, portanto, contribuir para a manuten\u00e7\u00e3o da sa\u00fade da pele e das articula\u00e7\u00f5es. Ela \u00e9 uma op\u00e7\u00e3o saborosa e natural para quem busca melhorar a produ\u00e7\u00e3o de Col\u00e1geno no organismo.<\/p>\n\n\n\n<h2 class=\"wp-block-heading\">Quais outros alimentos podem ajudar na produ\u00e7\u00e3o de Col\u00e1geno?<\/h2>\n\n\n\n<p>Al\u00e9m da ameixa seca, outros alimentos podem ser incorporados \u00e0 dieta para estimular a produ\u00e7\u00e3o de Col\u00e1geno. Aqui est\u00e3o alguns exemplos:<\/p>\n\n\n\n<ul class=\"wp-block-list\">\n<li><strong>Frutas c\u00edtricas:<\/strong>\u00a0Laranjas, lim\u00f5es e tangerinas s\u00e3o ricos em vitamina C.<\/li>\n\n\n\n<li><strong>Vegetais verdes:<\/strong>\u00a0Espinafre e couve s\u00e3o fontes de antioxidantes e vitaminas.<\/li>\n\n\n\n<li><strong>Frutas vermelhas:<\/strong>\u00a0Morangos e framboesas cont\u00eam antioxidantes poderosos.<\/li>\n\n\n\n<li><strong>Peixes e frutos do mar:<\/strong>\u00a0Ricos em \u00e1cidos graxos \u00f4mega-3, que ajudam na sa\u00fade da pele.<\/li>\n<\/ul>\n\n\n\n<h2 class=\"wp-block-heading\">Como incorporar a ameixa seca na dieta?<\/h2>\n\n\n\n<p>Incorporar a ameixa seca na dieta \u00e9 simples e pode ser feito de v\u00e1rias maneiras. Ela pode ser consumida como um lanche r\u00e1pido, adicionada a saladas ou usada em sobremesas. Al\u00e9m disso, a ameixa seca pode ser inclu\u00edda em receitas de bolos e p\u00e3es, proporcionando um sabor doce e nutritivo.<\/p>\n\n\n\n<p>\u00c9 importante lembrar que, embora a ameixa seca seja ben\u00e9fica, o consumo deve ser moderado devido ao seu alto teor de a\u00e7\u00facar natural. Consultar um nutricionista pode ser uma boa ideia para ajustar a quantidade ideal de consumo.<\/p>\n\n\n\n<h2 class=\"wp-block-heading\">Quais as considera\u00e7\u00f5es finais?<\/h2>\n\n\n\n<p>O Col\u00e1geno \u00e9 essencial para a sa\u00fade e bem-estar, e a ameixa seca pode ser uma aliada na manuten\u00e7\u00e3o de n\u00edveis adequados dessa prote\u00edna no corpo. Al\u00e9m de ser uma op\u00e7\u00e3o saborosa, ela oferece benef\u00edcios adicionais \u00e0 sa\u00fade devido aos seus antioxidantes e nutrientes.<\/p>\n\n\n\n<p>Para quem busca manter a pele jovem e saud\u00e1vel, incluir a ameixa seca e outros alimentos ricos em vitamina C na dieta pode ser uma estrat\u00e9gia eficaz. No entanto, \u00e9 sempre recomend\u00e1vel procurar orienta\u00e7\u00e3o m\u00e9dica ou nutricional para garantir que as escolhas alimentares sejam adequadas \u00e0s necessidades individuais.<\/p>\n","protected":false},"excerpt":{"rendered":"<p>O Col\u00e1geno \u00e9 uma prote\u00edna vital para o corpo humano, desempenhando um papel crucial na manuten\u00e7\u00e3o da estrutura e resist\u00eancia dos tecidos. Ele \u00e9 essencial para a sa\u00fade da pele, articula\u00e7\u00f5es e ossos. No entanto, com o passar dos anos, a produ\u00e7\u00e3o de Col\u00e1geno diminui, resultando em fragilidade \u00f3ssea, rugas e perda de elasticidade da [&hellip;]<\/p>\n","protected":false},"author":14,"featured_media":39435,"comment_status":"open","ping_status":"open","sticky":false,"template":"","format":"standard","meta":{"_yoast_wpseo_focuskw":"Col\u00e1geno","_yoast_wpseo_title":"","_yoast_wpseo_metadesc":"Ameixa seca \u00e9 rica em vitamina C e antioxidantes, ajudando a estimular a produ\u00e7\u00e3o natural de col\u00e1geno e manter a pele firme e jovem.","jnews-multi-image_gallery":[],"jnews_single_post":{"format":"standard"},"jnews_primary_category":[],"jnews_social_meta":[],"jnews_override_counter":[],"footnotes":""},"categories":[4404],"tags":[4341],"class_list":["post-39427","post","type-post","status-publish","format-standard","has-post-thumbnail","hentry","category-saude","tag-colageno"],"yoast_head":"<!-- This site is optimized with the Yoast SEO plugin v24.6 - https:\/\/yoast.com\/wordpress\/plugins\/seo\/ -->\n<title>Essa fruta doce ajuda a combater rugas e flacidez da pele - Correio Braziliense - Radar<\/title>\n<meta name=\"description\" content=\"Ameixa seca \u00e9 rica em vitamina C e antioxidantes, ajudando a estimular a produ\u00e7\u00e3o natural de col\u00e1geno e manter a pele firme e jovem.\" \/>\n<meta name=\"robots\" content=\"index, follow, max-snippet:-1, max-image-preview:large, max-video-preview:-1\" \/>\n<link rel=\"canonical\" href=\"https:\/\/www.correiobraziliense.com.br\/cbradar\/essa-fruta-doce-ajuda-a-combater-rugas-e-flacidez-da-pele\/\" \/>\n<meta property=\"og:locale\" content=\"pt_BR\" \/>\n<meta property=\"og:type\" content=\"article\" \/>\n<meta property=\"og:title\" content=\"Essa fruta doce ajuda a combater rugas e flacidez da pele - Correio Braziliense - Radar\" \/>\n<meta property=\"og:description\" content=\"Ameixa seca \u00e9 rica em vitamina C e antioxidantes, ajudando a estimular a produ\u00e7\u00e3o natural de col\u00e1geno e manter a pele firme e jovem.\" \/>\n<meta property=\"og:url\" content=\"https:\/\/www.correiobraziliense.com.br\/cbradar\/essa-fruta-doce-ajuda-a-combater-rugas-e-flacidez-da-pele\/\" \/>\n<meta property=\"og:site_name\" content=\"Correio Braziliense - Radar\" \/>\n<meta property=\"article:published_time\" content=\"2025-05-20T14:43:00+00:00\" \/>\n<meta property=\"og:image\" content=\"https:\/\/www.correiobraziliense.com.br\/cbradar\/wp-content\/uploads\/2025\/05\/ameixa-seca_1747673758261.jpg\" \/>\n\t<meta property=\"og:image:width\" content=\"1280\" \/>\n\t<meta property=\"og:image:height\" content=\"720\" \/>\n\t<meta property=\"og:image:type\" content=\"image\/jpeg\" \/>\n<meta name=\"author\" content=\"guilherme_saude\" \/>\n<meta name=\"twitter:card\" content=\"summary_large_image\" \/>\n<meta name=\"twitter:label1\" content=\"Escrito por\" \/>\n\t<meta name=\"twitter:data1\" content=\"guilherme_saude\" \/>\n\t<meta name=\"twitter:label2\" content=\"Est. tempo de leitura\" \/>\n\t<meta name=\"twitter:data2\" content=\"4 minutos\" \/>\n<!-- \/ Yoast SEO plugin. -->","yoast_head_json":{"title":"Essa fruta doce ajuda a combater rugas e flacidez da pele - Correio Braziliense - Radar","description":"Ameixa seca \u00e9 rica em vitamina C e antioxidantes, ajudando a estimular a produ\u00e7\u00e3o natural de col\u00e1geno e manter a pele firme e jovem.","robots":{"index":"index","follow":"follow","max-snippet":"max-snippet:-1","max-image-preview":"max-image-preview:large","max-video-preview":"max-video-preview:-1"},"canonical":"https:\/\/www.correiobraziliense.com.br\/cbradar\/essa-fruta-doce-ajuda-a-combater-rugas-e-flacidez-da-pele\/","og_locale":"pt_BR","og_type":"article","og_title":"Essa fruta doce ajuda a combater rugas e flacidez da pele - Correio Braziliense - Radar","og_description":"Ameixa seca \u00e9 rica em vitamina C e antioxidantes, ajudando a estimular a produ\u00e7\u00e3o natural de col\u00e1geno e manter a pele firme e jovem.","og_url":"https:\/\/www.correiobraziliense.com.br\/cbradar\/essa-fruta-doce-ajuda-a-combater-rugas-e-flacidez-da-pele\/","og_site_name":"Correio Braziliense - Radar","article_published_time":"2025-05-20T14:43:00+00:00","og_image":[{"width":1280,"height":720,"url":"https:\/\/www.correiobraziliense.com.br\/cbradar\/wp-content\/uploads\/2025\/05\/ameixa-seca_1747673758261.jpg","type":"image\/jpeg"}],"author":"guilherme_saude","twitter_card":"summary_large_image","twitter_misc":{"Escrito por":"guilherme_saude","Est. tempo de leitura":"4 minutos"},"schema":{"@context":"https:\/\/schema.org","@graph":[{"@type":"WebPage","@id":"https:\/\/www.correiobraziliense.com.br\/cbradar\/essa-fruta-doce-ajuda-a-combater-rugas-e-flacidez-da-pele\/","url":"https:\/\/www.correiobraziliense.com.br\/cbradar\/essa-fruta-doce-ajuda-a-combater-rugas-e-flacidez-da-pele\/","name":"Essa fruta doce ajuda a combater rugas e flacidez da pele - Correio Braziliense - Radar","isPartOf":{"@id":"https:\/\/www.correiobraziliense.com.br\/cbradar\/#website"},"primaryImageOfPage":{"@id":"https:\/\/www.correiobraziliense.com.br\/cbradar\/essa-fruta-doce-ajuda-a-combater-rugas-e-flacidez-da-pele\/#primaryimage"},"image":{"@id":"https:\/\/www.correiobraziliense.com.br\/cbradar\/essa-fruta-doce-ajuda-a-combater-rugas-e-flacidez-da-pele\/#primaryimage"},"thumbnailUrl":"https:\/\/www.correiobraziliense.com.br\/cbradar\/wp-content\/uploads\/2025\/05\/ameixa-seca_1747673758261.jpg","datePublished":"2025-05-20T14:43:00+00:00","author":{"@id":"https:\/\/www.correiobraziliense.com.br\/cbradar\/#\/schema\/person\/5aa4bf3c8fa699c267933611de12978b"},"description":"Ameixa seca \u00e9 rica em vitamina C e antioxidantes, ajudando a estimular a produ\u00e7\u00e3o natural de col\u00e1geno e manter a pele firme e jovem.","breadcrumb":{"@id":"https:\/\/www.correiobraziliense.com.br\/cbradar\/essa-fruta-doce-ajuda-a-combater-rugas-e-flacidez-da-pele\/#breadcrumb"},"inLanguage":"pt-BR","potentialAction":[{"@type":"ReadAction","target":["https:\/\/www.correiobraziliense.com.br\/cbradar\/essa-fruta-doce-ajuda-a-combater-rugas-e-flacidez-da-pele\/"]}]},{"@type":"ImageObject","inLanguage":"pt-BR","@id":"https:\/\/www.correiobraziliense.com.br\/cbradar\/essa-fruta-doce-ajuda-a-combater-rugas-e-flacidez-da-pele\/#primaryimage","url":"https:\/\/www.correiobraziliense.com.br\/cbradar\/wp-content\/uploads\/2025\/05\/ameixa-seca_1747673758261.jpg","contentUrl":"https:\/\/www.correiobraziliense.com.br\/cbradar\/wp-content\/uploads\/2025\/05\/ameixa-seca_1747673758261.jpg","width":1280,"height":720,"caption":"benef\u00edcios da ameixa seca - Cr\u00e9ditos: depositphotos.com \/ valery121283"},{"@type":"BreadcrumbList","@id":"https:\/\/www.correiobraziliense.com.br\/cbradar\/essa-fruta-doce-ajuda-a-combater-rugas-e-flacidez-da-pele\/#breadcrumb","itemListElement":[{"@type":"ListItem","position":1,"name":"In\u00edcio","item":"https:\/\/www.correiobraziliense.com.br\/cbradar\/"},{"@type":"ListItem","position":2,"name":"Essa fruta doce ajuda a combater rugas e flacidez da pele"}]},{"@type":"WebSite","@id":"https:\/\/www.correiobraziliense.com.br\/cbradar\/#website","url":"https:\/\/www.correiobraziliense.com.br\/cbradar\/","name":"Correio Braziliense - Radar","description":"Acompanhe as \u00faltimas not\u00edcias e fique bem informado sobre tudo o que acontece no Brasil e no mundo.","potentialAction":[{"@type":"SearchAction","target":{"@type":"EntryPoint","urlTemplate":"https:\/\/www.correiobraziliense.com.br\/cbradar\/?s={search_term_string}"},"query-input":{"@type":"PropertyValueSpecification","valueRequired":true,"valueName":"search_term_string"}}],"inLanguage":"pt-BR"},{"@type":"Person","@id":"https:\/\/www.correiobraziliense.com.br\/cbradar\/#\/schema\/person\/5aa4bf3c8fa699c267933611de12978b","name":"guilherme_saude","image":{"@type":"ImageObject","inLanguage":"pt-BR","@id":"https:\/\/www.correiobraziliense.com.br\/cbradar\/#\/schema\/person\/image\/","url":"https:\/\/secure.gravatar.com\/avatar\/df9adfb835d344bc0af109d41756253f?s=96&d=mm&r=g","contentUrl":"https:\/\/secure.gravatar.com\/avatar\/df9adfb835d344bc0af109d41756253f?s=96&d=mm&r=g","caption":"guilherme_saude"},"url":"https:\/\/www.correiobraziliense.com.br\/cbradar\/author\/guilherme_saude\/"}]}},"_links":{"self":[{"href":"https:\/\/www.correiobraziliense.com.br\/cbradar\/wp-json\/wp\/v2\/posts\/39427","targetHints":{"allow":["GET"]}}],"collection":[{"href":"https:\/\/www.correiobraziliense.com.br\/cbradar\/wp-json\/wp\/v2\/posts"}],"about":[{"href":"https:\/\/www.correiobraziliense.com.br\/cbradar\/wp-json\/wp\/v2\/types\/post"}],"author":[{"embeddable":true,"href":"https:\/\/www.correiobraziliense.com.br\/cbradar\/wp-json\/wp\/v2\/users\/14"}],"replies":[{"embeddable":true,"href":"https:\/\/www.correiobraziliense.com.br\/cbradar\/wp-json\/wp\/v2\/comments?post=39427"}],"version-history":[{"count":1,"href":"https:\/\/www.correiobraziliense.com.br\/cbradar\/wp-json\/wp\/v2\/posts\/39427\/revisions"}],"predecessor-version":[{"id":39438,"href":"https:\/\/www.correiobraziliense.com.br\/cbradar\/wp-json\/wp\/v2\/posts\/39427\/revisions\/39438"}],"wp:featuredmedia":[{"embeddable":true,"href":"https:\/\/www.correiobraziliense.com.br\/cbradar\/wp-json\/wp\/v2\/media\/39435"}],"wp:attachment":[{"href":"https:\/\/www.correiobraziliense.com.br\/cbradar\/wp-json\/wp\/v2\/media?parent=39427"}],"wp:term":[{"taxonomy":"category","embeddable":true,"href":"https:\/\/www.correiobraziliense.com.br\/cbradar\/wp-json\/wp\/v2\/categories?post=39427"},{"taxonomy":"post_tag","embeddable":true,"href":"https:\/\/www.correiobraziliense.com.br\/cbradar\/wp-json\/wp\/v2\/tags?post=39427"}],"curies":[{"name":"wp","href":"https:\/\/api.w.org\/{rel}","templated":true}]}}