{"id":39587,"date":"2025-05-20T19:00:44","date_gmt":"2025-05-20T22:00:44","guid":{"rendered":"https:\/\/www.correiobraziliense.com.br\/cbradar\/?p=39587"},"modified":"2025-05-19T17:14:26","modified_gmt":"2025-05-19T20:14:26","slug":"este-pequeno-detalhe-nas-calcas-jeans-tem-uma-historia-fascinante","status":"publish","type":"post","link":"https:\/\/www.correiobraziliense.com.br\/cbradar\/este-pequeno-detalhe-nas-calcas-jeans-tem-uma-historia-fascinante\/","title":{"rendered":"Este pequeno detalhe nas cal\u00e7as jeans tem uma hist\u00f3ria fascinante"},"content":{"rendered":"\n<p>Os <strong>jeans<\/strong> s\u00e3o uma pe\u00e7a onipresente na moda atual, mas poucos conhecem a verdadeira fun\u00e7\u00e3o dos rebites met\u00e1licos que adornam seus bolsos. Esses pequenos detalhes, que podem parecer meramente decorativos, t\u00eam um prop\u00f3sito pr\u00e1tico que remonta \u00e0 cria\u00e7\u00e3o dos jeans no <strong>s\u00e9culo XIX.<\/strong><\/p>\n\n\n\n<p>Em <strong>1873<\/strong>, um alfaiate atento \u00e0s necessidades dos trabalhadores manuais introduziu os rebites como uma solu\u00e7\u00e3o inovadora para refor\u00e7ar as <strong>costuras das cal\u00e7as.<\/strong> Esses pontos de cobre foram colocados em \u00e1reas de alta tens\u00e3o para evitar que as costuras se rasgassem, aumentando assim a durabilidade da <strong>pe\u00e7a.<\/strong><\/p>\n\n\n\n<h2 class=\"wp-block-heading\">Por que os rebites continuam sendo relevantes hoje?<\/h2>\n\n\n\n<p>Apesar dos avan\u00e7os na <strong>tecnologia t\u00eaxtil,<\/strong> os rebites met\u00e1licos continuam sendo um componente chave no <a href=\"https:\/\/www.correiobraziliense.com.br\/cbradar\/apple-planeja-mudancas-no-design-do-ios-e-macos-veja-detalhes\/\" target=\"_blank\" rel=\"noopener\">design<\/a> dos jeans. Embora as costuras modernas sejam mais resistentes, os rebites foram mantidos como um s\u00edmbolo da qualidade e da autenticidade do design original. As marcas os conservam n\u00e3o apenas por sua funcionalidade, mas tamb\u00e9m como uma homenagem \u00e0 tradi\u00e7\u00e3o e \u00e0 <strong>hist\u00f3ria dos jeans.<\/strong><\/p>\n\n\n<div class=\"wp-block-image\">\n<figure class=\"aligncenter size-large\"><img decoding=\"async\" width=\"1024\" height=\"576\" src=\"https:\/\/www.correiobraziliense.com.br\/cbradar\/wp-content\/uploads\/2025\/05\/rebites-calca_1747685421416-1024x576.jpg\" alt=\"Este pequeno detalhe nos jeans tem uma hist\u00f3ria fascinante\" class=\"wp-image-39695\" srcset=\"https:\/\/www.correiobraziliense.com.br\/cbradar\/wp-content\/uploads\/2025\/05\/rebites-calca_1747685421416-1024x576.jpg 1024w, https:\/\/www.correiobraziliense.com.br\/cbradar\/wp-content\/uploads\/2025\/05\/rebites-calca_1747685421416-300x169.jpg 300w, https:\/\/www.correiobraziliense.com.br\/cbradar\/wp-content\/uploads\/2025\/05\/rebites-calca_1747685421416-768x432.jpg 768w, https:\/\/www.correiobraziliense.com.br\/cbradar\/wp-content\/uploads\/2025\/05\/rebites-calca_1747685421416-750x422.jpg 750w, https:\/\/www.correiobraziliense.com.br\/cbradar\/wp-content\/uploads\/2025\/05\/rebites-calca_1747685421416-1140x641.jpg 1140w, https:\/\/www.correiobraziliense.com.br\/cbradar\/wp-content\/uploads\/2025\/05\/rebites-calca_1747685421416.jpg 1280w\" sizes=\"(max-width: 1024px) 100vw, 1024px\" \/><figcaption class=\"wp-element-caption\">Rebite de cal\u00e7a &#8211; Cr\u00e9ditos: depositphotos.com \/ revoc9<\/figcaption><\/figure><\/div>\n\n\n<h2 class=\"wp-block-heading\">Elementos curiosos no design dos jeans<\/h2>\n\n\n\n<p>Al\u00e9m dos <strong>rebites,<\/strong> os jeans contam com outros elementos interessantes de design. Um exemplo not\u00e1vel \u00e9 o pequeno bolso adicional dentro do bolso frontal direito. Originalmente projetado para guardar rel\u00f3gios de bolso, esse pequeno compartimento perdurou como um vest\u00edgio do passado, embora seu uso pr\u00e1tico tenha mudado com o tempo.<\/p>\n\n\n\n<p>Hoje, esse bolso adicional \u00e9 um lembrete do engenho por tr\u00e1s do <strong>design dos jeans<\/strong>, que soube se adaptar \u00e0s necessidades mut\u00e1veis da sociedade ao longo dos anos.<\/p>\n\n\n\n<h2 class=\"wp-block-heading\">A expans\u00e3o global dos jeans<\/h2>\n\n\n\n<p>A popularidade dos <strong>jeans<\/strong> ultrapassou fronteiras, tornando-se uma pe\u00e7a essencial no guarda-roupa de milh\u00f5es de pessoas ao redor do mundo. Estima-se que mais de <strong>70%<\/strong> da popula\u00e7\u00e3o mundial possui pelo menos um par de jeans, refletindo sua versatilidade e apelo universal. Esse fen\u00f4meno global destaca a capacidade dos jeans de se adaptar a diversas culturas e estilos de vida, mantendo-se relevantes ao longo do tempo.<\/p>\n\n\n\n<p>Em conclus\u00e3o, os jeans s\u00e3o muito mais do que uma simples pe\u00e7a de roupa. Desde seus rebites at\u00e9 seu pequeno bolso, cada elemento conta uma hist\u00f3ria de inova\u00e7\u00e3o e resist\u00eancia que permitiu aos jeans perdurar como um \u00edcone da moda.<\/p>\n","protected":false},"excerpt":{"rendered":"<p>Os jeans s\u00e3o uma pe\u00e7a onipresente na moda atual, mas poucos conhecem a verdadeira fun\u00e7\u00e3o dos rebites met\u00e1licos que adornam seus bolsos. Esses pequenos detalhes, que podem parecer meramente decorativos, t\u00eam um prop\u00f3sito pr\u00e1tico que remonta \u00e0 cria\u00e7\u00e3o dos jeans no s\u00e9culo XIX. Em 1873, um alfaiate atento \u00e0s necessidades dos trabalhadores manuais introduziu os [&hellip;]<\/p>\n","protected":false},"author":9,"featured_media":39689,"comment_status":"open","ping_status":"open","sticky":false,"template":"","format":"standard","meta":{"_yoast_wpseo_focuskw":"jeans","_yoast_wpseo_title":"%%title%% %%page%%","_yoast_wpseo_metadesc":"Voc\u00ea sabe para que servem os rebites dos jeans? Descubra o motivo pr\u00e1tico e hist\u00f3rico por tr\u00e1s desse detalhe t\u00e3o comum no seu guarda-roupa.","jnews-multi-image_gallery":[],"jnews_single_post":{"format":"standard"},"jnews_primary_category":[],"jnews_social_meta":[],"jnews_override_counter":[],"footnotes":""},"categories":[112],"tags":[4446,1029],"class_list":["post-39587","post","type-post","status-publish","format-standard","has-post-thumbnail","hentry","category-curiosidades","tag-jeans","tag-moda"],"yoast_head":"<!-- This site is optimized with the Yoast SEO plugin v24.6 - https:\/\/yoast.com\/wordpress\/plugins\/seo\/ -->\n<title>Este pequeno detalhe nas cal\u00e7as jeans tem uma hist\u00f3ria fascinante<\/title>\n<meta name=\"description\" content=\"Voc\u00ea sabe para que servem os rebites dos jeans? Descubra o motivo pr\u00e1tico e hist\u00f3rico por tr\u00e1s desse detalhe t\u00e3o comum no seu guarda-roupa.\" \/>\n<meta name=\"robots\" content=\"index, follow, max-snippet:-1, max-image-preview:large, max-video-preview:-1\" \/>\n<link rel=\"canonical\" href=\"https:\/\/www.correiobraziliense.com.br\/cbradar\/este-pequeno-detalhe-nas-calcas-jeans-tem-uma-historia-fascinante\/\" \/>\n<meta property=\"og:locale\" content=\"pt_BR\" \/>\n<meta property=\"og:type\" content=\"article\" \/>\n<meta property=\"og:title\" content=\"Este pequeno detalhe nas cal\u00e7as jeans tem uma hist\u00f3ria fascinante\" \/>\n<meta property=\"og:description\" content=\"Voc\u00ea sabe para que servem os rebites dos jeans? Descubra o motivo pr\u00e1tico e hist\u00f3rico por tr\u00e1s desse detalhe t\u00e3o comum no seu guarda-roupa.\" \/>\n<meta property=\"og:url\" content=\"https:\/\/www.correiobraziliense.com.br\/cbradar\/este-pequeno-detalhe-nas-calcas-jeans-tem-uma-historia-fascinante\/\" \/>\n<meta property=\"og:site_name\" content=\"Correio Braziliense - Radar\" \/>\n<meta property=\"article:published_time\" content=\"2025-05-20T22:00:44+00:00\" \/>\n<meta property=\"og:image\" content=\"https:\/\/www.correiobraziliense.com.br\/cbradar\/wp-content\/uploads\/2025\/05\/rebites-calca_1747685215879.jpg\" \/>\n\t<meta property=\"og:image:width\" content=\"1280\" \/>\n\t<meta property=\"og:image:height\" content=\"720\" \/>\n\t<meta property=\"og:image:type\" content=\"image\/jpeg\" \/>\n<meta name=\"author\" content=\"Daniely Cardoso\" \/>\n<meta name=\"twitter:card\" content=\"summary_large_image\" \/>\n<meta name=\"twitter:label1\" content=\"Escrito por\" \/>\n\t<meta name=\"twitter:data1\" content=\"Daniely Cardoso\" \/>\n\t<meta name=\"twitter:label2\" content=\"Est. tempo de leitura\" \/>\n\t<meta name=\"twitter:data2\" content=\"3 minutos\" \/>\n<!-- \/ Yoast SEO plugin. -->","yoast_head_json":{"title":"Este pequeno detalhe nas cal\u00e7as jeans tem uma hist\u00f3ria fascinante","description":"Voc\u00ea sabe para que servem os rebites dos jeans? Descubra o motivo pr\u00e1tico e hist\u00f3rico por tr\u00e1s desse detalhe t\u00e3o comum no seu guarda-roupa.","robots":{"index":"index","follow":"follow","max-snippet":"max-snippet:-1","max-image-preview":"max-image-preview:large","max-video-preview":"max-video-preview:-1"},"canonical":"https:\/\/www.correiobraziliense.com.br\/cbradar\/este-pequeno-detalhe-nas-calcas-jeans-tem-uma-historia-fascinante\/","og_locale":"pt_BR","og_type":"article","og_title":"Este pequeno detalhe nas cal\u00e7as jeans tem uma hist\u00f3ria fascinante","og_description":"Voc\u00ea sabe para que servem os rebites dos jeans? Descubra o motivo pr\u00e1tico e hist\u00f3rico por tr\u00e1s desse detalhe t\u00e3o comum no seu guarda-roupa.","og_url":"https:\/\/www.correiobraziliense.com.br\/cbradar\/este-pequeno-detalhe-nas-calcas-jeans-tem-uma-historia-fascinante\/","og_site_name":"Correio Braziliense - Radar","article_published_time":"2025-05-20T22:00:44+00:00","og_image":[{"width":1280,"height":720,"url":"https:\/\/www.correiobraziliense.com.br\/cbradar\/wp-content\/uploads\/2025\/05\/rebites-calca_1747685215879.jpg","type":"image\/jpeg"}],"author":"Daniely Cardoso","twitter_card":"summary_large_image","twitter_misc":{"Escrito por":"Daniely Cardoso","Est. tempo de leitura":"3 minutos"},"schema":{"@context":"https:\/\/schema.org","@graph":[{"@type":"WebPage","@id":"https:\/\/www.correiobraziliense.com.br\/cbradar\/este-pequeno-detalhe-nas-calcas-jeans-tem-uma-historia-fascinante\/","url":"https:\/\/www.correiobraziliense.com.br\/cbradar\/este-pequeno-detalhe-nas-calcas-jeans-tem-uma-historia-fascinante\/","name":"Este pequeno detalhe nas cal\u00e7as jeans tem uma hist\u00f3ria fascinante","isPartOf":{"@id":"https:\/\/www.correiobraziliense.com.br\/cbradar\/#website"},"primaryImageOfPage":{"@id":"https:\/\/www.correiobraziliense.com.br\/cbradar\/este-pequeno-detalhe-nas-calcas-jeans-tem-uma-historia-fascinante\/#primaryimage"},"image":{"@id":"https:\/\/www.correiobraziliense.com.br\/cbradar\/este-pequeno-detalhe-nas-calcas-jeans-tem-uma-historia-fascinante\/#primaryimage"},"thumbnailUrl":"https:\/\/www.correiobraziliense.com.br\/cbradar\/wp-content\/uploads\/2025\/05\/rebites-calca_1747685215879.jpg","datePublished":"2025-05-20T22:00:44+00:00","author":{"@id":"https:\/\/www.correiobraziliense.com.br\/cbradar\/#\/schema\/person\/7356666e12ec0ee53f348ee5db227032"},"description":"Voc\u00ea sabe para que servem os rebites dos jeans? Descubra o motivo pr\u00e1tico e hist\u00f3rico por tr\u00e1s desse detalhe t\u00e3o comum no seu guarda-roupa.","breadcrumb":{"@id":"https:\/\/www.correiobraziliense.com.br\/cbradar\/este-pequeno-detalhe-nas-calcas-jeans-tem-uma-historia-fascinante\/#breadcrumb"},"inLanguage":"pt-BR","potentialAction":[{"@type":"ReadAction","target":["https:\/\/www.correiobraziliense.com.br\/cbradar\/este-pequeno-detalhe-nas-calcas-jeans-tem-uma-historia-fascinante\/"]}]},{"@type":"ImageObject","inLanguage":"pt-BR","@id":"https:\/\/www.correiobraziliense.com.br\/cbradar\/este-pequeno-detalhe-nas-calcas-jeans-tem-uma-historia-fascinante\/#primaryimage","url":"https:\/\/www.correiobraziliense.com.br\/cbradar\/wp-content\/uploads\/2025\/05\/rebites-calca_1747685215879.jpg","contentUrl":"https:\/\/www.correiobraziliense.com.br\/cbradar\/wp-content\/uploads\/2025\/05\/rebites-calca_1747685215879.jpg","width":1280,"height":720,"caption":"Rebite de cal\u00e7a - Cr\u00e9ditos: depositphotos.com \/ natazhekova"},{"@type":"BreadcrumbList","@id":"https:\/\/www.correiobraziliense.com.br\/cbradar\/este-pequeno-detalhe-nas-calcas-jeans-tem-uma-historia-fascinante\/#breadcrumb","itemListElement":[{"@type":"ListItem","position":1,"name":"In\u00edcio","item":"https:\/\/www.correiobraziliense.com.br\/cbradar\/"},{"@type":"ListItem","position":2,"name":"Este pequeno detalhe nas cal\u00e7as jeans tem uma hist\u00f3ria fascinante"}]},{"@type":"WebSite","@id":"https:\/\/www.correiobraziliense.com.br\/cbradar\/#website","url":"https:\/\/www.correiobraziliense.com.br\/cbradar\/","name":"Correio Braziliense - Radar","description":"Acompanhe as \u00faltimas not\u00edcias e fique bem informado sobre tudo o que acontece no Brasil e no mundo.","potentialAction":[{"@type":"SearchAction","target":{"@type":"EntryPoint","urlTemplate":"https:\/\/www.correiobraziliense.com.br\/cbradar\/?s={search_term_string}"},"query-input":{"@type":"PropertyValueSpecification","valueRequired":true,"valueName":"search_term_string"}}],"inLanguage":"pt-BR"},{"@type":"Person","@id":"https:\/\/www.correiobraziliense.com.br\/cbradar\/#\/schema\/person\/7356666e12ec0ee53f348ee5db227032","name":"Daniely Cardoso","image":{"@type":"ImageObject","inLanguage":"pt-BR","@id":"https:\/\/www.correiobraziliense.com.br\/cbradar\/#\/schema\/person\/image\/","url":"https:\/\/secure.gravatar.com\/avatar\/4b80ddbd124d1f071b626d52d62e5dff?s=96&d=mm&r=g","contentUrl":"https:\/\/secure.gravatar.com\/avatar\/4b80ddbd124d1f071b626d52d62e5dff?s=96&d=mm&r=g","caption":"Daniely Cardoso"},"description":"Redatora nos portais CB Radar e EM Foco, formada pela Universidade Federal de Goi\u00e1s, em Goi\u00e2nia. Apaixonada por comunica\u00e7\u00e3o, arte, decora\u00e7\u00e3o e tend\u00eancias, atuo na produ\u00e7\u00e3o de conte\u00fados envolventes sobre curiosidades, moda, beleza e paisagismo, sempre com um olhar atento \u00e0s novidades do momento.","sameAs":["https:\/\/www.correiobraziliense.com.br\/cbradar"],"url":"https:\/\/www.correiobraziliense.com.br\/cbradar\/author\/danielymyth\/"}]}},"_links":{"self":[{"href":"https:\/\/www.correiobraziliense.com.br\/cbradar\/wp-json\/wp\/v2\/posts\/39587","targetHints":{"allow":["GET"]}}],"collection":[{"href":"https:\/\/www.correiobraziliense.com.br\/cbradar\/wp-json\/wp\/v2\/posts"}],"about":[{"href":"https:\/\/www.correiobraziliense.com.br\/cbradar\/wp-json\/wp\/v2\/types\/post"}],"author":[{"embeddable":true,"href":"https:\/\/www.correiobraziliense.com.br\/cbradar\/wp-json\/wp\/v2\/users\/9"}],"replies":[{"embeddable":true,"href":"https:\/\/www.correiobraziliense.com.br\/cbradar\/wp-json\/wp\/v2\/comments?post=39587"}],"version-history":[{"count":2,"href":"https:\/\/www.correiobraziliense.com.br\/cbradar\/wp-json\/wp\/v2\/posts\/39587\/revisions"}],"predecessor-version":[{"id":39696,"href":"https:\/\/www.correiobraziliense.com.br\/cbradar\/wp-json\/wp\/v2\/posts\/39587\/revisions\/39696"}],"wp:featuredmedia":[{"embeddable":true,"href":"https:\/\/www.correiobraziliense.com.br\/cbradar\/wp-json\/wp\/v2\/media\/39689"}],"wp:attachment":[{"href":"https:\/\/www.correiobraziliense.com.br\/cbradar\/wp-json\/wp\/v2\/media?parent=39587"}],"wp:term":[{"taxonomy":"category","embeddable":true,"href":"https:\/\/www.correiobraziliense.com.br\/cbradar\/wp-json\/wp\/v2\/categories?post=39587"},{"taxonomy":"post_tag","embeddable":true,"href":"https:\/\/www.correiobraziliense.com.br\/cbradar\/wp-json\/wp\/v2\/tags?post=39587"}],"curies":[{"name":"wp","href":"https:\/\/api.w.org\/{rel}","templated":true}]}}