{"id":3963,"date":"2025-02-20T08:30:00","date_gmt":"2025-02-20T11:30:00","guid":{"rendered":"https:\/\/www.correiobraziliense.com.br\/cbradar\/?p=3963"},"modified":"2025-02-19T14:36:49","modified_gmt":"2025-02-19T17:36:49","slug":"primeiro-teletransporte-do-mundo-e-realizado","status":"publish","type":"post","link":"https:\/\/www.correiobraziliense.com.br\/cbradar\/primeiro-teletransporte-do-mundo-e-realizado\/","title":{"rendered":"Primeiro teletransporte do mundo \u00e9 realizado"},"content":{"rendered":"\n<p>A computa\u00e7\u00e3o qu\u00e2ntica, um campo que parecia distante da realidade cotidiana, est\u00e1 rapidamente se tornando uma for\u00e7a transformadora na tecnologia moderna. Recentemente, pesquisadores da <strong>Universidade de Oxford<\/strong>, no <strong>Reino Unido<\/strong>, atingiram um marco significativo ao realizar a primeira demonstra\u00e7\u00e3o de computa\u00e7\u00e3o qu\u00e2ntica distribu\u00edda. Este avan\u00e7o representa um passo crucial na interliga\u00e7\u00e3o de processadores qu\u00e2nticos independentes, criando um sistema unificado capaz de resolver problemas computacionais complexos.<\/p>\n\n\n\n<p>O conceito de teletransporte qu\u00e2ntico, embora pare\u00e7a sa\u00eddo de um filme de fic\u00e7\u00e3o cient\u00edfica, \u00e9 uma realidade em desenvolvimento. Utilizando uma interface de rede fot\u00f4nica, os cientistas conseguiram conectar pequenos dispositivos qu\u00e2nticos, superando limita\u00e7\u00f5es de escala e permitindo um processamento distribu\u00eddo sem precedentes. Este avan\u00e7o \u00e9 baseado no fen\u00f4meno do emaranhamento qu\u00e2ntico, onde part\u00edculas compartilham estados independentes da dist\u00e2ncia entre elas.<\/p>\n\n\n\n<h2 class=\"wp-block-heading\"><strong>Como funciona o teletransporte qu\u00e2ntico?<\/strong><\/h2>\n\n\n\n<p>O teletransporte qu\u00e2ntico n\u00e3o envolve o deslocamento f\u00edsico de objetos, mas sim a transfer\u00eancia de informa\u00e7\u00f5es entre part\u00edculas emaranhadas. No experimento da Universidade de Oxford, qubits de \u00edons presos foram interligados por fibras \u00f3pticas, que transmitem dados por meio de f\u00f3tons. Este processo permite que a informa\u00e7\u00e3o de um f\u00f3ton seja instantaneamente transferida para outro, sem que o f\u00f3ton original precise se mover fisicamente.<\/p>\n\n\n\n<p>O emaranhamento qu\u00e2ntico \u00e9 a chave para este processo. Quando duas part\u00edculas est\u00e3o emaranhadas, a altera\u00e7\u00e3o no estado de uma delas provoca uma mudan\u00e7a imediata na outra, independentemente da dist\u00e2ncia. Isso abre possibilidades para a cria\u00e7\u00e3o de redes qu\u00e2nticas que podem revolucionar a forma como os dados s\u00e3o processados e transmitidos.<\/p>\n\n\n\n<figure class=\"wp-block-image size-large\"><img decoding=\"async\" width=\"1024\" height=\"576\" src=\"https:\/\/www.correiobraziliense.com.br\/cbradar\/wp-content\/uploads\/2025\/02\/Universidade-de-Oxford_1739986499877-1024x576.jpg\" alt=\"Primeiro teletransporte do mundo \u00e9 realizado\" class=\"wp-image-3966\" srcset=\"https:\/\/www.correiobraziliense.com.br\/cbradar\/wp-content\/uploads\/2025\/02\/Universidade-de-Oxford_1739986499877-1024x576.jpg 1024w, https:\/\/www.correiobraziliense.com.br\/cbradar\/wp-content\/uploads\/2025\/02\/Universidade-de-Oxford_1739986499877-300x169.jpg 300w, https:\/\/www.correiobraziliense.com.br\/cbradar\/wp-content\/uploads\/2025\/02\/Universidade-de-Oxford_1739986499877-768x432.jpg 768w, https:\/\/www.correiobraziliense.com.br\/cbradar\/wp-content\/uploads\/2025\/02\/Universidade-de-Oxford_1739986499877-750x422.jpg 750w, https:\/\/www.correiobraziliense.com.br\/cbradar\/wp-content\/uploads\/2025\/02\/Universidade-de-Oxford_1739986499877-1140x641.jpg 1140w, https:\/\/www.correiobraziliense.com.br\/cbradar\/wp-content\/uploads\/2025\/02\/Universidade-de-Oxford_1739986499877.jpg 1280w\" sizes=\"(max-width: 1024px) 100vw, 1024px\" \/><figcaption class=\"wp-element-caption\">Universidade de Oxford. Cr\u00e9ditos: depositphotos.com \/ fenlio<\/figcaption><\/figure>\n\n\n\n<h2 class=\"wp-block-heading\"><strong>Quais s\u00e3o as implica\u00e7\u00f5es da computa\u00e7\u00e3o qu\u00e2ntica?<\/strong><\/h2>\n\n\n\n<p>A computa\u00e7\u00e3o qu\u00e2ntica tem o potencial de transformar diversos setores, desde a criptografia at\u00e9 a intelig\u00eancia artificial. A capacidade de processar informa\u00e7\u00f5es de maneira exponencialmente mais r\u00e1pida do que os computadores cl\u00e1ssicos pode levar a avan\u00e7os significativos em \u00e1reas como a pesquisa m\u00e9dica, a modelagem clim\u00e1tica e a otimiza\u00e7\u00e3o de processos industriais.<\/p>\n\n\n\n<ul class=\"wp-block-list\">\n<li><strong>Criptografia:<\/strong> A seguran\u00e7a dos dados pode ser aprimorada com algoritmos qu\u00e2nticos que s\u00e3o praticamente inviol\u00e1veis.<\/li>\n\n\n\n<li><strong>Intelig\u00eancia Artificial:<\/strong> Algoritmos qu\u00e2nticos podem acelerar o aprendizado de m\u00e1quinas, permitindo a an\u00e1lise de grandes volumes de dados em tempo recorde.<\/li>\n\n\n\n<li><strong>Pesquisa Cient\u00edfica:<\/strong> Simula\u00e7\u00f5es complexas, como a intera\u00e7\u00e3o de mol\u00e9culas em novos medicamentos, podem ser realizadas com maior precis\u00e3o.<\/li>\n<\/ul>\n\n\n\n<h2 class=\"wp-block-heading\"><strong>O futuro da computa\u00e7\u00e3o qu\u00e2ntica: o que esperar?<\/strong><\/h2>\n\n\n\n<p>Embora ainda existam desafios significativos a serem superados, como a cria\u00e7\u00e3o de infraestruturas robustas e a corre\u00e7\u00e3o de erros qu\u00e2nticos, o futuro da computa\u00e7\u00e3o qu\u00e2ntica \u00e9 promissor. \u00c0 medida que a tecnologia avan\u00e7a, espera-se que ela se torne mais acess\u00edvel e integrada a diversas aplica\u00e7\u00f5es pr\u00e1ticas.<\/p>\n\n\n\n<p>Em um mundo cada vez mais digital, a computa\u00e7\u00e3o qu\u00e2ntica promete redefinir os limites do que \u00e9 poss\u00edvel, oferecendo solu\u00e7\u00f5es inovadoras para problemas complexos e impulsionando a pr\u00f3xima onda de inova\u00e7\u00e3o tecnol\u00f3gica.<\/p>\n","protected":false},"excerpt":{"rendered":"<p>A computa\u00e7\u00e3o qu\u00e2ntica vai transformar completamente a tecnologia que usamos hoje em dia. Mas ainda h\u00e1 muitos desafios a serem superados.<\/p>\n","protected":false},"author":3,"featured_media":3965,"comment_status":"open","ping_status":"open","sticky":false,"template":"","format":"standard","meta":{"_yoast_wpseo_focuskw":"teletransporte","_yoast_wpseo_title":"%%title%%","_yoast_wpseo_metadesc":"A computa\u00e7\u00e3o qu\u00e2ntica vai transformar completamente a tecnologia que usamos hoje em dia. Mas ainda h\u00e1 muitos desafios a serem superados.","jnews-multi-image_gallery":[],"jnews_single_post":{"format":"standard"},"jnews_primary_category":[],"jnews_social_meta":[],"jnews_override_counter":[],"footnotes":""},"categories":[115],"tags":[736,114,845],"class_list":["post-3963","post","type-post","status-publish","format-standard","has-post-thumbnail","hentry","category-tecnologia","tag-ciencia","tag-tecnologia","tag-teletransporte"],"yoast_head":"<!-- This site is optimized with the Yoast SEO plugin v24.6 - https:\/\/yoast.com\/wordpress\/plugins\/seo\/ -->\n<title>Primeiro teletransporte do mundo \u00e9 realizado<\/title>\n<meta name=\"description\" content=\"A computa\u00e7\u00e3o qu\u00e2ntica vai transformar completamente a tecnologia que usamos hoje em dia. Mas ainda h\u00e1 muitos desafios a serem superados.\" \/>\n<meta name=\"robots\" content=\"index, follow, max-snippet:-1, max-image-preview:large, max-video-preview:-1\" \/>\n<link rel=\"canonical\" href=\"https:\/\/www.correiobraziliense.com.br\/cbradar\/primeiro-teletransporte-do-mundo-e-realizado\/\" \/>\n<meta property=\"og:locale\" content=\"pt_BR\" \/>\n<meta property=\"og:type\" content=\"article\" \/>\n<meta property=\"og:title\" content=\"Primeiro teletransporte do mundo \u00e9 realizado\" \/>\n<meta property=\"og:description\" content=\"A computa\u00e7\u00e3o qu\u00e2ntica vai transformar completamente a tecnologia que usamos hoje em dia. Mas ainda h\u00e1 muitos desafios a serem superados.\" \/>\n<meta property=\"og:url\" content=\"https:\/\/www.correiobraziliense.com.br\/cbradar\/primeiro-teletransporte-do-mundo-e-realizado\/\" \/>\n<meta property=\"og:site_name\" content=\"Correio Braziliense - Radar\" \/>\n<meta property=\"article:published_time\" content=\"2025-02-20T11:30:00+00:00\" \/>\n<meta property=\"og:image\" content=\"https:\/\/www.correiobraziliense.com.br\/cbradar\/wp-content\/uploads\/2025\/02\/computacao-quantica_1739986446329.jpg\" \/>\n\t<meta property=\"og:image:width\" content=\"1279\" \/>\n\t<meta property=\"og:image:height\" content=\"720\" \/>\n\t<meta property=\"og:image:type\" content=\"image\/jpeg\" \/>\n<meta name=\"author\" content=\"Larissa Carvalho\" \/>\n<meta name=\"twitter:card\" content=\"summary_large_image\" \/>\n<meta name=\"twitter:label1\" content=\"Escrito por\" \/>\n\t<meta name=\"twitter:data1\" content=\"Larissa Carvalho\" \/>\n\t<meta name=\"twitter:label2\" content=\"Est. tempo de leitura\" \/>\n\t<meta name=\"twitter:data2\" content=\"3 minutos\" \/>\n<!-- \/ Yoast SEO plugin. -->","yoast_head_json":{"title":"Primeiro teletransporte do mundo \u00e9 realizado","description":"A computa\u00e7\u00e3o qu\u00e2ntica vai transformar completamente a tecnologia que usamos hoje em dia. Mas ainda h\u00e1 muitos desafios a serem superados.","robots":{"index":"index","follow":"follow","max-snippet":"max-snippet:-1","max-image-preview":"max-image-preview:large","max-video-preview":"max-video-preview:-1"},"canonical":"https:\/\/www.correiobraziliense.com.br\/cbradar\/primeiro-teletransporte-do-mundo-e-realizado\/","og_locale":"pt_BR","og_type":"article","og_title":"Primeiro teletransporte do mundo \u00e9 realizado","og_description":"A computa\u00e7\u00e3o qu\u00e2ntica vai transformar completamente a tecnologia que usamos hoje em dia. Mas ainda h\u00e1 muitos desafios a serem superados.","og_url":"https:\/\/www.correiobraziliense.com.br\/cbradar\/primeiro-teletransporte-do-mundo-e-realizado\/","og_site_name":"Correio Braziliense - Radar","article_published_time":"2025-02-20T11:30:00+00:00","og_image":[{"width":1279,"height":720,"url":"https:\/\/www.correiobraziliense.com.br\/cbradar\/wp-content\/uploads\/2025\/02\/computacao-quantica_1739986446329.jpg","type":"image\/jpeg"}],"author":"Larissa Carvalho","twitter_card":"summary_large_image","twitter_misc":{"Escrito por":"Larissa Carvalho","Est. tempo de leitura":"3 minutos"},"schema":{"@context":"https:\/\/schema.org","@graph":[{"@type":"WebPage","@id":"https:\/\/www.correiobraziliense.com.br\/cbradar\/primeiro-teletransporte-do-mundo-e-realizado\/","url":"https:\/\/www.correiobraziliense.com.br\/cbradar\/primeiro-teletransporte-do-mundo-e-realizado\/","name":"Primeiro teletransporte do mundo \u00e9 realizado","isPartOf":{"@id":"https:\/\/www.correiobraziliense.com.br\/cbradar\/#website"},"primaryImageOfPage":{"@id":"https:\/\/www.correiobraziliense.com.br\/cbradar\/primeiro-teletransporte-do-mundo-e-realizado\/#primaryimage"},"image":{"@id":"https:\/\/www.correiobraziliense.com.br\/cbradar\/primeiro-teletransporte-do-mundo-e-realizado\/#primaryimage"},"thumbnailUrl":"https:\/\/www.correiobraziliense.com.br\/cbradar\/wp-content\/uploads\/2025\/02\/computacao-quantica_1739986446329.jpg","datePublished":"2025-02-20T11:30:00+00:00","author":{"@id":"https:\/\/www.correiobraziliense.com.br\/cbradar\/#\/schema\/person\/58422787644df994b53a19d3e56c1513"},"description":"A computa\u00e7\u00e3o qu\u00e2ntica vai transformar completamente a tecnologia que usamos hoje em dia. Mas ainda h\u00e1 muitos desafios a serem superados.","breadcrumb":{"@id":"https:\/\/www.correiobraziliense.com.br\/cbradar\/primeiro-teletransporte-do-mundo-e-realizado\/#breadcrumb"},"inLanguage":"pt-BR","potentialAction":[{"@type":"ReadAction","target":["https:\/\/www.correiobraziliense.com.br\/cbradar\/primeiro-teletransporte-do-mundo-e-realizado\/"]}]},{"@type":"ImageObject","inLanguage":"pt-BR","@id":"https:\/\/www.correiobraziliense.com.br\/cbradar\/primeiro-teletransporte-do-mundo-e-realizado\/#primaryimage","url":"https:\/\/www.correiobraziliense.com.br\/cbradar\/wp-content\/uploads\/2025\/02\/computacao-quantica_1739986446329.jpg","contentUrl":"https:\/\/www.correiobraziliense.com.br\/cbradar\/wp-content\/uploads\/2025\/02\/computacao-quantica_1739986446329.jpg","width":1279,"height":720,"caption":"O primeiro teletransporte do mundo foi realizado. Cr\u00e9ditos: depositphotos.com \/ sakkmesterke"},{"@type":"BreadcrumbList","@id":"https:\/\/www.correiobraziliense.com.br\/cbradar\/primeiro-teletransporte-do-mundo-e-realizado\/#breadcrumb","itemListElement":[{"@type":"ListItem","position":1,"name":"In\u00edcio","item":"https:\/\/www.correiobraziliense.com.br\/cbradar\/"},{"@type":"ListItem","position":2,"name":"Primeiro teletransporte do mundo \u00e9 realizado"}]},{"@type":"WebSite","@id":"https:\/\/www.correiobraziliense.com.br\/cbradar\/#website","url":"https:\/\/www.correiobraziliense.com.br\/cbradar\/","name":"Correio Braziliense - Radar","description":"Acompanhe as \u00faltimas not\u00edcias e fique bem informado sobre tudo o que acontece no Brasil e no mundo.","potentialAction":[{"@type":"SearchAction","target":{"@type":"EntryPoint","urlTemplate":"https:\/\/www.correiobraziliense.com.br\/cbradar\/?s={search_term_string}"},"query-input":{"@type":"PropertyValueSpecification","valueRequired":true,"valueName":"search_term_string"}}],"inLanguage":"pt-BR"},{"@type":"Person","@id":"https:\/\/www.correiobraziliense.com.br\/cbradar\/#\/schema\/person\/58422787644df994b53a19d3e56c1513","name":"Larissa Carvalho","image":{"@type":"ImageObject","inLanguage":"pt-BR","@id":"https:\/\/www.correiobraziliense.com.br\/cbradar\/#\/schema\/person\/image\/","url":"https:\/\/secure.gravatar.com\/avatar\/fe4f91a0de32b52a838d0d612abdc1aa?s=96&d=mm&r=g","contentUrl":"https:\/\/secure.gravatar.com\/avatar\/fe4f91a0de32b52a838d0d612abdc1aa?s=96&d=mm&r=g","caption":"Larissa Carvalho"},"url":"https:\/\/www.correiobraziliense.com.br\/cbradar\/author\/larissamyth\/"}]}},"_links":{"self":[{"href":"https:\/\/www.correiobraziliense.com.br\/cbradar\/wp-json\/wp\/v2\/posts\/3963","targetHints":{"allow":["GET"]}}],"collection":[{"href":"https:\/\/www.correiobraziliense.com.br\/cbradar\/wp-json\/wp\/v2\/posts"}],"about":[{"href":"https:\/\/www.correiobraziliense.com.br\/cbradar\/wp-json\/wp\/v2\/types\/post"}],"author":[{"embeddable":true,"href":"https:\/\/www.correiobraziliense.com.br\/cbradar\/wp-json\/wp\/v2\/users\/3"}],"replies":[{"embeddable":true,"href":"https:\/\/www.correiobraziliense.com.br\/cbradar\/wp-json\/wp\/v2\/comments?post=3963"}],"version-history":[{"count":2,"href":"https:\/\/www.correiobraziliense.com.br\/cbradar\/wp-json\/wp\/v2\/posts\/3963\/revisions"}],"predecessor-version":[{"id":3967,"href":"https:\/\/www.correiobraziliense.com.br\/cbradar\/wp-json\/wp\/v2\/posts\/3963\/revisions\/3967"}],"wp:featuredmedia":[{"embeddable":true,"href":"https:\/\/www.correiobraziliense.com.br\/cbradar\/wp-json\/wp\/v2\/media\/3965"}],"wp:attachment":[{"href":"https:\/\/www.correiobraziliense.com.br\/cbradar\/wp-json\/wp\/v2\/media?parent=3963"}],"wp:term":[{"taxonomy":"category","embeddable":true,"href":"https:\/\/www.correiobraziliense.com.br\/cbradar\/wp-json\/wp\/v2\/categories?post=3963"},{"taxonomy":"post_tag","embeddable":true,"href":"https:\/\/www.correiobraziliense.com.br\/cbradar\/wp-json\/wp\/v2\/tags?post=3963"}],"curies":[{"name":"wp","href":"https:\/\/api.w.org\/{rel}","templated":true}]}}