{"id":39656,"date":"2025-05-20T07:23:00","date_gmt":"2025-05-20T10:23:00","guid":{"rendered":"https:\/\/www.correiobraziliense.com.br\/cbradar\/?p=39656"},"modified":"2025-05-19T17:53:50","modified_gmt":"2025-05-19T20:53:50","slug":"essa-serie-brasileira-vai-te-prender-episodio-por-episodio","status":"publish","type":"post","link":"https:\/\/www.correiobraziliense.com.br\/cbradar\/essa-serie-brasileira-vai-te-prender-episodio-por-episodio\/","title":{"rendered":"Essa s\u00e9rie brasileira vai te prender epis\u00f3dio por epis\u00f3dio"},"content":{"rendered":"\n<p><strong>3%<\/strong> \u00e9 uma s\u00e9rie brasileira de fic\u00e7\u00e3o cient\u00edfica e drama dist\u00f3pico criada por <strong>Pedro Aguilera<\/strong>, lan\u00e7ada pela <strong>Netflix<\/strong> em 2016. Ambientada em um futuro p\u00f3s-apocal\u00edptico, a trama divide a sociedade entre o <strong>Continente<\/strong>, marcado pela pobreza e escassez, e o <strong>Maralto<\/strong>, uma terra ut\u00f3pica onde apenas 3% da popula\u00e7\u00e3o pode viver.<\/p>\n\n\n\n<p>Para conseguir esse privil\u00e9gio, os jovens devem passar por um rigoroso processo seletivo aos 20 anos, conhecido como <strong>O Processo<\/strong>. A s\u00e9rie acompanha diferentes candidatos enfrentando provas psicol\u00f3gicas, morais e f\u00edsicas, enquanto exp\u00f5e as falhas e crueldades do sistema.<\/p>\n\n\n\n<h2 class=\"wp-block-heading\">Quem s\u00e3o os personagens principais?<\/h2>\n\n\n\n<ul class=\"wp-block-list\">\n<li><strong>Michele Santana<\/strong> (Bianca Comparato): jovem misteriosa com motiva\u00e7\u00f5es secretas.<\/li>\n\n\n\n<li><strong>Fernando Carvalho<\/strong> (Michel Gomes): determinado e idealista, usa cadeira de rodas.<\/li>\n\n\n\n<li><strong>Joana Coelho<\/strong> (Vaneza Oliveira): sobrevivente forte e pragm\u00e1tica.<\/li>\n\n\n\n<li><strong>Rafael Moreira<\/strong> (Rodolfo Valente): manipulador e imprevis\u00edvel.<\/li>\n\n\n\n<li><strong>Ezequiel<\/strong> (Jo\u00e3o Miguel): coordenador do Processo, carrega segredos e conflitos.<\/li>\n<\/ul>\n\n\n\n<p>Esses personagens representam diferentes vis\u00f5es sobre justi\u00e7a, sacrif\u00edcio e transforma\u00e7\u00e3o social.<\/p>\n\n\n\n<figure class=\"wp-block-image size-large\"><img decoding=\"async\" width=\"1024\" height=\"576\" src=\"https:\/\/www.correiobraziliense.com.br\/cbradar\/wp-content\/uploads\/2025\/05\/3-1024x576.png\" alt=\"Essa s\u00e9rie brasileira vai te prender epis\u00f3dio por epis\u00f3dio\" class=\"wp-image-39662\" srcset=\"https:\/\/www.correiobraziliense.com.br\/cbradar\/wp-content\/uploads\/2025\/05\/3-1024x576.png 1024w, https:\/\/www.correiobraziliense.com.br\/cbradar\/wp-content\/uploads\/2025\/05\/3-300x169.png 300w, https:\/\/www.correiobraziliense.com.br\/cbradar\/wp-content\/uploads\/2025\/05\/3-768x432.png 768w, https:\/\/www.correiobraziliense.com.br\/cbradar\/wp-content\/uploads\/2025\/05\/3-750x422.png 750w, https:\/\/www.correiobraziliense.com.br\/cbradar\/wp-content\/uploads\/2025\/05\/3-1140x641.png 1140w, https:\/\/www.correiobraziliense.com.br\/cbradar\/wp-content\/uploads\/2025\/05\/3.png 1280w\" sizes=\"(max-width: 1024px) 100vw, 1024px\" \/><figcaption class=\"wp-element-caption\">3%. Fonte: divulga\u00e7\u00e3o \/ Netflix<\/figcaption><\/figure>\n\n\n\n<h2 class=\"wp-block-heading\">Como a s\u00e9rie aborda desigualdade e resist\u00eancia?<\/h2>\n\n\n\n<p><em>3%<\/em> se destaca por sua cr\u00edtica social, simbolizando temas como meritocracia, opress\u00e3o, privil\u00e9gio e revolu\u00e7\u00e3o. O Processo, que aparenta ser justo, revela-se um sistema cruel que perpetua desigualdades.<\/p>\n\n\n\n<p>A trama evolui ao longo das temporadas, mostrando a cria\u00e7\u00e3o de uma resist\u00eancia organizada \u2014 a <strong>Concha<\/strong> \u2014 e o dilema entre reformar ou destruir o sistema. A s\u00e9rie tamb\u00e9m explora dilemas \u00e9ticos profundos, escolhas pessoais e o peso das decis\u00f5es em contextos extremos.<\/p>\n\n\n\n<h2 class=\"wp-block-heading\">Vale a pena assistir 3%?<\/h2>\n\n\n\n<p>Sim. <em>3%<\/em> \u00e9 um marco da fic\u00e7\u00e3o brasileira, sendo a primeira s\u00e9rie original da Netflix no pa\u00eds. Ela combina suspense, cr\u00edtica social e desenvolvimento de personagens de forma envolvente.<\/p>\n\n\n\n<p>Com ambienta\u00e7\u00e3o criativa, roteiro inteligente e atua\u00e7\u00f5es marcantes, \u00e9 uma s\u00e9rie que convida \u00e0 reflex\u00e3o sobre o mundo em que vivemos e o que estamos dispostos a fazer para mud\u00e1-lo.<\/p>\n\n\n\n<iframe loading=\"lazy\" width=\"560\" height=\"315\" src=\"https:\/\/www.youtube.com\/embed\/8yyzNQfaQR8?si=AP-dCW892lGYTEKm\" title=\"YouTube video player\" frameborder=\"0\" allow=\"accelerometer; autoplay; clipboard-write; encrypted-media; gyroscope; picture-in-picture; web-share\" referrerpolicy=\"strict-origin-when-cross-origin\" allowfullscreen><\/iframe>\n\n\n\n<h2 class=\"wp-block-heading\">Curiosidades sobre 3%<\/h2>\n\n\n\n<ul class=\"wp-block-list\">\n<li>A s\u00e9rie foi baseada em um curta-metragem de 2009.<\/li>\n\n\n\n<li>Foi filmada em S\u00e3o Paulo e em paisagens naturais como o Litoral Norte.<\/li>\n\n\n\n<li>Teve 4 temporadas e encerrou sua hist\u00f3ria de forma planejada.<\/li>\n\n\n\n<li>A est\u00e9tica minimalista ajudou a destacar o conte\u00fado e a cr\u00edtica da narrativa.<\/li>\n<\/ul>\n\n\n\n<h2 class=\"wp-block-heading\">FAQ &#8211; Perguntas frequentes<\/h2>\n\n\n\n<ul class=\"wp-block-list\">\n<li><strong>Onde assistir 3%?<\/strong>\n<ul class=\"wp-block-list\">\n<li>Dispon\u00edvel exclusivamente na <strong>Netflix<\/strong>.<\/li>\n<\/ul>\n<\/li>\n\n\n\n<li><strong>Quem est\u00e1 no elenco principal?<\/strong>\n<ul class=\"wp-block-list\">\n<li><strong>Bianca Comparato<\/strong>, <strong>Michel Gomes<\/strong>, <strong>Jo\u00e3o Miguel<\/strong>, <strong>Vaneza Oliveira<\/strong>, <strong>Rodolfo Valente<\/strong>, <strong>Mel Fronckowiak<\/strong>, <strong>L\u00e9o Belmonte<\/strong>.<\/li>\n<\/ul>\n<\/li>\n\n\n\n<li><strong>Qual o ano de lan\u00e7amento da s\u00e9rie?<\/strong>\n<ul class=\"wp-block-list\">\n<li><em>3%<\/em> estreou em 2016 e foi conclu\u00edda em 2020.<\/li>\n<\/ul>\n<\/li>\n\n\n\n<li><strong>Qual a produtora respons\u00e1vel pela s\u00e9rie?<\/strong>\n<ul class=\"wp-block-list\">\n<li>Produzida pela <strong>Boutique Filmes<\/strong>, em parceria com a <strong>Netflix<\/strong>.<\/li>\n<\/ul>\n<\/li>\n<\/ul>\n","protected":false},"excerpt":{"rendered":"<p>Uma distopia brasileira que mistura meritocracia, desigualdade e resist\u00eancia em uma trama eletrizante e simb\u00f3lica.<\/p>\n","protected":false},"author":3,"featured_media":39660,"comment_status":"open","ping_status":"open","sticky":false,"template":"","format":"standard","meta":{"_yoast_wpseo_focuskw":"s\u00e9rie 3%","_yoast_wpseo_title":"%%title%%","_yoast_wpseo_metadesc":"Uma distopia brasileira que mistura meritocracia, desigualdade e resist\u00eancia em uma trama eletrizante e simb\u00f3lica.","jnews-multi-image_gallery":[],"jnews_single_post":{"format":"standard"},"jnews_primary_category":[],"jnews_social_meta":[],"jnews_override_counter":[],"footnotes":""},"categories":[140],"post_tag":[568],"class_list":["post-39656","post","type-post","status-publish","format-standard","has-post-thumbnail","hentry","category-entretenimento","tag-series-e-filmes"],"yoast_head":"<!-- This site is optimized with the Yoast SEO plugin v24.6 - https:\/\/yoast.com\/wordpress\/plugins\/seo\/ -->\n<title>Essa s\u00e9rie brasileira vai te prender epis\u00f3dio por epis\u00f3dio<\/title>\n<meta name=\"description\" content=\"Uma distopia brasileira que mistura meritocracia, desigualdade e resist\u00eancia em uma trama eletrizante e simb\u00f3lica.\" \/>\n<meta name=\"robots\" content=\"index, follow, max-snippet:-1, max-image-preview:large, max-video-preview:-1\" \/>\n<link rel=\"canonical\" href=\"https:\/\/www.correiobraziliense.com.br\/cbradar\/essa-serie-brasileira-vai-te-prender-episodio-por-episodio\/\" \/>\n<meta property=\"og:locale\" content=\"pt_BR\" \/>\n<meta property=\"og:type\" content=\"article\" \/>\n<meta property=\"og:title\" content=\"Essa s\u00e9rie brasileira vai te prender epis\u00f3dio por epis\u00f3dio\" \/>\n<meta property=\"og:description\" content=\"Uma distopia brasileira que mistura meritocracia, desigualdade e resist\u00eancia em uma trama eletrizante e simb\u00f3lica.\" \/>\n<meta property=\"og:url\" content=\"https:\/\/www.correiobraziliense.com.br\/cbradar\/essa-serie-brasileira-vai-te-prender-episodio-por-episodio\/\" \/>\n<meta property=\"og:site_name\" content=\"Correio Braziliense - Radar\" \/>\n<meta property=\"article:published_time\" content=\"2025-05-20T10:23:00+00:00\" \/>\n<meta property=\"og:image\" content=\"https:\/\/www.correiobraziliense.com.br\/cbradar\/wp-content\/uploads\/2025\/05\/3-2.png\" \/>\n\t<meta property=\"og:image:width\" content=\"1280\" \/>\n\t<meta property=\"og:image:height\" content=\"720\" \/>\n\t<meta property=\"og:image:type\" content=\"image\/png\" \/>\n<meta name=\"author\" content=\"Larissa Carvalho\" \/>\n<meta name=\"twitter:card\" content=\"summary_large_image\" \/>\n<meta name=\"twitter:label1\" content=\"Escrito por\" \/>\n\t<meta name=\"twitter:data1\" content=\"Larissa Carvalho\" \/>\n\t<meta name=\"twitter:label2\" content=\"Est. tempo de leitura\" \/>\n\t<meta name=\"twitter:data2\" content=\"3 minutos\" \/>\n<!-- \/ Yoast SEO plugin. -->","yoast_head_json":{"title":"Essa s\u00e9rie brasileira vai te prender epis\u00f3dio por epis\u00f3dio","description":"Uma distopia brasileira que mistura meritocracia, desigualdade e resist\u00eancia em uma trama eletrizante e simb\u00f3lica.","robots":{"index":"index","follow":"follow","max-snippet":"max-snippet:-1","max-image-preview":"max-image-preview:large","max-video-preview":"max-video-preview:-1"},"canonical":"https:\/\/www.correiobraziliense.com.br\/cbradar\/essa-serie-brasileira-vai-te-prender-episodio-por-episodio\/","og_locale":"pt_BR","og_type":"article","og_title":"Essa s\u00e9rie brasileira vai te prender epis\u00f3dio por epis\u00f3dio","og_description":"Uma distopia brasileira que mistura meritocracia, desigualdade e resist\u00eancia em uma trama eletrizante e simb\u00f3lica.","og_url":"https:\/\/www.correiobraziliense.com.br\/cbradar\/essa-serie-brasileira-vai-te-prender-episodio-por-episodio\/","og_site_name":"Correio Braziliense - Radar","article_published_time":"2025-05-20T10:23:00+00:00","og_image":[{"width":1280,"height":720,"url":"https:\/\/www.correiobraziliense.com.br\/cbradar\/wp-content\/uploads\/2025\/05\/3-2.png","type":"image\/png"}],"author":"Larissa Carvalho","twitter_card":"summary_large_image","twitter_misc":{"Escrito por":"Larissa Carvalho","Est. tempo de leitura":"3 minutos"},"schema":{"@context":"https:\/\/schema.org","@graph":[{"@type":"WebPage","@id":"https:\/\/www.correiobraziliense.com.br\/cbradar\/essa-serie-brasileira-vai-te-prender-episodio-por-episodio\/","url":"https:\/\/www.correiobraziliense.com.br\/cbradar\/essa-serie-brasileira-vai-te-prender-episodio-por-episodio\/","name":"Essa s\u00e9rie brasileira vai te prender epis\u00f3dio por epis\u00f3dio","isPartOf":{"@id":"https:\/\/www.correiobraziliense.com.br\/cbradar\/#website"},"primaryImageOfPage":{"@id":"https:\/\/www.correiobraziliense.com.br\/cbradar\/essa-serie-brasileira-vai-te-prender-episodio-por-episodio\/#primaryimage"},"image":{"@id":"https:\/\/www.correiobraziliense.com.br\/cbradar\/essa-serie-brasileira-vai-te-prender-episodio-por-episodio\/#primaryimage"},"thumbnailUrl":"https:\/\/www.correiobraziliense.com.br\/cbradar\/wp-content\/uploads\/2025\/05\/3-2.png","datePublished":"2025-05-20T10:23:00+00:00","author":{"@id":"https:\/\/www.correiobraziliense.com.br\/cbradar\/#\/schema\/person\/58422787644df994b53a19d3e56c1513"},"description":"Uma distopia brasileira que mistura meritocracia, desigualdade e resist\u00eancia em uma trama eletrizante e simb\u00f3lica.","breadcrumb":{"@id":"https:\/\/www.correiobraziliense.com.br\/cbradar\/essa-serie-brasileira-vai-te-prender-episodio-por-episodio\/#breadcrumb"},"inLanguage":"pt-BR","potentialAction":[{"@type":"ReadAction","target":["https:\/\/www.correiobraziliense.com.br\/cbradar\/essa-serie-brasileira-vai-te-prender-episodio-por-episodio\/"]}]},{"@type":"ImageObject","inLanguage":"pt-BR","@id":"https:\/\/www.correiobraziliense.com.br\/cbradar\/essa-serie-brasileira-vai-te-prender-episodio-por-episodio\/#primaryimage","url":"https:\/\/www.correiobraziliense.com.br\/cbradar\/wp-content\/uploads\/2025\/05\/3-2.png","contentUrl":"https:\/\/www.correiobraziliense.com.br\/cbradar\/wp-content\/uploads\/2025\/05\/3-2.png","width":1280,"height":720,"caption":"3%. Fonte: divulga\u00e7\u00e3o \/ Netflix"},{"@type":"BreadcrumbList","@id":"https:\/\/www.correiobraziliense.com.br\/cbradar\/essa-serie-brasileira-vai-te-prender-episodio-por-episodio\/#breadcrumb","itemListElement":[{"@type":"ListItem","position":1,"name":"In\u00edcio","item":"https:\/\/www.correiobraziliense.com.br\/cbradar\/"},{"@type":"ListItem","position":2,"name":"Essa s\u00e9rie brasileira vai te prender epis\u00f3dio por epis\u00f3dio"}]},{"@type":"WebSite","@id":"https:\/\/www.correiobraziliense.com.br\/cbradar\/#website","url":"https:\/\/www.correiobraziliense.com.br\/cbradar\/","name":"Correio Braziliense - Radar","description":"Acompanhe as \u00faltimas not\u00edcias e fique bem informado sobre tudo o que acontece no Brasil e no mundo.","potentialAction":[{"@type":"SearchAction","target":{"@type":"EntryPoint","urlTemplate":"https:\/\/www.correiobraziliense.com.br\/cbradar\/?s={search_term_string}"},"query-input":{"@type":"PropertyValueSpecification","valueRequired":true,"valueName":"search_term_string"}}],"inLanguage":"pt-BR"},{"@type":"Person","@id":"https:\/\/www.correiobraziliense.com.br\/cbradar\/#\/schema\/person\/58422787644df994b53a19d3e56c1513","name":"Larissa Carvalho","image":{"@type":"ImageObject","inLanguage":"pt-BR","@id":"https:\/\/www.correiobraziliense.com.br\/cbradar\/#\/schema\/person\/image\/","url":"https:\/\/secure.gravatar.com\/avatar\/fe4f91a0de32b52a838d0d612abdc1aa?s=96&d=mm&r=g","contentUrl":"https:\/\/secure.gravatar.com\/avatar\/fe4f91a0de32b52a838d0d612abdc1aa?s=96&d=mm&r=g","caption":"Larissa Carvalho"},"url":"https:\/\/www.correiobraziliense.com.br\/cbradar\/author\/larissamyth\/"}]}},"_links":{"self":[{"href":"https:\/\/www.correiobraziliense.com.br\/cbradar\/wp-json\/wp\/v2\/posts\/39656","targetHints":{"allow":["GET"]}}],"collection":[{"href":"https:\/\/www.correiobraziliense.com.br\/cbradar\/wp-json\/wp\/v2\/posts"}],"about":[{"href":"https:\/\/www.correiobraziliense.com.br\/cbradar\/wp-json\/wp\/v2\/types\/post"}],"author":[{"embeddable":true,"href":"https:\/\/www.correiobraziliense.com.br\/cbradar\/wp-json\/wp\/v2\/users\/3"}],"replies":[{"embeddable":true,"href":"https:\/\/www.correiobraziliense.com.br\/cbradar\/wp-json\/wp\/v2\/comments?post=39656"}],"version-history":[{"count":1,"href":"https:\/\/www.correiobraziliense.com.br\/cbradar\/wp-json\/wp\/v2\/posts\/39656\/revisions"}],"predecessor-version":[{"id":39664,"href":"https:\/\/www.correiobraziliense.com.br\/cbradar\/wp-json\/wp\/v2\/posts\/39656\/revisions\/39664"}],"wp:featuredmedia":[{"embeddable":true,"href":"https:\/\/www.correiobraziliense.com.br\/cbradar\/wp-json\/wp\/v2\/media\/39660"}],"wp:attachment":[{"href":"https:\/\/www.correiobraziliense.com.br\/cbradar\/wp-json\/wp\/v2\/media?parent=39656"}],"wp:term":[{"taxonomy":"category","embeddable":true,"href":"https:\/\/www.correiobraziliense.com.br\/cbradar\/wp-json\/wp\/v2\/categories?post=39656"},{"taxonomy":"post_tag","embeddable":true,"href":"https:\/\/www.correiobraziliense.com.br\/cbradar\/wp-json\/wp\/v2\/post_tag?post=39656"}],"curies":[{"name":"wp","href":"https:\/\/api.w.org\/{rel}","templated":true}]}}