{"id":39671,"date":"2025-05-20T15:30:00","date_gmt":"2025-05-20T18:30:00","guid":{"rendered":"https:\/\/www.correiobraziliense.com.br\/cbradar\/?p=39671"},"modified":"2025-05-19T17:52:59","modified_gmt":"2025-05-19T20:52:59","slug":"essa-serie-vai-mexer-com-todas-as-suas-emocoes","status":"publish","type":"post","link":"https:\/\/www.correiobraziliense.com.br\/cbradar\/essa-serie-vai-mexer-com-todas-as-suas-emocoes\/","title":{"rendered":"Essa s\u00e9rie vai mexer com todas as suas emo\u00e7\u00f5es"},"content":{"rendered":"\n<p><strong>Grey&#8217;s Anatomy<\/strong> \u00e9 uma s\u00e9rie de drama m\u00e9dico criada por <strong>Shonda Rhimes<\/strong>, lan\u00e7ada em 2005. A trama acompanha a vida de <strong>Meredith Grey<\/strong>, desde o in\u00edcio de sua resid\u00eancia m\u00e9dica at\u00e9 se tornar uma das principais cirurgi\u00e3s do fict\u00edcio <strong>Grey Sloan Memorial Hospital<\/strong> (antigo Seattle Grace).<\/p>\n\n\n\n<p>A s\u00e9rie explora o dia a dia dos m\u00e9dicos em meio a casos cl\u00ednicos desafiadores, dilemas \u00e9ticos e dramas pessoais. Ao longo das temporadas, Grey&#8217;s Anatomy se tornou um marco por sua abordagem emotiva, representatividade e reviravoltas inesperadas.<\/p>\n\n\n\n<h2 class=\"wp-block-heading\">Quem s\u00e3o os personagens principais?<\/h2>\n\n\n\n<ul class=\"wp-block-list\">\n<li><strong>Meredith Grey<\/strong> (Ellen Pompeo): protagonista resiliente, inteligente e sens\u00edvel.<\/li>\n\n\n\n<li><strong>Derek Shepherd<\/strong> (Patrick Dempsey): neurocirurgi\u00e3o carism\u00e1tico, conhecido como \u201cMcDreamy\u201d.<\/li>\n\n\n\n<li><strong>Cristina Yang<\/strong>, <strong>Miranda Bailey<\/strong>, <strong>Richard Webber<\/strong>, <strong>Alex Karev<\/strong>, <strong>Arizona Robbins<\/strong>, <strong>Callie Torres<\/strong>, <strong>Owen Hunt<\/strong> e <strong>Jo Wilson<\/strong> s\u00e3o alguns dos muitos personagens que marcaram a s\u00e9rie.<\/li>\n<\/ul>\n\n\n\n<p>A cada temporada, novos residentes, m\u00e9dicos e hist\u00f3rias s\u00e3o inseridos, mantendo a s\u00e9rie sempre atual e emocionalmente cativante.<\/p>\n\n\n\n<figure class=\"wp-block-image size-large\"><img decoding=\"async\" width=\"1024\" height=\"576\" src=\"https:\/\/www.correiobraziliense.com.br\/cbradar\/wp-content\/uploads\/2025\/05\/Greys-Anatomy-1024x576.png\" alt=\"Essa s\u00e9rie vai mexer com todas as suas emo\u00e7\u00f5es\" class=\"wp-image-39674\" srcset=\"https:\/\/www.correiobraziliense.com.br\/cbradar\/wp-content\/uploads\/2025\/05\/Greys-Anatomy-1024x576.png 1024w, https:\/\/www.correiobraziliense.com.br\/cbradar\/wp-content\/uploads\/2025\/05\/Greys-Anatomy-300x169.png 300w, https:\/\/www.correiobraziliense.com.br\/cbradar\/wp-content\/uploads\/2025\/05\/Greys-Anatomy-768x432.png 768w, https:\/\/www.correiobraziliense.com.br\/cbradar\/wp-content\/uploads\/2025\/05\/Greys-Anatomy-750x422.png 750w, https:\/\/www.correiobraziliense.com.br\/cbradar\/wp-content\/uploads\/2025\/05\/Greys-Anatomy-1140x641.png 1140w, https:\/\/www.correiobraziliense.com.br\/cbradar\/wp-content\/uploads\/2025\/05\/Greys-Anatomy.png 1280w\" sizes=\"(max-width: 1024px) 100vw, 1024px\" \/><figcaption class=\"wp-element-caption\">Grey&#8217;s Anatomy. Fonte: divulga\u00e7\u00e3o \/ ABC<\/figcaption><\/figure>\n\n\n\n<h2 class=\"wp-block-heading\">Como a s\u00e9rie equilibra medicina e drama pessoal?<\/h2>\n\n\n\n<p><em>Grey&#8217;s Anatomy<\/em> \u00e9 conhecida por mesclar com maestria casos m\u00e9dicos de alto impacto com hist\u00f3rias pessoais profundas. Cada epis\u00f3dio traz temas como vida, morte, escolhas dif\u00edceis, amor e perdas \u2014 refletindo como a profiss\u00e3o m\u00e9dica exige n\u00e3o s\u00f3 t\u00e9cnica, mas tamb\u00e9m empatia e for\u00e7a emocional.<\/p>\n\n\n\n<p>Al\u00e9m disso, a s\u00e9rie \u00e9 pioneira em trazer diversidade racial, sexual e de g\u00eanero para o centro da narrativa, com representa\u00e7\u00f5es fortes e humanas.<\/p>\n\n\n\n<h2 class=\"wp-block-heading\">Vale a pena assistir Grey&#8217;s Anatomy?<\/h2>\n\n\n\n<p>Sim. Mesmo com tantas temporadas, <em>Grey&#8217;s Anatomy<\/em> continua relevante por sua capacidade de emocionar, surpreender e abordar temas importantes. \u00c9 um drama envolvente, que evolui junto com seus personagens e com o mundo ao seu redor.<\/p>\n\n\n\n<p>Ideal para quem gosta de s\u00e9ries longas, com muitos arcos, evolu\u00e7\u00e3o emocional e aquele toque de \u201cchorar e sorrir no mesmo epis\u00f3dio\u201d.<\/p>\n\n\n\n<iframe loading=\"lazy\" width=\"560\" height=\"315\" src=\"https:\/\/www.youtube.com\/embed\/2wqzcLyaU8c?si=YO_jS5LVAeExpM5w\" title=\"YouTube video player\" frameborder=\"0\" allow=\"accelerometer; autoplay; clipboard-write; encrypted-media; gyroscope; picture-in-picture; web-share\" referrerpolicy=\"strict-origin-when-cross-origin\" allowfullscreen><\/iframe>\n\n\n\n<h2 class=\"wp-block-heading\">Curiosidades sobre Grey&#8217;s Anatomy<\/h2>\n\n\n\n<ul class=\"wp-block-list\">\n<li>\u00c9 uma das s\u00e9ries mais longevas da TV americana, com mais de 20 temporadas.<\/li>\n\n\n\n<li>Foi a s\u00e9rie que lan\u00e7ou a carreira de Shonda Rhimes como criadora e produtora.<\/li>\n\n\n\n<li>Muitos epis\u00f3dios t\u00eam t\u00edtulos baseados em m\u00fasicas.<\/li>\n\n\n\n<li>A s\u00e9rie gerou spin-offs como <em>Private Practice<\/em> e <em>Station 19<\/em>.<\/li>\n<\/ul>\n\n\n\n<h2 class=\"wp-block-heading\">FAQ &#8211; Perguntas frequentes<\/h2>\n\n\n\n<ul class=\"wp-block-list\">\n<li><strong>Onde assistir Grey&#8217;s Anatomy?<\/strong>\n<ul class=\"wp-block-list\">\n<li>Dispon\u00edvel na <strong>Star+<\/strong>, <strong>Netflix<\/strong>, <strong>Globoplay<\/strong> e <strong>Amazon Prime Video<\/strong>.<\/li>\n<\/ul>\n<\/li>\n\n\n\n<li><strong>Quem est\u00e1 no elenco principal?<\/strong>\n<ul class=\"wp-block-list\">\n<li><strong>Ellen Pompeo<\/strong>, <strong>Patrick Dempsey<\/strong>, <strong>Sandra Oh<\/strong>, <strong>Chandra Wilson<\/strong>, <strong>James Pickens Jr.<\/strong>, <strong>Justin Chambers<\/strong>, entre muitos outros.<\/li>\n<\/ul>\n<\/li>\n\n\n\n<li><strong>Qual o ano de lan\u00e7amento da s\u00e9rie?<\/strong>\n<ul class=\"wp-block-list\">\n<li><em>Grey&#8217;s Anatomy<\/em> estreou em 2005 e ainda est\u00e1 em exibi\u00e7\u00e3o.<\/li>\n<\/ul>\n<\/li>\n\n\n\n<li><strong>Qual a produtora respons\u00e1vel pela s\u00e9rie?<\/strong>\n<ul class=\"wp-block-list\">\n<li>Produzida pela <strong>Shondaland<\/strong> em parceria com a <strong>ABC Signature Studios<\/strong><\/li>\n<\/ul>\n<\/li>\n<\/ul>\n","protected":false},"excerpt":{"rendered":"<p>Amores, perdas, cirurgias e escolhas dif\u00edceis marcam a rotina intensa dos m\u00e9dicos do Grey Sloan Memorial Hospital.<\/p>\n","protected":false},"author":3,"featured_media":39674,"comment_status":"open","ping_status":"open","sticky":false,"template":"","format":"standard","meta":{"_yoast_wpseo_focuskw":"Grey's Anatomy","_yoast_wpseo_title":"%%title%%","_yoast_wpseo_metadesc":"Amores, perdas, cirurgias e escolhas dif\u00edceis marcam a rotina intensa dos m\u00e9dicos do Grey Sloan Memorial Hospital.","jnews-multi-image_gallery":[],"jnews_single_post":{"format":"standard"},"jnews_primary_category":[],"jnews_social_meta":[],"jnews_override_counter":[],"footnotes":""},"categories":[140],"post_tag":[568],"class_list":["post-39671","post","type-post","status-publish","format-standard","has-post-thumbnail","hentry","category-entretenimento","tag-series-e-filmes"],"yoast_head":"<!-- This site is optimized with the Yoast SEO plugin v24.6 - https:\/\/yoast.com\/wordpress\/plugins\/seo\/ -->\n<title>Essa s\u00e9rie vai mexer com todas as suas emo\u00e7\u00f5es<\/title>\n<meta name=\"description\" content=\"Amores, perdas, cirurgias e escolhas dif\u00edceis marcam a rotina intensa dos m\u00e9dicos do Grey Sloan Memorial Hospital.\" \/>\n<meta name=\"robots\" content=\"index, follow, max-snippet:-1, max-image-preview:large, max-video-preview:-1\" \/>\n<link rel=\"canonical\" href=\"https:\/\/www.correiobraziliense.com.br\/cbradar\/essa-serie-vai-mexer-com-todas-as-suas-emocoes\/\" \/>\n<meta property=\"og:locale\" content=\"pt_BR\" \/>\n<meta property=\"og:type\" content=\"article\" \/>\n<meta property=\"og:title\" content=\"Essa s\u00e9rie vai mexer com todas as suas emo\u00e7\u00f5es\" \/>\n<meta property=\"og:description\" content=\"Amores, perdas, cirurgias e escolhas dif\u00edceis marcam a rotina intensa dos m\u00e9dicos do Grey Sloan Memorial Hospital.\" \/>\n<meta property=\"og:url\" content=\"https:\/\/www.correiobraziliense.com.br\/cbradar\/essa-serie-vai-mexer-com-todas-as-suas-emocoes\/\" \/>\n<meta property=\"og:site_name\" content=\"Correio Braziliense - Radar\" \/>\n<meta property=\"article:published_time\" content=\"2025-05-20T18:30:00+00:00\" \/>\n<meta property=\"og:image\" content=\"https:\/\/www.correiobraziliense.com.br\/cbradar\/wp-content\/uploads\/2025\/05\/Greys-Anatomy.png\" \/>\n\t<meta property=\"og:image:width\" content=\"1280\" \/>\n\t<meta property=\"og:image:height\" content=\"720\" \/>\n\t<meta property=\"og:image:type\" content=\"image\/png\" \/>\n<meta name=\"author\" content=\"Larissa Carvalho\" \/>\n<meta name=\"twitter:card\" content=\"summary_large_image\" \/>\n<meta name=\"twitter:label1\" content=\"Escrito por\" \/>\n\t<meta name=\"twitter:data1\" content=\"Larissa Carvalho\" \/>\n\t<meta name=\"twitter:label2\" content=\"Est. tempo de leitura\" \/>\n\t<meta name=\"twitter:data2\" content=\"3 minutos\" \/>\n<!-- \/ Yoast SEO plugin. -->","yoast_head_json":{"title":"Essa s\u00e9rie vai mexer com todas as suas emo\u00e7\u00f5es","description":"Amores, perdas, cirurgias e escolhas dif\u00edceis marcam a rotina intensa dos m\u00e9dicos do Grey Sloan Memorial Hospital.","robots":{"index":"index","follow":"follow","max-snippet":"max-snippet:-1","max-image-preview":"max-image-preview:large","max-video-preview":"max-video-preview:-1"},"canonical":"https:\/\/www.correiobraziliense.com.br\/cbradar\/essa-serie-vai-mexer-com-todas-as-suas-emocoes\/","og_locale":"pt_BR","og_type":"article","og_title":"Essa s\u00e9rie vai mexer com todas as suas emo\u00e7\u00f5es","og_description":"Amores, perdas, cirurgias e escolhas dif\u00edceis marcam a rotina intensa dos m\u00e9dicos do Grey Sloan Memorial Hospital.","og_url":"https:\/\/www.correiobraziliense.com.br\/cbradar\/essa-serie-vai-mexer-com-todas-as-suas-emocoes\/","og_site_name":"Correio Braziliense - Radar","article_published_time":"2025-05-20T18:30:00+00:00","og_image":[{"width":1280,"height":720,"url":"https:\/\/www.correiobraziliense.com.br\/cbradar\/wp-content\/uploads\/2025\/05\/Greys-Anatomy.png","type":"image\/png"}],"author":"Larissa Carvalho","twitter_card":"summary_large_image","twitter_misc":{"Escrito por":"Larissa Carvalho","Est. tempo de leitura":"3 minutos"},"schema":{"@context":"https:\/\/schema.org","@graph":[{"@type":"WebPage","@id":"https:\/\/www.correiobraziliense.com.br\/cbradar\/essa-serie-vai-mexer-com-todas-as-suas-emocoes\/","url":"https:\/\/www.correiobraziliense.com.br\/cbradar\/essa-serie-vai-mexer-com-todas-as-suas-emocoes\/","name":"Essa s\u00e9rie vai mexer com todas as suas emo\u00e7\u00f5es","isPartOf":{"@id":"https:\/\/www.correiobraziliense.com.br\/cbradar\/#website"},"primaryImageOfPage":{"@id":"https:\/\/www.correiobraziliense.com.br\/cbradar\/essa-serie-vai-mexer-com-todas-as-suas-emocoes\/#primaryimage"},"image":{"@id":"https:\/\/www.correiobraziliense.com.br\/cbradar\/essa-serie-vai-mexer-com-todas-as-suas-emocoes\/#primaryimage"},"thumbnailUrl":"https:\/\/www.correiobraziliense.com.br\/cbradar\/wp-content\/uploads\/2025\/05\/Greys-Anatomy.png","datePublished":"2025-05-20T18:30:00+00:00","author":{"@id":"https:\/\/www.correiobraziliense.com.br\/cbradar\/#\/schema\/person\/58422787644df994b53a19d3e56c1513"},"description":"Amores, perdas, cirurgias e escolhas dif\u00edceis marcam a rotina intensa dos m\u00e9dicos do Grey Sloan Memorial Hospital.","breadcrumb":{"@id":"https:\/\/www.correiobraziliense.com.br\/cbradar\/essa-serie-vai-mexer-com-todas-as-suas-emocoes\/#breadcrumb"},"inLanguage":"pt-BR","potentialAction":[{"@type":"ReadAction","target":["https:\/\/www.correiobraziliense.com.br\/cbradar\/essa-serie-vai-mexer-com-todas-as-suas-emocoes\/"]}]},{"@type":"ImageObject","inLanguage":"pt-BR","@id":"https:\/\/www.correiobraziliense.com.br\/cbradar\/essa-serie-vai-mexer-com-todas-as-suas-emocoes\/#primaryimage","url":"https:\/\/www.correiobraziliense.com.br\/cbradar\/wp-content\/uploads\/2025\/05\/Greys-Anatomy.png","contentUrl":"https:\/\/www.correiobraziliense.com.br\/cbradar\/wp-content\/uploads\/2025\/05\/Greys-Anatomy.png","width":1280,"height":720,"caption":"Grey's Anatomy. Fonte: divulga\u00e7\u00e3o \/ ABC"},{"@type":"BreadcrumbList","@id":"https:\/\/www.correiobraziliense.com.br\/cbradar\/essa-serie-vai-mexer-com-todas-as-suas-emocoes\/#breadcrumb","itemListElement":[{"@type":"ListItem","position":1,"name":"In\u00edcio","item":"https:\/\/www.correiobraziliense.com.br\/cbradar\/"},{"@type":"ListItem","position":2,"name":"Essa s\u00e9rie vai mexer com todas as suas emo\u00e7\u00f5es"}]},{"@type":"WebSite","@id":"https:\/\/www.correiobraziliense.com.br\/cbradar\/#website","url":"https:\/\/www.correiobraziliense.com.br\/cbradar\/","name":"Correio Braziliense - Radar","description":"Acompanhe as \u00faltimas not\u00edcias e fique bem informado sobre tudo o que acontece no Brasil e no mundo.","potentialAction":[{"@type":"SearchAction","target":{"@type":"EntryPoint","urlTemplate":"https:\/\/www.correiobraziliense.com.br\/cbradar\/?s={search_term_string}"},"query-input":{"@type":"PropertyValueSpecification","valueRequired":true,"valueName":"search_term_string"}}],"inLanguage":"pt-BR"},{"@type":"Person","@id":"https:\/\/www.correiobraziliense.com.br\/cbradar\/#\/schema\/person\/58422787644df994b53a19d3e56c1513","name":"Larissa Carvalho","image":{"@type":"ImageObject","inLanguage":"pt-BR","@id":"https:\/\/www.correiobraziliense.com.br\/cbradar\/#\/schema\/person\/image\/","url":"https:\/\/secure.gravatar.com\/avatar\/fe4f91a0de32b52a838d0d612abdc1aa?s=96&d=mm&r=g","contentUrl":"https:\/\/secure.gravatar.com\/avatar\/fe4f91a0de32b52a838d0d612abdc1aa?s=96&d=mm&r=g","caption":"Larissa Carvalho"},"url":"https:\/\/www.correiobraziliense.com.br\/cbradar\/author\/larissamyth\/"}]}},"_links":{"self":[{"href":"https:\/\/www.correiobraziliense.com.br\/cbradar\/wp-json\/wp\/v2\/posts\/39671","targetHints":{"allow":["GET"]}}],"collection":[{"href":"https:\/\/www.correiobraziliense.com.br\/cbradar\/wp-json\/wp\/v2\/posts"}],"about":[{"href":"https:\/\/www.correiobraziliense.com.br\/cbradar\/wp-json\/wp\/v2\/types\/post"}],"author":[{"embeddable":true,"href":"https:\/\/www.correiobraziliense.com.br\/cbradar\/wp-json\/wp\/v2\/users\/3"}],"replies":[{"embeddable":true,"href":"https:\/\/www.correiobraziliense.com.br\/cbradar\/wp-json\/wp\/v2\/comments?post=39671"}],"version-history":[{"count":1,"href":"https:\/\/www.correiobraziliense.com.br\/cbradar\/wp-json\/wp\/v2\/posts\/39671\/revisions"}],"predecessor-version":[{"id":39675,"href":"https:\/\/www.correiobraziliense.com.br\/cbradar\/wp-json\/wp\/v2\/posts\/39671\/revisions\/39675"}],"wp:featuredmedia":[{"embeddable":true,"href":"https:\/\/www.correiobraziliense.com.br\/cbradar\/wp-json\/wp\/v2\/media\/39674"}],"wp:attachment":[{"href":"https:\/\/www.correiobraziliense.com.br\/cbradar\/wp-json\/wp\/v2\/media?parent=39671"}],"wp:term":[{"taxonomy":"category","embeddable":true,"href":"https:\/\/www.correiobraziliense.com.br\/cbradar\/wp-json\/wp\/v2\/categories?post=39671"},{"taxonomy":"post_tag","embeddable":true,"href":"https:\/\/www.correiobraziliense.com.br\/cbradar\/wp-json\/wp\/v2\/post_tag?post=39671"}],"curies":[{"name":"wp","href":"https:\/\/api.w.org\/{rel}","templated":true}]}}