{"id":39676,"date":"2025-05-20T18:10:00","date_gmt":"2025-05-20T21:10:00","guid":{"rendered":"https:\/\/www.correiobraziliense.com.br\/cbradar\/?p=39676"},"modified":"2025-05-19T17:52:42","modified_gmt":"2025-05-19T20:52:42","slug":"esse-filme-vai-te-lancar-no-olho-do-furacao","status":"publish","type":"post","link":"https:\/\/www.correiobraziliense.com.br\/cbradar\/esse-filme-vai-te-lancar-no-olho-do-furacao\/","title":{"rendered":"Esse filme vai te lan\u00e7ar no olho do furac\u00e3o"},"content":{"rendered":"\n<p><strong>Ca\u00e7adores de Tempestades<\/strong> (<em>Twisters<\/em>) \u00e9 um filme de a\u00e7\u00e3o e desastre clim\u00e1tico que acompanha um grupo de cientistas e aventureiros especializados em estudar e interceptar tornados. O objetivo: coletar dados cruciais para prever essas tempestades com mais precis\u00e3o e salvar vidas.<\/p>\n\n\n\n<p>A trama gira em torno de uma nova gera\u00e7\u00e3o de ca\u00e7adores, que enfrentam n\u00e3o apenas as tempestades mais perigosas j\u00e1 vistas, mas tamb\u00e9m dilemas \u00e9ticos, rivalidades internas e os traumas do passado. O filme \u00e9 uma esp\u00e9cie de sequ\u00eancia espiritual do cl\u00e1ssico <em>Twister<\/em> (1996), com foco renovado em tecnologia, emo\u00e7\u00e3o e a\u00e7\u00e3o intensa.<\/p>\n\n\n\n<h2 class=\"wp-block-heading\">Quem s\u00e3o os personagens principais?<\/h2>\n\n\n\n<ul class=\"wp-block-list\">\n<li><strong>Kate Cooper<\/strong> (Daisy Edgar-Jones): meteorologista com passado tr\u00e1gico, relutante em voltar ao campo.<\/li>\n\n\n\n<li><strong>Tyler Owens<\/strong> (Glen Powell): ca\u00e7ador audacioso e carism\u00e1tico, com estilo pr\u00f3prio de enfrentar tempestades.<\/li>\n\n\n\n<li><strong>Javi<\/strong>, <strong>Dana<\/strong>, <strong>Boone<\/strong> e outros membros da equipe contribuem com dinamismo e diversidade ao grupo.<\/li>\n<\/ul>\n\n\n\n<p>Os personagens combinam ci\u00eancia e emo\u00e7\u00e3o, em uma trama que valoriza tanto os efeitos visuais quanto o v\u00ednculo humano.<\/p>\n\n\n\n<figure class=\"wp-block-image size-large\"><img decoding=\"async\" width=\"1024\" height=\"576\" src=\"https:\/\/www.correiobraziliense.com.br\/cbradar\/wp-content\/uploads\/2025\/05\/Twisters-1024x576.png\" alt=\"Esse filme vai te lan\u00e7ar no olho do furac\u00e3o\" class=\"wp-image-39679\" srcset=\"https:\/\/www.correiobraziliense.com.br\/cbradar\/wp-content\/uploads\/2025\/05\/Twisters-1024x576.png 1024w, https:\/\/www.correiobraziliense.com.br\/cbradar\/wp-content\/uploads\/2025\/05\/Twisters-300x169.png 300w, https:\/\/www.correiobraziliense.com.br\/cbradar\/wp-content\/uploads\/2025\/05\/Twisters-768x432.png 768w, https:\/\/www.correiobraziliense.com.br\/cbradar\/wp-content\/uploads\/2025\/05\/Twisters-750x422.png 750w, https:\/\/www.correiobraziliense.com.br\/cbradar\/wp-content\/uploads\/2025\/05\/Twisters-1140x641.png 1140w, https:\/\/www.correiobraziliense.com.br\/cbradar\/wp-content\/uploads\/2025\/05\/Twisters.png 1280w\" sizes=\"(max-width: 1024px) 100vw, 1024px\" \/><figcaption class=\"wp-element-caption\">Twisters. Fonte: divulga\u00e7\u00e3o \/ Warner Bros<\/figcaption><\/figure>\n\n\n\n<h2 class=\"wp-block-heading\">Como o filme equilibra a\u00e7\u00e3o e ci\u00eancia?<\/h2>\n\n\n\n<p><em>Ca\u00e7adores de Tempestades<\/em> aposta em cenas eletrizantes de desastres naturais, recriadas com realismo impressionante, mas tamb\u00e9m dedica tempo a explicar o funcionamento das tempestades e o papel da ci\u00eancia na preven\u00e7\u00e3o de trag\u00e9dias.<\/p>\n\n\n\n<p>A tens\u00e3o constante das persegui\u00e7\u00f5es a tornados \u00e9 equilibrada com arcos emocionais profundos, explorando como o trauma, a perda e o senso de miss\u00e3o moldam os protagonistas.<\/p>\n\n\n\n<h2 class=\"wp-block-heading\">Vale a pena assistir Ca\u00e7adores de Tempestades?<\/h2>\n\n\n\n<p>Sim. <em>Ca\u00e7adores de Tempestades<\/em> \u00e9 um espet\u00e1culo visual e emocional. Perfeito para quem gosta de a\u00e7\u00e3o com prop\u00f3sito, natureza em seu estado mais selvagem e personagens determinados a fazer a diferen\u00e7a.<\/p>\n\n\n\n<p>O filme mistura adrenalina e empatia em uma f\u00f3rmula envolvente, entregando entretenimento com consci\u00eancia e emo\u00e7\u00e3o.<\/p>\n\n\n\n<iframe loading=\"lazy\" width=\"560\" height=\"315\" src=\"https:\/\/www.youtube.com\/embed\/IwfGHRbvmWc?si=75UwyQhVlOyeyjAn\" title=\"YouTube video player\" frameborder=\"0\" allow=\"accelerometer; autoplay; clipboard-write; encrypted-media; gyroscope; picture-in-picture; web-share\" referrerpolicy=\"strict-origin-when-cross-origin\" allowfullscreen><\/iframe>\n\n\n\n<h2 class=\"wp-block-heading\">Curiosidades sobre Ca\u00e7adores de Tempestades<\/h2>\n\n\n\n<ul class=\"wp-block-list\">\n<li>\u00c9 considerado um sucessor espiritual de <em>Twister<\/em> (1996), um cl\u00e1ssico cult dos anos 90.<\/li>\n\n\n\n<li>As cenas de tempestades foram feitas com efeitos visuais e sons atmosf\u00e9ricos realistas.<\/li>\n\n\n\n<li>Grande parte das filmagens aconteceu em Oklahoma, regi\u00e3o conhecida pelos tornados.<\/li>\n\n\n\n<li>O roteiro \u00e9 assinado por <strong>Mark L. Smith<\/strong>, conhecido por <em>O Regresso<\/em>.<\/li>\n<\/ul>\n\n\n\n<h2 class=\"wp-block-heading\">FAQ &#8211; Perguntas frequentes<\/h2>\n\n\n\n<ul class=\"wp-block-list\">\n<li><strong>Onde assistir Ca\u00e7adores de Tempestades?<\/strong>\n<ul class=\"wp-block-list\">\n<li>O filme estar\u00e1 dispon\u00edvel nos cinemas a partir de julho de 2024 e posteriormente em plataformas digitais.<\/li>\n<\/ul>\n<\/li>\n\n\n\n<li><strong>Quem est\u00e1 no elenco principal?<\/strong>\n<ul class=\"wp-block-list\">\n<li><strong>Daisy Edgar-Jones<\/strong>, <strong>Glen Powell<\/strong>, <strong>Anthony Ramos<\/strong>, <strong>David Corenswet<\/strong>, <strong>Maura Tierney<\/strong>.<\/li>\n<\/ul>\n<\/li>\n\n\n\n<li><strong>Qual o ano de lan\u00e7amento do filme?<\/strong>\n<ul class=\"wp-block-list\">\n<li><em>Ca\u00e7adores de Tempestades<\/em> ser\u00e1 lan\u00e7ado em 2024.<\/li>\n<\/ul>\n<\/li>\n\n\n\n<li><strong>Qual a produtora respons\u00e1vel pelo filme?<\/strong>\n<ul class=\"wp-block-list\">\n<li>Produzido pela <strong>Universal Pictures<\/strong> em parceria com a <strong>Warner Bros. Pictures<\/strong> e <strong>Amblin Entertainment<\/strong>.<\/li>\n<\/ul>\n<\/li>\n<\/ul>\n","protected":false},"excerpt":{"rendered":"<p>Uma equipe ousada enfrenta tornados extremos em uma miss\u00e3o de ci\u00eancia e adrenalina no cora\u00e7\u00e3o das tempestades.<\/p>\n","protected":false},"author":3,"featured_media":39680,"comment_status":"open","ping_status":"open","sticky":false,"template":"","format":"standard","meta":{"_yoast_wpseo_focuskw":"Ca\u00e7adores de Tempestades","_yoast_wpseo_title":"%%title%%","_yoast_wpseo_metadesc":"Uma equipe ousada enfrenta tornados extremos em uma miss\u00e3o de ci\u00eancia e adrenalina no cora\u00e7\u00e3o das tempestades.","jnews-multi-image_gallery":[],"jnews_single_post":{"format":"standard"},"jnews_primary_category":[],"jnews_social_meta":[],"jnews_override_counter":[],"footnotes":""},"categories":[140],"post_tag":[568],"class_list":["post-39676","post","type-post","status-publish","format-standard","has-post-thumbnail","hentry","category-entretenimento","tag-series-e-filmes"],"yoast_head":"<!-- This site is optimized with the Yoast SEO plugin v24.6 - https:\/\/yoast.com\/wordpress\/plugins\/seo\/ -->\n<title>Esse filme vai te lan\u00e7ar no olho do furac\u00e3o<\/title>\n<meta name=\"description\" content=\"Uma equipe ousada enfrenta tornados extremos em uma miss\u00e3o de ci\u00eancia e adrenalina no cora\u00e7\u00e3o das tempestades.\" \/>\n<meta name=\"robots\" content=\"index, follow, max-snippet:-1, max-image-preview:large, max-video-preview:-1\" \/>\n<link rel=\"canonical\" href=\"https:\/\/www.correiobraziliense.com.br\/cbradar\/esse-filme-vai-te-lancar-no-olho-do-furacao\/\" \/>\n<meta property=\"og:locale\" content=\"pt_BR\" \/>\n<meta property=\"og:type\" content=\"article\" \/>\n<meta property=\"og:title\" content=\"Esse filme vai te lan\u00e7ar no olho do furac\u00e3o\" \/>\n<meta property=\"og:description\" content=\"Uma equipe ousada enfrenta tornados extremos em uma miss\u00e3o de ci\u00eancia e adrenalina no cora\u00e7\u00e3o das tempestades.\" \/>\n<meta property=\"og:url\" content=\"https:\/\/www.correiobraziliense.com.br\/cbradar\/esse-filme-vai-te-lancar-no-olho-do-furacao\/\" \/>\n<meta property=\"og:site_name\" content=\"Correio Braziliense - Radar\" \/>\n<meta property=\"article:published_time\" content=\"2025-05-20T21:10:00+00:00\" \/>\n<meta property=\"og:image\" content=\"https:\/\/www.correiobraziliense.com.br\/cbradar\/wp-content\/uploads\/2025\/05\/Twisters-2.png\" \/>\n\t<meta property=\"og:image:width\" content=\"1280\" \/>\n\t<meta property=\"og:image:height\" content=\"720\" \/>\n\t<meta property=\"og:image:type\" content=\"image\/png\" \/>\n<meta name=\"author\" content=\"Larissa Carvalho\" \/>\n<meta name=\"twitter:card\" content=\"summary_large_image\" \/>\n<meta name=\"twitter:label1\" content=\"Escrito por\" \/>\n\t<meta name=\"twitter:data1\" content=\"Larissa Carvalho\" \/>\n\t<meta name=\"twitter:label2\" content=\"Est. tempo de leitura\" \/>\n\t<meta name=\"twitter:data2\" content=\"3 minutos\" \/>\n<!-- \/ Yoast SEO plugin. -->","yoast_head_json":{"title":"Esse filme vai te lan\u00e7ar no olho do furac\u00e3o","description":"Uma equipe ousada enfrenta tornados extremos em uma miss\u00e3o de ci\u00eancia e adrenalina no cora\u00e7\u00e3o das tempestades.","robots":{"index":"index","follow":"follow","max-snippet":"max-snippet:-1","max-image-preview":"max-image-preview:large","max-video-preview":"max-video-preview:-1"},"canonical":"https:\/\/www.correiobraziliense.com.br\/cbradar\/esse-filme-vai-te-lancar-no-olho-do-furacao\/","og_locale":"pt_BR","og_type":"article","og_title":"Esse filme vai te lan\u00e7ar no olho do furac\u00e3o","og_description":"Uma equipe ousada enfrenta tornados extremos em uma miss\u00e3o de ci\u00eancia e adrenalina no cora\u00e7\u00e3o das tempestades.","og_url":"https:\/\/www.correiobraziliense.com.br\/cbradar\/esse-filme-vai-te-lancar-no-olho-do-furacao\/","og_site_name":"Correio Braziliense - Radar","article_published_time":"2025-05-20T21:10:00+00:00","og_image":[{"width":1280,"height":720,"url":"https:\/\/www.correiobraziliense.com.br\/cbradar\/wp-content\/uploads\/2025\/05\/Twisters-2.png","type":"image\/png"}],"author":"Larissa Carvalho","twitter_card":"summary_large_image","twitter_misc":{"Escrito por":"Larissa Carvalho","Est. tempo de leitura":"3 minutos"},"schema":{"@context":"https:\/\/schema.org","@graph":[{"@type":"WebPage","@id":"https:\/\/www.correiobraziliense.com.br\/cbradar\/esse-filme-vai-te-lancar-no-olho-do-furacao\/","url":"https:\/\/www.correiobraziliense.com.br\/cbradar\/esse-filme-vai-te-lancar-no-olho-do-furacao\/","name":"Esse filme vai te lan\u00e7ar no olho do furac\u00e3o","isPartOf":{"@id":"https:\/\/www.correiobraziliense.com.br\/cbradar\/#website"},"primaryImageOfPage":{"@id":"https:\/\/www.correiobraziliense.com.br\/cbradar\/esse-filme-vai-te-lancar-no-olho-do-furacao\/#primaryimage"},"image":{"@id":"https:\/\/www.correiobraziliense.com.br\/cbradar\/esse-filme-vai-te-lancar-no-olho-do-furacao\/#primaryimage"},"thumbnailUrl":"https:\/\/www.correiobraziliense.com.br\/cbradar\/wp-content\/uploads\/2025\/05\/Twisters-2.png","datePublished":"2025-05-20T21:10:00+00:00","author":{"@id":"https:\/\/www.correiobraziliense.com.br\/cbradar\/#\/schema\/person\/58422787644df994b53a19d3e56c1513"},"description":"Uma equipe ousada enfrenta tornados extremos em uma miss\u00e3o de ci\u00eancia e adrenalina no cora\u00e7\u00e3o das tempestades.","breadcrumb":{"@id":"https:\/\/www.correiobraziliense.com.br\/cbradar\/esse-filme-vai-te-lancar-no-olho-do-furacao\/#breadcrumb"},"inLanguage":"pt-BR","potentialAction":[{"@type":"ReadAction","target":["https:\/\/www.correiobraziliense.com.br\/cbradar\/esse-filme-vai-te-lancar-no-olho-do-furacao\/"]}]},{"@type":"ImageObject","inLanguage":"pt-BR","@id":"https:\/\/www.correiobraziliense.com.br\/cbradar\/esse-filme-vai-te-lancar-no-olho-do-furacao\/#primaryimage","url":"https:\/\/www.correiobraziliense.com.br\/cbradar\/wp-content\/uploads\/2025\/05\/Twisters-2.png","contentUrl":"https:\/\/www.correiobraziliense.com.br\/cbradar\/wp-content\/uploads\/2025\/05\/Twisters-2.png","width":1280,"height":720,"caption":"Twisters. Fonte: divulga\u00e7\u00e3o \/ Warner Bros"},{"@type":"BreadcrumbList","@id":"https:\/\/www.correiobraziliense.com.br\/cbradar\/esse-filme-vai-te-lancar-no-olho-do-furacao\/#breadcrumb","itemListElement":[{"@type":"ListItem","position":1,"name":"In\u00edcio","item":"https:\/\/www.correiobraziliense.com.br\/cbradar\/"},{"@type":"ListItem","position":2,"name":"Esse filme vai te lan\u00e7ar no olho do furac\u00e3o"}]},{"@type":"WebSite","@id":"https:\/\/www.correiobraziliense.com.br\/cbradar\/#website","url":"https:\/\/www.correiobraziliense.com.br\/cbradar\/","name":"Correio Braziliense - Radar","description":"Acompanhe as \u00faltimas not\u00edcias e fique bem informado sobre tudo o que acontece no Brasil e no mundo.","potentialAction":[{"@type":"SearchAction","target":{"@type":"EntryPoint","urlTemplate":"https:\/\/www.correiobraziliense.com.br\/cbradar\/?s={search_term_string}"},"query-input":{"@type":"PropertyValueSpecification","valueRequired":true,"valueName":"search_term_string"}}],"inLanguage":"pt-BR"},{"@type":"Person","@id":"https:\/\/www.correiobraziliense.com.br\/cbradar\/#\/schema\/person\/58422787644df994b53a19d3e56c1513","name":"Larissa Carvalho","image":{"@type":"ImageObject","inLanguage":"pt-BR","@id":"https:\/\/www.correiobraziliense.com.br\/cbradar\/#\/schema\/person\/image\/","url":"https:\/\/secure.gravatar.com\/avatar\/fe4f91a0de32b52a838d0d612abdc1aa?s=96&d=mm&r=g","contentUrl":"https:\/\/secure.gravatar.com\/avatar\/fe4f91a0de32b52a838d0d612abdc1aa?s=96&d=mm&r=g","caption":"Larissa Carvalho"},"url":"https:\/\/www.correiobraziliense.com.br\/cbradar\/author\/larissamyth\/"}]}},"_links":{"self":[{"href":"https:\/\/www.correiobraziliense.com.br\/cbradar\/wp-json\/wp\/v2\/posts\/39676","targetHints":{"allow":["GET"]}}],"collection":[{"href":"https:\/\/www.correiobraziliense.com.br\/cbradar\/wp-json\/wp\/v2\/posts"}],"about":[{"href":"https:\/\/www.correiobraziliense.com.br\/cbradar\/wp-json\/wp\/v2\/types\/post"}],"author":[{"embeddable":true,"href":"https:\/\/www.correiobraziliense.com.br\/cbradar\/wp-json\/wp\/v2\/users\/3"}],"replies":[{"embeddable":true,"href":"https:\/\/www.correiobraziliense.com.br\/cbradar\/wp-json\/wp\/v2\/comments?post=39676"}],"version-history":[{"count":1,"href":"https:\/\/www.correiobraziliense.com.br\/cbradar\/wp-json\/wp\/v2\/posts\/39676\/revisions"}],"predecessor-version":[{"id":39681,"href":"https:\/\/www.correiobraziliense.com.br\/cbradar\/wp-json\/wp\/v2\/posts\/39676\/revisions\/39681"}],"wp:featuredmedia":[{"embeddable":true,"href":"https:\/\/www.correiobraziliense.com.br\/cbradar\/wp-json\/wp\/v2\/media\/39680"}],"wp:attachment":[{"href":"https:\/\/www.correiobraziliense.com.br\/cbradar\/wp-json\/wp\/v2\/media?parent=39676"}],"wp:term":[{"taxonomy":"category","embeddable":true,"href":"https:\/\/www.correiobraziliense.com.br\/cbradar\/wp-json\/wp\/v2\/categories?post=39676"},{"taxonomy":"post_tag","embeddable":true,"href":"https:\/\/www.correiobraziliense.com.br\/cbradar\/wp-json\/wp\/v2\/post_tag?post=39676"}],"curies":[{"name":"wp","href":"https:\/\/api.w.org\/{rel}","templated":true}]}}