{"id":39707,"date":"2025-05-20T20:10:00","date_gmt":"2025-05-20T23:10:00","guid":{"rendered":"https:\/\/www.correiobraziliense.com.br\/cbradar\/?p=39707"},"modified":"2025-05-19T17:51:51","modified_gmt":"2025-05-19T20:51:51","slug":"essa-cidade-surpreende-com-servicos-completos-e-ensino-em-expansao","status":"publish","type":"post","link":"https:\/\/www.correiobraziliense.com.br\/cbradar\/essa-cidade-surpreende-com-servicos-completos-e-ensino-em-expansao\/","title":{"rendered":"Essa cidade surpreende com servi\u00e7os completos e ensino em expans\u00e3o"},"content":{"rendered":"\n<p><strong><a href=\"https:\/\/itabaiana.se.gov.br\/\" target=\"_blank\" rel=\"noreferrer noopener\">Itabaiana<\/a><\/strong>, localizada no agreste de <strong><a href=\"https:\/\/www.correiobraziliense.com.br\/cbradar\/melhores-cidades-do-nordeste-para-morar-em-2025\/\" target=\"_blank\" rel=\"noreferrer noopener\">Sergipe<\/a><\/strong>, \u00e9 uma das cidades mais ativas economicamente do estado. Com cerca de 100 mil habitantes, o munic\u00edpio \u00e9 reconhecido como um importante centro comercial, log\u00edstico e educacional do interior. Sua economia din\u00e2mica, aliada \u00e0 tradi\u00e7\u00e3o empreendedora e ao desenvolvimento urbano, transforma a cidade em refer\u00eancia para moradores e visitantes.<\/p>\n\n\n\n<p>Com esp\u00edrito empreendedor, estrutura funcional e ensino em expans\u00e3o, <strong>Itabaiana<\/strong> \u00e9 destaque no nordeste sergipano.<\/p>\n\n\n\n<h2 class=\"wp-block-heading\">Qualidade de vida com rotina ativa e servi\u00e7os bem distribu\u00eddos<\/h2>\n\n\n\n<p><strong>Itabaiana<\/strong> tem um ritmo acelerado, t\u00edpico de cidades com forte voca\u00e7\u00e3o comercial. Apesar disso, oferece qualidade de vida com bairros organizados, seguran\u00e7a relativa, mobilidade urbana simples e boa cobertura de servi\u00e7os p\u00fablicos e privados.<\/p>\n\n\n\n<p>A cidade tamb\u00e9m investe na revitaliza\u00e7\u00e3o de espa\u00e7os urbanos, pra\u00e7as e mercados, proporcionando mais conforto e lazer para os moradores.<\/p>\n\n\n\n<h2 class=\"wp-block-heading\">Com\u00e9rcio forte e log\u00edstica estrat\u00e9gica<\/h2>\n\n\n\n<p>A economia de <strong>Itabaiana<\/strong> gira em torno do com\u00e9rcio, com destaque para o setor de atacado e varejo. A cidade atrai compradores de diversas regi\u00f5es vizinhas e \u00e9 conhecida por seus mercados populares, feiras semanais e dinamismo nos setores de alimentos, roupas, ve\u00edculos e eletrodom\u00e9sticos.<\/p>\n\n\n\n<p>Localizada entre <strong>Aracaju<\/strong> e cidades do agreste e sert\u00e3o nordestino, a cidade tem papel log\u00edstico estrat\u00e9gico e serve como entreposto regional para transporte de mercadorias.<\/p>\n\n\n\n<figure class=\"wp-block-image size-large\"><img decoding=\"async\" width=\"1024\" height=\"576\" src=\"https:\/\/www.correiobraziliense.com.br\/cbradar\/wp-content\/uploads\/2025\/05\/Itabaiana-1024x576.png\" alt=\"Essa cidade surpreende com servi\u00e7os completos e ensino em expans\u00e3o\" class=\"wp-image-39727\" srcset=\"https:\/\/www.correiobraziliense.com.br\/cbradar\/wp-content\/uploads\/2025\/05\/Itabaiana-1024x576.png 1024w, https:\/\/www.correiobraziliense.com.br\/cbradar\/wp-content\/uploads\/2025\/05\/Itabaiana-300x169.png 300w, https:\/\/www.correiobraziliense.com.br\/cbradar\/wp-content\/uploads\/2025\/05\/Itabaiana-768x432.png 768w, https:\/\/www.correiobraziliense.com.br\/cbradar\/wp-content\/uploads\/2025\/05\/Itabaiana-750x422.png 750w, https:\/\/www.correiobraziliense.com.br\/cbradar\/wp-content\/uploads\/2025\/05\/Itabaiana-1140x641.png 1140w, https:\/\/www.correiobraziliense.com.br\/cbradar\/wp-content\/uploads\/2025\/05\/Itabaiana.png 1280w\" sizes=\"(max-width: 1024px) 100vw, 1024px\" \/><figcaption class=\"wp-element-caption\">Itabaiana. Fonte: Ridiculopathy, CC0, via Wikimedia Commons<\/figcaption><\/figure>\n\n\n\n<h2 class=\"wp-block-heading\">Ensino em expans\u00e3o e foco na forma\u00e7\u00e3o t\u00e9cnica<\/h2>\n\n\n\n<p>Nos \u00faltimos anos, <strong>Itabaiana<\/strong> tem se destacado no cen\u00e1rio educacional, com institui\u00e7\u00f5es de ensino t\u00e9cnico e superior que oferecem cursos voltados \u00e0 realidade da regi\u00e3o. \u00c1reas como administra\u00e7\u00e3o, agroneg\u00f3cio, log\u00edstica, sa\u00fade e educa\u00e7\u00e3o t\u00eam forte presen\u00e7a nos polos locais.<\/p>\n\n\n\n<p>O crescimento do ensino tem estimulado o empreendedorismo jovem e contribu\u00eddo para a moderniza\u00e7\u00e3o da cidade.<\/p>\n\n\n\n<h2 class=\"wp-block-heading\">Servi\u00e7os completos e estrutura funcional<\/h2>\n\n\n\n<p>A cidade possui uma boa rede de sa\u00fade, com hospitais p\u00fablicos e privados, al\u00e9m de unidades de pronto atendimento. O setor de servi\u00e7os inclui bancos, cl\u00ednicas, escolas, academias, mercados e centros comerciais que atendem \u00e0 popula\u00e7\u00e3o local e da regi\u00e3o.<\/p>\n\n\n\n<p>Essa variedade de servi\u00e7os e a organiza\u00e7\u00e3o do centro urbano fazem de <strong>Itabaiana<\/strong> uma cidade pr\u00e1tica, com tudo ao alcance.<\/p>\n\n\n\n<h2 class=\"wp-block-heading\">Tradi\u00e7\u00f5es, cultura e esp\u00edrito empreendedor<\/h2>\n\n\n\n<p><strong>Itabaiana<\/strong> \u00e9 conhecida tamb\u00e9m por sua tradi\u00e7\u00e3o cultural, com festas populares, eventos religiosos e manifesta\u00e7\u00f5es t\u00edpicas do interior nordestino. O povo itabaianense tem esp\u00edrito empreendedor forte, que se reflete no com\u00e9rcio agitado e na vontade de crescer dos moradores.<\/p>\n\n\n\n<p>Feiras, vaquejadas e festas juninas movimentam a cidade e mant\u00eam vivas as tradi\u00e7\u00f5es locais.<\/p>\n\n\n\n<figure class=\"wp-block-image size-large\"><img decoding=\"async\" width=\"1024\" height=\"576\" src=\"https:\/\/www.correiobraziliense.com.br\/cbradar\/wp-content\/uploads\/2025\/05\/Itabaiana-3-1024x576.png\" alt=\"Essa cidade surpreende com servi\u00e7os completos e ensino em expans\u00e3o\" class=\"wp-image-39725\" srcset=\"https:\/\/www.correiobraziliense.com.br\/cbradar\/wp-content\/uploads\/2025\/05\/Itabaiana-3-1024x576.png 1024w, https:\/\/www.correiobraziliense.com.br\/cbradar\/wp-content\/uploads\/2025\/05\/Itabaiana-3-300x169.png 300w, https:\/\/www.correiobraziliense.com.br\/cbradar\/wp-content\/uploads\/2025\/05\/Itabaiana-3-768x432.png 768w, https:\/\/www.correiobraziliense.com.br\/cbradar\/wp-content\/uploads\/2025\/05\/Itabaiana-3-750x422.png 750w, https:\/\/www.correiobraziliense.com.br\/cbradar\/wp-content\/uploads\/2025\/05\/Itabaiana-3-1140x641.png 1140w, https:\/\/www.correiobraziliense.com.br\/cbradar\/wp-content\/uploads\/2025\/05\/Itabaiana-3.png 1280w\" sizes=\"(max-width: 1024px) 100vw, 1024px\" \/><figcaption class=\"wp-element-caption\">Itabaiana. Fonte: Ridiculopathy, CC0, via Wikimedia Commons<\/figcaption><\/figure>\n\n\n\n<h2 class=\"wp-block-heading\">Quais s\u00e3o os principais pontos tur\u00edsticos para visitar?<\/h2>\n\n\n\n<ul class=\"wp-block-list\">\n<li><strong>Feira Livre de Itabaiana<\/strong>: s\u00edmbolo da for\u00e7a comercial da cidade.<\/li>\n\n\n\n<li><strong>Serra de Itabaiana<\/strong>: \u00e1rea natural com trilhas, mirantes e paisagens deslumbrantes.<\/li>\n\n\n\n<li><strong>Pra\u00e7a Fausto Cardoso<\/strong>: centro da cidade, com com\u00e9rcio e lazer.<\/li>\n\n\n\n<li><strong>Mercado Municipal<\/strong>: tradi\u00e7\u00e3o local e produtos t\u00edpicos da regi\u00e3o.<\/li>\n\n\n\n<li><strong>Festas tradicionais<\/strong>: como a Festa dos Caminhoneiros e o S\u00e3o Jo\u00e3o.<\/li>\n<\/ul>\n\n\n\n<h2 class=\"wp-block-heading\">Vale a pena morar?<\/h2>\n\n\n\n<p>Sim! A cidade oferece boas oportunidades para empreendedores, estudantes e profissionais do setor de servi\u00e7os. Com custo de vida equilibrado, com\u00e9rcio forte e ensino t\u00e9cnico crescente, <strong>Itabaiana<\/strong> \u00e9 uma excelente op\u00e7\u00e3o para quem busca desenvolvimento e estabilidade no interior de <strong>Sergipe<\/strong>.<\/p>\n\n\n\n<h2 class=\"wp-block-heading\">Vale a pena visitar?<\/h2>\n\n\n\n<p>Com certeza! A cidade encanta pela autenticidade nordestina, pela for\u00e7a cultural e pela experi\u00eancia de uma feira tradicional intensa e vibrante. \u00c9 um \u00f3timo destino para compras, turismo de natureza e imers\u00e3o na cultura do agreste.<\/p>\n","protected":false},"excerpt":{"rendered":"<p>Essa cidade sergipana \u00e9 refer\u00eancia em com\u00e9rcio, log\u00edstica e educa\u00e7\u00e3o t\u00e9cnica. Um polo em expans\u00e3o no interior nordestino que vale conhecer!<\/p>\n","protected":false},"author":3,"featured_media":39726,"comment_status":"open","ping_status":"open","sticky":false,"template":"","format":"standard","meta":{"_yoast_wpseo_focuskw":"Itabaiana","_yoast_wpseo_title":"%%title%%","_yoast_wpseo_metadesc":"Essa cidade sergipana \u00e9 refer\u00eancia em com\u00e9rcio, log\u00edstica e educa\u00e7\u00e3o t\u00e9cnica. Um polo em expans\u00e3o no interior nordestino que vale conhecer!","jnews-multi-image_gallery":[],"jnews_single_post":{"format":"standard"},"jnews_primary_category":[],"jnews_social_meta":[],"jnews_override_counter":[],"footnotes":""},"categories":[108],"tags":[109],"class_list":["post-39707","post","type-post","status-publish","format-standard","has-post-thumbnail","hentry","category-cidades","tag-cidades"],"yoast_head":"<!-- This site is optimized with the Yoast SEO plugin v24.6 - https:\/\/yoast.com\/wordpress\/plugins\/seo\/ -->\n<title>Essa cidade surpreende com servi\u00e7os completos e ensino em expans\u00e3o<\/title>\n<meta name=\"description\" content=\"Essa cidade sergipana \u00e9 refer\u00eancia em com\u00e9rcio, log\u00edstica e educa\u00e7\u00e3o t\u00e9cnica. Um polo em expans\u00e3o no interior nordestino que vale conhecer!\" \/>\n<meta name=\"robots\" content=\"index, follow, max-snippet:-1, max-image-preview:large, max-video-preview:-1\" \/>\n<link rel=\"canonical\" href=\"https:\/\/www.correiobraziliense.com.br\/cbradar\/essa-cidade-surpreende-com-servicos-completos-e-ensino-em-expansao\/\" \/>\n<meta property=\"og:locale\" content=\"pt_BR\" \/>\n<meta property=\"og:type\" content=\"article\" \/>\n<meta property=\"og:title\" content=\"Essa cidade surpreende com servi\u00e7os completos e ensino em expans\u00e3o\" \/>\n<meta property=\"og:description\" content=\"Essa cidade sergipana \u00e9 refer\u00eancia em com\u00e9rcio, log\u00edstica e educa\u00e7\u00e3o t\u00e9cnica. Um polo em expans\u00e3o no interior nordestino que vale conhecer!\" \/>\n<meta property=\"og:url\" content=\"https:\/\/www.correiobraziliense.com.br\/cbradar\/essa-cidade-surpreende-com-servicos-completos-e-ensino-em-expansao\/\" \/>\n<meta property=\"og:site_name\" content=\"Correio Braziliense - Radar\" \/>\n<meta property=\"article:published_time\" content=\"2025-05-20T23:10:00+00:00\" \/>\n<meta property=\"og:image\" content=\"https:\/\/www.correiobraziliense.com.br\/cbradar\/wp-content\/uploads\/2025\/05\/Itabaiana-2.png\" \/>\n\t<meta property=\"og:image:width\" content=\"1280\" \/>\n\t<meta property=\"og:image:height\" content=\"720\" \/>\n\t<meta property=\"og:image:type\" content=\"image\/png\" \/>\n<meta name=\"author\" content=\"Larissa Carvalho\" \/>\n<meta name=\"twitter:card\" content=\"summary_large_image\" \/>\n<meta name=\"twitter:label1\" content=\"Escrito por\" \/>\n\t<meta name=\"twitter:data1\" content=\"Larissa Carvalho\" \/>\n\t<meta name=\"twitter:label2\" content=\"Est. tempo de leitura\" \/>\n\t<meta name=\"twitter:data2\" content=\"4 minutos\" \/>\n<!-- \/ Yoast SEO plugin. -->","yoast_head_json":{"title":"Essa cidade surpreende com servi\u00e7os completos e ensino em expans\u00e3o","description":"Essa cidade sergipana \u00e9 refer\u00eancia em com\u00e9rcio, log\u00edstica e educa\u00e7\u00e3o t\u00e9cnica. Um polo em expans\u00e3o no interior nordestino que vale conhecer!","robots":{"index":"index","follow":"follow","max-snippet":"max-snippet:-1","max-image-preview":"max-image-preview:large","max-video-preview":"max-video-preview:-1"},"canonical":"https:\/\/www.correiobraziliense.com.br\/cbradar\/essa-cidade-surpreende-com-servicos-completos-e-ensino-em-expansao\/","og_locale":"pt_BR","og_type":"article","og_title":"Essa cidade surpreende com servi\u00e7os completos e ensino em expans\u00e3o","og_description":"Essa cidade sergipana \u00e9 refer\u00eancia em com\u00e9rcio, log\u00edstica e educa\u00e7\u00e3o t\u00e9cnica. Um polo em expans\u00e3o no interior nordestino que vale conhecer!","og_url":"https:\/\/www.correiobraziliense.com.br\/cbradar\/essa-cidade-surpreende-com-servicos-completos-e-ensino-em-expansao\/","og_site_name":"Correio Braziliense - Radar","article_published_time":"2025-05-20T23:10:00+00:00","og_image":[{"width":1280,"height":720,"url":"https:\/\/www.correiobraziliense.com.br\/cbradar\/wp-content\/uploads\/2025\/05\/Itabaiana-2.png","type":"image\/png"}],"author":"Larissa Carvalho","twitter_card":"summary_large_image","twitter_misc":{"Escrito por":"Larissa Carvalho","Est. tempo de leitura":"4 minutos"},"schema":{"@context":"https:\/\/schema.org","@graph":[{"@type":"WebPage","@id":"https:\/\/www.correiobraziliense.com.br\/cbradar\/essa-cidade-surpreende-com-servicos-completos-e-ensino-em-expansao\/","url":"https:\/\/www.correiobraziliense.com.br\/cbradar\/essa-cidade-surpreende-com-servicos-completos-e-ensino-em-expansao\/","name":"Essa cidade surpreende com servi\u00e7os completos e ensino em expans\u00e3o","isPartOf":{"@id":"https:\/\/www.correiobraziliense.com.br\/cbradar\/#website"},"primaryImageOfPage":{"@id":"https:\/\/www.correiobraziliense.com.br\/cbradar\/essa-cidade-surpreende-com-servicos-completos-e-ensino-em-expansao\/#primaryimage"},"image":{"@id":"https:\/\/www.correiobraziliense.com.br\/cbradar\/essa-cidade-surpreende-com-servicos-completos-e-ensino-em-expansao\/#primaryimage"},"thumbnailUrl":"https:\/\/www.correiobraziliense.com.br\/cbradar\/wp-content\/uploads\/2025\/05\/Itabaiana-2.png","datePublished":"2025-05-20T23:10:00+00:00","author":{"@id":"https:\/\/www.correiobraziliense.com.br\/cbradar\/#\/schema\/person\/58422787644df994b53a19d3e56c1513"},"description":"Essa cidade sergipana \u00e9 refer\u00eancia em com\u00e9rcio, log\u00edstica e educa\u00e7\u00e3o t\u00e9cnica. Um polo em expans\u00e3o no interior nordestino que vale conhecer!","breadcrumb":{"@id":"https:\/\/www.correiobraziliense.com.br\/cbradar\/essa-cidade-surpreende-com-servicos-completos-e-ensino-em-expansao\/#breadcrumb"},"inLanguage":"pt-BR","potentialAction":[{"@type":"ReadAction","target":["https:\/\/www.correiobraziliense.com.br\/cbradar\/essa-cidade-surpreende-com-servicos-completos-e-ensino-em-expansao\/"]}]},{"@type":"ImageObject","inLanguage":"pt-BR","@id":"https:\/\/www.correiobraziliense.com.br\/cbradar\/essa-cidade-surpreende-com-servicos-completos-e-ensino-em-expansao\/#primaryimage","url":"https:\/\/www.correiobraziliense.com.br\/cbradar\/wp-content\/uploads\/2025\/05\/Itabaiana-2.png","contentUrl":"https:\/\/www.correiobraziliense.com.br\/cbradar\/wp-content\/uploads\/2025\/05\/Itabaiana-2.png","width":1280,"height":720,"caption":"Itabaiana. Fonte: Ridiculopathy, CC0, via Wikimedia Commons"},{"@type":"BreadcrumbList","@id":"https:\/\/www.correiobraziliense.com.br\/cbradar\/essa-cidade-surpreende-com-servicos-completos-e-ensino-em-expansao\/#breadcrumb","itemListElement":[{"@type":"ListItem","position":1,"name":"In\u00edcio","item":"https:\/\/www.correiobraziliense.com.br\/cbradar\/"},{"@type":"ListItem","position":2,"name":"Essa cidade surpreende com servi\u00e7os completos e ensino em expans\u00e3o"}]},{"@type":"WebSite","@id":"https:\/\/www.correiobraziliense.com.br\/cbradar\/#website","url":"https:\/\/www.correiobraziliense.com.br\/cbradar\/","name":"Correio Braziliense - Radar","description":"Acompanhe as \u00faltimas not\u00edcias e fique bem informado sobre tudo o que acontece no Brasil e no mundo.","potentialAction":[{"@type":"SearchAction","target":{"@type":"EntryPoint","urlTemplate":"https:\/\/www.correiobraziliense.com.br\/cbradar\/?s={search_term_string}"},"query-input":{"@type":"PropertyValueSpecification","valueRequired":true,"valueName":"search_term_string"}}],"inLanguage":"pt-BR"},{"@type":"Person","@id":"https:\/\/www.correiobraziliense.com.br\/cbradar\/#\/schema\/person\/58422787644df994b53a19d3e56c1513","name":"Larissa Carvalho","image":{"@type":"ImageObject","inLanguage":"pt-BR","@id":"https:\/\/www.correiobraziliense.com.br\/cbradar\/#\/schema\/person\/image\/","url":"https:\/\/secure.gravatar.com\/avatar\/fe4f91a0de32b52a838d0d612abdc1aa?s=96&d=mm&r=g","contentUrl":"https:\/\/secure.gravatar.com\/avatar\/fe4f91a0de32b52a838d0d612abdc1aa?s=96&d=mm&r=g","caption":"Larissa Carvalho"},"url":"https:\/\/www.correiobraziliense.com.br\/cbradar\/author\/larissamyth\/"}]}},"_links":{"self":[{"href":"https:\/\/www.correiobraziliense.com.br\/cbradar\/wp-json\/wp\/v2\/posts\/39707","targetHints":{"allow":["GET"]}}],"collection":[{"href":"https:\/\/www.correiobraziliense.com.br\/cbradar\/wp-json\/wp\/v2\/posts"}],"about":[{"href":"https:\/\/www.correiobraziliense.com.br\/cbradar\/wp-json\/wp\/v2\/types\/post"}],"author":[{"embeddable":true,"href":"https:\/\/www.correiobraziliense.com.br\/cbradar\/wp-json\/wp\/v2\/users\/3"}],"replies":[{"embeddable":true,"href":"https:\/\/www.correiobraziliense.com.br\/cbradar\/wp-json\/wp\/v2\/comments?post=39707"}],"version-history":[{"count":1,"href":"https:\/\/www.correiobraziliense.com.br\/cbradar\/wp-json\/wp\/v2\/posts\/39707\/revisions"}],"predecessor-version":[{"id":39728,"href":"https:\/\/www.correiobraziliense.com.br\/cbradar\/wp-json\/wp\/v2\/posts\/39707\/revisions\/39728"}],"wp:featuredmedia":[{"embeddable":true,"href":"https:\/\/www.correiobraziliense.com.br\/cbradar\/wp-json\/wp\/v2\/media\/39726"}],"wp:attachment":[{"href":"https:\/\/www.correiobraziliense.com.br\/cbradar\/wp-json\/wp\/v2\/media?parent=39707"}],"wp:term":[{"taxonomy":"category","embeddable":true,"href":"https:\/\/www.correiobraziliense.com.br\/cbradar\/wp-json\/wp\/v2\/categories?post=39707"},{"taxonomy":"post_tag","embeddable":true,"href":"https:\/\/www.correiobraziliense.com.br\/cbradar\/wp-json\/wp\/v2\/tags?post=39707"}],"curies":[{"name":"wp","href":"https:\/\/api.w.org\/{rel}","templated":true}]}}