{"id":39742,"date":"2025-05-20T21:50:00","date_gmt":"2025-05-21T00:50:00","guid":{"rendered":"https:\/\/www.correiobraziliense.com.br\/cbradar\/?p=39742"},"modified":"2025-05-19T18:27:54","modified_gmt":"2025-05-19T21:27:54","slug":"capital-conhecida-como-a-ilha-da-magia-encanta-por-sua-qualidade-de-vida-e-beleza","status":"publish","type":"post","link":"https:\/\/www.correiobraziliense.com.br\/cbradar\/capital-conhecida-como-a-ilha-da-magia-encanta-por-sua-qualidade-de-vida-e-beleza\/","title":{"rendered":"Capital conhecida como a &#8220;Ilha da Magia&#8221; encanta por sua qualidade de vida e beleza"},"content":{"rendered":"\n<p><strong><a href=\"https:\/\/www.pmf.sc.gov.br\/\" target=\"_blank\" rel=\"noreferrer noopener\">Florian\u00f3polis<\/a><\/strong>, a capital de <strong><a href=\"https:\/\/www.correiobraziliense.com.br\/cbradar\/cidade-em-santa-catarina-rica-em-qualidade-de-vida-e-seguranca\/\" target=\"_blank\" rel=\"noreferrer noopener\">Santa Catarina<\/a><\/strong>, \u00e9 uma cidade que encanta com sua mistura \u00fanica de belezas naturais, vida urbana vibrante e uma rica cultura local. Conhecida como a &#8220;<strong>Ilha da Magia<\/strong>&#8220;, <strong>Florian\u00f3polis<\/strong> \u00e9 famosa por suas praias deslumbrantes, clima ameno e uma popula\u00e7\u00e3o acolhedora. Situada entre o mar e a <strong>Serra do Tabuleiro<\/strong>, a cidade oferece aos moradores e visitantes um estilo de vida equilibrado, onde \u00e9 poss\u00edvel desfrutar da natureza e, ao mesmo tempo, aproveitar as facilidades de uma capital moderna e bem estruturada.<\/p>\n\n\n\n<h2 class=\"wp-block-heading\">Qualidade de vida em Florian\u00f3polis<\/h2>\n\n\n\n<p><strong>Florian\u00f3polis<\/strong> se destaca como uma das cidades brasileiras com melhor qualidade de vida. A seguran\u00e7a \u00e9 um dos principais pontos fortes, especialmente nas \u00e1reas centrais e nas regi\u00f5es tur\u00edsticas. Embora, como qualquer grande capital, haja desafios de seguran\u00e7a em algumas \u00e1reas perif\u00e9ricas, <strong>Florian\u00f3polis<\/strong> tem investido constantemente em pol\u00edticas p\u00fablicas para garantir a tranquilidade dos seus habitantes.<\/p>\n\n\n\n<p>No setor de sa\u00fade p\u00fablica, a capital possui unidades de atendimento como o <strong>Hospital Universit\u00e1rio<\/strong> e o <strong>Hospital de Cora\u00e7\u00e3o de Florian\u00f3polis<\/strong>, al\u00e9m de v\u00e1rias unidades b\u00e1sicas de sa\u00fade espalhadas pelos bairros. O sistema de sa\u00fade tamb\u00e9m \u00e9 complementado por cl\u00ednicas e hospitais privados de alta qualidade.<\/p>\n\n\n\n<p>O transporte p\u00fablico em <strong>Florian\u00f3polis<\/strong> tem sido alvo de melhorias nos \u00faltimos anos, com a amplia\u00e7\u00e3o de linhas de \u00f4nibus e a constru\u00e7\u00e3o de corredores exclusivos para ve\u00edculos de transporte coletivo. A cidade tamb\u00e9m \u00e9 conhecida por suas ciclovias, que s\u00e3o uma excelente op\u00e7\u00e3o para quem deseja se locomover de forma mais sustent\u00e1vel e saud\u00e1vel. Em rela\u00e7\u00e3o \u00e0 infraestrutura, <strong>Florian\u00f3polis<\/strong> tem uma excelente rede de servi\u00e7os b\u00e1sicos, com destaque para o abastecimento de \u00e1gua pot\u00e1vel e o tratamento de esgoto, al\u00e9m de uma crescente oferta de \u00e1reas de lazer, como parques e pra\u00e7as.<\/p>\n\n\n\n<p>Com uma combina\u00e7\u00e3o de praias paradis\u00edacas, \u00e1reas verdes e um clima agrad\u00e1vel, <strong>Florian\u00f3polis<\/strong> proporciona aos seus moradores uma sensa\u00e7\u00e3o constante de bem-estar.<\/p>\n\n\n\n<figure class=\"wp-block-image aligncenter size-large\"><img decoding=\"async\" width=\"1024\" height=\"576\" src=\"https:\/\/www.correiobraziliense.com.br\/cbradar\/wp-content\/uploads\/2025\/03\/Florianopolis_1741126241414-1024x576.jpg\" alt=\"Capital conhecida como a &quot;Ilha da Magia&quot; encanta por sua qualidade de vida e beleza\" class=\"wp-image-9162\" srcset=\"https:\/\/www.correiobraziliense.com.br\/cbradar\/wp-content\/uploads\/2025\/03\/Florianopolis_1741126241414-1024x576.jpg 1024w, https:\/\/www.correiobraziliense.com.br\/cbradar\/wp-content\/uploads\/2025\/03\/Florianopolis_1741126241414-300x169.jpg 300w, https:\/\/www.correiobraziliense.com.br\/cbradar\/wp-content\/uploads\/2025\/03\/Florianopolis_1741126241414-768x432.jpg 768w, https:\/\/www.correiobraziliense.com.br\/cbradar\/wp-content\/uploads\/2025\/03\/Florianopolis_1741126241414-750x422.jpg 750w, https:\/\/www.correiobraziliense.com.br\/cbradar\/wp-content\/uploads\/2025\/03\/Florianopolis_1741126241414-1140x641.jpg 1140w, https:\/\/www.correiobraziliense.com.br\/cbradar\/wp-content\/uploads\/2025\/03\/Florianopolis_1741126241414.jpg 1280w\" sizes=\"(max-width: 1024px) 100vw, 1024px\" \/><figcaption class=\"wp-element-caption\">Florianopolis \n \/\/ Cr\u00e9ditos: depositphotos.com \/ Keola<\/figcaption><\/figure>\n\n\n\n<h2 class=\"wp-block-heading\">Sustentabilidade e preserva\u00e7\u00e3o ambiental<\/h2>\n\n\n\n<p><strong>Florian\u00f3polis<\/strong> tem se destacado por suas iniciativas em prol da sustentabilidade. A capital conta com diversas \u00e1reas de preserva\u00e7\u00e3o ambiental, como o <strong>Parque Estadual do Rio Vermelho<\/strong> e a <strong>Reserva Biol\u00f3gica do Saltinho<\/strong>, que contribuem para a conserva\u00e7\u00e3o da fauna e flora locais. A preserva\u00e7\u00e3o das praias e a gest\u00e3o respons\u00e1vel dos recursos naturais s\u00e3o prioridades tanto para o poder p\u00fablico quanto para os cidad\u00e3os.<\/p>\n\n\n\n<p>O uso de energias renov\u00e1veis tamb\u00e9m est\u00e1 em ascens\u00e3o, com muitos im\u00f3veis adotando sistemas de energia solar. Al\u00e9m disso, a capital tem incentivado a reciclagem e a utiliza\u00e7\u00e3o de materiais sustent\u00e1veis no mercado local, assim como promovido campanhas educativas para conscientizar a popula\u00e7\u00e3o sobre a import\u00e2ncia da preserva\u00e7\u00e3o ambiental.<\/p>\n\n\n\n<p>O turismo sustent\u00e1vel tamb\u00e9m \u00e9 uma tend\u00eancia crescente em <strong>Florian\u00f3polis<\/strong>, que visa n\u00e3o apenas o desenvolvimento econ\u00f4mico, mas tamb\u00e9m a prote\u00e7\u00e3o do seu patrim\u00f4nio natural, permitindo que as futuras gera\u00e7\u00f5es possam aproveitar as belezas da cidade de forma respons\u00e1vel.<\/p>\n\n\n\n<h2 class=\"wp-block-heading\">Educa\u00e7\u00e3o: desde a inf\u00e2ncia at\u00e9 o ensino superior<\/h2>\n\n\n\n<p>A educa\u00e7\u00e3o em <strong>Florian\u00f3polis<\/strong> \u00e9 considerada de excelente qualidade, tanto no ensino p\u00fablico quanto privado. A cidade possui escolas reconhecidas pela excel\u00eancia no ensino fundamental e m\u00e9dio, como a <strong>Escola de Aplica\u00e7\u00e3o da UFSC<\/strong> e o <strong>Col\u00e9gio Bom Jesus<\/strong>, que s\u00e3o refer\u00eancia na educa\u00e7\u00e3o de jovens e crian\u00e7as.<\/p>\n\n\n\n<p>O ensino superior tamb\u00e9m \u00e9 um grande atrativo em <strong>Florian\u00f3polis<\/strong>, com a presen\u00e7a da <strong>Universidade Federal de Santa Catarina (UFSC)<\/strong>, uma das institui\u00e7\u00f5es de ensino mais renomadas do Brasil. A UFSC oferece uma ampla gama de cursos de gradua\u00e7\u00e3o e p\u00f3s-gradua\u00e7\u00e3o, al\u00e9m de ser um centro de pesquisa importante nas \u00e1reas de tecnologia, ci\u00eancias sociais e sa\u00fade. Outras institui\u00e7\u00f5es de ensino superior, como a <strong>Universidade do Estado de Santa Catarina (UDESC)<\/strong> e a <strong>Universidade do Vale do Itaja\u00ed (UNIVALI)<\/strong>, tamb\u00e9m oferecem cursos em diversas \u00e1reas do conhecimento.<\/p>\n\n\n\n<p>A cidade investe, ainda, em programas de qualifica\u00e7\u00e3o profissional e capacita\u00e7\u00e3o, garantindo que a popula\u00e7\u00e3o tenha acesso a educa\u00e7\u00e3o de qualidade em todos os n\u00edveis.<\/p>\n\n\n\n<h2 class=\"wp-block-heading\">Economia local e oportunidades de trabalho<\/h2>\n\n\n\n<p>A economia de <strong>Florian\u00f3polis<\/strong> \u00e9 diversificada, com destaque para o turismo, o setor de tecnologia e a ind\u00fastria de alimentos. O turismo, especialmente o ecoturismo e o turismo de praia, \u00e9 uma das principais fontes de renda, gerando emprego em hot\u00e9is, restaurantes e empresas de lazer. O setor tecnol\u00f3gico tamb\u00e9m tem se expandido rapidamente, com a cidade se tornando um polo de inova\u00e7\u00e3o e startups. <strong>Florian\u00f3polis<\/strong> \u00e9 um dos maiores centros tecnol\u00f3gicos do Brasil, atraindo empresas do setor de TI e criando oportunidades para profissionais especializados.<\/p>\n\n\n\n<p>Al\u00e9m disso, a capital possui um setor agr\u00edcola forte, com produ\u00e7\u00e3o de gr\u00e3os, hortali\u00e7as e frutos do mar, al\u00e9m da ind\u00fastria pesqueira. A proximidade com o Porto de Itaja\u00ed tamb\u00e9m facilita o escoamento de mercadorias, tornando a cidade um ponto estrat\u00e9gico para o com\u00e9rcio.<\/p>\n\n\n\n<p>As oportunidades de trabalho em <strong>Florian\u00f3polis<\/strong> s\u00e3o muitas, principalmente nas \u00e1reas de tecnologia, turismo e servi\u00e7os. O mercado de trabalho \u00e9 din\u00e2mico e oferece boas perspectivas para quem busca uma carreira na cidade, especialmente se considerar a qualidade de vida e o equil\u00edbrio entre trabalho e lazer.<\/p>\n\n\n\n<h2 class=\"wp-block-heading\">Principais pontos tur\u00edsticos de Florian\u00f3polis?<\/h2>\n\n\n\n<p><strong>Florian\u00f3polis<\/strong> \u00e9 famosa por suas praias, que s\u00e3o algumas das mais belas do Brasil. Entre as mais conhecidas est\u00e3o a <strong>Praia Mole<\/strong>, a <strong>Barra da Lagoa<\/strong>, a <strong>Joaquina<\/strong> (famosa por suas ondas e praticantes de surfe) e a <strong>Ilha do Campeche<\/strong>, um verdadeiro para\u00edso de \u00e1guas cristalinas e areias brancas. O <strong>Lagoa da Concei\u00e7\u00e3o<\/strong> tamb\u00e9m \u00e9 um ponto tur\u00edstico imperd\u00edvel, com v\u00e1rias op\u00e7\u00f5es de lazer, como passeios de barco, restaurantes e atividades ao ar livre.<\/p>\n\n\n\n<p>Para quem gosta de hist\u00f3ria e cultura, o <strong>Centro Hist\u00f3rico de Florian\u00f3polis<\/strong> oferece atra\u00e7\u00f5es como o <strong>Pal\u00e1cio Cruz e Sousa<\/strong>, o <strong>Mercado P\u00fablico<\/strong> e a <strong>Igreja de S\u00e3o Jos\u00e9 da Ponta Grossa<\/strong>, que representam a hist\u00f3ria da cidade desde o per\u00edodo colonial.<\/p>\n\n\n\n<p>Quem busca mais contato com a natureza pode visitar o <strong>Parque Estadual da Serra do Tabuleiro<\/strong>, um dos maiores parques urbanos do Brasil, ou ainda o <strong>Parque Natural Municipal da Lagoa do Peri<\/strong>, um dos locais mais preservados da cidade, com trilhas e fauna diversificada.<\/p>\n\n\n\n<h2 class=\"wp-block-heading\">Vale a pena morar em Florian\u00f3polis?<\/h2>\n\n\n\n<p>Morar em <strong>Florian\u00f3polis<\/strong> \u00e9 uma escolha atrativa para aqueles que buscam um estilo de vida equilibrado, com qualidade de vida e contato constante com a natureza. A cidade oferece seguran\u00e7a, boa infraestrutura e uma vasta gama de op\u00e7\u00f5es de lazer, cultura e gastronomia.<\/p>\n\n\n\n<p>O custo de vida pode ser um pouco mais elevado em compara\u00e7\u00e3o a outras cidades brasileiras, especialmente em \u00e1reas tur\u00edsticas e nobres, mas o que <strong>Florian\u00f3polis<\/strong> oferece em termos de qualidade de vida e bem-estar compensa os gastos.<\/p>\n\n\n\n<p>Al\u00e9m disso, a cidade possui um mercado de trabalho em expans\u00e3o, principalmente nas \u00e1reas de tecnologia e turismo, o que garante boas oportunidades profissionais. Quem deseja viver em um ambiente tranquilo, mas com acesso a servi\u00e7os urbanos modernos, encontrar\u00e1 em <strong>Florian\u00f3polis<\/strong> um lugar ideal para morar.<\/p>\n\n\n\n<h2 class=\"wp-block-heading\">Vale a pena visitar Florian\u00f3polis?<\/h2>\n\n\n\n<p>Visitar <strong>Florian\u00f3polis<\/strong> \u00e9 uma experi\u00eancia \u00fanica, especialmente para quem gosta de estar em contato com a natureza e explorar praias paradis\u00edacas. A cidade oferece uma grande diversidade de atividades para turistas, desde o surfe nas ondas da <strong>Praia Mole<\/strong> at\u00e9 passeios de barco pela <strong>Lagoa da Concei\u00e7\u00e3o<\/strong>.<\/p>\n\n\n\n<p>Al\u00e9m disso, quem visita <strong>Florian\u00f3polis<\/strong> pode aproveitar a culin\u00e1ria local, com destaque para pratos \u00e0 base de frutos do mar, como a <strong>sequ\u00eancia de camar\u00e3o<\/strong> e o <strong>chuveiro de peixe<\/strong>. A cidade tamb\u00e9m tem uma vida noturna animada, com bares e restaurantes que oferecem uma excelente gastronomia, com m\u00fasica ao vivo e eventos culturais.<\/p>\n","protected":false},"excerpt":{"rendered":"<p>Florian\u00f3polis, a capital de Santa Catarina, \u00e9 uma cidade que encanta com sua mistura \u00fanica de belezas naturais, vida urbana vibrante e uma rica cultura local. Conhecida como a &#8220;Ilha da Magia&#8220;, Florian\u00f3polis \u00e9 famosa por suas praias deslumbrantes, clima ameno e uma popula\u00e7\u00e3o acolhedora. Situada entre o mar e a Serra do Tabuleiro, a [&hellip;]<\/p>\n","protected":false},"author":8,"featured_media":2169,"comment_status":"open","ping_status":"open","sticky":false,"template":"","format":"standard","meta":{"_yoast_wpseo_focuskw":"capital","_yoast_wpseo_title":"","_yoast_wpseo_metadesc":"A Ilha da Magia \u00e9 mais do que um destino tur\u00edstico. Veja o que faz dessa capital um lugar \u00fanico de beleza e qualidade de vida excepcionais.","jnews-multi-image_gallery":[],"jnews_single_post":{"format":"standard"},"jnews_primary_category":[],"jnews_social_meta":[],"jnews_override_counter":[],"footnotes":""},"categories":[108,111],"tags":[646,851],"class_list":["post-39742","post","type-post","status-publish","format-standard","has-post-thumbnail","hentry","category-cidades","category-turismo","tag-florianopolis","tag-santa-catarina"],"yoast_head":"<!-- This site is optimized with the Yoast SEO plugin v24.6 - https:\/\/yoast.com\/wordpress\/plugins\/seo\/ -->\n<title>Capital conhecida como a &quot;Ilha da Magia&quot; encanta por sua qualidade de vida e beleza - Correio Braziliense - Radar<\/title>\n<meta name=\"description\" content=\"A Ilha da Magia \u00e9 mais do que um destino tur\u00edstico. Veja o que faz dessa capital um lugar \u00fanico de beleza e qualidade de vida excepcionais.\" \/>\n<meta name=\"robots\" content=\"index, follow, max-snippet:-1, max-image-preview:large, max-video-preview:-1\" \/>\n<link rel=\"canonical\" href=\"https:\/\/www.correiobraziliense.com.br\/cbradar\/capital-conhecida-como-a-ilha-da-magia-encanta-por-sua-qualidade-de-vida-e-beleza\/\" \/>\n<meta property=\"og:locale\" content=\"pt_BR\" \/>\n<meta property=\"og:type\" content=\"article\" \/>\n<meta property=\"og:title\" content=\"Capital conhecida como a &quot;Ilha da Magia&quot; encanta por sua qualidade de vida e beleza - Correio Braziliense - Radar\" \/>\n<meta property=\"og:description\" content=\"A Ilha da Magia \u00e9 mais do que um destino tur\u00edstico. Veja o que faz dessa capital um lugar \u00fanico de beleza e qualidade de vida excepcionais.\" \/>\n<meta property=\"og:url\" content=\"https:\/\/www.correiobraziliense.com.br\/cbradar\/capital-conhecida-como-a-ilha-da-magia-encanta-por-sua-qualidade-de-vida-e-beleza\/\" \/>\n<meta property=\"og:site_name\" content=\"Correio Braziliense - Radar\" \/>\n<meta property=\"article:published_time\" content=\"2025-05-21T00:50:00+00:00\" \/>\n<meta property=\"og:image\" content=\"https:\/\/www.correiobraziliense.com.br\/cbradar\/wp-content\/uploads\/2025\/02\/florianopolis_1739427665998.jpg\" \/>\n\t<meta property=\"og:image:width\" content=\"1280\" \/>\n\t<meta property=\"og:image:height\" content=\"720\" \/>\n\t<meta property=\"og:image:type\" content=\"image\/jpeg\" \/>\n<meta name=\"author\" content=\"Maura Pereira\" \/>\n<meta name=\"twitter:card\" content=\"summary_large_image\" \/>\n<meta name=\"twitter:label1\" content=\"Escrito por\" \/>\n\t<meta name=\"twitter:data1\" content=\"Maura Pereira\" \/>\n\t<meta name=\"twitter:label2\" content=\"Est. tempo de leitura\" \/>\n\t<meta name=\"twitter:data2\" content=\"8 minutos\" \/>\n<!-- \/ Yoast SEO plugin. -->","yoast_head_json":{"title":"Capital conhecida como a \"Ilha da Magia\" encanta por sua qualidade de vida e beleza - Correio Braziliense - Radar","description":"A Ilha da Magia \u00e9 mais do que um destino tur\u00edstico. Veja o que faz dessa capital um lugar \u00fanico de beleza e qualidade de vida excepcionais.","robots":{"index":"index","follow":"follow","max-snippet":"max-snippet:-1","max-image-preview":"max-image-preview:large","max-video-preview":"max-video-preview:-1"},"canonical":"https:\/\/www.correiobraziliense.com.br\/cbradar\/capital-conhecida-como-a-ilha-da-magia-encanta-por-sua-qualidade-de-vida-e-beleza\/","og_locale":"pt_BR","og_type":"article","og_title":"Capital conhecida como a \"Ilha da Magia\" encanta por sua qualidade de vida e beleza - Correio Braziliense - Radar","og_description":"A Ilha da Magia \u00e9 mais do que um destino tur\u00edstico. Veja o que faz dessa capital um lugar \u00fanico de beleza e qualidade de vida excepcionais.","og_url":"https:\/\/www.correiobraziliense.com.br\/cbradar\/capital-conhecida-como-a-ilha-da-magia-encanta-por-sua-qualidade-de-vida-e-beleza\/","og_site_name":"Correio Braziliense - Radar","article_published_time":"2025-05-21T00:50:00+00:00","og_image":[{"width":1280,"height":720,"url":"https:\/\/www.correiobraziliense.com.br\/cbradar\/wp-content\/uploads\/2025\/02\/florianopolis_1739427665998.jpg","type":"image\/jpeg"}],"author":"Maura Pereira","twitter_card":"summary_large_image","twitter_misc":{"Escrito por":"Maura Pereira","Est. tempo de leitura":"8 minutos"},"schema":{"@context":"https:\/\/schema.org","@graph":[{"@type":"WebPage","@id":"https:\/\/www.correiobraziliense.com.br\/cbradar\/capital-conhecida-como-a-ilha-da-magia-encanta-por-sua-qualidade-de-vida-e-beleza\/","url":"https:\/\/www.correiobraziliense.com.br\/cbradar\/capital-conhecida-como-a-ilha-da-magia-encanta-por-sua-qualidade-de-vida-e-beleza\/","name":"Capital conhecida como a \"Ilha da Magia\" encanta por sua qualidade de vida e beleza - Correio Braziliense - Radar","isPartOf":{"@id":"https:\/\/www.correiobraziliense.com.br\/cbradar\/#website"},"primaryImageOfPage":{"@id":"https:\/\/www.correiobraziliense.com.br\/cbradar\/capital-conhecida-como-a-ilha-da-magia-encanta-por-sua-qualidade-de-vida-e-beleza\/#primaryimage"},"image":{"@id":"https:\/\/www.correiobraziliense.com.br\/cbradar\/capital-conhecida-como-a-ilha-da-magia-encanta-por-sua-qualidade-de-vida-e-beleza\/#primaryimage"},"thumbnailUrl":"https:\/\/www.correiobraziliense.com.br\/cbradar\/wp-content\/uploads\/2025\/02\/florianopolis_1739427665998.jpg","datePublished":"2025-05-21T00:50:00+00:00","author":{"@id":"https:\/\/www.correiobraziliense.com.br\/cbradar\/#\/schema\/person\/4053c651a9bfc785afc6f4cbc9032fd3"},"description":"A Ilha da Magia \u00e9 mais do que um destino tur\u00edstico. Veja o que faz dessa capital um lugar \u00fanico de beleza e qualidade de vida excepcionais.","breadcrumb":{"@id":"https:\/\/www.correiobraziliense.com.br\/cbradar\/capital-conhecida-como-a-ilha-da-magia-encanta-por-sua-qualidade-de-vida-e-beleza\/#breadcrumb"},"inLanguage":"pt-BR","potentialAction":[{"@type":"ReadAction","target":["https:\/\/www.correiobraziliense.com.br\/cbradar\/capital-conhecida-como-a-ilha-da-magia-encanta-por-sua-qualidade-de-vida-e-beleza\/"]}]},{"@type":"ImageObject","inLanguage":"pt-BR","@id":"https:\/\/www.correiobraziliense.com.br\/cbradar\/capital-conhecida-como-a-ilha-da-magia-encanta-por-sua-qualidade-de-vida-e-beleza\/#primaryimage","url":"https:\/\/www.correiobraziliense.com.br\/cbradar\/wp-content\/uploads\/2025\/02\/florianopolis_1739427665998.jpg","contentUrl":"https:\/\/www.correiobraziliense.com.br\/cbradar\/wp-content\/uploads\/2025\/02\/florianopolis_1739427665998.jpg","width":1280,"height":720,"caption":"Ilha catarinense registra aumento de 35% no turismo sustent\u00e1vel e busca crescente por moradia. \/\/ Cr\u00e9ditos: depositphotos.com \/ Keola"},{"@type":"BreadcrumbList","@id":"https:\/\/www.correiobraziliense.com.br\/cbradar\/capital-conhecida-como-a-ilha-da-magia-encanta-por-sua-qualidade-de-vida-e-beleza\/#breadcrumb","itemListElement":[{"@type":"ListItem","position":1,"name":"In\u00edcio","item":"https:\/\/www.correiobraziliense.com.br\/cbradar\/"},{"@type":"ListItem","position":2,"name":"Capital conhecida como a &#8220;Ilha da Magia&#8221; encanta por sua qualidade de vida e beleza"}]},{"@type":"WebSite","@id":"https:\/\/www.correiobraziliense.com.br\/cbradar\/#website","url":"https:\/\/www.correiobraziliense.com.br\/cbradar\/","name":"Correio Braziliense - Radar","description":"Acompanhe as \u00faltimas not\u00edcias e fique bem informado sobre tudo o que acontece no Brasil e no mundo.","potentialAction":[{"@type":"SearchAction","target":{"@type":"EntryPoint","urlTemplate":"https:\/\/www.correiobraziliense.com.br\/cbradar\/?s={search_term_string}"},"query-input":{"@type":"PropertyValueSpecification","valueRequired":true,"valueName":"search_term_string"}}],"inLanguage":"pt-BR"},{"@type":"Person","@id":"https:\/\/www.correiobraziliense.com.br\/cbradar\/#\/schema\/person\/4053c651a9bfc785afc6f4cbc9032fd3","name":"Maura Pereira","image":{"@type":"ImageObject","inLanguage":"pt-BR","@id":"https:\/\/www.correiobraziliense.com.br\/cbradar\/#\/schema\/person\/image\/","url":"https:\/\/secure.gravatar.com\/avatar\/3effd6bdadfa447f15089c7f7144eaa6?s=96&d=mm&r=g","contentUrl":"https:\/\/secure.gravatar.com\/avatar\/3effd6bdadfa447f15089c7f7144eaa6?s=96&d=mm&r=g","caption":"Maura Pereira"},"sameAs":["https:\/\/www.correiobraziliense.com.br\/"],"url":"https:\/\/www.correiobraziliense.com.br\/cbradar\/author\/mauramyth\/"}]}},"_links":{"self":[{"href":"https:\/\/www.correiobraziliense.com.br\/cbradar\/wp-json\/wp\/v2\/posts\/39742","targetHints":{"allow":["GET"]}}],"collection":[{"href":"https:\/\/www.correiobraziliense.com.br\/cbradar\/wp-json\/wp\/v2\/posts"}],"about":[{"href":"https:\/\/www.correiobraziliense.com.br\/cbradar\/wp-json\/wp\/v2\/types\/post"}],"author":[{"embeddable":true,"href":"https:\/\/www.correiobraziliense.com.br\/cbradar\/wp-json\/wp\/v2\/users\/8"}],"replies":[{"embeddable":true,"href":"https:\/\/www.correiobraziliense.com.br\/cbradar\/wp-json\/wp\/v2\/comments?post=39742"}],"version-history":[{"count":11,"href":"https:\/\/www.correiobraziliense.com.br\/cbradar\/wp-json\/wp\/v2\/posts\/39742\/revisions"}],"predecessor-version":[{"id":39773,"href":"https:\/\/www.correiobraziliense.com.br\/cbradar\/wp-json\/wp\/v2\/posts\/39742\/revisions\/39773"}],"wp:featuredmedia":[{"embeddable":true,"href":"https:\/\/www.correiobraziliense.com.br\/cbradar\/wp-json\/wp\/v2\/media\/2169"}],"wp:attachment":[{"href":"https:\/\/www.correiobraziliense.com.br\/cbradar\/wp-json\/wp\/v2\/media?parent=39742"}],"wp:term":[{"taxonomy":"category","embeddable":true,"href":"https:\/\/www.correiobraziliense.com.br\/cbradar\/wp-json\/wp\/v2\/categories?post=39742"},{"taxonomy":"post_tag","embeddable":true,"href":"https:\/\/www.correiobraziliense.com.br\/cbradar\/wp-json\/wp\/v2\/tags?post=39742"}],"curies":[{"name":"wp","href":"https:\/\/api.w.org\/{rel}","templated":true}]}}