{"id":39808,"date":"2025-05-22T07:30:00","date_gmt":"2025-05-22T10:30:00","guid":{"rendered":"https:\/\/www.correiobraziliense.com.br\/cbradar\/?p=39808"},"modified":"2025-05-22T06:46:30","modified_gmt":"2025-05-22T09:46:30","slug":"um-dos-destinos-mais-completos-da-serra-fluminense-para-viver-ou-visitar","status":"publish","type":"post","link":"https:\/\/www.correiobraziliense.com.br\/cbradar\/um-dos-destinos-mais-completos-da-serra-fluminense-para-viver-ou-visitar\/","title":{"rendered":"Um dos destinos mais completos da serra fluminense para viver ou visitar"},"content":{"rendered":"\n<p><strong><a href=\"https:\/\/www.teresopolis.rj.gov.br\/\" target=\"_blank\" rel=\"noreferrer noopener\">Teres\u00f3polis<\/a><\/strong>, localizada na regi\u00e3o serrana do <strong><a href=\"https:\/\/www.correiobraziliense.com.br\/cbradar\/essa-cidade-fluminense-e-ideal-para-quem-busca-equilibrio-e-bem-estar\/\" target=\"_blank\" rel=\"noreferrer noopener\">Rio de Janeiro<\/a><\/strong>, \u00e9 conhecida por seu clima agrad\u00e1vel, paisagens montanhosas e tradi\u00e7\u00e3o no turismo de natureza e inverno. Com cerca de 180 mil habitantes, a cidade tamb\u00e9m se destaca pela estrutura urbana bem distribu\u00edda, boas escolas e vida cultural ativa. Seu nome homenageia a imperatriz <strong>Teresa Cristina<\/strong>, refor\u00e7ando o charme e a hist\u00f3ria que envolvem o munic\u00edpio.<\/p>\n\n\n\n<p>Com desenvolvimento urbano equilibrado e qualidade de vida, <strong>Teres\u00f3polis<\/strong> \u00e9 uma das melhores cidades para viver ou visitar na serra fluminense.<\/p>\n\n\n\n<h2 class=\"wp-block-heading\">Qualidade de vida com clima ameno e estrutura funcional<\/h2>\n\n\n\n<p><strong>Teres\u00f3polis<\/strong> \u00e9 famosa por suas temperaturas agrad\u00e1veis ao longo do ano, o que torna o ambiente ideal para quem busca tranquilidade e bem-estar. A cidade possui ruas arborizadas, \u00e1reas residenciais bem cuidadas e boa oferta de servi\u00e7os p\u00fablicos, como sa\u00fade, transporte e lazer.<\/p>\n\n\n\n<p>A natureza faz parte do cotidiano, com vista para as montanhas, \u00e1reas verdes e acesso f\u00e1cil a parques e trilhas, o que refor\u00e7a a sensa\u00e7\u00e3o de viver em equil\u00edbrio.<\/p>\n\n\n\n<h2 class=\"wp-block-heading\">Turismo forte e paisagens deslumbrantes<\/h2>\n\n\n\n<p>A cidade \u00e9 um dos destinos tur\u00edsticos mais procurados da serra do <strong>Rio de Janeiro<\/strong>, com destaque para o <strong>Parque Nacional da Serra dos \u00d3rg\u00e3os<\/strong>, onde est\u00e1 o famoso pico <strong>Dedo de Deus<\/strong>. Trilhas, cachoeiras e atividades ao ar livre atraem aventureiros e fam\u00edlias o ano todo.<\/p>\n\n\n\n<p>Al\u00e9m disso, a cidade \u00e9 palco de eventos culturais, festivais gastron\u00f4micos e feiras que movimentam a economia e fortalecem o turismo regional.<\/p>\n\n\n\n<figure class=\"wp-block-image size-large\"><img decoding=\"async\" width=\"1024\" height=\"576\" src=\"https:\/\/www.correiobraziliense.com.br\/cbradar\/wp-content\/uploads\/2025\/05\/Teresopolis_1747692564658-1024x576.jpg\" alt=\"Um dos destinos mais completos da serra fluminense para viver ou visitar\" class=\"wp-image-39810\" srcset=\"https:\/\/www.correiobraziliense.com.br\/cbradar\/wp-content\/uploads\/2025\/05\/Teresopolis_1747692564658-1024x576.jpg 1024w, https:\/\/www.correiobraziliense.com.br\/cbradar\/wp-content\/uploads\/2025\/05\/Teresopolis_1747692564658-300x169.jpg 300w, https:\/\/www.correiobraziliense.com.br\/cbradar\/wp-content\/uploads\/2025\/05\/Teresopolis_1747692564658-768x432.jpg 768w, https:\/\/www.correiobraziliense.com.br\/cbradar\/wp-content\/uploads\/2025\/05\/Teresopolis_1747692564658-750x422.jpg 750w, https:\/\/www.correiobraziliense.com.br\/cbradar\/wp-content\/uploads\/2025\/05\/Teresopolis_1747692564658-1140x641.jpg 1140w, https:\/\/www.correiobraziliense.com.br\/cbradar\/wp-content\/uploads\/2025\/05\/Teresopolis_1747692564658.jpg 1280w\" sizes=\"(max-width: 1024px) 100vw, 1024px\" \/><figcaption class=\"wp-element-caption\">Teres\u00f3polis. Cr\u00e9ditos: depositphotos.com \/ Ranimiro<\/figcaption><\/figure>\n\n\n\n<h2 class=\"wp-block-heading\">Educa\u00e7\u00e3o de qualidade e forma\u00e7\u00e3o diversificada<\/h2>\n\n\n\n<p><strong>Teres\u00f3polis<\/strong> conta com uma boa rede de ensino, incluindo escolas p\u00fablicas e privadas bem avaliadas, al\u00e9m de institui\u00e7\u00f5es de ensino t\u00e9cnico e superior. A cidade oferece cursos nas \u00e1reas de turismo, meio ambiente, educa\u00e7\u00e3o e gest\u00e3o, que atendem tanto \u00e0 demanda local quanto regional.<\/p>\n\n\n\n<p>A valoriza\u00e7\u00e3o da educa\u00e7\u00e3o se reflete no bom desempenho dos alunos e no preparo dos profissionais formados na cidade.<\/p>\n\n\n\n<h2 class=\"wp-block-heading\">Urbanismo organizado e mobilidade eficiente<\/h2>\n\n\n\n<p>O crescimento urbano em <strong>Teres\u00f3polis<\/strong> tem sido conduzido com planejamento, priorizando acessibilidade, infraestrutura b\u00e1sica e preserva\u00e7\u00e3o ambiental. As vias s\u00e3o bem pavimentadas, os bairros s\u00e3o bem distribu\u00eddos e o transporte coletivo atende os principais pontos da cidade.<\/p>\n\n\n\n<p>A mobilidade \u00e9 favorecida pela organiza\u00e7\u00e3o urbana e pela boa sinaliza\u00e7\u00e3o, o que facilita o deslocamento mesmo em per\u00edodos de grande fluxo tur\u00edstico.<\/p>\n\n\n\n<h2 class=\"wp-block-heading\">Cultura, tradi\u00e7\u00e3o e vida comunit\u00e1ria<\/h2>\n\n\n\n<p>A cidade tem um calend\u00e1rio cultural variado, com destaque para festas t\u00edpicas como a <strong>Feirinha do Alto<\/strong>, festivais de inverno, eventos religiosos e feiras de artesanato. A vida comunit\u00e1ria \u00e9 ativa, com participa\u00e7\u00e3o dos moradores em projetos sociais, culturais e ambientais.<\/p>\n\n\n\n<p><strong>Teres\u00f3polis<\/strong> tamb\u00e9m \u00e9 conhecida como sede da <strong>Granja Comary<\/strong>, o centro de treinamentos da sele\u00e7\u00e3o brasileira de futebol, que atrai visitantes e refor\u00e7a a identidade esportiva local.<\/p>\n\n\n\n<figure class=\"wp-block-image size-large\"><img decoding=\"async\" width=\"1024\" height=\"576\" src=\"https:\/\/www.correiobraziliense.com.br\/cbradar\/wp-content\/uploads\/2025\/05\/Teresopolis_1747692600937-1024x576.jpg\" alt=\"Um dos destinos mais completos da serra fluminense para viver ou visitar\" class=\"wp-image-39811\" srcset=\"https:\/\/www.correiobraziliense.com.br\/cbradar\/wp-content\/uploads\/2025\/05\/Teresopolis_1747692600937-1024x576.jpg 1024w, https:\/\/www.correiobraziliense.com.br\/cbradar\/wp-content\/uploads\/2025\/05\/Teresopolis_1747692600937-300x169.jpg 300w, https:\/\/www.correiobraziliense.com.br\/cbradar\/wp-content\/uploads\/2025\/05\/Teresopolis_1747692600937-768x432.jpg 768w, https:\/\/www.correiobraziliense.com.br\/cbradar\/wp-content\/uploads\/2025\/05\/Teresopolis_1747692600937-750x422.jpg 750w, https:\/\/www.correiobraziliense.com.br\/cbradar\/wp-content\/uploads\/2025\/05\/Teresopolis_1747692600937-1140x641.jpg 1140w, https:\/\/www.correiobraziliense.com.br\/cbradar\/wp-content\/uploads\/2025\/05\/Teresopolis_1747692600937.jpg 1280w\" sizes=\"(max-width: 1024px) 100vw, 1024px\" \/><figcaption class=\"wp-element-caption\">Teres\u00f3polis. Cr\u00e9ditos: depositphotos.com \/ Ranimiro<\/figcaption><\/figure>\n\n\n\n<h2 class=\"wp-block-heading\">Quais s\u00e3o os principais pontos tur\u00edsticos para visitar?<\/h2>\n\n\n\n<ul class=\"wp-block-list\">\n<li><strong>Parque Nacional da Serra dos \u00d3rg\u00e3os<\/strong>: trilhas e o ic\u00f4nico Dedo de Deus.<\/li>\n\n\n\n<li><strong>Feirinha do Alto<\/strong>: artesanato, gastronomia e cultura local.<\/li>\n\n\n\n<li><strong>Mirante do Soberbo<\/strong>: vista panor\u00e2mica da serra e do Dedo de Deus.<\/li>\n\n\n\n<li><strong>Granja Comary<\/strong>: centro de treinamento da sele\u00e7\u00e3o brasileira.<\/li>\n\n\n\n<li><strong>Vila St. Gallen<\/strong>: complexo tur\u00edstico com gastronomia e arquitetura inspirada na Europa.<\/li>\n<\/ul>\n\n\n\n<h2 class=\"wp-block-heading\">Vale a pena morar?<\/h2>\n\n\n\n<p>Sim! <strong>Teres\u00f3polis<\/strong> oferece seguran\u00e7a, clima agrad\u00e1vel, educa\u00e7\u00e3o de qualidade, cultura e infraestrutura organizada. \u00c9 ideal para quem busca uma cidade com ritmo tranquilo, boas oportunidades e contato direto com a natureza.<\/p>\n\n\n\n<h2 class=\"wp-block-heading\">Vale a pena visitar?<\/h2>\n\n\n\n<p>Com certeza! A cidade \u00e9 charmosa, bem cuidada e rica em atrativos tur\u00edsticos. \u00c9 perfeita para viagens rom\u00e2nticas, de fam\u00edlia ou para quem deseja relaxar em meio \u00e0 serra com conforto e estrutura completa.<\/p>\n","protected":false},"excerpt":{"rendered":"<p>Essa cidade serrana do RJ une turismo forte, ensino de qualidade e estrutura organizada. Um destino ideal para viver com conforto e tranquilidade!<\/p>\n","protected":false},"author":3,"featured_media":39809,"comment_status":"open","ping_status":"open","sticky":false,"template":"","format":"standard","meta":{"_yoast_wpseo_focuskw":"Teres\u00f3polis","_yoast_wpseo_title":"%%title%%","_yoast_wpseo_metadesc":"Essa cidade serrana do RJ une turismo forte, ensino de qualidade e estrutura organizada. Um destino ideal para viver com conforto e tranquilidade!","jnews-multi-image_gallery":[],"jnews_single_post":{"format":"standard"},"jnews_primary_category":[],"jnews_social_meta":[],"jnews_override_counter":[],"footnotes":""},"categories":[108],"tags":[109],"class_list":["post-39808","post","type-post","status-publish","format-standard","has-post-thumbnail","hentry","category-cidades","tag-cidades"],"yoast_head":"<!-- This site is optimized with the Yoast SEO plugin v24.6 - https:\/\/yoast.com\/wordpress\/plugins\/seo\/ -->\n<title>Um dos destinos mais completos da serra fluminense para viver ou visitar<\/title>\n<meta name=\"description\" content=\"Essa cidade serrana do RJ une turismo forte, ensino de qualidade e estrutura organizada. Um destino ideal para viver com conforto e tranquilidade!\" \/>\n<meta name=\"robots\" content=\"index, follow, max-snippet:-1, max-image-preview:large, max-video-preview:-1\" \/>\n<link rel=\"canonical\" href=\"https:\/\/www.correiobraziliense.com.br\/cbradar\/um-dos-destinos-mais-completos-da-serra-fluminense-para-viver-ou-visitar\/\" \/>\n<meta property=\"og:locale\" content=\"pt_BR\" \/>\n<meta property=\"og:type\" content=\"article\" \/>\n<meta property=\"og:title\" content=\"Um dos destinos mais completos da serra fluminense para viver ou visitar\" \/>\n<meta property=\"og:description\" content=\"Essa cidade serrana do RJ une turismo forte, ensino de qualidade e estrutura organizada. Um destino ideal para viver com conforto e tranquilidade!\" \/>\n<meta property=\"og:url\" content=\"https:\/\/www.correiobraziliense.com.br\/cbradar\/um-dos-destinos-mais-completos-da-serra-fluminense-para-viver-ou-visitar\/\" \/>\n<meta property=\"og:site_name\" content=\"Correio Braziliense - Radar\" \/>\n<meta property=\"article:published_time\" content=\"2025-05-22T10:30:00+00:00\" \/>\n<meta property=\"og:image\" content=\"https:\/\/www.correiobraziliense.com.br\/cbradar\/wp-content\/uploads\/2025\/05\/Teresopolis_1747692447092.jpg\" \/>\n\t<meta property=\"og:image:width\" content=\"1280\" \/>\n\t<meta property=\"og:image:height\" content=\"720\" \/>\n\t<meta property=\"og:image:type\" content=\"image\/jpeg\" \/>\n<meta name=\"author\" content=\"Larissa Carvalho\" \/>\n<meta name=\"twitter:card\" content=\"summary_large_image\" \/>\n<meta name=\"twitter:label1\" content=\"Escrito por\" \/>\n\t<meta name=\"twitter:data1\" content=\"Larissa Carvalho\" \/>\n\t<meta name=\"twitter:label2\" content=\"Est. tempo de leitura\" \/>\n\t<meta name=\"twitter:data2\" content=\"4 minutos\" \/>\n<!-- \/ Yoast SEO plugin. -->","yoast_head_json":{"title":"Um dos destinos mais completos da serra fluminense para viver ou visitar","description":"Essa cidade serrana do RJ une turismo forte, ensino de qualidade e estrutura organizada. Um destino ideal para viver com conforto e tranquilidade!","robots":{"index":"index","follow":"follow","max-snippet":"max-snippet:-1","max-image-preview":"max-image-preview:large","max-video-preview":"max-video-preview:-1"},"canonical":"https:\/\/www.correiobraziliense.com.br\/cbradar\/um-dos-destinos-mais-completos-da-serra-fluminense-para-viver-ou-visitar\/","og_locale":"pt_BR","og_type":"article","og_title":"Um dos destinos mais completos da serra fluminense para viver ou visitar","og_description":"Essa cidade serrana do RJ une turismo forte, ensino de qualidade e estrutura organizada. Um destino ideal para viver com conforto e tranquilidade!","og_url":"https:\/\/www.correiobraziliense.com.br\/cbradar\/um-dos-destinos-mais-completos-da-serra-fluminense-para-viver-ou-visitar\/","og_site_name":"Correio Braziliense - Radar","article_published_time":"2025-05-22T10:30:00+00:00","og_image":[{"width":1280,"height":720,"url":"https:\/\/www.correiobraziliense.com.br\/cbradar\/wp-content\/uploads\/2025\/05\/Teresopolis_1747692447092.jpg","type":"image\/jpeg"}],"author":"Larissa Carvalho","twitter_card":"summary_large_image","twitter_misc":{"Escrito por":"Larissa Carvalho","Est. tempo de leitura":"4 minutos"},"schema":{"@context":"https:\/\/schema.org","@graph":[{"@type":"WebPage","@id":"https:\/\/www.correiobraziliense.com.br\/cbradar\/um-dos-destinos-mais-completos-da-serra-fluminense-para-viver-ou-visitar\/","url":"https:\/\/www.correiobraziliense.com.br\/cbradar\/um-dos-destinos-mais-completos-da-serra-fluminense-para-viver-ou-visitar\/","name":"Um dos destinos mais completos da serra fluminense para viver ou visitar","isPartOf":{"@id":"https:\/\/www.correiobraziliense.com.br\/cbradar\/#website"},"primaryImageOfPage":{"@id":"https:\/\/www.correiobraziliense.com.br\/cbradar\/um-dos-destinos-mais-completos-da-serra-fluminense-para-viver-ou-visitar\/#primaryimage"},"image":{"@id":"https:\/\/www.correiobraziliense.com.br\/cbradar\/um-dos-destinos-mais-completos-da-serra-fluminense-para-viver-ou-visitar\/#primaryimage"},"thumbnailUrl":"https:\/\/www.correiobraziliense.com.br\/cbradar\/wp-content\/uploads\/2025\/05\/Teresopolis_1747692447092.jpg","datePublished":"2025-05-22T10:30:00+00:00","author":{"@id":"https:\/\/www.correiobraziliense.com.br\/cbradar\/#\/schema\/person\/58422787644df994b53a19d3e56c1513"},"description":"Essa cidade serrana do RJ une turismo forte, ensino de qualidade e estrutura organizada. Um destino ideal para viver com conforto e tranquilidade!","breadcrumb":{"@id":"https:\/\/www.correiobraziliense.com.br\/cbradar\/um-dos-destinos-mais-completos-da-serra-fluminense-para-viver-ou-visitar\/#breadcrumb"},"inLanguage":"pt-BR","potentialAction":[{"@type":"ReadAction","target":["https:\/\/www.correiobraziliense.com.br\/cbradar\/um-dos-destinos-mais-completos-da-serra-fluminense-para-viver-ou-visitar\/"]}]},{"@type":"ImageObject","inLanguage":"pt-BR","@id":"https:\/\/www.correiobraziliense.com.br\/cbradar\/um-dos-destinos-mais-completos-da-serra-fluminense-para-viver-ou-visitar\/#primaryimage","url":"https:\/\/www.correiobraziliense.com.br\/cbradar\/wp-content\/uploads\/2025\/05\/Teresopolis_1747692447092.jpg","contentUrl":"https:\/\/www.correiobraziliense.com.br\/cbradar\/wp-content\/uploads\/2025\/05\/Teresopolis_1747692447092.jpg","width":1280,"height":720,"caption":"Teres\u00f3polis. Cr\u00e9ditos: depositphotos.com \/ Ranimiro"},{"@type":"BreadcrumbList","@id":"https:\/\/www.correiobraziliense.com.br\/cbradar\/um-dos-destinos-mais-completos-da-serra-fluminense-para-viver-ou-visitar\/#breadcrumb","itemListElement":[{"@type":"ListItem","position":1,"name":"In\u00edcio","item":"https:\/\/www.correiobraziliense.com.br\/cbradar\/"},{"@type":"ListItem","position":2,"name":"Um dos destinos mais completos da serra fluminense para viver ou visitar"}]},{"@type":"WebSite","@id":"https:\/\/www.correiobraziliense.com.br\/cbradar\/#website","url":"https:\/\/www.correiobraziliense.com.br\/cbradar\/","name":"Correio Braziliense - Radar","description":"Acompanhe as \u00faltimas not\u00edcias e fique bem informado sobre tudo o que acontece no Brasil e no mundo.","potentialAction":[{"@type":"SearchAction","target":{"@type":"EntryPoint","urlTemplate":"https:\/\/www.correiobraziliense.com.br\/cbradar\/?s={search_term_string}"},"query-input":{"@type":"PropertyValueSpecification","valueRequired":true,"valueName":"search_term_string"}}],"inLanguage":"pt-BR"},{"@type":"Person","@id":"https:\/\/www.correiobraziliense.com.br\/cbradar\/#\/schema\/person\/58422787644df994b53a19d3e56c1513","name":"Larissa Carvalho","image":{"@type":"ImageObject","inLanguage":"pt-BR","@id":"https:\/\/www.correiobraziliense.com.br\/cbradar\/#\/schema\/person\/image\/","url":"https:\/\/secure.gravatar.com\/avatar\/fe4f91a0de32b52a838d0d612abdc1aa?s=96&d=mm&r=g","contentUrl":"https:\/\/secure.gravatar.com\/avatar\/fe4f91a0de32b52a838d0d612abdc1aa?s=96&d=mm&r=g","caption":"Larissa Carvalho"},"url":"https:\/\/www.correiobraziliense.com.br\/cbradar\/author\/larissamyth\/"}]}},"_links":{"self":[{"href":"https:\/\/www.correiobraziliense.com.br\/cbradar\/wp-json\/wp\/v2\/posts\/39808","targetHints":{"allow":["GET"]}}],"collection":[{"href":"https:\/\/www.correiobraziliense.com.br\/cbradar\/wp-json\/wp\/v2\/posts"}],"about":[{"href":"https:\/\/www.correiobraziliense.com.br\/cbradar\/wp-json\/wp\/v2\/types\/post"}],"author":[{"embeddable":true,"href":"https:\/\/www.correiobraziliense.com.br\/cbradar\/wp-json\/wp\/v2\/users\/3"}],"replies":[{"embeddable":true,"href":"https:\/\/www.correiobraziliense.com.br\/cbradar\/wp-json\/wp\/v2\/comments?post=39808"}],"version-history":[{"count":2,"href":"https:\/\/www.correiobraziliense.com.br\/cbradar\/wp-json\/wp\/v2\/posts\/39808\/revisions"}],"predecessor-version":[{"id":41137,"href":"https:\/\/www.correiobraziliense.com.br\/cbradar\/wp-json\/wp\/v2\/posts\/39808\/revisions\/41137"}],"wp:featuredmedia":[{"embeddable":true,"href":"https:\/\/www.correiobraziliense.com.br\/cbradar\/wp-json\/wp\/v2\/media\/39809"}],"wp:attachment":[{"href":"https:\/\/www.correiobraziliense.com.br\/cbradar\/wp-json\/wp\/v2\/media?parent=39808"}],"wp:term":[{"taxonomy":"category","embeddable":true,"href":"https:\/\/www.correiobraziliense.com.br\/cbradar\/wp-json\/wp\/v2\/categories?post=39808"},{"taxonomy":"post_tag","embeddable":true,"href":"https:\/\/www.correiobraziliense.com.br\/cbradar\/wp-json\/wp\/v2\/tags?post=39808"}],"curies":[{"name":"wp","href":"https:\/\/api.w.org\/{rel}","templated":true}]}}