{"id":39824,"date":"2025-05-22T12:30:00","date_gmt":"2025-05-22T15:30:00","guid":{"rendered":"https:\/\/www.correiobraziliense.com.br\/cbradar\/?p=39824"},"modified":"2025-05-22T07:16:38","modified_gmt":"2025-05-22T10:16:38","slug":"essa-e-a-cidade-ideal-para-viver-com-tranquilidade-oportunidades-e-qualidade-de-vida","status":"publish","type":"post","link":"https:\/\/www.correiobraziliense.com.br\/cbradar\/essa-e-a-cidade-ideal-para-viver-com-tranquilidade-oportunidades-e-qualidade-de-vida\/","title":{"rendered":"Essa \u00e9 a cidade ideal para viver com tranquilidade, oportunidades e qualidade de vida"},"content":{"rendered":"\n<p><strong><a href=\"https:\/\/www.itauna.mg.gov.br\/\" target=\"_blank\" rel=\"noreferrer noopener\">Ita\u00fana<\/a><\/strong>, localizada na regi\u00e3o centro-oeste de <strong><a href=\"https:\/\/www.correiobraziliense.com.br\/cbradar\/cidade-do-interior-de-minas-gerais-se-destaca-com-sua-qualidade-de-vida-e-educacao\/\" target=\"_blank\" rel=\"noreferrer noopener\">Minas Gerais<\/a><\/strong>, \u00e9 uma cidade que combina voca\u00e7\u00e3o industrial, setor de servi\u00e7os consolidado e estrutura urbana organizada. Com aproximadamente 95 mil habitantes, o munic\u00edpio se destaca pelo dinamismo econ\u00f4mico, urbanismo planejado e qualidade de vida no interior mineiro.<\/p>\n\n\n\n<p>Com tradi\u00e7\u00e3o, inova\u00e7\u00e3o e funcionalidade, <strong>Ita\u00fana<\/strong> \u00e9 uma das cidades mais equilibradas da regi\u00e3o.<\/p>\n\n\n\n<h2 class=\"wp-block-heading\">Qualidade de vida com estrutura e tranquilidade<\/h2>\n\n\n\n<p><strong>Ita\u00fana<\/strong> oferece uma rotina urbana tranquila, com bairros bem planejados, ruas pavimentadas e boa cobertura de servi\u00e7os p\u00fablicos e privados. A cidade investe constantemente em sa\u00fade, mobilidade, seguran\u00e7a e \u00e1reas de lazer, o que garante conforto e bem-estar \u00e0 popula\u00e7\u00e3o.<\/p>\n\n\n\n<p>Al\u00e9m disso, a proximidade com <strong>Divin\u00f3polis<\/strong>, <strong>Belo Horizonte<\/strong> e outras cidades da regi\u00e3o amplia as oportunidades profissionais e de estudo.<\/p>\n\n\n\n<h2 class=\"wp-block-heading\">Setor de servi\u00e7os em expans\u00e3o<\/h2>\n\n\n\n<p>A economia de <strong>Ita\u00fana<\/strong> \u00e9 fortemente sustentada pelo setor de servi\u00e7os, com destaque para com\u00e9rcio, sa\u00fade, educa\u00e7\u00e3o, bancos, tecnologia e consultorias. O munic\u00edpio funciona como polo de refer\u00eancia regional, atraindo consumidores e profissionais das cidades vizinhas.<\/p>\n\n\n\n<p>Feiras, eventos empresariais e iniciativas de empreendedorismo impulsionam o crescimento e diversificam o perfil econ\u00f4mico local.<\/p>\n\n\n\n<figure class=\"wp-block-image size-large\"><img decoding=\"async\" width=\"1024\" height=\"576\" src=\"https:\/\/www.correiobraziliense.com.br\/cbradar\/wp-content\/uploads\/2025\/05\/Itauna-2-1024x576.png\" alt=\"Essa \u00e9 a cidade ideal para viver com tranquilidade, oportunidades e qualidade de vida\" class=\"wp-image-39826\" srcset=\"https:\/\/www.correiobraziliense.com.br\/cbradar\/wp-content\/uploads\/2025\/05\/Itauna-2-1024x576.png 1024w, https:\/\/www.correiobraziliense.com.br\/cbradar\/wp-content\/uploads\/2025\/05\/Itauna-2-300x169.png 300w, https:\/\/www.correiobraziliense.com.br\/cbradar\/wp-content\/uploads\/2025\/05\/Itauna-2-768x432.png 768w, https:\/\/www.correiobraziliense.com.br\/cbradar\/wp-content\/uploads\/2025\/05\/Itauna-2-750x422.png 750w, https:\/\/www.correiobraziliense.com.br\/cbradar\/wp-content\/uploads\/2025\/05\/Itauna-2-1140x641.png 1140w, https:\/\/www.correiobraziliense.com.br\/cbradar\/wp-content\/uploads\/2025\/05\/Itauna-2.png 1280w\" sizes=\"(max-width: 1024px) 100vw, 1024px\" \/><figcaption class=\"wp-element-caption\">Ita\u00fana. Fonte: Filipovisck, CC BY-SA 3.0, via Wikimedia Commons<\/figcaption><\/figure>\n\n\n\n<h2 class=\"wp-block-heading\">Tradi\u00e7\u00e3o industrial com base s\u00f3lida<\/h2>\n\n\n\n<p>Desde o s\u00e9culo XX, a cidade mant\u00e9m tradi\u00e7\u00e3o na ind\u00fastria, especialmente nas \u00e1reas de siderurgia, metalurgia, minera\u00e7\u00e3o e materiais de constru\u00e7\u00e3o. Empresas de m\u00e9dio e grande porte atuam em <strong>Ita\u00fana<\/strong>, gerando empregos e fortalecendo a arrecada\u00e7\u00e3o municipal.<\/p>\n\n\n\n<p>Essa base industrial se mant\u00e9m est\u00e1vel, enquanto o setor de inova\u00e7\u00e3o tecnol\u00f3gica come\u00e7a a ganhar espa\u00e7o.<\/p>\n\n\n\n<h2 class=\"wp-block-heading\">Urbanismo funcional e crescimento organizado<\/h2>\n\n\n\n<p>A cidade tem um urbanismo bem distribu\u00eddo, com bairros residenciais estruturados, centros comerciais ativos e boa sinaliza\u00e7\u00e3o vi\u00e1ria. O transporte p\u00fablico atende bem os principais setores da cidade, e a malha vi\u00e1ria permite acesso r\u00e1pido aos polos industriais e comerciais.<\/p>\n\n\n\n<p>O crescimento \u00e9 planejado, com valoriza\u00e7\u00e3o de \u00e1reas verdes, expans\u00e3o controlada e projetos de revitaliza\u00e7\u00e3o urbana.<\/p>\n\n\n\n<h2 class=\"wp-block-heading\">Educa\u00e7\u00e3o e servi\u00e7os p\u00fablicos de qualidade<\/h2>\n\n\n\n<p><strong>Ita\u00fana<\/strong> conta com uma rede educacional completa, que inclui escolas p\u00fablicas e privadas bem avaliadas, al\u00e9m de institui\u00e7\u00f5es de ensino t\u00e9cnico e superior. A cidade \u00e9 sede de polos universit\u00e1rios com cursos voltados \u00e0 administra\u00e7\u00e3o, engenharia, direito, sa\u00fade e tecnologia.<\/p>\n\n\n\n<p>Na sa\u00fade, o munic\u00edpio possui hospital municipal, unidades de pronto atendimento, cl\u00ednicas especializadas e postos de sa\u00fade distribu\u00eddos por toda a cidade.<\/p>\n\n\n\n<figure class=\"wp-block-image size-large\"><img decoding=\"async\" width=\"1024\" height=\"576\" src=\"https:\/\/www.correiobraziliense.com.br\/cbradar\/wp-content\/uploads\/2025\/05\/Itauna-3-1024x576.png\" alt=\"Essa \u00e9 a cidade ideal para viver com tranquilidade, oportunidades e qualidade de vida\" class=\"wp-image-39825\" srcset=\"https:\/\/www.correiobraziliense.com.br\/cbradar\/wp-content\/uploads\/2025\/05\/Itauna-3-1024x576.png 1024w, https:\/\/www.correiobraziliense.com.br\/cbradar\/wp-content\/uploads\/2025\/05\/Itauna-3-300x169.png 300w, https:\/\/www.correiobraziliense.com.br\/cbradar\/wp-content\/uploads\/2025\/05\/Itauna-3-768x432.png 768w, https:\/\/www.correiobraziliense.com.br\/cbradar\/wp-content\/uploads\/2025\/05\/Itauna-3-750x422.png 750w, https:\/\/www.correiobraziliense.com.br\/cbradar\/wp-content\/uploads\/2025\/05\/Itauna-3-1140x641.png 1140w, https:\/\/www.correiobraziliense.com.br\/cbradar\/wp-content\/uploads\/2025\/05\/Itauna-3.png 1280w\" sizes=\"(max-width: 1024px) 100vw, 1024px\" \/><figcaption class=\"wp-element-caption\">Ita\u00fana. Fonte: Caio Viana, CC BY-SA 4.0, via Wikimedia Commons<\/figcaption><\/figure>\n\n\n\n<h2 class=\"wp-block-heading\">Quais s\u00e3o os principais pontos tur\u00edsticos para visitar?<\/h2>\n\n\n\n<ul class=\"wp-block-list\">\n<li><strong>Cachoeira do Par\u00e1<\/strong>: ponto de lazer com natureza e tranquilidade.<\/li>\n\n\n\n<li><strong>Igreja Matriz de Sant\u2019Ana<\/strong>: marco hist\u00f3rico e religioso.<\/li>\n\n\n\n<li><strong>Parque Ecol\u00f3gico da Universidade<\/strong>: lazer, esporte e contato com o verde.<\/li>\n\n\n\n<li><strong>Feiras e festivais regionais<\/strong>: eventos que valorizam a cultura local.<\/li>\n\n\n\n<li><strong>Centro Cultural de Ita\u00fana<\/strong>: exposi\u00e7\u00f5es, oficinas e atra\u00e7\u00f5es art\u00edsticas.<\/li>\n<\/ul>\n\n\n\n<h2 class=\"wp-block-heading\">Vale a pena morar?<\/h2>\n\n\n\n<p>Sim! A cidade oferece infraestrutura eficiente, ensino de qualidade, oportunidades de emprego e uma vida urbana organizada. Ideal para fam\u00edlias, estudantes, aposentados e profissionais que buscam tranquilidade e estabilidade em <strong>Minas Gerais<\/strong>.<\/p>\n\n\n\n<h2 class=\"wp-block-heading\">Vale a pena visitar?<\/h2>\n\n\n\n<p>Com certeza! <strong>Ita\u00fana<\/strong> tem atrativos culturais, natureza preservada e \u00f3tima receptividade. \u00c9 uma excelente escolha para quem deseja conhecer o interior mineiro com charme, hist\u00f3ria e boa estrutura.<\/p>\n","protected":false},"excerpt":{"rendered":"<p>Essa cidade mineira combina tradi\u00e7\u00e3o industrial, setor de servi\u00e7os forte e urbanismo funcional. Um destino equilibrado para viver ou visitar!<\/p>\n","protected":false},"author":3,"featured_media":39827,"comment_status":"open","ping_status":"open","sticky":false,"template":"","format":"standard","meta":{"_yoast_wpseo_focuskw":"Ita\u00fana","_yoast_wpseo_title":"%%title%%","_yoast_wpseo_metadesc":"Essa cidade mineira combina tradi\u00e7\u00e3o industrial, setor de servi\u00e7os forte e urbanismo funcional. Um destino equilibrado para viver!","jnews-multi-image_gallery":[],"jnews_single_post":{"format":"standard"},"jnews_primary_category":[],"jnews_social_meta":[],"jnews_override_counter":[],"footnotes":""},"categories":[108],"tags":[109],"class_list":["post-39824","post","type-post","status-publish","format-standard","has-post-thumbnail","hentry","category-cidades","tag-cidades"],"yoast_head":"<!-- This site is optimized with the Yoast SEO plugin v24.6 - https:\/\/yoast.com\/wordpress\/plugins\/seo\/ -->\n<title>Essa \u00e9 a cidade ideal para viver com tranquilidade, oportunidades e qualidade de vida<\/title>\n<meta name=\"description\" content=\"Essa cidade mineira combina tradi\u00e7\u00e3o industrial, setor de servi\u00e7os forte e urbanismo funcional. Um destino equilibrado para viver!\" \/>\n<meta name=\"robots\" content=\"index, follow, max-snippet:-1, max-image-preview:large, max-video-preview:-1\" \/>\n<link rel=\"canonical\" href=\"https:\/\/www.correiobraziliense.com.br\/cbradar\/essa-e-a-cidade-ideal-para-viver-com-tranquilidade-oportunidades-e-qualidade-de-vida\/\" \/>\n<meta property=\"og:locale\" content=\"pt_BR\" \/>\n<meta property=\"og:type\" content=\"article\" \/>\n<meta property=\"og:title\" content=\"Essa \u00e9 a cidade ideal para viver com tranquilidade, oportunidades e qualidade de vida\" \/>\n<meta property=\"og:description\" content=\"Essa cidade mineira combina tradi\u00e7\u00e3o industrial, setor de servi\u00e7os forte e urbanismo funcional. Um destino equilibrado para viver!\" \/>\n<meta property=\"og:url\" content=\"https:\/\/www.correiobraziliense.com.br\/cbradar\/essa-e-a-cidade-ideal-para-viver-com-tranquilidade-oportunidades-e-qualidade-de-vida\/\" \/>\n<meta property=\"og:site_name\" content=\"Correio Braziliense - Radar\" \/>\n<meta property=\"article:published_time\" content=\"2025-05-22T15:30:00+00:00\" \/>\n<meta property=\"og:image\" content=\"https:\/\/www.correiobraziliense.com.br\/cbradar\/wp-content\/uploads\/2025\/05\/Itauna.png\" \/>\n\t<meta property=\"og:image:width\" content=\"1280\" \/>\n\t<meta property=\"og:image:height\" content=\"720\" \/>\n\t<meta property=\"og:image:type\" content=\"image\/png\" \/>\n<meta name=\"author\" content=\"Larissa Carvalho\" \/>\n<meta name=\"twitter:card\" content=\"summary_large_image\" \/>\n<meta name=\"twitter:label1\" content=\"Escrito por\" \/>\n\t<meta name=\"twitter:data1\" content=\"Larissa Carvalho\" \/>\n\t<meta name=\"twitter:label2\" content=\"Est. tempo de leitura\" \/>\n\t<meta name=\"twitter:data2\" content=\"4 minutos\" \/>\n<!-- \/ Yoast SEO plugin. -->","yoast_head_json":{"title":"Essa \u00e9 a cidade ideal para viver com tranquilidade, oportunidades e qualidade de vida","description":"Essa cidade mineira combina tradi\u00e7\u00e3o industrial, setor de servi\u00e7os forte e urbanismo funcional. Um destino equilibrado para viver!","robots":{"index":"index","follow":"follow","max-snippet":"max-snippet:-1","max-image-preview":"max-image-preview:large","max-video-preview":"max-video-preview:-1"},"canonical":"https:\/\/www.correiobraziliense.com.br\/cbradar\/essa-e-a-cidade-ideal-para-viver-com-tranquilidade-oportunidades-e-qualidade-de-vida\/","og_locale":"pt_BR","og_type":"article","og_title":"Essa \u00e9 a cidade ideal para viver com tranquilidade, oportunidades e qualidade de vida","og_description":"Essa cidade mineira combina tradi\u00e7\u00e3o industrial, setor de servi\u00e7os forte e urbanismo funcional. Um destino equilibrado para viver!","og_url":"https:\/\/www.correiobraziliense.com.br\/cbradar\/essa-e-a-cidade-ideal-para-viver-com-tranquilidade-oportunidades-e-qualidade-de-vida\/","og_site_name":"Correio Braziliense - Radar","article_published_time":"2025-05-22T15:30:00+00:00","og_image":[{"width":1280,"height":720,"url":"https:\/\/www.correiobraziliense.com.br\/cbradar\/wp-content\/uploads\/2025\/05\/Itauna.png","type":"image\/png"}],"author":"Larissa Carvalho","twitter_card":"summary_large_image","twitter_misc":{"Escrito por":"Larissa Carvalho","Est. tempo de leitura":"4 minutos"},"schema":{"@context":"https:\/\/schema.org","@graph":[{"@type":"WebPage","@id":"https:\/\/www.correiobraziliense.com.br\/cbradar\/essa-e-a-cidade-ideal-para-viver-com-tranquilidade-oportunidades-e-qualidade-de-vida\/","url":"https:\/\/www.correiobraziliense.com.br\/cbradar\/essa-e-a-cidade-ideal-para-viver-com-tranquilidade-oportunidades-e-qualidade-de-vida\/","name":"Essa \u00e9 a cidade ideal para viver com tranquilidade, oportunidades e qualidade de vida","isPartOf":{"@id":"https:\/\/www.correiobraziliense.com.br\/cbradar\/#website"},"primaryImageOfPage":{"@id":"https:\/\/www.correiobraziliense.com.br\/cbradar\/essa-e-a-cidade-ideal-para-viver-com-tranquilidade-oportunidades-e-qualidade-de-vida\/#primaryimage"},"image":{"@id":"https:\/\/www.correiobraziliense.com.br\/cbradar\/essa-e-a-cidade-ideal-para-viver-com-tranquilidade-oportunidades-e-qualidade-de-vida\/#primaryimage"},"thumbnailUrl":"https:\/\/www.correiobraziliense.com.br\/cbradar\/wp-content\/uploads\/2025\/05\/Itauna.png","datePublished":"2025-05-22T15:30:00+00:00","author":{"@id":"https:\/\/www.correiobraziliense.com.br\/cbradar\/#\/schema\/person\/58422787644df994b53a19d3e56c1513"},"description":"Essa cidade mineira combina tradi\u00e7\u00e3o industrial, setor de servi\u00e7os forte e urbanismo funcional. Um destino equilibrado para viver!","breadcrumb":{"@id":"https:\/\/www.correiobraziliense.com.br\/cbradar\/essa-e-a-cidade-ideal-para-viver-com-tranquilidade-oportunidades-e-qualidade-de-vida\/#breadcrumb"},"inLanguage":"pt-BR","potentialAction":[{"@type":"ReadAction","target":["https:\/\/www.correiobraziliense.com.br\/cbradar\/essa-e-a-cidade-ideal-para-viver-com-tranquilidade-oportunidades-e-qualidade-de-vida\/"]}]},{"@type":"ImageObject","inLanguage":"pt-BR","@id":"https:\/\/www.correiobraziliense.com.br\/cbradar\/essa-e-a-cidade-ideal-para-viver-com-tranquilidade-oportunidades-e-qualidade-de-vida\/#primaryimage","url":"https:\/\/www.correiobraziliense.com.br\/cbradar\/wp-content\/uploads\/2025\/05\/Itauna.png","contentUrl":"https:\/\/www.correiobraziliense.com.br\/cbradar\/wp-content\/uploads\/2025\/05\/Itauna.png","width":1280,"height":720,"caption":"Ita\u00fana. Fonte: Filipovisck, CC BY-SA 3.0, via Wikimedia Commons"},{"@type":"BreadcrumbList","@id":"https:\/\/www.correiobraziliense.com.br\/cbradar\/essa-e-a-cidade-ideal-para-viver-com-tranquilidade-oportunidades-e-qualidade-de-vida\/#breadcrumb","itemListElement":[{"@type":"ListItem","position":1,"name":"In\u00edcio","item":"https:\/\/www.correiobraziliense.com.br\/cbradar\/"},{"@type":"ListItem","position":2,"name":"Essa \u00e9 a cidade ideal para viver com tranquilidade, oportunidades e qualidade de vida"}]},{"@type":"WebSite","@id":"https:\/\/www.correiobraziliense.com.br\/cbradar\/#website","url":"https:\/\/www.correiobraziliense.com.br\/cbradar\/","name":"Correio Braziliense - Radar","description":"Acompanhe as \u00faltimas not\u00edcias e fique bem informado sobre tudo o que acontece no Brasil e no mundo.","potentialAction":[{"@type":"SearchAction","target":{"@type":"EntryPoint","urlTemplate":"https:\/\/www.correiobraziliense.com.br\/cbradar\/?s={search_term_string}"},"query-input":{"@type":"PropertyValueSpecification","valueRequired":true,"valueName":"search_term_string"}}],"inLanguage":"pt-BR"},{"@type":"Person","@id":"https:\/\/www.correiobraziliense.com.br\/cbradar\/#\/schema\/person\/58422787644df994b53a19d3e56c1513","name":"Larissa Carvalho","image":{"@type":"ImageObject","inLanguage":"pt-BR","@id":"https:\/\/www.correiobraziliense.com.br\/cbradar\/#\/schema\/person\/image\/","url":"https:\/\/secure.gravatar.com\/avatar\/fe4f91a0de32b52a838d0d612abdc1aa?s=96&d=mm&r=g","contentUrl":"https:\/\/secure.gravatar.com\/avatar\/fe4f91a0de32b52a838d0d612abdc1aa?s=96&d=mm&r=g","caption":"Larissa Carvalho"},"url":"https:\/\/www.correiobraziliense.com.br\/cbradar\/author\/larissamyth\/"}]}},"_links":{"self":[{"href":"https:\/\/www.correiobraziliense.com.br\/cbradar\/wp-json\/wp\/v2\/posts\/39824","targetHints":{"allow":["GET"]}}],"collection":[{"href":"https:\/\/www.correiobraziliense.com.br\/cbradar\/wp-json\/wp\/v2\/posts"}],"about":[{"href":"https:\/\/www.correiobraziliense.com.br\/cbradar\/wp-json\/wp\/v2\/types\/post"}],"author":[{"embeddable":true,"href":"https:\/\/www.correiobraziliense.com.br\/cbradar\/wp-json\/wp\/v2\/users\/3"}],"replies":[{"embeddable":true,"href":"https:\/\/www.correiobraziliense.com.br\/cbradar\/wp-json\/wp\/v2\/comments?post=39824"}],"version-history":[{"count":1,"href":"https:\/\/www.correiobraziliense.com.br\/cbradar\/wp-json\/wp\/v2\/posts\/39824\/revisions"}],"predecessor-version":[{"id":39828,"href":"https:\/\/www.correiobraziliense.com.br\/cbradar\/wp-json\/wp\/v2\/posts\/39824\/revisions\/39828"}],"wp:featuredmedia":[{"embeddable":true,"href":"https:\/\/www.correiobraziliense.com.br\/cbradar\/wp-json\/wp\/v2\/media\/39827"}],"wp:attachment":[{"href":"https:\/\/www.correiobraziliense.com.br\/cbradar\/wp-json\/wp\/v2\/media?parent=39824"}],"wp:term":[{"taxonomy":"category","embeddable":true,"href":"https:\/\/www.correiobraziliense.com.br\/cbradar\/wp-json\/wp\/v2\/categories?post=39824"},{"taxonomy":"post_tag","embeddable":true,"href":"https:\/\/www.correiobraziliense.com.br\/cbradar\/wp-json\/wp\/v2\/tags?post=39824"}],"curies":[{"name":"wp","href":"https:\/\/api.w.org\/{rel}","templated":true}]}}