{"id":3984,"date":"2025-02-20T12:50:00","date_gmt":"2025-02-20T15:50:00","guid":{"rendered":"https:\/\/www.correiobraziliense.com.br\/cbradar\/?p=3984"},"modified":"2025-02-19T17:17:06","modified_gmt":"2025-02-19T20:17:06","slug":"bancos-mudam-horario-de-funcionamento-veja-novos-horarios","status":"publish","type":"post","link":"https:\/\/www.correiobraziliense.com.br\/cbradar\/bancos-mudam-horario-de-funcionamento-veja-novos-horarios\/","title":{"rendered":"Bancos mudam hor\u00e1rio de funcionamento, veja novos hor\u00e1rios"},"content":{"rendered":"\n<p>Em 2025, o Carnaval ser\u00e1 celebrado no m\u00eas de mar\u00e7o, entre os dias 1 e 4. Durante esse per\u00edodo, as festividades tomam conta das ruas em diversas regi\u00f5es do Brasil. No entanto, para aqueles que precisam realizar transa\u00e7\u00f5es banc\u00e1rias, \u00e9 importante estar atento \u00e0s mudan\u00e7as no funcionamento das ag\u00eancias banc\u00e1rias, que seguir\u00e3o um cronograma espec\u00edfico devido ao ponto facultativo.<\/p>\n\n\n\n<p>Ainda que o Carnaval n\u00e3o seja um feriado nacional, a <strong><a href=\"https:\/\/portal.febraban.org.br\/\" target=\"_blank\" rel=\"noreferrer noopener\">Federa\u00e7\u00e3o Brasileira dos Bancos (Febraban)<\/a><\/strong> recomenda o fechamento das ag\u00eancias durante os dias de festa. Assim, mesmo em cidades sem programa\u00e7\u00e3o carnavalesca, as ag\u00eancias banc\u00e1rias seguir\u00e3o as diretrizes nacionais, impactando o atendimento ao p\u00fablico.<\/p>\n\n\n\n<h2 class=\"wp-block-heading\"><strong>Quais s\u00e3o os hor\u00e1rios de funcionamento dos bancos no Carnaval?<\/strong><\/h2>\n\n\n\n<p>As ag\u00eancias banc\u00e1rias em todo o Brasil seguir\u00e3o um cronograma padronizado durante o Carnaval. O funcionamento ser\u00e1 ajustado da seguinte forma:<\/p>\n\n\n\n<ul class=\"wp-block-list\">\n<li><strong>Sexta-feira, 28 de fevereiro:<\/strong>\u00a0expediente normal.<\/li>\n\n\n\n<li><strong>Segunda-feira, 3 de mar\u00e7o:<\/strong>\u00a0n\u00e3o haver\u00e1 expediente.<\/li>\n\n\n\n<li><strong>Ter\u00e7a-feira, 4 de mar\u00e7o:<\/strong>\u00a0n\u00e3o haver\u00e1 expediente.<\/li>\n\n\n\n<li><strong>Quarta-feira de Cinzas, 5 de mar\u00e7o:<\/strong>\u00a0as ag\u00eancias abrir\u00e3o \u00e0s 12h e funcionar\u00e3o por pelo menos tr\u00eas horas.<\/li>\n<\/ul>\n\n\n\n<p>Essa medida visa garantir um m\u00ednimo de atendimento ao p\u00fablico na Quarta-feira de Cinzas, com algumas ag\u00eancias podendo abrir antes do meio-dia, dependendo da localiza\u00e7\u00e3o.<\/p>\n\n\n\n<figure class=\"wp-block-image size-large\"><img decoding=\"async\" width=\"1024\" height=\"576\" src=\"https:\/\/www.correiobraziliense.com.br\/cbradar\/wp-content\/uploads\/2025\/02\/bank_1739988605722-1024x576.jpg\" alt=\"Bancos mudam hor\u00e1rio de funcionamento, veja novos hor\u00e1rios\" class=\"wp-image-3986\" srcset=\"https:\/\/www.correiobraziliense.com.br\/cbradar\/wp-content\/uploads\/2025\/02\/bank_1739988605722-1024x576.jpg 1024w, https:\/\/www.correiobraziliense.com.br\/cbradar\/wp-content\/uploads\/2025\/02\/bank_1739988605722-300x169.jpg 300w, https:\/\/www.correiobraziliense.com.br\/cbradar\/wp-content\/uploads\/2025\/02\/bank_1739988605722-768x432.jpg 768w, https:\/\/www.correiobraziliense.com.br\/cbradar\/wp-content\/uploads\/2025\/02\/bank_1739988605722-750x422.jpg 750w, https:\/\/www.correiobraziliense.com.br\/cbradar\/wp-content\/uploads\/2025\/02\/bank_1739988605722-1140x641.jpg 1140w, https:\/\/www.correiobraziliense.com.br\/cbradar\/wp-content\/uploads\/2025\/02\/bank_1739988605722.jpg 1280w\" sizes=\"(max-width: 1024px) 100vw, 1024px\" \/><figcaption class=\"wp-element-caption\">Servi\u00e7os podem ficar indispon\u00edveis. Cr\u00e9ditos: depositphotos.com \/ everythingposs<\/figcaption><\/figure>\n\n\n\n<h2 class=\"wp-block-heading\"><strong>Quais servi\u00e7os banc\u00e1rios s\u00e3o afetados durante o Carnaval?<\/strong><\/h2>\n\n\n\n<p>Durante o Carnaval, al\u00e9m do fechamento das ag\u00eancias, alguns servi\u00e7os banc\u00e1rios tamb\u00e9m ser\u00e3o interrompidos ou ter\u00e3o seu funcionamento retardado. Entre os servi\u00e7os que n\u00e3o estar\u00e3o dispon\u00edveis, destacam-se:<\/p>\n\n\n\n<ul class=\"wp-block-list\">\n<li><strong>Pagamento de boletos:<\/strong>\u00a0boletos com vencimento durante o Carnaval poder\u00e3o ser pagos no pr\u00f3ximo dia \u00fatil sem acr\u00e9scimo de juros.<\/li>\n\n\n\n<li><strong>Transfer\u00eancias via TED:<\/strong>\u00a0ser\u00e3o processadas apenas no pr\u00f3ximo dia \u00fatil.<\/li>\n\n\n\n<li><strong>Dep\u00f3sitos por cheque:<\/strong>\u00a0compensa\u00e7\u00e3o ocorrer\u00e1 no pr\u00f3ximo dia \u00fatil.<\/li>\n\n\n\n<li><strong>Central de Atendimento:<\/strong>\u00a0funcionar\u00e1 em hor\u00e1rio reduzido.<\/li>\n<\/ul>\n\n\n\n<p>No entanto, alguns servi\u00e7os continuar\u00e3o dispon\u00edveis, como o PIX, transfer\u00eancias entre contas do mesmo banco, recarga de celular, e o uso de cart\u00f5es de d\u00e9bito e cr\u00e9dito. Os caixas eletr\u00f4nicos tamb\u00e9m estar\u00e3o dispon\u00edveis para saques.<\/p>\n\n\n\n<h2 class=\"wp-block-heading\"><strong>Quais s\u00e3o os feriados nacionais que impactam o funcionamento dos bancos em 2025?<\/strong><\/h2>\n\n\n\n<p>Al\u00e9m do Carnaval, h\u00e1 outros feriados nacionais em 2025 que afetar\u00e3o o funcionamento das ag\u00eancias banc\u00e1rias. Entre eles, est\u00e3o:<\/p>\n\n\n\n<ol class=\"wp-block-list\">\n<li>Sexta-feira da Paix\u00e3o (18 de abril)<\/li>\n\n\n\n<li>Tiradentes (21 de abril)<\/li>\n\n\n\n<li>Dia do Trabalho (1 de maio)<\/li>\n\n\n\n<li>Corpus Christi (19 de junho)<\/li>\n\n\n\n<li>Independ\u00eancia do Brasil (7 de setembro)<\/li>\n\n\n\n<li>Nossa Senhora Aparecida (12 de outubro)<\/li>\n\n\n\n<li>Dia de Finados (2 de novembro)<\/li>\n\n\n\n<li>Proclama\u00e7\u00e3o da Rep\u00fablica (15 de novembro)<\/li>\n\n\n\n<li>Dia Nacional de Zumbi e da Consci\u00eancia Negra (20 de novembro)<\/li>\n\n\n\n<li>Natal (25 de dezembro)<\/li>\n\n\n\n<li>V\u00e9spera de Ano Novo (31 de dezembro)<\/li>\n<\/ol>\n\n\n\n<p>Al\u00e9m dos feriados nacionais, feriados municipais e estaduais tamb\u00e9m podem impactar o funcionamento das ag\u00eancias, embora n\u00e3o interfiram nos prazos de pagamento de contas e boletos.<\/p>\n\n\n\n<p><\/p>\n","protected":false},"excerpt":{"rendered":"<p>Saiba tudo sobre o funcionamento dos bancos durante o Carnaval de 2025 no Brasil: hor\u00e1rios, servi\u00e7os afetados, feriados nacionais e mais.<\/p>\n","protected":false},"author":3,"featured_media":3985,"comment_status":"open","ping_status":"open","sticky":false,"template":"","format":"standard","meta":{"jnews-multi-image_gallery":[],"jnews_single_post":{"format":"standard"},"jnews_primary_category":[],"jnews_social_meta":[],"jnews_override_counter":[],"footnotes":""},"categories":[112],"post_tag":[199,848],"class_list":["post-3984","post","type-post","status-publish","format-standard","has-post-thumbnail","hentry","category-curiosidades","tag-carnaval","tag-carnaval-2025"],"yoast_head":"<!-- This site is optimized with the Yoast SEO plugin v24.6 - https:\/\/yoast.com\/wordpress\/plugins\/seo\/ -->\n<title>Bancos mudam hor\u00e1rio de funcionamento, veja novos hor\u00e1rios<\/title>\n<meta name=\"description\" content=\"Saiba tudo sobre o funcionamento dos bancos durante o Carnaval de 2025 no Brasil: hor\u00e1rios, servi\u00e7os afetados, feriados nacionais e mais.\" \/>\n<meta name=\"robots\" content=\"index, follow, max-snippet:-1, max-image-preview:large, max-video-preview:-1\" \/>\n<link rel=\"canonical\" href=\"https:\/\/www.correiobraziliense.com.br\/cbradar\/bancos-mudam-horario-de-funcionamento-veja-novos-horarios\/\" \/>\n<meta property=\"og:locale\" content=\"pt_BR\" \/>\n<meta property=\"og:type\" content=\"article\" \/>\n<meta property=\"og:title\" content=\"Bancos mudam hor\u00e1rio de funcionamento, veja novos hor\u00e1rios\" \/>\n<meta property=\"og:description\" content=\"Saiba tudo sobre o funcionamento dos bancos durante o Carnaval de 2025 no Brasil: hor\u00e1rios, servi\u00e7os afetados, feriados nacionais e mais.\" \/>\n<meta property=\"og:url\" content=\"https:\/\/www.correiobraziliense.com.br\/cbradar\/bancos-mudam-horario-de-funcionamento-veja-novos-horarios\/\" \/>\n<meta property=\"og:site_name\" content=\"Correio Braziliense - Radar\" \/>\n<meta property=\"article:published_time\" content=\"2025-02-20T15:50:00+00:00\" \/>\n<meta property=\"og:image\" content=\"https:\/\/www.correiobraziliense.com.br\/cbradar\/wp-content\/uploads\/2025\/02\/bank_1739988572220.jpg\" \/>\n\t<meta property=\"og:image:width\" content=\"1280\" \/>\n\t<meta property=\"og:image:height\" content=\"720\" \/>\n\t<meta property=\"og:image:type\" content=\"image\/jpeg\" \/>\n<meta name=\"author\" content=\"Larissa Carvalho\" \/>\n<meta name=\"twitter:card\" content=\"summary_large_image\" \/>\n<meta name=\"twitter:label1\" content=\"Escrito por\" \/>\n\t<meta name=\"twitter:data1\" content=\"Larissa Carvalho\" \/>\n\t<meta name=\"twitter:label2\" content=\"Est. tempo de leitura\" \/>\n\t<meta name=\"twitter:data2\" content=\"3 minutos\" \/>\n<!-- \/ Yoast SEO plugin. -->","yoast_head_json":{"title":"Bancos mudam hor\u00e1rio de funcionamento, veja novos hor\u00e1rios","description":"Saiba tudo sobre o funcionamento dos bancos durante o Carnaval de 2025 no Brasil: hor\u00e1rios, servi\u00e7os afetados, feriados nacionais e mais.","robots":{"index":"index","follow":"follow","max-snippet":"max-snippet:-1","max-image-preview":"max-image-preview:large","max-video-preview":"max-video-preview:-1"},"canonical":"https:\/\/www.correiobraziliense.com.br\/cbradar\/bancos-mudam-horario-de-funcionamento-veja-novos-horarios\/","og_locale":"pt_BR","og_type":"article","og_title":"Bancos mudam hor\u00e1rio de funcionamento, veja novos hor\u00e1rios","og_description":"Saiba tudo sobre o funcionamento dos bancos durante o Carnaval de 2025 no Brasil: hor\u00e1rios, servi\u00e7os afetados, feriados nacionais e mais.","og_url":"https:\/\/www.correiobraziliense.com.br\/cbradar\/bancos-mudam-horario-de-funcionamento-veja-novos-horarios\/","og_site_name":"Correio Braziliense - Radar","article_published_time":"2025-02-20T15:50:00+00:00","og_image":[{"width":1280,"height":720,"url":"https:\/\/www.correiobraziliense.com.br\/cbradar\/wp-content\/uploads\/2025\/02\/bank_1739988572220.jpg","type":"image\/jpeg"}],"author":"Larissa Carvalho","twitter_card":"summary_large_image","twitter_misc":{"Escrito por":"Larissa Carvalho","Est. tempo de leitura":"3 minutos"},"schema":{"@context":"https:\/\/schema.org","@graph":[{"@type":"WebPage","@id":"https:\/\/www.correiobraziliense.com.br\/cbradar\/bancos-mudam-horario-de-funcionamento-veja-novos-horarios\/","url":"https:\/\/www.correiobraziliense.com.br\/cbradar\/bancos-mudam-horario-de-funcionamento-veja-novos-horarios\/","name":"Bancos mudam hor\u00e1rio de funcionamento, veja novos hor\u00e1rios","isPartOf":{"@id":"https:\/\/www.correiobraziliense.com.br\/cbradar\/#website"},"primaryImageOfPage":{"@id":"https:\/\/www.correiobraziliense.com.br\/cbradar\/bancos-mudam-horario-de-funcionamento-veja-novos-horarios\/#primaryimage"},"image":{"@id":"https:\/\/www.correiobraziliense.com.br\/cbradar\/bancos-mudam-horario-de-funcionamento-veja-novos-horarios\/#primaryimage"},"thumbnailUrl":"https:\/\/www.correiobraziliense.com.br\/cbradar\/wp-content\/uploads\/2025\/02\/bank_1739988572220.jpg","datePublished":"2025-02-20T15:50:00+00:00","author":{"@id":"https:\/\/www.correiobraziliense.com.br\/cbradar\/#\/schema\/person\/58422787644df994b53a19d3e56c1513"},"description":"Saiba tudo sobre o funcionamento dos bancos durante o Carnaval de 2025 no Brasil: hor\u00e1rios, servi\u00e7os afetados, feriados nacionais e mais.","breadcrumb":{"@id":"https:\/\/www.correiobraziliense.com.br\/cbradar\/bancos-mudam-horario-de-funcionamento-veja-novos-horarios\/#breadcrumb"},"inLanguage":"pt-BR","potentialAction":[{"@type":"ReadAction","target":["https:\/\/www.correiobraziliense.com.br\/cbradar\/bancos-mudam-horario-de-funcionamento-veja-novos-horarios\/"]}]},{"@type":"ImageObject","inLanguage":"pt-BR","@id":"https:\/\/www.correiobraziliense.com.br\/cbradar\/bancos-mudam-horario-de-funcionamento-veja-novos-horarios\/#primaryimage","url":"https:\/\/www.correiobraziliense.com.br\/cbradar\/wp-content\/uploads\/2025\/02\/bank_1739988572220.jpg","contentUrl":"https:\/\/www.correiobraziliense.com.br\/cbradar\/wp-content\/uploads\/2025\/02\/bank_1739988572220.jpg","width":1280,"height":720,"caption":"O novo hor\u00e1rio de funcionamento dos bancos. Cr\u00e9ditos: depositphotos.com \/ milangucci"},{"@type":"BreadcrumbList","@id":"https:\/\/www.correiobraziliense.com.br\/cbradar\/bancos-mudam-horario-de-funcionamento-veja-novos-horarios\/#breadcrumb","itemListElement":[{"@type":"ListItem","position":1,"name":"In\u00edcio","item":"https:\/\/www.correiobraziliense.com.br\/cbradar\/"},{"@type":"ListItem","position":2,"name":"Bancos mudam hor\u00e1rio de funcionamento, veja novos hor\u00e1rios"}]},{"@type":"WebSite","@id":"https:\/\/www.correiobraziliense.com.br\/cbradar\/#website","url":"https:\/\/www.correiobraziliense.com.br\/cbradar\/","name":"Correio Braziliense - Radar","description":"Acompanhe as \u00faltimas not\u00edcias e fique bem informado sobre tudo o que acontece no Brasil e no mundo.","potentialAction":[{"@type":"SearchAction","target":{"@type":"EntryPoint","urlTemplate":"https:\/\/www.correiobraziliense.com.br\/cbradar\/?s={search_term_string}"},"query-input":{"@type":"PropertyValueSpecification","valueRequired":true,"valueName":"search_term_string"}}],"inLanguage":"pt-BR"},{"@type":"Person","@id":"https:\/\/www.correiobraziliense.com.br\/cbradar\/#\/schema\/person\/58422787644df994b53a19d3e56c1513","name":"Larissa Carvalho","image":{"@type":"ImageObject","inLanguage":"pt-BR","@id":"https:\/\/www.correiobraziliense.com.br\/cbradar\/#\/schema\/person\/image\/","url":"https:\/\/secure.gravatar.com\/avatar\/fe4f91a0de32b52a838d0d612abdc1aa?s=96&d=mm&r=g","contentUrl":"https:\/\/secure.gravatar.com\/avatar\/fe4f91a0de32b52a838d0d612abdc1aa?s=96&d=mm&r=g","caption":"Larissa Carvalho"},"url":"https:\/\/www.correiobraziliense.com.br\/cbradar\/author\/larissamyth\/"}]}},"_links":{"self":[{"href":"https:\/\/www.correiobraziliense.com.br\/cbradar\/wp-json\/wp\/v2\/posts\/3984","targetHints":{"allow":["GET"]}}],"collection":[{"href":"https:\/\/www.correiobraziliense.com.br\/cbradar\/wp-json\/wp\/v2\/posts"}],"about":[{"href":"https:\/\/www.correiobraziliense.com.br\/cbradar\/wp-json\/wp\/v2\/types\/post"}],"author":[{"embeddable":true,"href":"https:\/\/www.correiobraziliense.com.br\/cbradar\/wp-json\/wp\/v2\/users\/3"}],"replies":[{"embeddable":true,"href":"https:\/\/www.correiobraziliense.com.br\/cbradar\/wp-json\/wp\/v2\/comments?post=3984"}],"version-history":[{"count":1,"href":"https:\/\/www.correiobraziliense.com.br\/cbradar\/wp-json\/wp\/v2\/posts\/3984\/revisions"}],"predecessor-version":[{"id":3987,"href":"https:\/\/www.correiobraziliense.com.br\/cbradar\/wp-json\/wp\/v2\/posts\/3984\/revisions\/3987"}],"wp:featuredmedia":[{"embeddable":true,"href":"https:\/\/www.correiobraziliense.com.br\/cbradar\/wp-json\/wp\/v2\/media\/3985"}],"wp:attachment":[{"href":"https:\/\/www.correiobraziliense.com.br\/cbradar\/wp-json\/wp\/v2\/media?parent=3984"}],"wp:term":[{"taxonomy":"category","embeddable":true,"href":"https:\/\/www.correiobraziliense.com.br\/cbradar\/wp-json\/wp\/v2\/categories?post=3984"},{"taxonomy":"post_tag","embeddable":true,"href":"https:\/\/www.correiobraziliense.com.br\/cbradar\/wp-json\/wp\/v2\/post_tag?post=3984"}],"curies":[{"name":"wp","href":"https:\/\/api.w.org\/{rel}","templated":true}]}}