{"id":3988,"date":"2025-02-20T14:30:00","date_gmt":"2025-02-20T17:30:00","guid":{"rendered":"https:\/\/www.correiobraziliense.com.br\/cbradar\/?p=3988"},"modified":"2025-02-19T17:17:30","modified_gmt":"2025-02-19T20:17:30","slug":"a-fortuna-de-kanye-west-vai-te-surpreender","status":"publish","type":"post","link":"https:\/\/www.correiobraziliense.com.br\/cbradar\/a-fortuna-de-kanye-west-vai-te-surpreender\/","title":{"rendered":"A fortuna de Kanye West vai te surpreender"},"content":{"rendered":"\n<p>Kanye West, tamb\u00e9m conhecido como Ye, \u00e9 uma figura proeminente no mundo da m\u00fasica e dos neg\u00f3cios. Em 2025, ele revelou que seu patrim\u00f4nio l\u00edquido alcan\u00e7ou novamente a marca de bilion\u00e1rio, <strong>estimado em US$ 2,77 bilh\u00f5es<\/strong>, conforme um relat\u00f3rio da <strong>Eton Venture Services<\/strong>. Este valor \u00e9 baseado em seu portf\u00f3lio musical e na propriedade exclusiva da marca Yeezy.<\/p>\n\n\n\n<p>Entretanto, a trajet\u00f3ria financeira de Kanye n\u00e3o foi sempre ascendente. Em 2022, ele enfrentou um rev\u00e9s significativo quando sua parceria com a Adidas foi encerrada. Na \u00e9poca, a revista &#8220;Forbes&#8221; relatou que seu patrim\u00f4nio l\u00edquido caiu de US$ 2 bilh\u00f5es para US$ 400 milh\u00f5es. O acordo com a Adidas, que valia cerca de US$ 1,5 bilh\u00e3o, foi desfeito ap\u00f3s uma s\u00e9rie de coment\u00e1rios antissemitas feitos pelo rapper.<\/p>\n\n\n\n<h2 class=\"wp-block-heading\"><strong>Como Kanye West reconstruiu sua fortuna?<\/strong><\/h2>\n\n\n\n<p>Ap\u00f3s a perda de parcerias importantes, Kanye West teve que reavaliar suas estrat\u00e9gias de neg\u00f3cios. A marca Yeezy, conhecida por sua linha de cal\u00e7ados e roupas, continuou a ser um ativo valioso. Al\u00e9m disso, seu portf\u00f3lio musical, que inclui \u00e1lbuns de sucesso e colabora\u00e7\u00f5es, contribuiu significativamente para a recupera\u00e7\u00e3o de sua fortuna.<\/p>\n\n\n\n<p>West tamb\u00e9m diversificou suas fontes de renda, explorando novas oportunidades no setor de entretenimento e moda. Ele manteve uma presen\u00e7a constante na m\u00eddia, o que ajudou a manter sua relev\u00e2ncia e atratividade no mercado.<\/p>\n\n\n\n<figure class=\"wp-block-image size-large\"><img decoding=\"async\" width=\"1024\" height=\"576\" src=\"https:\/\/www.correiobraziliense.com.br\/cbradar\/wp-content\/uploads\/2025\/02\/Kanye-West_1739988787367-1024x576.jpg\" alt=\"A fortuna de Kanye West vai te surpreender\" class=\"wp-image-3990\" srcset=\"https:\/\/www.correiobraziliense.com.br\/cbradar\/wp-content\/uploads\/2025\/02\/Kanye-West_1739988787367-1024x576.jpg 1024w, https:\/\/www.correiobraziliense.com.br\/cbradar\/wp-content\/uploads\/2025\/02\/Kanye-West_1739988787367-300x169.jpg 300w, https:\/\/www.correiobraziliense.com.br\/cbradar\/wp-content\/uploads\/2025\/02\/Kanye-West_1739988787367-768x432.jpg 768w, https:\/\/www.correiobraziliense.com.br\/cbradar\/wp-content\/uploads\/2025\/02\/Kanye-West_1739988787367-750x422.jpg 750w, https:\/\/www.correiobraziliense.com.br\/cbradar\/wp-content\/uploads\/2025\/02\/Kanye-West_1739988787367-1140x641.jpg 1140w, https:\/\/www.correiobraziliense.com.br\/cbradar\/wp-content\/uploads\/2025\/02\/Kanye-West_1739988787367.jpg 1280w\" sizes=\"(max-width: 1024px) 100vw, 1024px\" \/><figcaption class=\"wp-element-caption\">Kanye West. Cr\u00e9ditos: depositphotos.com \/ PopularImages<\/figcaption><\/figure>\n\n\n\n<h2 class=\"wp-block-heading\"><strong>Quais foram as consequ\u00eancias das ocntrov\u00e9rsias de Kanye West?<\/strong><\/h2>\n\n\n\n<p>As declara\u00e7\u00f5es pol\u00eamicas de Kanye West n\u00e3o apenas afetaram suas finan\u00e7as, mas tamb\u00e9m sua reputa\u00e7\u00e3o. Empresas como Def Jam, JP Morgan Chase e Balenciaga encerraram suas parcerias com o artista, condenando seus coment\u00e1rios. Essas a\u00e7\u00f5es destacam a import\u00e2ncia da responsabilidade social e das rela\u00e7\u00f5es p\u00fablicas na manuten\u00e7\u00e3o de parcerias comerciais.<\/p>\n\n\n\n<p>Apesar das controv\u00e9rsias, Kanye West conseguiu se reerguer, demonstrando resili\u00eancia e habilidade para navegar em tempos dif\u00edceis. Sua capacidade de se reinventar e adaptar suas estrat\u00e9gias de neg\u00f3cios foi crucial para sua recupera\u00e7\u00e3o financeira.<\/p>\n\n\n\n<h2 class=\"wp-block-heading\"><strong>O futuro de Kanye West no mundo dos neg\u00f3cios<\/strong><\/h2>\n\n\n\n<p>O futuro de Kanye West no mundo dos neg\u00f3cios parece promissor, especialmente com a marca Yeezy continuando a ser um pilar de sua fortuna. A habilidade de Kanye em se manter relevante e inovador ser\u00e1 essencial para sustentar seu status de bilion\u00e1rio.<\/p>\n\n\n\n<p>Al\u00e9m disso, sua experi\u00eancia em lidar com adversidades pode servir como um exemplo para outros empreendedores. Kanye West mostrou que, mesmo diante de desafios significativos, \u00e9 poss\u00edvel se recuperar e prosperar novamente.<\/p>\n","protected":false},"excerpt":{"rendered":"<p>Explora\u00e7\u00e3o da ascens\u00e3o e queda financeira de Kanye West, al\u00e9m de suas estrat\u00e9gias de recupera\u00e7\u00e3o e as consequ\u00eancias de suas controv\u00e9rsias<\/p>\n","protected":false},"author":3,"featured_media":3989,"comment_status":"open","ping_status":"open","sticky":false,"template":"","format":"standard","meta":{"jnews-multi-image_gallery":[],"jnews_single_post":{"format":"standard"},"jnews_primary_category":[],"jnews_social_meta":[],"jnews_override_counter":[],"footnotes":""},"categories":[128,140],"post_tag":[850],"class_list":["post-3988","post","type-post","status-publish","format-standard","has-post-thumbnail","hentry","category-economia","category-entretenimento","tag-kanye-west"],"yoast_head":"<!-- This site is optimized with the Yoast SEO plugin v24.6 - https:\/\/yoast.com\/wordpress\/plugins\/seo\/ -->\n<title>A fortuna de Kanye West vai te surpreender<\/title>\n<meta name=\"description\" content=\"Explora\u00e7\u00e3o da ascens\u00e3o e queda financeira de Kanye West, al\u00e9m de suas estrat\u00e9gias de recupera\u00e7\u00e3o e as consequ\u00eancias de suas controv\u00e9rsias\" \/>\n<meta name=\"robots\" content=\"index, follow, max-snippet:-1, max-image-preview:large, max-video-preview:-1\" \/>\n<link rel=\"canonical\" href=\"https:\/\/www.correiobraziliense.com.br\/cbradar\/a-fortuna-de-kanye-west-vai-te-surpreender\/\" \/>\n<meta property=\"og:locale\" content=\"pt_BR\" \/>\n<meta property=\"og:type\" content=\"article\" \/>\n<meta property=\"og:title\" content=\"A fortuna de Kanye West vai te surpreender\" \/>\n<meta property=\"og:description\" content=\"Explora\u00e7\u00e3o da ascens\u00e3o e queda financeira de Kanye West, al\u00e9m de suas estrat\u00e9gias de recupera\u00e7\u00e3o e as consequ\u00eancias de suas controv\u00e9rsias\" \/>\n<meta property=\"og:url\" content=\"https:\/\/www.correiobraziliense.com.br\/cbradar\/a-fortuna-de-kanye-west-vai-te-surpreender\/\" \/>\n<meta property=\"og:site_name\" content=\"Correio Braziliense - Radar\" \/>\n<meta property=\"article:published_time\" content=\"2025-02-20T17:30:00+00:00\" \/>\n<meta property=\"og:image\" content=\"https:\/\/www.correiobraziliense.com.br\/cbradar\/wp-content\/uploads\/2025\/02\/Kanye-West_1739988721958.jpg\" \/>\n\t<meta property=\"og:image:width\" content=\"1280\" \/>\n\t<meta property=\"og:image:height\" content=\"720\" \/>\n\t<meta property=\"og:image:type\" content=\"image\/jpeg\" \/>\n<meta name=\"author\" content=\"Larissa Carvalho\" \/>\n<meta name=\"twitter:card\" content=\"summary_large_image\" \/>\n<meta name=\"twitter:label1\" content=\"Escrito por\" \/>\n\t<meta name=\"twitter:data1\" content=\"Larissa Carvalho\" \/>\n\t<meta name=\"twitter:label2\" content=\"Est. tempo de leitura\" \/>\n\t<meta name=\"twitter:data2\" content=\"3 minutos\" \/>\n<!-- \/ Yoast SEO plugin. -->","yoast_head_json":{"title":"A fortuna de Kanye West vai te surpreender","description":"Explora\u00e7\u00e3o da ascens\u00e3o e queda financeira de Kanye West, al\u00e9m de suas estrat\u00e9gias de recupera\u00e7\u00e3o e as consequ\u00eancias de suas controv\u00e9rsias","robots":{"index":"index","follow":"follow","max-snippet":"max-snippet:-1","max-image-preview":"max-image-preview:large","max-video-preview":"max-video-preview:-1"},"canonical":"https:\/\/www.correiobraziliense.com.br\/cbradar\/a-fortuna-de-kanye-west-vai-te-surpreender\/","og_locale":"pt_BR","og_type":"article","og_title":"A fortuna de Kanye West vai te surpreender","og_description":"Explora\u00e7\u00e3o da ascens\u00e3o e queda financeira de Kanye West, al\u00e9m de suas estrat\u00e9gias de recupera\u00e7\u00e3o e as consequ\u00eancias de suas controv\u00e9rsias","og_url":"https:\/\/www.correiobraziliense.com.br\/cbradar\/a-fortuna-de-kanye-west-vai-te-surpreender\/","og_site_name":"Correio Braziliense - Radar","article_published_time":"2025-02-20T17:30:00+00:00","og_image":[{"width":1280,"height":720,"url":"https:\/\/www.correiobraziliense.com.br\/cbradar\/wp-content\/uploads\/2025\/02\/Kanye-West_1739988721958.jpg","type":"image\/jpeg"}],"author":"Larissa Carvalho","twitter_card":"summary_large_image","twitter_misc":{"Escrito por":"Larissa Carvalho","Est. tempo de leitura":"3 minutos"},"schema":{"@context":"https:\/\/schema.org","@graph":[{"@type":"WebPage","@id":"https:\/\/www.correiobraziliense.com.br\/cbradar\/a-fortuna-de-kanye-west-vai-te-surpreender\/","url":"https:\/\/www.correiobraziliense.com.br\/cbradar\/a-fortuna-de-kanye-west-vai-te-surpreender\/","name":"A fortuna de Kanye West vai te surpreender","isPartOf":{"@id":"https:\/\/www.correiobraziliense.com.br\/cbradar\/#website"},"primaryImageOfPage":{"@id":"https:\/\/www.correiobraziliense.com.br\/cbradar\/a-fortuna-de-kanye-west-vai-te-surpreender\/#primaryimage"},"image":{"@id":"https:\/\/www.correiobraziliense.com.br\/cbradar\/a-fortuna-de-kanye-west-vai-te-surpreender\/#primaryimage"},"thumbnailUrl":"https:\/\/www.correiobraziliense.com.br\/cbradar\/wp-content\/uploads\/2025\/02\/Kanye-West_1739988721958.jpg","datePublished":"2025-02-20T17:30:00+00:00","author":{"@id":"https:\/\/www.correiobraziliense.com.br\/cbradar\/#\/schema\/person\/58422787644df994b53a19d3e56c1513"},"description":"Explora\u00e7\u00e3o da ascens\u00e3o e queda financeira de Kanye West, al\u00e9m de suas estrat\u00e9gias de recupera\u00e7\u00e3o e as consequ\u00eancias de suas controv\u00e9rsias","breadcrumb":{"@id":"https:\/\/www.correiobraziliense.com.br\/cbradar\/a-fortuna-de-kanye-west-vai-te-surpreender\/#breadcrumb"},"inLanguage":"pt-BR","potentialAction":[{"@type":"ReadAction","target":["https:\/\/www.correiobraziliense.com.br\/cbradar\/a-fortuna-de-kanye-west-vai-te-surpreender\/"]}]},{"@type":"ImageObject","inLanguage":"pt-BR","@id":"https:\/\/www.correiobraziliense.com.br\/cbradar\/a-fortuna-de-kanye-west-vai-te-surpreender\/#primaryimage","url":"https:\/\/www.correiobraziliense.com.br\/cbradar\/wp-content\/uploads\/2025\/02\/Kanye-West_1739988721958.jpg","contentUrl":"https:\/\/www.correiobraziliense.com.br\/cbradar\/wp-content\/uploads\/2025\/02\/Kanye-West_1739988721958.jpg","width":1280,"height":720,"caption":"Kanye West. Cr\u00e9ditos: depositphotos.com \/ PopularImages"},{"@type":"BreadcrumbList","@id":"https:\/\/www.correiobraziliense.com.br\/cbradar\/a-fortuna-de-kanye-west-vai-te-surpreender\/#breadcrumb","itemListElement":[{"@type":"ListItem","position":1,"name":"In\u00edcio","item":"https:\/\/www.correiobraziliense.com.br\/cbradar\/"},{"@type":"ListItem","position":2,"name":"A fortuna de Kanye West vai te surpreender"}]},{"@type":"WebSite","@id":"https:\/\/www.correiobraziliense.com.br\/cbradar\/#website","url":"https:\/\/www.correiobraziliense.com.br\/cbradar\/","name":"Correio Braziliense - Radar","description":"Acompanhe as \u00faltimas not\u00edcias e fique bem informado sobre tudo o que acontece no Brasil e no mundo.","potentialAction":[{"@type":"SearchAction","target":{"@type":"EntryPoint","urlTemplate":"https:\/\/www.correiobraziliense.com.br\/cbradar\/?s={search_term_string}"},"query-input":{"@type":"PropertyValueSpecification","valueRequired":true,"valueName":"search_term_string"}}],"inLanguage":"pt-BR"},{"@type":"Person","@id":"https:\/\/www.correiobraziliense.com.br\/cbradar\/#\/schema\/person\/58422787644df994b53a19d3e56c1513","name":"Larissa Carvalho","image":{"@type":"ImageObject","inLanguage":"pt-BR","@id":"https:\/\/www.correiobraziliense.com.br\/cbradar\/#\/schema\/person\/image\/","url":"https:\/\/secure.gravatar.com\/avatar\/fe4f91a0de32b52a838d0d612abdc1aa?s=96&d=mm&r=g","contentUrl":"https:\/\/secure.gravatar.com\/avatar\/fe4f91a0de32b52a838d0d612abdc1aa?s=96&d=mm&r=g","caption":"Larissa Carvalho"},"url":"https:\/\/www.correiobraziliense.com.br\/cbradar\/author\/larissamyth\/"}]}},"_links":{"self":[{"href":"https:\/\/www.correiobraziliense.com.br\/cbradar\/wp-json\/wp\/v2\/posts\/3988","targetHints":{"allow":["GET"]}}],"collection":[{"href":"https:\/\/www.correiobraziliense.com.br\/cbradar\/wp-json\/wp\/v2\/posts"}],"about":[{"href":"https:\/\/www.correiobraziliense.com.br\/cbradar\/wp-json\/wp\/v2\/types\/post"}],"author":[{"embeddable":true,"href":"https:\/\/www.correiobraziliense.com.br\/cbradar\/wp-json\/wp\/v2\/users\/3"}],"replies":[{"embeddable":true,"href":"https:\/\/www.correiobraziliense.com.br\/cbradar\/wp-json\/wp\/v2\/comments?post=3988"}],"version-history":[{"count":1,"href":"https:\/\/www.correiobraziliense.com.br\/cbradar\/wp-json\/wp\/v2\/posts\/3988\/revisions"}],"predecessor-version":[{"id":3991,"href":"https:\/\/www.correiobraziliense.com.br\/cbradar\/wp-json\/wp\/v2\/posts\/3988\/revisions\/3991"}],"wp:featuredmedia":[{"embeddable":true,"href":"https:\/\/www.correiobraziliense.com.br\/cbradar\/wp-json\/wp\/v2\/media\/3989"}],"wp:attachment":[{"href":"https:\/\/www.correiobraziliense.com.br\/cbradar\/wp-json\/wp\/v2\/media?parent=3988"}],"wp:term":[{"taxonomy":"category","embeddable":true,"href":"https:\/\/www.correiobraziliense.com.br\/cbradar\/wp-json\/wp\/v2\/categories?post=3988"},{"taxonomy":"post_tag","embeddable":true,"href":"https:\/\/www.correiobraziliense.com.br\/cbradar\/wp-json\/wp\/v2\/post_tag?post=3988"}],"curies":[{"name":"wp","href":"https:\/\/api.w.org\/{rel}","templated":true}]}}