{"id":39977,"date":"2025-05-21T13:23:00","date_gmt":"2025-05-21T16:23:00","guid":{"rendered":"https:\/\/www.correiobraziliense.com.br\/cbradar\/?p=39977"},"modified":"2025-05-21T06:56:33","modified_gmt":"2025-05-21T09:56:33","slug":"quem-nao-consegue-dormir-bem-a-noite-esta-comemorando-essas-dicas-simples-para-o-dia-a-dia","status":"publish","type":"post","link":"https:\/\/www.correiobraziliense.com.br\/cbradar\/quem-nao-consegue-dormir-bem-a-noite-esta-comemorando-essas-dicas-simples-para-o-dia-a-dia\/","title":{"rendered":"Quem n\u00e3o consegue dormir bem \u00e0 noite est\u00e1 comemorando essas dicas simples para o dia a dia"},"content":{"rendered":"\n<p>Frequentemente, o <a href=\"https:\/\/pt.wikipedia.org\/wiki\/Sono\" target=\"_blank\" rel=\"noreferrer noopener\"><strong>sono<\/strong> <\/a>\u00e9 visto como um estado passivo, uma pausa necess\u00e1ria entre as atividades do dia. No entanto, essa percep\u00e7\u00e3o subestima drasticamente seu papel ativo e fundamental para a nossa <strong>sa\u00fade<\/strong> e <strong>bem-estar<\/strong> geral. Longe de ser apenas um per\u00edodo de inatividade, o <strong>sono<\/strong> \u00e9 um processo biol\u00f3gico complexo e vital onde o corpo e o <strong>c\u00e9rebro<\/strong> trabalham ativamente para se reparar, consolidar mem\u00f3rias, regular <strong>horm\u00f4nios<\/strong> e fortalecer o <strong>sistema imunol\u00f3gico<\/strong>. A <strong>priva\u00e7\u00e3o de sono<\/strong> cr\u00f4nica \u00e9 uma epidemia moderna, ligada a uma s\u00e9rie de problemas de <a href=\"https:\/\/www.correiobraziliense.com.br\/cbradar\/hormonio-que-e-produzido-naturalmente-pelo-corpo-e-seus-segredos-que-quase-ninguem-sabe\/\" target=\"_blank\" rel=\"noreferrer noopener\"><strong>sa\u00fade<\/strong> <\/a>f\u00edsica e mental, como <strong>fadiga<\/strong>, irritabilidade, dificuldade de <strong>concentra\u00e7\u00e3o<\/strong>, <strong>obesidade<\/strong>, <strong>doen\u00e7as cardiovasculares<\/strong> e <strong>depress\u00e3o<\/strong>. Compreender a verdadeira import\u00e2ncia do <strong>sono<\/strong> \u00e9 o primeiro passo para prioriz\u00e1-lo em sua vida.<\/p>\n\n\n\n<p>A <strong>qualidade do sono<\/strong> afeta cada aspecto do seu dia, desde seus n\u00edveis de <strong>energia<\/strong> e <strong>humor<\/strong> at\u00e9 sua capacidade de tomar decis\u00f5es e lidar com o <strong>estresse<\/strong>. Existem muitos <strong>mitos<\/strong> sobre o <strong>sono<\/strong> que podem estar prejudicando sua <strong>sa\u00fade<\/strong> sem que voc\u00ea perceba. Desvendar esses <strong>mitos<\/strong> e aplicar princ\u00edpios de <strong>higiene do sono<\/strong> pode transformar suas noites e, consequentemente, sua <strong>qualidade de vida<\/strong> durante o dia. Este artigo explora os impactos positivos do <strong>sono<\/strong> de qualidade, desmistifica cren\u00e7as comuns e oferece dicas pr\u00e1ticas para garantir noites mais reparadoras. <strong>Sempre consulte um profissional de sa\u00fade<\/strong> (m\u00e9dico, especialista em <strong>sono<\/strong>) se voc\u00ea tiver <strong>ins\u00f4nia<\/strong> persistente ou outros <strong>dist\u00farbios do sono<\/strong>.<\/p>\n\n\n\n<h2 class=\"wp-block-heading\">Quais s\u00e3o os mitos mais comuns sobre o sono que podem estar prejudicando sua sa\u00fade?<\/h2>\n\n\n<div class=\"wp-block-image\">\n<figure class=\"aligncenter size-large\"><img decoding=\"async\" width=\"1024\" height=\"576\" src=\"https:\/\/www.correiobraziliense.com.br\/cbradar\/wp-content\/uploads\/2025\/03\/dormir_1740934908071-1024x576.jpg\" alt=\"Quem n\u00e3o consegue dormir bem a noite est\u00e1 comemorando essas dicas simples para o dia a dia\" class=\"wp-image-8366\" srcset=\"https:\/\/www.correiobraziliense.com.br\/cbradar\/wp-content\/uploads\/2025\/03\/dormir_1740934908071-1024x576.jpg 1024w, https:\/\/www.correiobraziliense.com.br\/cbradar\/wp-content\/uploads\/2025\/03\/dormir_1740934908071-300x169.jpg 300w, https:\/\/www.correiobraziliense.com.br\/cbradar\/wp-content\/uploads\/2025\/03\/dormir_1740934908071-768x432.jpg 768w, https:\/\/www.correiobraziliense.com.br\/cbradar\/wp-content\/uploads\/2025\/03\/dormir_1740934908071-750x422.jpg 750w, https:\/\/www.correiobraziliense.com.br\/cbradar\/wp-content\/uploads\/2025\/03\/dormir_1740934908071-1140x641.jpg 1140w, https:\/\/www.correiobraziliense.com.br\/cbradar\/wp-content\/uploads\/2025\/03\/dormir_1740934908071.jpg 1280w\" sizes=\"(max-width: 1024px) 100vw, 1024px\" \/><figcaption class=\"wp-element-caption\">Dormir &#8211; Cr\u00e9ditos: depositphotos.com \/ focuspocusltd<\/figcaption><\/figure><\/div>\n\n\n<p>Muitos <strong>mitos<\/strong> sobre o <strong>sono<\/strong> persistem e podem levar a <strong>h\u00e1bitos<\/strong> n\u00e3o <strong>saud\u00e1veis<\/strong>:<\/p>\n\n\n\n<ul class=\"wp-block-list\">\n<li><strong>Mito:<\/strong> Dormir pouco \u00e9 normal e produtivo. <strong>Verdade:<\/strong> A <strong>priva\u00e7\u00e3o de sono<\/strong> afeta negativamente a <strong>produtividade<\/strong>, a <strong>concentra\u00e7\u00e3o<\/strong>, o <strong>racioc\u00ednio<\/strong> e a <strong>sa\u00fade<\/strong> a longo prazo. \u00c9 um sinal de alerta, n\u00e3o de <strong>produtividade<\/strong>.<\/li>\n\n\n\n<li><strong>Mito:<\/strong> D\u00e1 para &#8220;recuperar&#8221; o <strong>sono<\/strong> perdido no fim de semana. <strong>Verdade:<\/strong> Embora algumas horas extras possam ajudar a aliviar a <strong>fadiga<\/strong> imediata, voc\u00ea n\u00e3o consegue compensar totalmente as noites perdidas. O &#8220;d\u00e9bito de sono&#8221; se acumula e pode ter <strong>efeitos<\/strong> duradouros na <strong>sa\u00fade<\/strong>.<\/li>\n\n\n\n<li><strong>Mito:<\/strong> O \u00e1lcool ajuda a dormir bem. <strong>Verdade:<\/strong> O \u00e1lcool pode induzir o <strong>sono<\/strong> rapidamente, mas fragmenta o <strong>sono<\/strong> durante a noite e suprime o <strong>sono<\/strong> rem (fase importante para a <strong>mem\u00f3ria<\/strong> e o <strong>bem-estar mental<\/strong>), resultando em um <strong>sono<\/strong> de baixa <strong>qualidade<\/strong>.<\/li>\n\n\n\n<li><strong>Mito:<\/strong> Assistir televis\u00e3o ou usar eletr\u00f4nicos na cama ajuda a relaxar antes de dormir. <strong>Verdade:<\/strong> A luz azul emitida por telas eletr\u00f4nicas suprime a produ\u00e7\u00e3o de <strong>melatonina<\/strong> (o horm\u00f4nio do <strong>sono<\/strong>), dificultando o adormecer e afetando a <strong>qualidade do sono<\/strong>.<\/li>\n<\/ul>\n\n\n\n<p>Esses <strong>mitos<\/strong> levam a <strong>h\u00e1bitos<\/strong> que sabotam o <strong>sono<\/strong> reparador.<\/p>\n\n\n\n<h2 class=\"wp-block-heading\">Como o sono de qualidade impacta sua sa\u00fade f\u00edsica e desempenho di\u00e1rio?<\/h2>\n\n\n\n<p>O <strong>sono<\/strong> de qualidade \u00e9 um pilar para a <strong>sa\u00fade f\u00edsica<\/strong> e o <strong>desempenho<\/strong> em todas as \u00e1reas:<\/p>\n\n\n\n<ul class=\"wp-block-list\">\n<li><strong>Recupera\u00e7\u00e3o e Reparo Corporal:<\/strong> Durante o <strong>sono<\/strong>, o corpo realiza processos de <strong>reparo<\/strong> tecidual, <strong>regenera\u00e7\u00e3o celular<\/strong> e <strong>fortalecimento<\/strong> muscular.<\/li>\n\n\n\n<li><strong>Fun\u00e7\u00e3o Imunol\u00f3gica:<\/strong> O <strong>sono<\/strong> adequado fortalece o <strong>sistema imunol\u00f3gico<\/strong>, tornando o corpo mais resistente a infec\u00e7\u00f5es.<\/li>\n\n\n\n<li><strong>Equil\u00edbrio Hormonal:<\/strong> Regula <strong>horm\u00f4nios<\/strong> importantes como a grelina e a leptina (que controlam o apetite e a saciedade), o <strong>cortisol<\/strong> (horm\u00f4nio do <strong>estresse<\/strong>) e o horm\u00f4nio do crescimento.<\/li>\n\n\n\n<li><strong>Metabolismo:<\/strong> Influencia o <strong>metabolismo<\/strong> da glicose e a sensibilidade \u00e0 <strong>insulina<\/strong>, <strong>reduzindo o risco<\/strong> de <strong>diabetes tipo 2<\/strong> e <strong>obesidade<\/strong>.<\/li>\n\n\n\n<li><strong>Desempenho F\u00edsico:<\/strong> Melhora a <strong>energia<\/strong>, a <strong>resist\u00eancia<\/strong>, a <strong>coordena\u00e7\u00e3o<\/strong> e o <strong>tempo de rea\u00e7\u00e3o<\/strong> para atividades f\u00edsicas.<\/li>\n\n\n\n<li><strong>Preven\u00e7\u00e3o de Les\u00f5es:<\/strong> M\u00fasculos e reflexos descansados s\u00e3o menos propensos a <strong>les\u00f5es<\/strong>.<\/li>\n<\/ul>\n\n\n\n<p>Um <strong>sono<\/strong> de qualidade \u00e9 essencial para a <strong>sa\u00fade<\/strong> e o <strong>desempenho<\/strong> f\u00edsico.<\/p>\n\n\n\n<h2 class=\"wp-block-heading\">De que forma o sono profundo e reparador nutre sua sa\u00fade mental e emocional?<\/h2>\n\n\n\n<p>O <strong>sono<\/strong> nutre a <strong>sa\u00fade mental<\/strong> e emocional de maneiras profundas:<\/p>\n\n\n\n<ul class=\"wp-block-list\">\n<li><strong>Regula\u00e7\u00e3o do Humor:<\/strong> O <strong>sono<\/strong> adequado \u00e9 crucial para a <strong>regula\u00e7\u00e3o do humor<\/strong>. A <strong>priva\u00e7\u00e3o de sono<\/strong> est\u00e1 ligada \u00e0 irritabilidade, <strong>ansiedade<\/strong> e aumento do <strong>risco de depress\u00e3o<\/strong>.<\/li>\n\n\n\n<li><strong>Redu\u00e7\u00e3o do Estresse:<\/strong> Um <strong>sono<\/strong> reparador ajuda o corpo a processar o <strong>estresse<\/strong> do dia, <strong>reduzindo a ansiedade<\/strong> e a <strong>tens\u00e3o<\/strong>.<\/li>\n\n\n\n<li><strong>Fun\u00e7\u00e3o Cognitiva:<\/strong> Consolida mem\u00f3rias, melhora a <strong>concentra\u00e7\u00e3o<\/strong>, o <strong>foco<\/strong>, a <strong>capacidade de resolu\u00e7\u00e3o de problemas<\/strong> e a <strong>criatividade<\/strong>.<\/li>\n\n\n\n<li><strong>Resili\u00eancia Emocional:<\/strong> Permite que o c\u00e9rebro processe <strong>emo\u00e7\u00f5es<\/strong>, contribuindo para a <strong>resili\u00eancia emocional<\/strong> e a capacidade de lidar com desafios.<\/li>\n\n\n\n<li><strong>Sa\u00fade Cerebral:<\/strong> Ajuda a &#8220;limpar&#8221; subprodutos metab\u00f3licos acumulados no <strong>c\u00e9rebro<\/strong> durante a vig\u00edlia.<\/li>\n<\/ul>\n\n\n\n<p>Priorizar o <strong>sono<\/strong> \u00e9 investir na <strong>sa\u00fade mental<\/strong> e na <strong>intelig\u00eancia emocional<\/strong>.<\/p>\n\n\n\n<h2 class=\"wp-block-heading\">Quais s\u00e3o os pilares da higiene do sono para garantir noites mais reparadoras?<\/h2>\n\n\n\n<p>A <strong>higiene do sono<\/strong> \u00e9 um conjunto de <strong>h\u00e1bitos<\/strong> que promovem um <strong>sono<\/strong> de <strong>qualidade<\/strong>:<\/p>\n\n\n\n<ul class=\"wp-block-list\">\n<li><strong>Consist\u00eancia:<\/strong> Mantenha um hor\u00e1rio de dormir e acordar regular, mesmo nos fins de semana. Isso ajuda a regular o <strong>ritmo circadiano<\/strong>.<\/li>\n\n\n\n<li><strong>Ambiente otimizado:<\/strong> Torne o quarto escuro, silencioso e fresco. Use cortinas blackout, tamp\u00f5es de ouvido ou m\u00e1quina de ru\u00eddo branco, se necess\u00e1rio.<\/li>\n\n\n\n<li><strong>Rotina pr\u00e9-sono relaxante:<\/strong> Crie um ritual de <strong>relaxamento<\/strong> 30-60 minutos antes de deitar: leitura (livro f\u00edsico), banho morno, medita\u00e7\u00e3o, <strong>alongamentos<\/strong> suaves.<\/li>\n\n\n\n<li><strong>Evitar estimulantes:<\/strong> Limite <strong>cafe\u00edna<\/strong> e nicotina, especialmente nas horas antes de dormir.<\/li>\n\n\n\n<li><strong>Moderar o \u00e1lcool:<\/strong> O \u00e1lcool prejudica a <strong>qualidade do sono<\/strong>, apesar de poder induzi-lo.<\/li>\n\n\n\n<li><strong>Limitar telas:<\/strong> Evite celulares, tablets, computadores e tvs na cama ou pelo menos 1 hora antes de dormir devido \u00e0 luz azul.<\/li>\n\n\n\n<li><strong>Atividade f\u00edsica:<\/strong> Exercite-se regularmente, mas evite treinos intensos perto da hora de dormir.<\/li>\n\n\n\n<li><strong>Alimenta\u00e7\u00e3o leve:<\/strong> Evite refei\u00e7\u00f5es pesadas e muito perto da hora de dormir.<\/li>\n<\/ul>\n\n\n\n<p>Esses <strong>h\u00e1bitos<\/strong> criam as condi\u00e7\u00f5es ideais para o <strong>sono<\/strong>.<\/p>\n\n\n\n<h2 class=\"wp-block-heading\">Quando devo me preocupar com o sono e buscar ajuda profissional?<\/h2>\n\n\n\n<p>\u00c9 normal ter uma noite de <strong>sono<\/strong> ruim ocasionalmente. No entanto, voc\u00ea deve se preocupar e <strong>buscar ajuda profissional<\/strong> se:<\/p>\n\n\n\n<ul class=\"wp-block-list\">\n<li>Voc\u00ea tiver <strong>ins\u00f4nia<\/strong> persistente (dificuldade em adormecer ou manter o <strong>sono<\/strong> por mais de 3 semanas, tr\u00eas ou mais vezes por semana).<\/li>\n\n\n\n<li>Voc\u00ea experienciar <strong>fadiga<\/strong> diurna significativa, mesmo ap\u00f3s o <strong>sono<\/strong> noturno.<\/li>\n\n\n\n<li>Voc\u00ea roncar alto, ter pausas na <strong>respira\u00e7\u00e3o<\/strong> durante o <strong>sono<\/strong> (sinais de apneia do <strong>sono<\/strong>).<\/li>\n\n\n\n<li>Voc\u00ea tiver sensa\u00e7\u00e3o de pernas inquietas ou desconfort\u00e1veis que o impede de dormir.<\/li>\n\n\n\n<li>Seu <strong>sono<\/strong> estiver impactando negativamente sua <strong>sa\u00fade<\/strong>, <strong>seguran\u00e7a<\/strong> (ex: sonol\u00eancia ao dirigir) ou <strong>qualidade de vida<\/strong>.<\/li>\n\n\n\n<li>Voc\u00ea suspeitar de um <strong>dist\u00farbio do sono<\/strong> (como narcolepsia).<\/li>\n<\/ul>\n\n\n\n<p>Um m\u00e9dico ou especialista em <strong>sono<\/strong> pode diagnosticar a causa subjacente dos problemas de <strong>sono<\/strong> e recomendar o tratamento mais adequado, que pode incluir terapia (como a tcc-i), medicamentos ou outras interven\u00e7\u00f5es. Priorizar o <strong>sono<\/strong> \u00e9 um <strong>investimento<\/strong> na sua <strong>sa\u00fade<\/strong> e <strong>bem-estar<\/strong> geral, e buscar ajuda quando necess\u00e1rio \u00e9 um sinal de for\u00e7a e autocuidado.<\/p>\n","protected":false},"excerpt":{"rendered":"<p>Frequentemente, o sono \u00e9 visto como um estado passivo, uma pausa necess\u00e1ria entre as atividades do dia. No entanto, essa percep\u00e7\u00e3o subestima drasticamente seu papel ativo e fundamental para a nossa sa\u00fade e bem-estar geral. Longe de ser apenas um per\u00edodo de inatividade, o sono \u00e9 um processo biol\u00f3gico complexo e vital onde o corpo [&hellip;]<\/p>\n","protected":false},"author":11,"featured_media":12417,"comment_status":"open","ping_status":"open","sticky":false,"template":"","format":"standard","meta":{"_yoast_wpseo_focuskw":"noites de sono","_yoast_wpseo_title":"","_yoast_wpseo_metadesc":"Dicas simples e eficazes que t\u00eam ajudado quem sofre com noites mal dormidas a conquistar um sono mais tranquilo e reparador","jnews-multi-image_gallery":[],"jnews_single_post":{"format":"standard"},"jnews_primary_category":[],"jnews_social_meta":[],"jnews_override_counter":[],"footnotes":""},"categories":[119],"tags":[120,565,1313],"class_list":["post-39977","post","type-post","status-publish","format-standard","has-post-thumbnail","hentry","category-bem-estar","tag-bem-estar","tag-saude","tag-sono"],"yoast_head":"<!-- This site is optimized with the Yoast SEO plugin v24.6 - https:\/\/yoast.com\/wordpress\/plugins\/seo\/ -->\n<title>Quem n\u00e3o consegue dormir bem \u00e0 noite est\u00e1 comemorando essas dicas simples para o dia a dia - Correio Braziliense - Radar<\/title>\n<meta name=\"description\" content=\"Dicas simples e eficazes que t\u00eam ajudado quem sofre com noites mal dormidas a conquistar um sono mais tranquilo e reparador\" \/>\n<meta name=\"robots\" content=\"index, follow, max-snippet:-1, max-image-preview:large, max-video-preview:-1\" \/>\n<link rel=\"canonical\" href=\"https:\/\/www.correiobraziliense.com.br\/cbradar\/quem-nao-consegue-dormir-bem-a-noite-esta-comemorando-essas-dicas-simples-para-o-dia-a-dia\/\" \/>\n<meta property=\"og:locale\" content=\"pt_BR\" \/>\n<meta property=\"og:type\" content=\"article\" \/>\n<meta property=\"og:title\" content=\"Quem n\u00e3o consegue dormir bem \u00e0 noite est\u00e1 comemorando essas dicas simples para o dia a dia - Correio Braziliense - Radar\" \/>\n<meta property=\"og:description\" content=\"Dicas simples e eficazes que t\u00eam ajudado quem sofre com noites mal dormidas a conquistar um sono mais tranquilo e reparador\" \/>\n<meta property=\"og:url\" content=\"https:\/\/www.correiobraziliense.com.br\/cbradar\/quem-nao-consegue-dormir-bem-a-noite-esta-comemorando-essas-dicas-simples-para-o-dia-a-dia\/\" \/>\n<meta property=\"og:site_name\" content=\"Correio Braziliense - Radar\" \/>\n<meta property=\"article:published_time\" content=\"2025-05-21T16:23:00+00:00\" \/>\n<meta property=\"og:image\" content=\"https:\/\/www.correiobraziliense.com.br\/cbradar\/wp-content\/uploads\/2025\/03\/dORMIR_1741920780054.jpg\" \/>\n\t<meta property=\"og:image:width\" content=\"1280\" \/>\n\t<meta property=\"og:image:height\" content=\"720\" \/>\n\t<meta property=\"og:image:type\" content=\"image\/jpeg\" \/>\n<meta name=\"author\" content=\"Paulo Custodio\" \/>\n<meta name=\"twitter:card\" content=\"summary_large_image\" \/>\n<meta name=\"twitter:label1\" content=\"Escrito por\" \/>\n\t<meta name=\"twitter:data1\" content=\"Paulo Custodio\" \/>\n\t<meta name=\"twitter:label2\" content=\"Est. tempo de leitura\" \/>\n\t<meta name=\"twitter:data2\" content=\"7 minutos\" \/>\n<!-- \/ Yoast SEO plugin. -->","yoast_head_json":{"title":"Quem n\u00e3o consegue dormir bem \u00e0 noite est\u00e1 comemorando essas dicas simples para o dia a dia - Correio Braziliense - Radar","description":"Dicas simples e eficazes que t\u00eam ajudado quem sofre com noites mal dormidas a conquistar um sono mais tranquilo e reparador","robots":{"index":"index","follow":"follow","max-snippet":"max-snippet:-1","max-image-preview":"max-image-preview:large","max-video-preview":"max-video-preview:-1"},"canonical":"https:\/\/www.correiobraziliense.com.br\/cbradar\/quem-nao-consegue-dormir-bem-a-noite-esta-comemorando-essas-dicas-simples-para-o-dia-a-dia\/","og_locale":"pt_BR","og_type":"article","og_title":"Quem n\u00e3o consegue dormir bem \u00e0 noite est\u00e1 comemorando essas dicas simples para o dia a dia - Correio Braziliense - Radar","og_description":"Dicas simples e eficazes que t\u00eam ajudado quem sofre com noites mal dormidas a conquistar um sono mais tranquilo e reparador","og_url":"https:\/\/www.correiobraziliense.com.br\/cbradar\/quem-nao-consegue-dormir-bem-a-noite-esta-comemorando-essas-dicas-simples-para-o-dia-a-dia\/","og_site_name":"Correio Braziliense - Radar","article_published_time":"2025-05-21T16:23:00+00:00","og_image":[{"width":1280,"height":720,"url":"https:\/\/www.correiobraziliense.com.br\/cbradar\/wp-content\/uploads\/2025\/03\/dORMIR_1741920780054.jpg","type":"image\/jpeg"}],"author":"Paulo Custodio","twitter_card":"summary_large_image","twitter_misc":{"Escrito por":"Paulo Custodio","Est. tempo de leitura":"7 minutos"},"schema":{"@context":"https:\/\/schema.org","@graph":[{"@type":"WebPage","@id":"https:\/\/www.correiobraziliense.com.br\/cbradar\/quem-nao-consegue-dormir-bem-a-noite-esta-comemorando-essas-dicas-simples-para-o-dia-a-dia\/","url":"https:\/\/www.correiobraziliense.com.br\/cbradar\/quem-nao-consegue-dormir-bem-a-noite-esta-comemorando-essas-dicas-simples-para-o-dia-a-dia\/","name":"Quem n\u00e3o consegue dormir bem \u00e0 noite est\u00e1 comemorando essas dicas simples para o dia a dia - Correio Braziliense - Radar","isPartOf":{"@id":"https:\/\/www.correiobraziliense.com.br\/cbradar\/#website"},"primaryImageOfPage":{"@id":"https:\/\/www.correiobraziliense.com.br\/cbradar\/quem-nao-consegue-dormir-bem-a-noite-esta-comemorando-essas-dicas-simples-para-o-dia-a-dia\/#primaryimage"},"image":{"@id":"https:\/\/www.correiobraziliense.com.br\/cbradar\/quem-nao-consegue-dormir-bem-a-noite-esta-comemorando-essas-dicas-simples-para-o-dia-a-dia\/#primaryimage"},"thumbnailUrl":"https:\/\/www.correiobraziliense.com.br\/cbradar\/wp-content\/uploads\/2025\/03\/dORMIR_1741920780054.jpg","datePublished":"2025-05-21T16:23:00+00:00","author":{"@id":"https:\/\/www.correiobraziliense.com.br\/cbradar\/#\/schema\/person\/4cec7857301a9a1a2ef249893cd908d3"},"description":"Dicas simples e eficazes que t\u00eam ajudado quem sofre com noites mal dormidas a conquistar um sono mais tranquilo e reparador","breadcrumb":{"@id":"https:\/\/www.correiobraziliense.com.br\/cbradar\/quem-nao-consegue-dormir-bem-a-noite-esta-comemorando-essas-dicas-simples-para-o-dia-a-dia\/#breadcrumb"},"inLanguage":"pt-BR","potentialAction":[{"@type":"ReadAction","target":["https:\/\/www.correiobraziliense.com.br\/cbradar\/quem-nao-consegue-dormir-bem-a-noite-esta-comemorando-essas-dicas-simples-para-o-dia-a-dia\/"]}]},{"@type":"ImageObject","inLanguage":"pt-BR","@id":"https:\/\/www.correiobraziliense.com.br\/cbradar\/quem-nao-consegue-dormir-bem-a-noite-esta-comemorando-essas-dicas-simples-para-o-dia-a-dia\/#primaryimage","url":"https:\/\/www.correiobraziliense.com.br\/cbradar\/wp-content\/uploads\/2025\/03\/dORMIR_1741920780054.jpg","contentUrl":"https:\/\/www.correiobraziliense.com.br\/cbradar\/wp-content\/uploads\/2025\/03\/dORMIR_1741920780054.jpg","width":1280,"height":720,"caption":"Homem na cama - Cr\u00e9ditos: depositphotos.com \/ focuspocusltd"},{"@type":"BreadcrumbList","@id":"https:\/\/www.correiobraziliense.com.br\/cbradar\/quem-nao-consegue-dormir-bem-a-noite-esta-comemorando-essas-dicas-simples-para-o-dia-a-dia\/#breadcrumb","itemListElement":[{"@type":"ListItem","position":1,"name":"In\u00edcio","item":"https:\/\/www.correiobraziliense.com.br\/cbradar\/"},{"@type":"ListItem","position":2,"name":"Quem n\u00e3o consegue dormir bem \u00e0 noite est\u00e1 comemorando essas dicas simples para o dia a dia"}]},{"@type":"WebSite","@id":"https:\/\/www.correiobraziliense.com.br\/cbradar\/#website","url":"https:\/\/www.correiobraziliense.com.br\/cbradar\/","name":"Correio Braziliense - Radar","description":"Acompanhe as \u00faltimas not\u00edcias e fique bem informado sobre tudo o que acontece no Brasil e no mundo.","potentialAction":[{"@type":"SearchAction","target":{"@type":"EntryPoint","urlTemplate":"https:\/\/www.correiobraziliense.com.br\/cbradar\/?s={search_term_string}"},"query-input":{"@type":"PropertyValueSpecification","valueRequired":true,"valueName":"search_term_string"}}],"inLanguage":"pt-BR"},{"@type":"Person","@id":"https:\/\/www.correiobraziliense.com.br\/cbradar\/#\/schema\/person\/4cec7857301a9a1a2ef249893cd908d3","name":"Paulo Custodio","image":{"@type":"ImageObject","inLanguage":"pt-BR","@id":"https:\/\/www.correiobraziliense.com.br\/cbradar\/#\/schema\/person\/image\/","url":"https:\/\/secure.gravatar.com\/avatar\/bcd67168d1534e8fcf4f45c726a87cea?s=96&d=mm&r=g","contentUrl":"https:\/\/secure.gravatar.com\/avatar\/bcd67168d1534e8fcf4f45c726a87cea?s=96&d=mm&r=g","caption":"Paulo Custodio"},"sameAs":["https:\/\/www.correiobraziliense.com.br\/cbradar"],"url":"https:\/\/www.correiobraziliense.com.br\/cbradar\/author\/paulomyth\/"}]}},"_links":{"self":[{"href":"https:\/\/www.correiobraziliense.com.br\/cbradar\/wp-json\/wp\/v2\/posts\/39977","targetHints":{"allow":["GET"]}}],"collection":[{"href":"https:\/\/www.correiobraziliense.com.br\/cbradar\/wp-json\/wp\/v2\/posts"}],"about":[{"href":"https:\/\/www.correiobraziliense.com.br\/cbradar\/wp-json\/wp\/v2\/types\/post"}],"author":[{"embeddable":true,"href":"https:\/\/www.correiobraziliense.com.br\/cbradar\/wp-json\/wp\/v2\/users\/11"}],"replies":[{"embeddable":true,"href":"https:\/\/www.correiobraziliense.com.br\/cbradar\/wp-json\/wp\/v2\/comments?post=39977"}],"version-history":[{"count":2,"href":"https:\/\/www.correiobraziliense.com.br\/cbradar\/wp-json\/wp\/v2\/posts\/39977\/revisions"}],"predecessor-version":[{"id":40352,"href":"https:\/\/www.correiobraziliense.com.br\/cbradar\/wp-json\/wp\/v2\/posts\/39977\/revisions\/40352"}],"wp:featuredmedia":[{"embeddable":true,"href":"https:\/\/www.correiobraziliense.com.br\/cbradar\/wp-json\/wp\/v2\/media\/12417"}],"wp:attachment":[{"href":"https:\/\/www.correiobraziliense.com.br\/cbradar\/wp-json\/wp\/v2\/media?parent=39977"}],"wp:term":[{"taxonomy":"category","embeddable":true,"href":"https:\/\/www.correiobraziliense.com.br\/cbradar\/wp-json\/wp\/v2\/categories?post=39977"},{"taxonomy":"post_tag","embeddable":true,"href":"https:\/\/www.correiobraziliense.com.br\/cbradar\/wp-json\/wp\/v2\/tags?post=39977"}],"curies":[{"name":"wp","href":"https:\/\/api.w.org\/{rel}","templated":true}]}}