{"id":4004,"date":"2025-02-20T22:30:00","date_gmt":"2025-02-21T01:30:00","guid":{"rendered":"https:\/\/www.correiobraziliense.com.br\/cbradar\/?p=4004"},"modified":"2025-02-19T17:20:08","modified_gmt":"2025-02-19T20:20:08","slug":"telescopio-james-webb-encontra-buraco-negro-na-nossa-galaxia","status":"publish","type":"post","link":"https:\/\/www.correiobraziliense.com.br\/cbradar\/telescopio-james-webb-encontra-buraco-negro-na-nossa-galaxia\/","title":{"rendered":"Telesc\u00f3pio James Webb encontra buraco negro na nossa gal\u00e1xia"},"content":{"rendered":"\n<p>O telesc\u00f3pio espacial <strong>James Webb<\/strong>, lan\u00e7ado pela <strong>NASA<\/strong> em 2021, tem proporcionado aos astr\u00f4nomos uma vis\u00e3o sem precedentes dos eventos din\u00e2micos que ocorrem ao redor do buraco negro supermassivo localizado no centro da Via L\u00e1ctea. Este buraco negro, conhecido como <strong>Sagittarius A* (Sgr A*)<\/strong>, est\u00e1 a cerca de 26.000 anos-luz da Terra e possui uma massa aproximadamente 4 milh\u00f5es de vezes maior que a do Sol. As observa\u00e7\u00f5es realizadas pelo Webb t\u00eam revelado uma atividade intensa e constante, caracterizada por cintila\u00e7\u00f5es de luz e explos\u00f5es ocasionais.<\/p>\n\n\n\n<p>Desde que come\u00e7ou a coletar dados em 2022, o telesc\u00f3pio James Webb tem permitido que os cientistas observem a regi\u00e3o ao redor do Sgr A* por per\u00edodos prolongados, algo que n\u00e3o era poss\u00edvel anteriormente. Isso tem possibilitado a identifica\u00e7\u00e3o de padr\u00f5es de atividade e a compreens\u00e3o mais detalhada dos processos que ocorrem nessa \u00e1rea turbulenta. As descobertas recentes indicam que o disco de g\u00e1s que circunda o buraco negro, conhecido como disco de acre\u00e7\u00e3o, est\u00e1 em constante agita\u00e7\u00e3o, com materiais sendo atra\u00eddos pela poderosa for\u00e7a gravitacional do buraco negro.<\/p>\n\n\n\n<h2 class=\"wp-block-heading\"><strong>O que est\u00e1 acontecendo ao redor do Sagittarius A*?<\/strong><\/h2>\n\n\n\n<p>As observa\u00e7\u00f5es do telesc\u00f3pio James Webb revelaram que a regi\u00e3o ao redor do Sgr A* est\u00e1 longe de ser est\u00e1vel. Em vez disso, ela est\u00e1 repleta de atividade, com cintila\u00e7\u00f5es constantes de luz provenientes do disco de acre\u00e7\u00e3o. Essas cintila\u00e7\u00f5es s\u00e3o causadas por materiais que est\u00e3o muito pr\u00f3ximos ao horizonte de eventos do buraco negro, o ponto al\u00e9m do qual nada pode escapar de sua atra\u00e7\u00e3o gravitacional.<\/p>\n\n\n\n<p>Al\u00e9m das cintila\u00e7\u00f5es, foram observadas explos\u00f5es ocasionais, com uma a tr\u00eas grandes explos\u00f5es ocorrendo em um per\u00edodo de 24 horas, al\u00e9m de explos\u00f5es menores entre elas. Essas explos\u00f5es s\u00e3o compar\u00e1veis \u00e0s explos\u00f5es solares, mas ocorrem em um ambiente astrof\u00edsico diferente e em um n\u00edvel energ\u00e9tico muito mais alto. O disco de acre\u00e7\u00e3o \u00e9 uma regi\u00e3o extremamente ca\u00f3tica, onde o g\u00e1s \u00e9 comprimido e agitado \u00e0 medida que se aproxima do buraco negro.<\/p>\n\n\n\n<figure class=\"wp-block-image size-large\"><img decoding=\"async\" width=\"1024\" height=\"576\" src=\"https:\/\/www.correiobraziliense.com.br\/cbradar\/wp-content\/uploads\/2025\/02\/James-Webb_1739990843787-1024x576.jpg\" alt=\"Telesc\u00f3pio James Webb encontra buraco negro na nossa gal\u00e1xia\" class=\"wp-image-4006\" srcset=\"https:\/\/www.correiobraziliense.com.br\/cbradar\/wp-content\/uploads\/2025\/02\/James-Webb_1739990843787-1024x576.jpg 1024w, https:\/\/www.correiobraziliense.com.br\/cbradar\/wp-content\/uploads\/2025\/02\/James-Webb_1739990843787-300x169.jpg 300w, https:\/\/www.correiobraziliense.com.br\/cbradar\/wp-content\/uploads\/2025\/02\/James-Webb_1739990843787-768x432.jpg 768w, https:\/\/www.correiobraziliense.com.br\/cbradar\/wp-content\/uploads\/2025\/02\/James-Webb_1739990843787-750x422.jpg 750w, https:\/\/www.correiobraziliense.com.br\/cbradar\/wp-content\/uploads\/2025\/02\/James-Webb_1739990843787-1140x641.jpg 1140w, https:\/\/www.correiobraziliense.com.br\/cbradar\/wp-content\/uploads\/2025\/02\/James-Webb_1739990843787.jpg 1280w\" sizes=\"(max-width: 1024px) 100vw, 1024px\" \/><figcaption class=\"wp-element-caption\">James Webb. Cr\u00e9ditos: depositphotos.com \/ Jbruiz<\/figcaption><\/figure>\n\n\n\n<h2 class=\"wp-block-heading\"><strong>Como o James Webb est\u00e1 transformando a observa\u00e7\u00e3o de buracos negros?<\/strong><\/h2>\n\n\n\n<p>O telesc\u00f3pio James Webb tem revolucionado a maneira como os astr\u00f4nomos observam buracos negros e suas intera\u00e7\u00f5es com o ambiente ao redor. As observa\u00e7\u00f5es do Sgr A* realizadas pelo Webb ao longo de 48 horas, distribu\u00eddas em sete incrementos, t\u00eam fornecido dados valiosos sobre o comportamento do material no disco de acre\u00e7\u00e3o. Cerca de 90% desse material \u00e9 eventualmente sugado pelo buraco negro, enquanto o restante \u00e9 ejetado de volta ao espa\u00e7o.<\/p>\n\n\n\n<p>Essas descobertas s\u00e3o cruciais para entender como os buracos negros supermassivos interagem com suas gal\u00e1xias hospedeiras. Embora o Sgr A* esteja em um estado relativamente calmo em compara\u00e7\u00e3o com buracos negros em outras gal\u00e1xias, os eventos observados ainda s\u00e3o de grande interesse para os cientistas. A capacidade do James Webb de observar essas atividades em detalhes sem precedentes est\u00e1 ajudando a desvendar os mist\u00e9rios dos buracos negros e sua influ\u00eancia no cosmos.<\/p>\n\n\n\n<h2 class=\"wp-block-heading\"><strong>Quais s\u00e3o as implica\u00e7\u00f5es das descobertas do James Webb?<\/strong><\/h2>\n\n\n\n<p>As observa\u00e7\u00f5es realizadas pelo telesc\u00f3pio James Webb est\u00e3o ampliando o conhecimento sobre a din\u00e2mica dos buracos negros e suas intera\u00e7\u00f5es com o ambiente circundante. Ao estudar o Sgr A*, os cientistas est\u00e3o obtendo insights valiosos sobre os processos que ocorrem em torno de buracos negros supermassivos, que s\u00e3o comuns no centro de muitas gal\u00e1xias.<\/p>\n\n\n\n<p>Essas descobertas n\u00e3o apenas ajudam a entender melhor o comportamento dos buracos negros, mas tamb\u00e9m fornecem pistas sobre a evolu\u00e7\u00e3o das gal\u00e1xias e a forma\u00e7\u00e3o de estruturas c\u00f3smicas. O telesc\u00f3pio James Webb continua a ser uma ferramenta essencial para a explora\u00e7\u00e3o do universo, permitindo que os astr\u00f4nomos observem fen\u00f4menos que antes eram invis\u00edveis e compreendam melhor os mecanismos que governam o cosmos.<\/p>\n","protected":false},"excerpt":{"rendered":"<p>O telesc\u00f3pio espacial James Webb, lan\u00e7ado pela NASA, fornece teorias sem precedentes sobre um buraco negro no centro da Via L\u00e1ctea.<\/p>\n","protected":false},"author":3,"featured_media":4005,"comment_status":"open","ping_status":"open","sticky":false,"template":"","format":"standard","meta":{"jnews-multi-image_gallery":[],"jnews_single_post":{"format":"standard"},"jnews_primary_category":[],"jnews_social_meta":[],"jnews_override_counter":[],"footnotes":""},"categories":[115],"post_tag":[855],"class_list":["post-4004","post","type-post","status-publish","format-standard","has-post-thumbnail","hentry","category-tecnologia","tag-james-webb"],"yoast_head":"<!-- This site is optimized with the Yoast SEO plugin v24.6 - https:\/\/yoast.com\/wordpress\/plugins\/seo\/ -->\n<title>Telesc\u00f3pio James Webb encontra buraco negro na nossa gal\u00e1xia<\/title>\n<meta name=\"description\" content=\"O telesc\u00f3pio espacial James Webb, lan\u00e7ado pela NASA, fornece teorias sem precedentes sobre um buraco negro no centro da Via L\u00e1ctea.\" \/>\n<meta name=\"robots\" content=\"index, follow, max-snippet:-1, max-image-preview:large, max-video-preview:-1\" \/>\n<link rel=\"canonical\" href=\"https:\/\/www.correiobraziliense.com.br\/cbradar\/telescopio-james-webb-encontra-buraco-negro-na-nossa-galaxia\/\" \/>\n<meta property=\"og:locale\" content=\"pt_BR\" \/>\n<meta property=\"og:type\" content=\"article\" \/>\n<meta property=\"og:title\" content=\"Telesc\u00f3pio James Webb encontra buraco negro na nossa gal\u00e1xia\" \/>\n<meta property=\"og:description\" content=\"O telesc\u00f3pio espacial James Webb, lan\u00e7ado pela NASA, fornece teorias sem precedentes sobre um buraco negro no centro da Via L\u00e1ctea.\" \/>\n<meta property=\"og:url\" content=\"https:\/\/www.correiobraziliense.com.br\/cbradar\/telescopio-james-webb-encontra-buraco-negro-na-nossa-galaxia\/\" \/>\n<meta property=\"og:site_name\" content=\"Correio Braziliense - Radar\" \/>\n<meta property=\"article:published_time\" content=\"2025-02-21T01:30:00+00:00\" \/>\n<meta property=\"og:image\" content=\"https:\/\/www.correiobraziliense.com.br\/cbradar\/wp-content\/uploads\/2025\/02\/buraco-negro_1739990781817.jpg\" \/>\n\t<meta property=\"og:image:width\" content=\"1279\" \/>\n\t<meta property=\"og:image:height\" content=\"720\" \/>\n\t<meta property=\"og:image:type\" content=\"image\/jpeg\" \/>\n<meta name=\"author\" content=\"Larissa Carvalho\" \/>\n<meta name=\"twitter:card\" content=\"summary_large_image\" \/>\n<meta name=\"twitter:label1\" content=\"Escrito por\" \/>\n\t<meta name=\"twitter:data1\" content=\"Larissa Carvalho\" \/>\n\t<meta name=\"twitter:label2\" content=\"Est. tempo de leitura\" \/>\n\t<meta name=\"twitter:data2\" content=\"4 minutos\" \/>\n<!-- \/ Yoast SEO plugin. -->","yoast_head_json":{"title":"Telesc\u00f3pio James Webb encontra buraco negro na nossa gal\u00e1xia","description":"O telesc\u00f3pio espacial James Webb, lan\u00e7ado pela NASA, fornece teorias sem precedentes sobre um buraco negro no centro da Via L\u00e1ctea.","robots":{"index":"index","follow":"follow","max-snippet":"max-snippet:-1","max-image-preview":"max-image-preview:large","max-video-preview":"max-video-preview:-1"},"canonical":"https:\/\/www.correiobraziliense.com.br\/cbradar\/telescopio-james-webb-encontra-buraco-negro-na-nossa-galaxia\/","og_locale":"pt_BR","og_type":"article","og_title":"Telesc\u00f3pio James Webb encontra buraco negro na nossa gal\u00e1xia","og_description":"O telesc\u00f3pio espacial James Webb, lan\u00e7ado pela NASA, fornece teorias sem precedentes sobre um buraco negro no centro da Via L\u00e1ctea.","og_url":"https:\/\/www.correiobraziliense.com.br\/cbradar\/telescopio-james-webb-encontra-buraco-negro-na-nossa-galaxia\/","og_site_name":"Correio Braziliense - Radar","article_published_time":"2025-02-21T01:30:00+00:00","og_image":[{"width":1279,"height":720,"url":"https:\/\/www.correiobraziliense.com.br\/cbradar\/wp-content\/uploads\/2025\/02\/buraco-negro_1739990781817.jpg","type":"image\/jpeg"}],"author":"Larissa Carvalho","twitter_card":"summary_large_image","twitter_misc":{"Escrito por":"Larissa Carvalho","Est. tempo de leitura":"4 minutos"},"schema":{"@context":"https:\/\/schema.org","@graph":[{"@type":"WebPage","@id":"https:\/\/www.correiobraziliense.com.br\/cbradar\/telescopio-james-webb-encontra-buraco-negro-na-nossa-galaxia\/","url":"https:\/\/www.correiobraziliense.com.br\/cbradar\/telescopio-james-webb-encontra-buraco-negro-na-nossa-galaxia\/","name":"Telesc\u00f3pio James Webb encontra buraco negro na nossa gal\u00e1xia","isPartOf":{"@id":"https:\/\/www.correiobraziliense.com.br\/cbradar\/#website"},"primaryImageOfPage":{"@id":"https:\/\/www.correiobraziliense.com.br\/cbradar\/telescopio-james-webb-encontra-buraco-negro-na-nossa-galaxia\/#primaryimage"},"image":{"@id":"https:\/\/www.correiobraziliense.com.br\/cbradar\/telescopio-james-webb-encontra-buraco-negro-na-nossa-galaxia\/#primaryimage"},"thumbnailUrl":"https:\/\/www.correiobraziliense.com.br\/cbradar\/wp-content\/uploads\/2025\/02\/buraco-negro_1739990781817.jpg","datePublished":"2025-02-21T01:30:00+00:00","author":{"@id":"https:\/\/www.correiobraziliense.com.br\/cbradar\/#\/schema\/person\/58422787644df994b53a19d3e56c1513"},"description":"O telesc\u00f3pio espacial James Webb, lan\u00e7ado pela NASA, fornece teorias sem precedentes sobre um buraco negro no centro da Via L\u00e1ctea.","breadcrumb":{"@id":"https:\/\/www.correiobraziliense.com.br\/cbradar\/telescopio-james-webb-encontra-buraco-negro-na-nossa-galaxia\/#breadcrumb"},"inLanguage":"pt-BR","potentialAction":[{"@type":"ReadAction","target":["https:\/\/www.correiobraziliense.com.br\/cbradar\/telescopio-james-webb-encontra-buraco-negro-na-nossa-galaxia\/"]}]},{"@type":"ImageObject","inLanguage":"pt-BR","@id":"https:\/\/www.correiobraziliense.com.br\/cbradar\/telescopio-james-webb-encontra-buraco-negro-na-nossa-galaxia\/#primaryimage","url":"https:\/\/www.correiobraziliense.com.br\/cbradar\/wp-content\/uploads\/2025\/02\/buraco-negro_1739990781817.jpg","contentUrl":"https:\/\/www.correiobraziliense.com.br\/cbradar\/wp-content\/uploads\/2025\/02\/buraco-negro_1739990781817.jpg","width":1279,"height":720,"caption":"Buraco Negro \u00e9 encontrado na Via L\u00e1ctea. Cr\u00e9ditos: depositphotos.com \/ vampy1"},{"@type":"BreadcrumbList","@id":"https:\/\/www.correiobraziliense.com.br\/cbradar\/telescopio-james-webb-encontra-buraco-negro-na-nossa-galaxia\/#breadcrumb","itemListElement":[{"@type":"ListItem","position":1,"name":"In\u00edcio","item":"https:\/\/www.correiobraziliense.com.br\/cbradar\/"},{"@type":"ListItem","position":2,"name":"Telesc\u00f3pio James Webb encontra buraco negro na nossa gal\u00e1xia"}]},{"@type":"WebSite","@id":"https:\/\/www.correiobraziliense.com.br\/cbradar\/#website","url":"https:\/\/www.correiobraziliense.com.br\/cbradar\/","name":"Correio Braziliense - Radar","description":"Acompanhe as \u00faltimas not\u00edcias e fique bem informado sobre tudo o que acontece no Brasil e no mundo.","potentialAction":[{"@type":"SearchAction","target":{"@type":"EntryPoint","urlTemplate":"https:\/\/www.correiobraziliense.com.br\/cbradar\/?s={search_term_string}"},"query-input":{"@type":"PropertyValueSpecification","valueRequired":true,"valueName":"search_term_string"}}],"inLanguage":"pt-BR"},{"@type":"Person","@id":"https:\/\/www.correiobraziliense.com.br\/cbradar\/#\/schema\/person\/58422787644df994b53a19d3e56c1513","name":"Larissa Carvalho","image":{"@type":"ImageObject","inLanguage":"pt-BR","@id":"https:\/\/www.correiobraziliense.com.br\/cbradar\/#\/schema\/person\/image\/","url":"https:\/\/secure.gravatar.com\/avatar\/fe4f91a0de32b52a838d0d612abdc1aa?s=96&d=mm&r=g","contentUrl":"https:\/\/secure.gravatar.com\/avatar\/fe4f91a0de32b52a838d0d612abdc1aa?s=96&d=mm&r=g","caption":"Larissa Carvalho"},"url":"https:\/\/www.correiobraziliense.com.br\/cbradar\/author\/larissamyth\/"}]}},"_links":{"self":[{"href":"https:\/\/www.correiobraziliense.com.br\/cbradar\/wp-json\/wp\/v2\/posts\/4004","targetHints":{"allow":["GET"]}}],"collection":[{"href":"https:\/\/www.correiobraziliense.com.br\/cbradar\/wp-json\/wp\/v2\/posts"}],"about":[{"href":"https:\/\/www.correiobraziliense.com.br\/cbradar\/wp-json\/wp\/v2\/types\/post"}],"author":[{"embeddable":true,"href":"https:\/\/www.correiobraziliense.com.br\/cbradar\/wp-json\/wp\/v2\/users\/3"}],"replies":[{"embeddable":true,"href":"https:\/\/www.correiobraziliense.com.br\/cbradar\/wp-json\/wp\/v2\/comments?post=4004"}],"version-history":[{"count":1,"href":"https:\/\/www.correiobraziliense.com.br\/cbradar\/wp-json\/wp\/v2\/posts\/4004\/revisions"}],"predecessor-version":[{"id":4007,"href":"https:\/\/www.correiobraziliense.com.br\/cbradar\/wp-json\/wp\/v2\/posts\/4004\/revisions\/4007"}],"wp:featuredmedia":[{"embeddable":true,"href":"https:\/\/www.correiobraziliense.com.br\/cbradar\/wp-json\/wp\/v2\/media\/4005"}],"wp:attachment":[{"href":"https:\/\/www.correiobraziliense.com.br\/cbradar\/wp-json\/wp\/v2\/media?parent=4004"}],"wp:term":[{"taxonomy":"category","embeddable":true,"href":"https:\/\/www.correiobraziliense.com.br\/cbradar\/wp-json\/wp\/v2\/categories?post=4004"},{"taxonomy":"post_tag","embeddable":true,"href":"https:\/\/www.correiobraziliense.com.br\/cbradar\/wp-json\/wp\/v2\/post_tag?post=4004"}],"curies":[{"name":"wp","href":"https:\/\/api.w.org\/{rel}","templated":true}]}}