{"id":40131,"date":"2025-05-21T20:40:50","date_gmt":"2025-05-21T23:40:50","guid":{"rendered":"https:\/\/www.correiobraziliense.com.br\/cbradar\/?p=40131"},"modified":"2025-05-20T15:51:08","modified_gmt":"2025-05-20T18:51:08","slug":"quantos-banhos-por-semana-sao-ideais-depois-dos-65-anos-para-sua-saude","status":"publish","type":"post","link":"https:\/\/www.correiobraziliense.com.br\/cbradar\/quantos-banhos-por-semana-sao-ideais-depois-dos-65-anos-para-sua-saude\/","title":{"rendered":"Quantos banhos por semana s\u00e3o ideais depois dos 65 anos para sua sa\u00fade?"},"content":{"rendered":"\n<p>O <strong>h\u00e1bito de tomar banho<\/strong> \u00e9 uma pr\u00e1tica di\u00e1ria para muitos, mas a frequ\u00eancia ideal pode variar bastante dependendo de diversos fatores. Em m\u00e9dia, os <strong>franceses<\/strong> tomam cerca de <strong>sete duchas<\/strong> por semana, o que equivale a uma por dia. No entanto, essa m\u00e9dia esconde varia\u00e7\u00f5es significativas influenciadas por idade, estilo de vida, localiza\u00e7\u00e3o geogr\u00e1fica e at\u00e9 mesmo a esta\u00e7\u00e3o do ano.<\/p>\n\n\n\n<p>Os jovens, especialmente aqueles entre <strong>18 e 24 anos<\/strong>, tendem a tomar banho com mais frequ\u00eancia, \u00e0s vezes at\u00e9 duas vezes ao dia, especialmente se forem fisicamente ativos. Por outro lado, pessoas mais velhas ou que vivem sozinhas podem reduzir a frequ\u00eancia dos banhos por motivos de conforto, economia ou sa\u00fade. Al\u00e9m disso, pr\u00e1ticas como o &#8220;banho seco&#8221; ou a higiene parcial est\u00e3o ganhando popularidade, impulsionadas por preocupa\u00e7\u00f5es ambientais.<\/p>\n\n\n\n<h2 class=\"wp-block-heading\">Qual \u00e9 o impacto ecol\u00f3gico dos banhos?<\/h2>\n\n\n\n<p>Uma ducha m\u00e9dia consome cerca de<strong> 60 litros de \u00e1gua<\/strong>, enquanto um banho pode consumir entre<strong> 150 e 200 litros<\/strong>. A quantidade de \u00e1gua utilizada em uma ducha depende da dura\u00e7\u00e3o e do fluxo de \u00e1gua. Duchas r\u00e1pidas de<strong> 4 a 5 minutos<\/strong> podem reduzir o consumo para<strong> 30 litros<\/strong>, especialmente com o uso de chuveiros econ\u00f4micos. Em uma semana, um franc\u00eas pode consumir mais de <strong>400 litros de \u00e1gua<\/strong> apenas para tomar banho, representando cerca de <strong>20%<\/strong> do consumo dom\u00e9stico de \u00e1gua.<\/p>\n\n\n\n<p>Com a crise clim\u00e1tica e secas frequentes, h\u00e1 um incentivo crescente para pr\u00e1ticas mais sustent\u00e1veis, como duchas mais curtas e o uso de equipamentos que economizam \u00e1gua. Em 2023, uma campanha do <strong>Minist\u00e9rio da Transi\u00e7\u00e3o Ecol\u00f3gica da Fran\u00e7a<\/strong> recomendou limitar o tempo de banho a 5 minutos. Em \u00e1reas afetadas por secas, essas pr\u00e1ticas s\u00e3o ainda mais cruciais.<\/p>\n\n\n<div class=\"wp-block-image\">\n<figure class=\"aligncenter size-large\"><img decoding=\"async\" width=\"1024\" height=\"576\" src=\"https:\/\/www.correiobraziliense.com.br\/cbradar\/wp-content\/uploads\/2025\/05\/ducha_1747766402835-1024x576.jpg\" alt=\"Quantos banhos por semana s\u00e3o ideais depois dos 65 anos para sua sa\u00fade?\" class=\"wp-image-40153\" srcset=\"https:\/\/www.correiobraziliense.com.br\/cbradar\/wp-content\/uploads\/2025\/05\/ducha_1747766402835-1024x576.jpg 1024w, https:\/\/www.correiobraziliense.com.br\/cbradar\/wp-content\/uploads\/2025\/05\/ducha_1747766402835-300x169.jpg 300w, https:\/\/www.correiobraziliense.com.br\/cbradar\/wp-content\/uploads\/2025\/05\/ducha_1747766402835-768x432.jpg 768w, https:\/\/www.correiobraziliense.com.br\/cbradar\/wp-content\/uploads\/2025\/05\/ducha_1747766402835-750x422.jpg 750w, https:\/\/www.correiobraziliense.com.br\/cbradar\/wp-content\/uploads\/2025\/05\/ducha_1747766402835-1140x641.jpg 1140w, https:\/\/www.correiobraziliense.com.br\/cbradar\/wp-content\/uploads\/2025\/05\/ducha_1747766402835.jpg 1280w\" sizes=\"(max-width: 1024px) 100vw, 1024px\" \/><figcaption class=\"wp-element-caption\">Banho &#8211; Cr\u00e9ditos: depositphotos.com \/ glazeimage<\/figcaption><\/figure><\/div>\n\n\n<h2 class=\"wp-block-heading\">Quantos banhos s\u00e3o recomendados ap\u00f3s os 65 anos?<\/h2>\n\n\n\n<p>Com o <strong>envelhecimento,<\/strong> o corpo passa por mudan\u00e7as que exigem adapta\u00e7\u00f5es nos h\u00e1bitos di\u00e1rios, incluindo a frequ\u00eancia dos banhos. Ap\u00f3s os 65 anos, muitos se perguntam quantas duchas s\u00e3o necess\u00e1rias para manter a <a href=\"https:\/\/www.correiobraziliense.com.br\/cbradar\/uma-pratica-comum-que-pode-mudar-tudo-na-saude-do-seu-coracao-e-musculos\/\" target=\"_blank\" rel=\"noopener\">sa\u00fade<\/a> e o bem-estar. Profissionais de sa\u00fade geralmente recomendam tomar banho duas a tr\u00eas vezes por semana nessa faixa et\u00e1ria.<\/p>\n\n\n\n<p>Essa frequ\u00eancia \u00e9 sugerida para proteger a pele, que se torna mais fina, seca e vulner\u00e1vel com a idade. Banhos frequentes, especialmente com \u00e1gua quente e sabonetes agressivos, podem agravar a desidrata\u00e7\u00e3o da pele. No entanto, a higiene continua sendo essencial. Se houver transpira\u00e7\u00e3o, atividades f\u00edsicas ou desconforto, uma ducha adicional pode ser ben\u00e9fica. Ouvir o pr\u00f3prio corpo \u00e9 fundamental para determinar a necessidade de banho.<\/p>\n\n\n\n<h2 class=\"wp-block-heading\">Quais s\u00e3o os benef\u00edcios dos banhos para a sa\u00fade?<\/h2>\n\n\n\n<p>Al\u00e9m da higiene, tomar banho oferece v\u00e1rios benef\u00edcios \u00e0 sa\u00fade. Uma pele limpa ajuda a <strong>prevenir infec\u00e7\u00f5es<\/strong> cut\u00e2neas e a ducha pode estimular a circula\u00e7\u00e3o sangu\u00ednea, especialmente com \u00e1gua morna. Para maximizar os benef\u00edcios, \u00e9 importante hidratar a pele ap\u00f3s cada banho com um creme adequado, ajudando a manter uma barreira protetora contra agress\u00f5es externas.<\/p>\n\n\n\n<p>Portanto, a frequ\u00eancia e a forma como se toma banho devem ser adaptadas \u00e0s necessidades individuais, considerando fatores como idade, sa\u00fade da pele e preocupa\u00e7\u00f5es ambientais. Ajustar esses h\u00e1bitos pode contribuir para um estilo de vida mais saud\u00e1vel e sustent\u00e1vel.<\/p>\n","protected":false},"excerpt":{"rendered":"<p>O h\u00e1bito de tomar banho \u00e9 uma pr\u00e1tica di\u00e1ria para muitos, mas a frequ\u00eancia ideal pode variar bastante dependendo de diversos fatores. Em m\u00e9dia, os franceses tomam cerca de sete duchas por semana, o que equivale a uma por dia. No entanto, essa m\u00e9dia esconde varia\u00e7\u00f5es significativas influenciadas por idade, estilo de vida, localiza\u00e7\u00e3o geogr\u00e1fica [&hellip;]<\/p>\n","protected":false},"author":9,"featured_media":40152,"comment_status":"open","ping_status":"open","sticky":false,"template":"","format":"standard","meta":{"_yoast_wpseo_focuskw":"banho","_yoast_wpseo_title":"%%title%% %%page%%","_yoast_wpseo_metadesc":"Descubra a frequ\u00eancia ideal para tomar banho, cuidar da pele e economizar \u00e1gua sem abrir m\u00e3o da higiene e do conforto.","jnews-multi-image_gallery":[],"jnews_single_post":{"format":"standard"},"jnews_primary_category":[],"jnews_social_meta":[],"jnews_override_counter":[],"footnotes":""},"categories":[119],"tags":[5035,5036,5037,254],"class_list":["post-40131","post","type-post","status-publish","format-standard","has-post-thumbnail","hentry","category-bem-estar","tag-banho","tag-ducha","tag-higiene-pessoal","tag-sustentabilidade"],"yoast_head":"<!-- This site is optimized with the Yoast SEO plugin v24.6 - https:\/\/yoast.com\/wordpress\/plugins\/seo\/ -->\n<title>Quantos banhos por semana s\u00e3o ideais depois dos 65 anos para sua sa\u00fade?<\/title>\n<meta name=\"description\" content=\"Descubra a frequ\u00eancia ideal para tomar banho, cuidar da pele e economizar \u00e1gua sem abrir m\u00e3o da higiene e do conforto.\" \/>\n<meta name=\"robots\" content=\"index, follow, max-snippet:-1, max-image-preview:large, max-video-preview:-1\" \/>\n<link rel=\"canonical\" href=\"https:\/\/www.correiobraziliense.com.br\/cbradar\/quantos-banhos-por-semana-sao-ideais-depois-dos-65-anos-para-sua-saude\/\" \/>\n<meta property=\"og:locale\" content=\"pt_BR\" \/>\n<meta property=\"og:type\" content=\"article\" \/>\n<meta property=\"og:title\" content=\"Quantos banhos por semana s\u00e3o ideais depois dos 65 anos para sua sa\u00fade?\" \/>\n<meta property=\"og:description\" content=\"Descubra a frequ\u00eancia ideal para tomar banho, cuidar da pele e economizar \u00e1gua sem abrir m\u00e3o da higiene e do conforto.\" \/>\n<meta property=\"og:url\" content=\"https:\/\/www.correiobraziliense.com.br\/cbradar\/quantos-banhos-por-semana-sao-ideais-depois-dos-65-anos-para-sua-saude\/\" \/>\n<meta property=\"og:site_name\" content=\"Correio Braziliense - Radar\" \/>\n<meta property=\"article:published_time\" content=\"2025-05-21T23:40:50+00:00\" \/>\n<meta property=\"og:image\" content=\"https:\/\/www.correiobraziliense.com.br\/cbradar\/wp-content\/uploads\/2025\/05\/tomar-banho_1747766359769.jpg\" \/>\n\t<meta property=\"og:image:width\" content=\"1280\" \/>\n\t<meta property=\"og:image:height\" content=\"720\" \/>\n\t<meta property=\"og:image:type\" content=\"image\/jpeg\" \/>\n<meta name=\"author\" content=\"Daniely Cardoso\" \/>\n<meta name=\"twitter:card\" content=\"summary_large_image\" \/>\n<meta name=\"twitter:label1\" content=\"Escrito por\" \/>\n\t<meta name=\"twitter:data1\" content=\"Daniely Cardoso\" \/>\n\t<meta name=\"twitter:label2\" content=\"Est. tempo de leitura\" \/>\n\t<meta name=\"twitter:data2\" content=\"4 minutos\" \/>\n<!-- \/ Yoast SEO plugin. -->","yoast_head_json":{"title":"Quantos banhos por semana s\u00e3o ideais depois dos 65 anos para sua sa\u00fade?","description":"Descubra a frequ\u00eancia ideal para tomar banho, cuidar da pele e economizar \u00e1gua sem abrir m\u00e3o da higiene e do conforto.","robots":{"index":"index","follow":"follow","max-snippet":"max-snippet:-1","max-image-preview":"max-image-preview:large","max-video-preview":"max-video-preview:-1"},"canonical":"https:\/\/www.correiobraziliense.com.br\/cbradar\/quantos-banhos-por-semana-sao-ideais-depois-dos-65-anos-para-sua-saude\/","og_locale":"pt_BR","og_type":"article","og_title":"Quantos banhos por semana s\u00e3o ideais depois dos 65 anos para sua sa\u00fade?","og_description":"Descubra a frequ\u00eancia ideal para tomar banho, cuidar da pele e economizar \u00e1gua sem abrir m\u00e3o da higiene e do conforto.","og_url":"https:\/\/www.correiobraziliense.com.br\/cbradar\/quantos-banhos-por-semana-sao-ideais-depois-dos-65-anos-para-sua-saude\/","og_site_name":"Correio Braziliense - Radar","article_published_time":"2025-05-21T23:40:50+00:00","og_image":[{"width":1280,"height":720,"url":"https:\/\/www.correiobraziliense.com.br\/cbradar\/wp-content\/uploads\/2025\/05\/tomar-banho_1747766359769.jpg","type":"image\/jpeg"}],"author":"Daniely Cardoso","twitter_card":"summary_large_image","twitter_misc":{"Escrito por":"Daniely Cardoso","Est. tempo de leitura":"4 minutos"},"schema":{"@context":"https:\/\/schema.org","@graph":[{"@type":"WebPage","@id":"https:\/\/www.correiobraziliense.com.br\/cbradar\/quantos-banhos-por-semana-sao-ideais-depois-dos-65-anos-para-sua-saude\/","url":"https:\/\/www.correiobraziliense.com.br\/cbradar\/quantos-banhos-por-semana-sao-ideais-depois-dos-65-anos-para-sua-saude\/","name":"Quantos banhos por semana s\u00e3o ideais depois dos 65 anos para sua sa\u00fade?","isPartOf":{"@id":"https:\/\/www.correiobraziliense.com.br\/cbradar\/#website"},"primaryImageOfPage":{"@id":"https:\/\/www.correiobraziliense.com.br\/cbradar\/quantos-banhos-por-semana-sao-ideais-depois-dos-65-anos-para-sua-saude\/#primaryimage"},"image":{"@id":"https:\/\/www.correiobraziliense.com.br\/cbradar\/quantos-banhos-por-semana-sao-ideais-depois-dos-65-anos-para-sua-saude\/#primaryimage"},"thumbnailUrl":"https:\/\/www.correiobraziliense.com.br\/cbradar\/wp-content\/uploads\/2025\/05\/tomar-banho_1747766359769.jpg","datePublished":"2025-05-21T23:40:50+00:00","author":{"@id":"https:\/\/www.correiobraziliense.com.br\/cbradar\/#\/schema\/person\/7356666e12ec0ee53f348ee5db227032"},"description":"Descubra a frequ\u00eancia ideal para tomar banho, cuidar da pele e economizar \u00e1gua sem abrir m\u00e3o da higiene e do conforto.","breadcrumb":{"@id":"https:\/\/www.correiobraziliense.com.br\/cbradar\/quantos-banhos-por-semana-sao-ideais-depois-dos-65-anos-para-sua-saude\/#breadcrumb"},"inLanguage":"pt-BR","potentialAction":[{"@type":"ReadAction","target":["https:\/\/www.correiobraziliense.com.br\/cbradar\/quantos-banhos-por-semana-sao-ideais-depois-dos-65-anos-para-sua-saude\/"]}]},{"@type":"ImageObject","inLanguage":"pt-BR","@id":"https:\/\/www.correiobraziliense.com.br\/cbradar\/quantos-banhos-por-semana-sao-ideais-depois-dos-65-anos-para-sua-saude\/#primaryimage","url":"https:\/\/www.correiobraziliense.com.br\/cbradar\/wp-content\/uploads\/2025\/05\/tomar-banho_1747766359769.jpg","contentUrl":"https:\/\/www.correiobraziliense.com.br\/cbradar\/wp-content\/uploads\/2025\/05\/tomar-banho_1747766359769.jpg","width":1280,"height":720,"caption":"Tomar banho - Cr\u00e9ditos: depositphotos.com \/ AllaSerebrina"},{"@type":"BreadcrumbList","@id":"https:\/\/www.correiobraziliense.com.br\/cbradar\/quantos-banhos-por-semana-sao-ideais-depois-dos-65-anos-para-sua-saude\/#breadcrumb","itemListElement":[{"@type":"ListItem","position":1,"name":"In\u00edcio","item":"https:\/\/www.correiobraziliense.com.br\/cbradar\/"},{"@type":"ListItem","position":2,"name":"Quantos banhos por semana s\u00e3o ideais depois dos 65 anos para sua sa\u00fade?"}]},{"@type":"WebSite","@id":"https:\/\/www.correiobraziliense.com.br\/cbradar\/#website","url":"https:\/\/www.correiobraziliense.com.br\/cbradar\/","name":"Correio Braziliense - Radar","description":"Acompanhe as \u00faltimas not\u00edcias e fique bem informado sobre tudo o que acontece no Brasil e no mundo.","potentialAction":[{"@type":"SearchAction","target":{"@type":"EntryPoint","urlTemplate":"https:\/\/www.correiobraziliense.com.br\/cbradar\/?s={search_term_string}"},"query-input":{"@type":"PropertyValueSpecification","valueRequired":true,"valueName":"search_term_string"}}],"inLanguage":"pt-BR"},{"@type":"Person","@id":"https:\/\/www.correiobraziliense.com.br\/cbradar\/#\/schema\/person\/7356666e12ec0ee53f348ee5db227032","name":"Daniely Cardoso","image":{"@type":"ImageObject","inLanguage":"pt-BR","@id":"https:\/\/www.correiobraziliense.com.br\/cbradar\/#\/schema\/person\/image\/","url":"https:\/\/secure.gravatar.com\/avatar\/4b80ddbd124d1f071b626d52d62e5dff?s=96&d=mm&r=g","contentUrl":"https:\/\/secure.gravatar.com\/avatar\/4b80ddbd124d1f071b626d52d62e5dff?s=96&d=mm&r=g","caption":"Daniely Cardoso"},"description":"Redatora nos portais CB Radar e EM Foco, formada pela Universidade Federal de Goi\u00e1s, em Goi\u00e2nia. Apaixonada por comunica\u00e7\u00e3o, arte, decora\u00e7\u00e3o e tend\u00eancias, atuo na produ\u00e7\u00e3o de conte\u00fados envolventes sobre curiosidades, moda, beleza e paisagismo, sempre com um olhar atento \u00e0s novidades do momento.","sameAs":["https:\/\/www.correiobraziliense.com.br\/cbradar"],"url":"https:\/\/www.correiobraziliense.com.br\/cbradar\/author\/danielymyth\/"}]}},"_links":{"self":[{"href":"https:\/\/www.correiobraziliense.com.br\/cbradar\/wp-json\/wp\/v2\/posts\/40131","targetHints":{"allow":["GET"]}}],"collection":[{"href":"https:\/\/www.correiobraziliense.com.br\/cbradar\/wp-json\/wp\/v2\/posts"}],"about":[{"href":"https:\/\/www.correiobraziliense.com.br\/cbradar\/wp-json\/wp\/v2\/types\/post"}],"author":[{"embeddable":true,"href":"https:\/\/www.correiobraziliense.com.br\/cbradar\/wp-json\/wp\/v2\/users\/9"}],"replies":[{"embeddable":true,"href":"https:\/\/www.correiobraziliense.com.br\/cbradar\/wp-json\/wp\/v2\/comments?post=40131"}],"version-history":[{"count":3,"href":"https:\/\/www.correiobraziliense.com.br\/cbradar\/wp-json\/wp\/v2\/posts\/40131\/revisions"}],"predecessor-version":[{"id":40158,"href":"https:\/\/www.correiobraziliense.com.br\/cbradar\/wp-json\/wp\/v2\/posts\/40131\/revisions\/40158"}],"wp:featuredmedia":[{"embeddable":true,"href":"https:\/\/www.correiobraziliense.com.br\/cbradar\/wp-json\/wp\/v2\/media\/40152"}],"wp:attachment":[{"href":"https:\/\/www.correiobraziliense.com.br\/cbradar\/wp-json\/wp\/v2\/media?parent=40131"}],"wp:term":[{"taxonomy":"category","embeddable":true,"href":"https:\/\/www.correiobraziliense.com.br\/cbradar\/wp-json\/wp\/v2\/categories?post=40131"},{"taxonomy":"post_tag","embeddable":true,"href":"https:\/\/www.correiobraziliense.com.br\/cbradar\/wp-json\/wp\/v2\/tags?post=40131"}],"curies":[{"name":"wp","href":"https:\/\/api.w.org\/{rel}","templated":true}]}}