{"id":4020,"date":"2025-02-20T18:30:00","date_gmt":"2025-02-20T21:30:00","guid":{"rendered":"https:\/\/www.correiobraziliense.com.br\/cbradar\/?p=4020"},"modified":"2025-02-19T17:18:05","modified_gmt":"2025-02-19T20:18:05","slug":"essa-cidade-no-estado-de-santa-catarina-e-considerada-a-mais-alema-do-brasil","status":"publish","type":"post","link":"https:\/\/www.correiobraziliense.com.br\/cbradar\/essa-cidade-no-estado-de-santa-catarina-e-considerada-a-mais-alema-do-brasil\/","title":{"rendered":"Essa cidade no Estado de Santa Catarina \u00e9 considerada a mais alem\u00e3 do Brasil"},"content":{"rendered":"\n<p><strong>Pomerode<\/strong>, localizada no estado de <strong>Santa Catarina<\/strong>, \u00e9 amplamente reconhecida como a cidade mais alem\u00e3 do <strong>Brasil<\/strong>. Com uma popula\u00e7\u00e3o de aproximadamente 34 mil habitantes, segundo o Censo do <strong>IBGE <\/strong>de 2022, a cidade se destaca por sua forte influ\u00eancia cultural alem\u00e3, vis\u00edvel na arquitetura, gastronomia e festividades locais. A l\u00edngua pomerana ainda \u00e9 falada por muitos dos moradores, preservando a heran\u00e7a dos imigrantes que colonizaram a regi\u00e3o.<\/p>\n\n\n\n<p>Fundada em 1863 por imigrantes pomeranos, Pomerode est\u00e1 situada estrategicamente entre Blumenau e Joinville. A cidade mant\u00e9m suas tradi\u00e7\u00f5es culturais e realiza festividades t\u00edpicas ao longo do ano, atraindo turistas de diversas partes do Brasil. Al\u00e9m disso, Pomerode possui um parque industrial diversificado, com destaque para a produ\u00e7\u00e3o de chocolates e cervejas artesanais.<\/p>\n\n\n\n<h2 class=\"wp-block-heading\"><strong>Qual \u00e9 a hist\u00f3ria de Pomerode?<\/strong><\/h2>\n\n\n\n<p>A hist\u00f3ria de Pomerode remonta ao s\u00e9culo XIX, quando imigrantes da Pomer\u00e2nia, regi\u00e3o do norte da Alemanha, chegaram ao Brasil em busca de novas oportunidades. O nome da cidade \u00e9 uma fus\u00e3o de &#8220;Pommern&#8221; e &#8220;rodern&#8221;, que significa limpar a terra para o cultivo. Essa origem est\u00e1 intimamente ligada \u00e0 atividade agr\u00edcola dos primeiros colonizadores, que se dedicaram \u00e0 produ\u00e7\u00e3o de arroz, batata, fumo e outros produtos.<\/p>\n\n\n\n<p>Os imigrantes enfrentaram desafios significativos ao se estabelecerem na regi\u00e3o, percorrendo caminhos dif\u00edceis e desbravando a mata ao longo do Rio do Testo. As primeiras moradias eram simples, mas com o tempo, a infraestrutura da comunidade se desenvolveu. Em 1870, foi inaugurada a primeira escola de l\u00edngua alem\u00e3, marcando um passo importante na preserva\u00e7\u00e3o cultural da cidade.<\/p>\n\n\n\n<figure class=\"wp-block-image size-large\"><img decoding=\"async\" width=\"1024\" height=\"576\" src=\"https:\/\/www.correiobraziliense.com.br\/cbradar\/wp-content\/uploads\/2025\/02\/Pomerode_1739993805970-1024x576.jpg\" alt=\"Essa cidade no Estado de Santa Catarina \u00e9 considerada a mais alem\u00e3 do Brasil\" class=\"wp-image-4022\" srcset=\"https:\/\/www.correiobraziliense.com.br\/cbradar\/wp-content\/uploads\/2025\/02\/Pomerode_1739993805970-1024x576.jpg 1024w, https:\/\/www.correiobraziliense.com.br\/cbradar\/wp-content\/uploads\/2025\/02\/Pomerode_1739993805970-300x169.jpg 300w, https:\/\/www.correiobraziliense.com.br\/cbradar\/wp-content\/uploads\/2025\/02\/Pomerode_1739993805970-768x432.jpg 768w, https:\/\/www.correiobraziliense.com.br\/cbradar\/wp-content\/uploads\/2025\/02\/Pomerode_1739993805970-750x422.jpg 750w, https:\/\/www.correiobraziliense.com.br\/cbradar\/wp-content\/uploads\/2025\/02\/Pomerode_1739993805970-1140x641.jpg 1140w, https:\/\/www.correiobraziliense.com.br\/cbradar\/wp-content\/uploads\/2025\/02\/Pomerode_1739993805970.jpg 1280w\" sizes=\"(max-width: 1024px) 100vw, 1024px\" \/><figcaption class=\"wp-element-caption\">Pomerode. Cr\u00e9ditos: depositphotos.com \/ paulobaqueta<\/figcaption><\/figure>\n\n\n\n<h2 class=\"wp-block-heading\"><strong>O que fazer em Pomerode?<\/strong><\/h2>\n\n\n\n<p>Pomerode oferece uma variedade de atra\u00e7\u00f5es para seus visitantes, desde experi\u00eancias culturais at\u00e9 op\u00e7\u00f5es de lazer e compras. Entre os destaques est\u00e3o:<\/p>\n\n\n\n<ul class=\"wp-block-list\">\n<li><strong>Schornstein Kneipe:<\/strong>\u00a0Um pub localizado em um edif\u00edcio hist\u00f3rico, famoso por suas cervejas artesanais e pratos da culin\u00e1ria alem\u00e3.<\/li>\n\n\n\n<li><strong>Casa Haut:<\/strong>\u00a0Loja especializada em decora\u00e7\u00e3o e artesanato local, oferecendo pe\u00e7as que combinam tradi\u00e7\u00e3o e modernidade.<\/li>\n\n\n\n<li><strong>Tour Nugali Chocolates:<\/strong>\u00a0Visita interativa \u00e0 f\u00e1brica de chocolates, com degusta\u00e7\u00f5es e demonstra\u00e7\u00f5es do processo de produ\u00e7\u00e3o.<\/li>\n\n\n\n<li><strong>Vila Encantada:<\/strong>\u00a0Parque tem\u00e1tico voltado para crian\u00e7as, com atividades educativas e recreativas.<\/li>\n\n\n\n<li><strong>Museu do Autom\u00f3vel:<\/strong>\u00a0Exposi\u00e7\u00e3o de carros cl\u00e1ssicos das d\u00e9cadas de 1940 a 1970, proporcionando uma viagem no tempo.<\/li>\n<\/ul>\n\n\n\n<h2 class=\"wp-block-heading\"><strong>Quais s\u00e3o as festividades tradicionais de Pomerode?<\/strong><\/h2>\n\n\n\n<p>Pomerode \u00e9 conhecida por suas festividades t\u00edpicas, que acontecem ao longo do ano e atraem turistas de todo o pa\u00eds. Entre os principais eventos est\u00e3o:<\/p>\n\n\n\n<ol class=\"wp-block-list\">\n<li><strong>Festa Pomerana:<\/strong>\u00a0Realizada em janeiro, celebra a cultura alem\u00e3 com m\u00fasica, dan\u00e7a e gastronomia.<\/li>\n\n\n\n<li><strong>Osterfest:<\/strong>\u00a0Evento que antecede a P\u00e1scoa, famoso pelo gigantesco ovo de P\u00e1scoa decorado, considerado o maior do mundo.<\/li>\n\n\n\n<li><strong>Festival Gastron\u00f4mico de Pomerode:<\/strong>\u00a0Em julho, destaca a culin\u00e1ria local e internacional.<\/li>\n\n\n\n<li><strong>Festival Liter\u00e1rio Internacional:<\/strong>\u00a0Em agosto, re\u00fane escritores e leitores em torno da literatura.<\/li>\n\n\n\n<li><strong>Meia Maratona:<\/strong>\u00a0Evento esportivo realizado em outubro, atraindo corredores de diversas regi\u00f5es.<\/li>\n<\/ol>\n\n\n\n<h2 class=\"wp-block-heading\"><strong>Como chegar a Pomerode?<\/strong><\/h2>\n\n\n\n<p>Pomerode est\u00e1 localizada pr\u00f3xima a Blumenau e a cerca de 90 minutos do litoral catarinense. O aeroporto mais pr\u00f3ximo \u00e9 o de Navegantes, a aproximadamente 75 km de dist\u00e2ncia. Outra op\u00e7\u00e3o \u00e9 o Aeroporto Internacional de Florian\u00f3polis, situado a 175,7 km. Para quem prefere viajar de carro, o acesso principal \u00e9 pela BR-470, com entrada pela SC-421. A cidade est\u00e1 a cerca de 200 km de Curitiba, oferecendo diversas rotas para quem vem do norte.<\/p>\n","protected":false},"excerpt":{"rendered":"<p>Conhe\u00e7a a cidade mais alem\u00e3 do Brasil, Pomerode, localizada em Santa Catarina. Com uma forte influ\u00eancia alem\u00e3.<\/p>\n","protected":false},"author":3,"featured_media":4021,"comment_status":"open","ping_status":"open","sticky":false,"template":"","format":"standard","meta":{"jnews-multi-image_gallery":[],"jnews_single_post":{"format":"standard"},"jnews_primary_category":[],"jnews_social_meta":[],"jnews_override_counter":[],"footnotes":""},"categories":[108],"post_tag":[851],"class_list":["post-4020","post","type-post","status-publish","format-standard","has-post-thumbnail","hentry","category-cidades","tag-santa-catarina"],"yoast_head":"<!-- This site is optimized with the Yoast SEO plugin v24.6 - https:\/\/yoast.com\/wordpress\/plugins\/seo\/ -->\n<title>Essa cidade no Estado de Santa Catarina \u00e9 considerada a mais alem\u00e3 do Brasil<\/title>\n<meta name=\"description\" content=\"Conhe\u00e7a a cidade mais alem\u00e3 do Brasil, Pomerode, localizada em Santa Catarina. Com uma forte influ\u00eancia alem\u00e3.\" \/>\n<meta name=\"robots\" content=\"index, follow, max-snippet:-1, max-image-preview:large, max-video-preview:-1\" \/>\n<link rel=\"canonical\" href=\"https:\/\/www.correiobraziliense.com.br\/cbradar\/essa-cidade-no-estado-de-santa-catarina-e-considerada-a-mais-alema-do-brasil\/\" \/>\n<meta property=\"og:locale\" content=\"pt_BR\" \/>\n<meta property=\"og:type\" content=\"article\" \/>\n<meta property=\"og:title\" content=\"Essa cidade no Estado de Santa Catarina \u00e9 considerada a mais alem\u00e3 do Brasil\" \/>\n<meta property=\"og:description\" content=\"Conhe\u00e7a a cidade mais alem\u00e3 do Brasil, Pomerode, localizada em Santa Catarina. Com uma forte influ\u00eancia alem\u00e3.\" \/>\n<meta property=\"og:url\" content=\"https:\/\/www.correiobraziliense.com.br\/cbradar\/essa-cidade-no-estado-de-santa-catarina-e-considerada-a-mais-alema-do-brasil\/\" \/>\n<meta property=\"og:site_name\" content=\"Correio Braziliense - Radar\" \/>\n<meta property=\"article:published_time\" content=\"2025-02-20T21:30:00+00:00\" \/>\n<meta property=\"og:image\" content=\"https:\/\/www.correiobraziliense.com.br\/cbradar\/wp-content\/uploads\/2025\/02\/Pomerode_1739993749584.jpg\" \/>\n\t<meta property=\"og:image:width\" content=\"1280\" \/>\n\t<meta property=\"og:image:height\" content=\"720\" \/>\n\t<meta property=\"og:image:type\" content=\"image\/jpeg\" \/>\n<meta name=\"author\" content=\"Larissa Carvalho\" \/>\n<meta name=\"twitter:card\" content=\"summary_large_image\" \/>\n<meta name=\"twitter:label1\" content=\"Escrito por\" \/>\n\t<meta name=\"twitter:data1\" content=\"Larissa Carvalho\" \/>\n\t<meta name=\"twitter:label2\" content=\"Est. tempo de leitura\" \/>\n\t<meta name=\"twitter:data2\" content=\"4 minutos\" \/>\n<!-- \/ Yoast SEO plugin. -->","yoast_head_json":{"title":"Essa cidade no Estado de Santa Catarina \u00e9 considerada a mais alem\u00e3 do Brasil","description":"Conhe\u00e7a a cidade mais alem\u00e3 do Brasil, Pomerode, localizada em Santa Catarina. Com uma forte influ\u00eancia alem\u00e3.","robots":{"index":"index","follow":"follow","max-snippet":"max-snippet:-1","max-image-preview":"max-image-preview:large","max-video-preview":"max-video-preview:-1"},"canonical":"https:\/\/www.correiobraziliense.com.br\/cbradar\/essa-cidade-no-estado-de-santa-catarina-e-considerada-a-mais-alema-do-brasil\/","og_locale":"pt_BR","og_type":"article","og_title":"Essa cidade no Estado de Santa Catarina \u00e9 considerada a mais alem\u00e3 do Brasil","og_description":"Conhe\u00e7a a cidade mais alem\u00e3 do Brasil, Pomerode, localizada em Santa Catarina. Com uma forte influ\u00eancia alem\u00e3.","og_url":"https:\/\/www.correiobraziliense.com.br\/cbradar\/essa-cidade-no-estado-de-santa-catarina-e-considerada-a-mais-alema-do-brasil\/","og_site_name":"Correio Braziliense - Radar","article_published_time":"2025-02-20T21:30:00+00:00","og_image":[{"width":1280,"height":720,"url":"https:\/\/www.correiobraziliense.com.br\/cbradar\/wp-content\/uploads\/2025\/02\/Pomerode_1739993749584.jpg","type":"image\/jpeg"}],"author":"Larissa Carvalho","twitter_card":"summary_large_image","twitter_misc":{"Escrito por":"Larissa Carvalho","Est. tempo de leitura":"4 minutos"},"schema":{"@context":"https:\/\/schema.org","@graph":[{"@type":"WebPage","@id":"https:\/\/www.correiobraziliense.com.br\/cbradar\/essa-cidade-no-estado-de-santa-catarina-e-considerada-a-mais-alema-do-brasil\/","url":"https:\/\/www.correiobraziliense.com.br\/cbradar\/essa-cidade-no-estado-de-santa-catarina-e-considerada-a-mais-alema-do-brasil\/","name":"Essa cidade no Estado de Santa Catarina \u00e9 considerada a mais alem\u00e3 do Brasil","isPartOf":{"@id":"https:\/\/www.correiobraziliense.com.br\/cbradar\/#website"},"primaryImageOfPage":{"@id":"https:\/\/www.correiobraziliense.com.br\/cbradar\/essa-cidade-no-estado-de-santa-catarina-e-considerada-a-mais-alema-do-brasil\/#primaryimage"},"image":{"@id":"https:\/\/www.correiobraziliense.com.br\/cbradar\/essa-cidade-no-estado-de-santa-catarina-e-considerada-a-mais-alema-do-brasil\/#primaryimage"},"thumbnailUrl":"https:\/\/www.correiobraziliense.com.br\/cbradar\/wp-content\/uploads\/2025\/02\/Pomerode_1739993749584.jpg","datePublished":"2025-02-20T21:30:00+00:00","author":{"@id":"https:\/\/www.correiobraziliense.com.br\/cbradar\/#\/schema\/person\/58422787644df994b53a19d3e56c1513"},"description":"Conhe\u00e7a a cidade mais alem\u00e3 do Brasil, Pomerode, localizada em Santa Catarina. Com uma forte influ\u00eancia alem\u00e3.","breadcrumb":{"@id":"https:\/\/www.correiobraziliense.com.br\/cbradar\/essa-cidade-no-estado-de-santa-catarina-e-considerada-a-mais-alema-do-brasil\/#breadcrumb"},"inLanguage":"pt-BR","potentialAction":[{"@type":"ReadAction","target":["https:\/\/www.correiobraziliense.com.br\/cbradar\/essa-cidade-no-estado-de-santa-catarina-e-considerada-a-mais-alema-do-brasil\/"]}]},{"@type":"ImageObject","inLanguage":"pt-BR","@id":"https:\/\/www.correiobraziliense.com.br\/cbradar\/essa-cidade-no-estado-de-santa-catarina-e-considerada-a-mais-alema-do-brasil\/#primaryimage","url":"https:\/\/www.correiobraziliense.com.br\/cbradar\/wp-content\/uploads\/2025\/02\/Pomerode_1739993749584.jpg","contentUrl":"https:\/\/www.correiobraziliense.com.br\/cbradar\/wp-content\/uploads\/2025\/02\/Pomerode_1739993749584.jpg","width":1280,"height":720,"caption":"A cidade mais alem\u00e3 do Brasil. Cr\u00e9ditos: depositphotos.com \/ paulobaqueta"},{"@type":"BreadcrumbList","@id":"https:\/\/www.correiobraziliense.com.br\/cbradar\/essa-cidade-no-estado-de-santa-catarina-e-considerada-a-mais-alema-do-brasil\/#breadcrumb","itemListElement":[{"@type":"ListItem","position":1,"name":"In\u00edcio","item":"https:\/\/www.correiobraziliense.com.br\/cbradar\/"},{"@type":"ListItem","position":2,"name":"Essa cidade no Estado de Santa Catarina \u00e9 considerada a mais alem\u00e3 do Brasil"}]},{"@type":"WebSite","@id":"https:\/\/www.correiobraziliense.com.br\/cbradar\/#website","url":"https:\/\/www.correiobraziliense.com.br\/cbradar\/","name":"Correio Braziliense - Radar","description":"Acompanhe as \u00faltimas not\u00edcias e fique bem informado sobre tudo o que acontece no Brasil e no mundo.","potentialAction":[{"@type":"SearchAction","target":{"@type":"EntryPoint","urlTemplate":"https:\/\/www.correiobraziliense.com.br\/cbradar\/?s={search_term_string}"},"query-input":{"@type":"PropertyValueSpecification","valueRequired":true,"valueName":"search_term_string"}}],"inLanguage":"pt-BR"},{"@type":"Person","@id":"https:\/\/www.correiobraziliense.com.br\/cbradar\/#\/schema\/person\/58422787644df994b53a19d3e56c1513","name":"Larissa Carvalho","image":{"@type":"ImageObject","inLanguage":"pt-BR","@id":"https:\/\/www.correiobraziliense.com.br\/cbradar\/#\/schema\/person\/image\/","url":"https:\/\/secure.gravatar.com\/avatar\/fe4f91a0de32b52a838d0d612abdc1aa?s=96&d=mm&r=g","contentUrl":"https:\/\/secure.gravatar.com\/avatar\/fe4f91a0de32b52a838d0d612abdc1aa?s=96&d=mm&r=g","caption":"Larissa Carvalho"},"url":"https:\/\/www.correiobraziliense.com.br\/cbradar\/author\/larissamyth\/"}]}},"_links":{"self":[{"href":"https:\/\/www.correiobraziliense.com.br\/cbradar\/wp-json\/wp\/v2\/posts\/4020","targetHints":{"allow":["GET"]}}],"collection":[{"href":"https:\/\/www.correiobraziliense.com.br\/cbradar\/wp-json\/wp\/v2\/posts"}],"about":[{"href":"https:\/\/www.correiobraziliense.com.br\/cbradar\/wp-json\/wp\/v2\/types\/post"}],"author":[{"embeddable":true,"href":"https:\/\/www.correiobraziliense.com.br\/cbradar\/wp-json\/wp\/v2\/users\/3"}],"replies":[{"embeddable":true,"href":"https:\/\/www.correiobraziliense.com.br\/cbradar\/wp-json\/wp\/v2\/comments?post=4020"}],"version-history":[{"count":1,"href":"https:\/\/www.correiobraziliense.com.br\/cbradar\/wp-json\/wp\/v2\/posts\/4020\/revisions"}],"predecessor-version":[{"id":4023,"href":"https:\/\/www.correiobraziliense.com.br\/cbradar\/wp-json\/wp\/v2\/posts\/4020\/revisions\/4023"}],"wp:featuredmedia":[{"embeddable":true,"href":"https:\/\/www.correiobraziliense.com.br\/cbradar\/wp-json\/wp\/v2\/media\/4021"}],"wp:attachment":[{"href":"https:\/\/www.correiobraziliense.com.br\/cbradar\/wp-json\/wp\/v2\/media?parent=4020"}],"wp:term":[{"taxonomy":"category","embeddable":true,"href":"https:\/\/www.correiobraziliense.com.br\/cbradar\/wp-json\/wp\/v2\/categories?post=4020"},{"taxonomy":"post_tag","embeddable":true,"href":"https:\/\/www.correiobraziliense.com.br\/cbradar\/wp-json\/wp\/v2\/post_tag?post=4020"}],"curies":[{"name":"wp","href":"https:\/\/api.w.org\/{rel}","templated":true}]}}