{"id":40249,"date":"2025-05-21T14:30:00","date_gmt":"2025-05-21T17:30:00","guid":{"rendered":"https:\/\/www.correiobraziliense.com.br\/cbradar\/?p=40249"},"modified":"2025-05-20T19:00:05","modified_gmt":"2025-05-20T22:00:05","slug":"descoberta-do-buraco-na-camada-de-ozonio-completa-4-decadas-veja-o-que-se-sabe","status":"publish","type":"post","link":"https:\/\/www.correiobraziliense.com.br\/cbradar\/descoberta-do-buraco-na-camada-de-ozonio-completa-4-decadas-veja-o-que-se-sabe\/","title":{"rendered":"Descoberta do buraco na camada de oz\u00f4nio completa 4 d\u00e9cadas, veja o que se sabe"},"content":{"rendered":"\n<p>H\u00e1 quatro d\u00e9cadas, a descoberta de um <strong>buraco na camada de oz\u00f4nio<\/strong> sobre a <strong>Ant\u00e1rtica<\/strong> trouxe \u00e0 tona uma preocupa\u00e7\u00e3o global com a sa\u00fade do planeta. Em <strong>1985<\/strong>, cientistas do <strong><a href=\"https:\/\/www.bas.ac.uk\/\" target=\"_blank\" rel=\"noreferrer noopener\">British Antarctic Survey<\/a><\/strong> identificaram um afinamento significativo na camada de oz\u00f4nio, o que gerou alarme mundial sobre os poss\u00edveis impactos na sa\u00fade humana e nos ecossistemas. A camada de oz\u00f4nio, localizada na estratosfera, atua como um filtro solar natural, bloqueando a radia\u00e7\u00e3o ultravioleta potencialmente prejudicial que atinge a superf\u00edcie terrestre.<\/p>\n\n\n\n<p>Sem essa prote\u00e7\u00e3o, seres humanos e animais estariam mais suscet\u00edveis a problemas de sa\u00fade, como aumento nos casos de c\u00e2ncer de pele, danos ao DNA e cataratas. Al\u00e9m disso, a radia\u00e7\u00e3o ultravioleta pode afetar processos fisiol\u00f3gicos e de desenvolvimento em plantas. A descoberta do buraco na camada de oz\u00f4nio \u00e9 considerada uma das mais importantes do s\u00e9culo <strong>XX<\/strong>, destacando a import\u00e2ncia da ci\u00eancia robusta e da coopera\u00e7\u00e3o internacional na resolu\u00e7\u00e3o de amea\u00e7as em escala planet\u00e1ria.<\/p>\n\n\n\n<h2 class=\"wp-block-heading\">O que causou o buraco na camada de oz\u00f4nio?<\/h2>\n\n\n\n<p>Os cientistas identificaram que a produ\u00e7\u00e3o de <strong>clorofluorocarbonetos (CFCs)<\/strong> era a principal respons\u00e1vel pelo problema. Esses compostos eram amplamente utilizados em refrigeradores, aeross\u00f3is, solventes e extintores de inc\u00eandio. Quando \u00e1tomos de cloro e bromo dos CFCs chegam \u00e0 estratosfera e entram em contato com o oz\u00f4nio, eles destroem as mol\u00e9culas de oz\u00f4nio, o que acelera a sua destrui\u00e7\u00e3o em um ritmo mais r\u00e1pido do que sua forma\u00e7\u00e3o natural.<\/p>\n\n\n\n<h2 class=\"wp-block-heading\">O buraco na camada de oz\u00f4nio est\u00e1 se recuperando?<\/h2>\n\n\n\n<p>Apesar de ainda se formar um grande buraco na camada de oz\u00f4nio a cada primavera ant\u00e1rtica, especialmente em setembro, h\u00e1 sinais de recupera\u00e7\u00e3o. No entanto, esse processo \u00e9 lento, pois os CFCs t\u00eam uma vida atmosf\u00e9rica de mais de 50 anos. Mesmo sem novas emiss\u00f5es, uma recupera\u00e7\u00e3o completa pode n\u00e3o ocorrer antes de <strong>2070<\/strong>. A taxa de recupera\u00e7\u00e3o \u00e9 mais lenta do que o esperado, possivelmente devido a intera\u00e7\u00f5es com as mudan\u00e7as clim\u00e1ticas.<\/p>\n\n\n\n<figure class=\"wp-block-image size-large\"><img decoding=\"async\" width=\"1024\" height=\"576\" src=\"https:\/\/www.correiobraziliense.com.br\/cbradar\/wp-content\/uploads\/2025\/05\/camada-de-ozonio_1747778372007-1024x576.jpg\" alt=\"Descoberta do buraco na camada de oz\u00f4nio completa 4 d\u00e9cadas, veja o que se sabe\" class=\"wp-image-40252\" srcset=\"https:\/\/www.correiobraziliense.com.br\/cbradar\/wp-content\/uploads\/2025\/05\/camada-de-ozonio_1747778372007-1024x576.jpg 1024w, https:\/\/www.correiobraziliense.com.br\/cbradar\/wp-content\/uploads\/2025\/05\/camada-de-ozonio_1747778372007-300x169.jpg 300w, https:\/\/www.correiobraziliense.com.br\/cbradar\/wp-content\/uploads\/2025\/05\/camada-de-ozonio_1747778372007-768x432.jpg 768w, https:\/\/www.correiobraziliense.com.br\/cbradar\/wp-content\/uploads\/2025\/05\/camada-de-ozonio_1747778372007-750x422.jpg 750w, https:\/\/www.correiobraziliense.com.br\/cbradar\/wp-content\/uploads\/2025\/05\/camada-de-ozonio_1747778372007-1140x641.jpg 1140w, https:\/\/www.correiobraziliense.com.br\/cbradar\/wp-content\/uploads\/2025\/05\/camada-de-ozonio_1747778372007.jpg 1280w\" sizes=\"(max-width: 1024px) 100vw, 1024px\" \/><figcaption class=\"wp-element-caption\">camada.  de oz\u00f4nio. Cr\u00e9ditos: depositphotos.com \/ iCexpert<\/figcaption><\/figure>\n\n\n\n<h2 class=\"wp-block-heading\">O que \u00e9 o Protocolo de Montreal?<\/h2>\n\n\n\n<p>A descoberta do buraco na camada de oz\u00f4nio levou \u00e0 cria\u00e7\u00e3o do <strong>Protocolo de Montreal<\/strong> em <strong>1987<\/strong>, um acordo internacional que congelou a produ\u00e7\u00e3o e o uso de subst\u00e2ncias que destroem o oz\u00f4nio nos n\u00edveis de <strong>1986<\/strong>, estabelecendo as bases para sua elimina\u00e7\u00e3o gradual. Este protocolo \u00e9 considerado um dos tratados ambientais internacionais mais bem-sucedidos, tendo prevenido que a radia\u00e7\u00e3o UV prejudicial atingisse a superf\u00edcie da Terra, salvando in\u00fameras vidas.<\/p>\n\n\n\n<h2 class=\"wp-block-heading\">Qual \u00e9 a rela\u00e7\u00e3o entre o buraco na camada de oz\u00f4nio e as mudan\u00e7as clim\u00e1ticas?<\/h2>\n\n\n\n<p>Embora o Protocolo de Montreal tenha sido um sucesso, a mesma efic\u00e1cia n\u00e3o foi alcan\u00e7ada na redu\u00e7\u00e3o das emiss\u00f5es de gases de efeito estufa que causam as mudan\u00e7as clim\u00e1ticas. A diferen\u00e7a reside, em parte, no modelo econ\u00f4mico atual, que muitas vezes ignora os custos ambientais e assume que os recursos s\u00e3o infinitos. Essa abordagem contribui para crises ambientais que poderiam ser evitadas, destacando a necessidade de uma a\u00e7\u00e3o mais abrangente e eficaz em quest\u00f5es ambientais globais.<\/p>\n","protected":false},"excerpt":{"rendered":"<p>H\u00e1 quatro d\u00e9cadas, a descoberta de um buraco na camada de oz\u00f4nio marcou o in\u00edcio de uma preocupa\u00e7\u00e3o global com o meio ambiente.<\/p>\n","protected":false},"author":3,"featured_media":40251,"comment_status":"open","ping_status":"open","sticky":false,"template":"","format":"standard","meta":{"_yoast_wpseo_focuskw":"camada de oz\u00f4nio","_yoast_wpseo_title":"%%title%%","_yoast_wpseo_metadesc":"H\u00e1 quatro d\u00e9cadas, a descoberta de um buraco na camada de oz\u00f4nio marcou o in\u00edcio de uma preocupa\u00e7\u00e3o global com o meio ambiente.","jnews-multi-image_gallery":[],"jnews_single_post":{"format":"standard"},"jnews_primary_category":[],"jnews_social_meta":[],"jnews_override_counter":[],"footnotes":""},"categories":[112],"tags":[179,5056],"class_list":["post-40249","post","type-post","status-publish","format-standard","has-post-thumbnail","hentry","category-curiosidades","tag-astronomia","tag-camada-de-ozonio"],"yoast_head":"<!-- This site is optimized with the Yoast SEO plugin v24.6 - https:\/\/yoast.com\/wordpress\/plugins\/seo\/ -->\n<title>Descoberta do buraco na camada de oz\u00f4nio completa 4 d\u00e9cadas, veja o que se sabe<\/title>\n<meta name=\"description\" content=\"H\u00e1 quatro d\u00e9cadas, a descoberta de um buraco na camada de oz\u00f4nio marcou o in\u00edcio de uma preocupa\u00e7\u00e3o global com o meio ambiente.\" \/>\n<meta name=\"robots\" content=\"index, follow, max-snippet:-1, max-image-preview:large, max-video-preview:-1\" \/>\n<link rel=\"canonical\" href=\"https:\/\/www.correiobraziliense.com.br\/cbradar\/descoberta-do-buraco-na-camada-de-ozonio-completa-4-decadas-veja-o-que-se-sabe\/\" \/>\n<meta property=\"og:locale\" content=\"pt_BR\" \/>\n<meta property=\"og:type\" content=\"article\" \/>\n<meta property=\"og:title\" content=\"Descoberta do buraco na camada de oz\u00f4nio completa 4 d\u00e9cadas, veja o que se sabe\" \/>\n<meta property=\"og:description\" content=\"H\u00e1 quatro d\u00e9cadas, a descoberta de um buraco na camada de oz\u00f4nio marcou o in\u00edcio de uma preocupa\u00e7\u00e3o global com o meio ambiente.\" \/>\n<meta property=\"og:url\" content=\"https:\/\/www.correiobraziliense.com.br\/cbradar\/descoberta-do-buraco-na-camada-de-ozonio-completa-4-decadas-veja-o-que-se-sabe\/\" \/>\n<meta property=\"og:site_name\" content=\"Correio Braziliense - Radar\" \/>\n<meta property=\"article:published_time\" content=\"2025-05-21T17:30:00+00:00\" \/>\n<meta property=\"og:image\" content=\"https:\/\/www.correiobraziliense.com.br\/cbradar\/wp-content\/uploads\/2025\/05\/camada-de-ozonio_1747778286727.jpg\" \/>\n\t<meta property=\"og:image:width\" content=\"1280\" \/>\n\t<meta property=\"og:image:height\" content=\"720\" \/>\n\t<meta property=\"og:image:type\" content=\"image\/jpeg\" \/>\n<meta name=\"author\" content=\"Larissa Carvalho\" \/>\n<meta name=\"twitter:card\" content=\"summary_large_image\" \/>\n<meta name=\"twitter:label1\" content=\"Escrito por\" \/>\n\t<meta name=\"twitter:data1\" content=\"Larissa Carvalho\" \/>\n\t<meta name=\"twitter:label2\" content=\"Est. tempo de leitura\" \/>\n\t<meta name=\"twitter:data2\" content=\"4 minutos\" \/>\n<!-- \/ Yoast SEO plugin. -->","yoast_head_json":{"title":"Descoberta do buraco na camada de oz\u00f4nio completa 4 d\u00e9cadas, veja o que se sabe","description":"H\u00e1 quatro d\u00e9cadas, a descoberta de um buraco na camada de oz\u00f4nio marcou o in\u00edcio de uma preocupa\u00e7\u00e3o global com o meio ambiente.","robots":{"index":"index","follow":"follow","max-snippet":"max-snippet:-1","max-image-preview":"max-image-preview:large","max-video-preview":"max-video-preview:-1"},"canonical":"https:\/\/www.correiobraziliense.com.br\/cbradar\/descoberta-do-buraco-na-camada-de-ozonio-completa-4-decadas-veja-o-que-se-sabe\/","og_locale":"pt_BR","og_type":"article","og_title":"Descoberta do buraco na camada de oz\u00f4nio completa 4 d\u00e9cadas, veja o que se sabe","og_description":"H\u00e1 quatro d\u00e9cadas, a descoberta de um buraco na camada de oz\u00f4nio marcou o in\u00edcio de uma preocupa\u00e7\u00e3o global com o meio ambiente.","og_url":"https:\/\/www.correiobraziliense.com.br\/cbradar\/descoberta-do-buraco-na-camada-de-ozonio-completa-4-decadas-veja-o-que-se-sabe\/","og_site_name":"Correio Braziliense - Radar","article_published_time":"2025-05-21T17:30:00+00:00","og_image":[{"width":1280,"height":720,"url":"https:\/\/www.correiobraziliense.com.br\/cbradar\/wp-content\/uploads\/2025\/05\/camada-de-ozonio_1747778286727.jpg","type":"image\/jpeg"}],"author":"Larissa Carvalho","twitter_card":"summary_large_image","twitter_misc":{"Escrito por":"Larissa Carvalho","Est. tempo de leitura":"4 minutos"},"schema":{"@context":"https:\/\/schema.org","@graph":[{"@type":"WebPage","@id":"https:\/\/www.correiobraziliense.com.br\/cbradar\/descoberta-do-buraco-na-camada-de-ozonio-completa-4-decadas-veja-o-que-se-sabe\/","url":"https:\/\/www.correiobraziliense.com.br\/cbradar\/descoberta-do-buraco-na-camada-de-ozonio-completa-4-decadas-veja-o-que-se-sabe\/","name":"Descoberta do buraco na camada de oz\u00f4nio completa 4 d\u00e9cadas, veja o que se sabe","isPartOf":{"@id":"https:\/\/www.correiobraziliense.com.br\/cbradar\/#website"},"primaryImageOfPage":{"@id":"https:\/\/www.correiobraziliense.com.br\/cbradar\/descoberta-do-buraco-na-camada-de-ozonio-completa-4-decadas-veja-o-que-se-sabe\/#primaryimage"},"image":{"@id":"https:\/\/www.correiobraziliense.com.br\/cbradar\/descoberta-do-buraco-na-camada-de-ozonio-completa-4-decadas-veja-o-que-se-sabe\/#primaryimage"},"thumbnailUrl":"https:\/\/www.correiobraziliense.com.br\/cbradar\/wp-content\/uploads\/2025\/05\/camada-de-ozonio_1747778286727.jpg","datePublished":"2025-05-21T17:30:00+00:00","author":{"@id":"https:\/\/www.correiobraziliense.com.br\/cbradar\/#\/schema\/person\/58422787644df994b53a19d3e56c1513"},"description":"H\u00e1 quatro d\u00e9cadas, a descoberta de um buraco na camada de oz\u00f4nio marcou o in\u00edcio de uma preocupa\u00e7\u00e3o global com o meio ambiente.","breadcrumb":{"@id":"https:\/\/www.correiobraziliense.com.br\/cbradar\/descoberta-do-buraco-na-camada-de-ozonio-completa-4-decadas-veja-o-que-se-sabe\/#breadcrumb"},"inLanguage":"pt-BR","potentialAction":[{"@type":"ReadAction","target":["https:\/\/www.correiobraziliense.com.br\/cbradar\/descoberta-do-buraco-na-camada-de-ozonio-completa-4-decadas-veja-o-que-se-sabe\/"]}]},{"@type":"ImageObject","inLanguage":"pt-BR","@id":"https:\/\/www.correiobraziliense.com.br\/cbradar\/descoberta-do-buraco-na-camada-de-ozonio-completa-4-decadas-veja-o-que-se-sabe\/#primaryimage","url":"https:\/\/www.correiobraziliense.com.br\/cbradar\/wp-content\/uploads\/2025\/05\/camada-de-ozonio_1747778286727.jpg","contentUrl":"https:\/\/www.correiobraziliense.com.br\/cbradar\/wp-content\/uploads\/2025\/05\/camada-de-ozonio_1747778286727.jpg","width":1280,"height":720,"caption":"camada de oz\u00f4nio. Cr\u00e9ditos: depositphotos.com \/ studio023"},{"@type":"BreadcrumbList","@id":"https:\/\/www.correiobraziliense.com.br\/cbradar\/descoberta-do-buraco-na-camada-de-ozonio-completa-4-decadas-veja-o-que-se-sabe\/#breadcrumb","itemListElement":[{"@type":"ListItem","position":1,"name":"In\u00edcio","item":"https:\/\/www.correiobraziliense.com.br\/cbradar\/"},{"@type":"ListItem","position":2,"name":"Descoberta do buraco na camada de oz\u00f4nio completa 4 d\u00e9cadas, veja o que se sabe"}]},{"@type":"WebSite","@id":"https:\/\/www.correiobraziliense.com.br\/cbradar\/#website","url":"https:\/\/www.correiobraziliense.com.br\/cbradar\/","name":"Correio Braziliense - Radar","description":"Acompanhe as \u00faltimas not\u00edcias e fique bem informado sobre tudo o que acontece no Brasil e no mundo.","potentialAction":[{"@type":"SearchAction","target":{"@type":"EntryPoint","urlTemplate":"https:\/\/www.correiobraziliense.com.br\/cbradar\/?s={search_term_string}"},"query-input":{"@type":"PropertyValueSpecification","valueRequired":true,"valueName":"search_term_string"}}],"inLanguage":"pt-BR"},{"@type":"Person","@id":"https:\/\/www.correiobraziliense.com.br\/cbradar\/#\/schema\/person\/58422787644df994b53a19d3e56c1513","name":"Larissa Carvalho","image":{"@type":"ImageObject","inLanguage":"pt-BR","@id":"https:\/\/www.correiobraziliense.com.br\/cbradar\/#\/schema\/person\/image\/","url":"https:\/\/secure.gravatar.com\/avatar\/fe4f91a0de32b52a838d0d612abdc1aa?s=96&d=mm&r=g","contentUrl":"https:\/\/secure.gravatar.com\/avatar\/fe4f91a0de32b52a838d0d612abdc1aa?s=96&d=mm&r=g","caption":"Larissa Carvalho"},"url":"https:\/\/www.correiobraziliense.com.br\/cbradar\/author\/larissamyth\/"}]}},"_links":{"self":[{"href":"https:\/\/www.correiobraziliense.com.br\/cbradar\/wp-json\/wp\/v2\/posts\/40249","targetHints":{"allow":["GET"]}}],"collection":[{"href":"https:\/\/www.correiobraziliense.com.br\/cbradar\/wp-json\/wp\/v2\/posts"}],"about":[{"href":"https:\/\/www.correiobraziliense.com.br\/cbradar\/wp-json\/wp\/v2\/types\/post"}],"author":[{"embeddable":true,"href":"https:\/\/www.correiobraziliense.com.br\/cbradar\/wp-json\/wp\/v2\/users\/3"}],"replies":[{"embeddable":true,"href":"https:\/\/www.correiobraziliense.com.br\/cbradar\/wp-json\/wp\/v2\/comments?post=40249"}],"version-history":[{"count":2,"href":"https:\/\/www.correiobraziliense.com.br\/cbradar\/wp-json\/wp\/v2\/posts\/40249\/revisions"}],"predecessor-version":[{"id":40253,"href":"https:\/\/www.correiobraziliense.com.br\/cbradar\/wp-json\/wp\/v2\/posts\/40249\/revisions\/40253"}],"wp:featuredmedia":[{"embeddable":true,"href":"https:\/\/www.correiobraziliense.com.br\/cbradar\/wp-json\/wp\/v2\/media\/40251"}],"wp:attachment":[{"href":"https:\/\/www.correiobraziliense.com.br\/cbradar\/wp-json\/wp\/v2\/media?parent=40249"}],"wp:term":[{"taxonomy":"category","embeddable":true,"href":"https:\/\/www.correiobraziliense.com.br\/cbradar\/wp-json\/wp\/v2\/categories?post=40249"},{"taxonomy":"post_tag","embeddable":true,"href":"https:\/\/www.correiobraziliense.com.br\/cbradar\/wp-json\/wp\/v2\/tags?post=40249"}],"curies":[{"name":"wp","href":"https:\/\/api.w.org\/{rel}","templated":true}]}}