{"id":40270,"date":"2025-05-21T18:10:00","date_gmt":"2025-05-21T21:10:00","guid":{"rendered":"https:\/\/www.correiobraziliense.com.br\/cbradar\/?p=40270"},"modified":"2025-05-20T20:03:15","modified_gmt":"2025-05-20T23:03:15","slug":"esse-filme-vai-te-emocionar-com-ciencia-e-superacao","status":"publish","type":"post","link":"https:\/\/www.correiobraziliense.com.br\/cbradar\/esse-filme-vai-te-emocionar-com-ciencia-e-superacao\/","title":{"rendered":"Esse filme vai te emocionar com ci\u00eancia e supera\u00e7\u00e3o"},"content":{"rendered":"\n<p><strong>Estrelas al\u00e9m do tempo<\/strong> (<em>Hidden Figures<\/em>) \u00e9 um filme lan\u00e7ado em 2016, dirigido por <strong>Theodore Melfi<\/strong> e baseado no livro de n\u00e3o fic\u00e7\u00e3o de <strong>Margot Lee Shetterly<\/strong>. A trama conta a hist\u00f3ria real de tr\u00eas matem\u00e1ticas negras \u2014 <strong>Katherine Johnson<\/strong>, <strong>Dorothy Vaughan<\/strong> e <strong>Mary Jackson<\/strong> \u2014 que trabalharam na NASA e foram fundamentais para o sucesso das primeiras miss\u00f5es espaciais dos Estados Unidos.<\/p>\n\n\n\n<p>Em meio ao racismo e ao machismo da d\u00e9cada de 1960, essas mulheres enfrentaram discrimina\u00e7\u00e3o institucional e pessoal para provar seu valor, tornando-se pe\u00e7as-chave na corrida espacial contra a Uni\u00e3o Sovi\u00e9tica.<\/p>\n\n\n\n<h2 class=\"wp-block-heading\">Quem s\u00e3o os personagens principais?<\/h2>\n\n\n\n<ul class=\"wp-block-list\">\n<li><strong>Katherine Johnson<\/strong> (Taraji P. Henson): g\u00eanio da matem\u00e1tica, respons\u00e1vel por c\u00e1lculos cruciais para o retorno da miss\u00e3o Apollo.<\/li>\n\n\n\n<li><strong>Dorothy Vaughan<\/strong> (Octavia Spencer): supervisora autodidata e especialista em programa\u00e7\u00e3o.<\/li>\n\n\n\n<li><strong>Mary Jackson<\/strong> (Janelle Mon\u00e1e): engenheira determinada que quebra barreiras legais para estudar.<\/li>\n\n\n\n<li><strong>Al Harrison<\/strong> (Kevin Costner): diretor da NASA que reconhece o talento de Katherine.<\/li>\n\n\n\n<li><strong>Vivian Mitchell<\/strong> (Kirsten Dunst) e <strong>Paul Stafford<\/strong> (Jim Parsons): figuras que representam a resist\u00eancia institucional \u00e0s protagonistas.<\/li>\n<\/ul>\n\n\n\n<figure class=\"wp-block-image size-large\"><img decoding=\"async\" width=\"1024\" height=\"576\" src=\"https:\/\/www.correiobraziliense.com.br\/cbradar\/wp-content\/uploads\/2025\/05\/Estrelas-alem-do-tempo-2-1024x576.png\" alt=\"Esse filme vai te emocionar com ci\u00eancia e supera\u00e7\u00e3o\" class=\"wp-image-40271\" srcset=\"https:\/\/www.correiobraziliense.com.br\/cbradar\/wp-content\/uploads\/2025\/05\/Estrelas-alem-do-tempo-2-1024x576.png 1024w, https:\/\/www.correiobraziliense.com.br\/cbradar\/wp-content\/uploads\/2025\/05\/Estrelas-alem-do-tempo-2-300x169.png 300w, https:\/\/www.correiobraziliense.com.br\/cbradar\/wp-content\/uploads\/2025\/05\/Estrelas-alem-do-tempo-2-768x432.png 768w, https:\/\/www.correiobraziliense.com.br\/cbradar\/wp-content\/uploads\/2025\/05\/Estrelas-alem-do-tempo-2-750x422.png 750w, https:\/\/www.correiobraziliense.com.br\/cbradar\/wp-content\/uploads\/2025\/05\/Estrelas-alem-do-tempo-2-1140x641.png 1140w, https:\/\/www.correiobraziliense.com.br\/cbradar\/wp-content\/uploads\/2025\/05\/Estrelas-alem-do-tempo-2.png 1280w\" sizes=\"(max-width: 1024px) 100vw, 1024px\" \/><figcaption class=\"wp-element-caption\">Estrelas al\u00e9m do tempo. Fonte: divulga\u00e7\u00e3o \/ Fox 2000 Pictures<\/figcaption><\/figure>\n\n\n\n<h2 class=\"wp-block-heading\">Como o filme equilibra drama, ci\u00eancia e empoderamento?<\/h2>\n\n\n\n<p><em>Estrelas al\u00e9m do tempo<\/em> consegue ser ao mesmo tempo inspirador e educativo. O filme apresenta os feitos cient\u00edficos de forma acess\u00edvel, ao mesmo tempo em que exp\u00f5e as barreiras sociais enfrentadas pelas protagonistas.<\/p>\n\n\n\n<p>O roteiro valoriza o protagonismo feminino negro, mostrando como talento, persist\u00eancia e solidariedade podem romper as barreiras mais duras. \u00c9 um retrato emocionante de resist\u00eancia e transforma\u00e7\u00e3o.<\/p>\n\n\n\n<h2 class=\"wp-block-heading\">Vale a pena assistir Estrelas al\u00e9m do tempo?<\/h2>\n\n\n\n<p>Sim. \u00c9 um filme essencial para quem busca inspira\u00e7\u00e3o, consci\u00eancia social e uma boa hist\u00f3ria. <em>Estrelas al\u00e9m do tempo<\/em> emociona, informa e exalta figuras hist\u00f3ricas que por muito tempo foram invisibilizadas.<\/p>\n\n\n\n<p>\u00c9 tamb\u00e9m um lembrete de que grandes feitos n\u00e3o v\u00eam apenas dos que est\u00e3o no comando, mas daqueles que lutam todos os dias, mesmo em sil\u00eancio, por um mundo mais justo.<\/p>\n\n\n\n<iframe loading=\"lazy\" width=\"560\" height=\"315\" src=\"https:\/\/www.youtube.com\/embed\/wx3PVtrU-Os?si=Ex9I9rhgPikdpIZ3\" title=\"YouTube video player\" frameborder=\"0\" allow=\"accelerometer; autoplay; clipboard-write; encrypted-media; gyroscope; picture-in-picture; web-share\" referrerpolicy=\"strict-origin-when-cross-origin\" allowfullscreen><\/iframe>\n\n\n\n<h2 class=\"wp-block-heading\">Curiosidades sobre Estrelas al\u00e9m do tempo<\/h2>\n\n\n\n<ul class=\"wp-block-list\">\n<li>O filme foi indicado a tr\u00eas Oscars, incluindo Melhor Filme e Melhor Atriz Coadjuvante para Octavia Spencer.<\/li>\n\n\n\n<li>Katherine Johnson foi homenageada pela NASA em vida e faleceu em 2020.<\/li>\n\n\n\n<li>O filme mostra a transi\u00e7\u00e3o da computa\u00e7\u00e3o humana para os primeiros computadores IBM.<\/li>\n\n\n\n<li>As verdadeiras protagonistas foram consultoras e participaram da divulga\u00e7\u00e3o da produ\u00e7\u00e3o.<\/li>\n<\/ul>\n\n\n\n<h2 class=\"wp-block-heading\">FAQ &#8211; Perguntas frequentes<\/h2>\n\n\n\n<ul class=\"wp-block-list\">\n<li><strong>Onde assistir Estrelas al\u00e9m do tempo?<\/strong>\n<ul class=\"wp-block-list\">\n<li>Dispon\u00edvel na <strong>Disney+<\/strong>, <strong>Star+<\/strong> e para aluguel em plataformas como <strong>Apple TV<\/strong> e <strong>Prime Video<\/strong>.<\/li>\n<\/ul>\n<\/li>\n\n\n\n<li><strong>Quem est\u00e1 no elenco principal?<\/strong>\n<ul class=\"wp-block-list\">\n<li><strong>Taraji P. Henson<\/strong>, <strong>Octavia Spencer<\/strong>, <strong>Janelle Mon\u00e1e<\/strong>, <strong>Kevin Costner<\/strong>, <strong>Kirsten Dunst<\/strong>, <strong>Jim Parsons<\/strong>.<\/li>\n<\/ul>\n<\/li>\n\n\n\n<li><strong>Qual o ano de lan\u00e7amento do filme?<\/strong>\n<ul class=\"wp-block-list\">\n<li><em>Estrelas al\u00e9m do tempo<\/em> foi lan\u00e7ado em 2016.<\/li>\n<\/ul>\n<\/li>\n\n\n\n<li><strong>Qual a produtora respons\u00e1vel pelo filme?<\/strong>\n<ul class=\"wp-block-list\">\n<li>Produzido pela <strong>Fox 2000 Pictures<\/strong>, em parceria com a <strong>Chernin Entertainment<\/strong> e a <strong>Levantine Films<\/strong>.<\/li>\n<\/ul>\n<\/li>\n<\/ul>\n","protected":false},"excerpt":{"rendered":"<p>Uma hist\u00f3ria real inspiradora de tr\u00eas mulheres negras que mudaram o curso da corrida espacial com coragem e genialidade.<\/p>\n","protected":false},"author":3,"featured_media":40272,"comment_status":"open","ping_status":"open","sticky":false,"template":"","format":"standard","meta":{"_yoast_wpseo_focuskw":"Estrelas Al\u00e9m do tempo","_yoast_wpseo_title":"%%title%%","_yoast_wpseo_metadesc":"Uma hist\u00f3ria real inspiradora de tr\u00eas mulheres negras que mudaram o curso da corrida espacial com coragem e genialidade.","jnews-multi-image_gallery":[],"jnews_single_post":{"format":"standard"},"jnews_primary_category":[],"jnews_social_meta":[],"jnews_override_counter":[],"footnotes":""},"categories":[140],"post_tag":[568],"class_list":["post-40270","post","type-post","status-publish","format-standard","has-post-thumbnail","hentry","category-entretenimento","tag-series-e-filmes"],"yoast_head":"<!-- This site is optimized with the Yoast SEO plugin v24.6 - https:\/\/yoast.com\/wordpress\/plugins\/seo\/ -->\n<title>Esse filme vai te emocionar com ci\u00eancia e supera\u00e7\u00e3o<\/title>\n<meta name=\"description\" content=\"Uma hist\u00f3ria real inspiradora de tr\u00eas mulheres negras que mudaram o curso da corrida espacial com coragem e genialidade.\" \/>\n<meta name=\"robots\" content=\"index, follow, max-snippet:-1, max-image-preview:large, max-video-preview:-1\" \/>\n<link rel=\"canonical\" href=\"https:\/\/www.correiobraziliense.com.br\/cbradar\/esse-filme-vai-te-emocionar-com-ciencia-e-superacao\/\" \/>\n<meta property=\"og:locale\" content=\"pt_BR\" \/>\n<meta property=\"og:type\" content=\"article\" \/>\n<meta property=\"og:title\" content=\"Esse filme vai te emocionar com ci\u00eancia e supera\u00e7\u00e3o\" \/>\n<meta property=\"og:description\" content=\"Uma hist\u00f3ria real inspiradora de tr\u00eas mulheres negras que mudaram o curso da corrida espacial com coragem e genialidade.\" \/>\n<meta property=\"og:url\" content=\"https:\/\/www.correiobraziliense.com.br\/cbradar\/esse-filme-vai-te-emocionar-com-ciencia-e-superacao\/\" \/>\n<meta property=\"og:site_name\" content=\"Correio Braziliense - Radar\" \/>\n<meta property=\"article:published_time\" content=\"2025-05-21T21:10:00+00:00\" \/>\n<meta property=\"og:image\" content=\"https:\/\/www.correiobraziliense.com.br\/cbradar\/wp-content\/uploads\/2025\/05\/Estrelas-alem-do-tempo.png\" \/>\n\t<meta property=\"og:image:width\" content=\"1280\" \/>\n\t<meta property=\"og:image:height\" content=\"720\" \/>\n\t<meta property=\"og:image:type\" content=\"image\/png\" \/>\n<meta name=\"author\" content=\"Larissa Carvalho\" \/>\n<meta name=\"twitter:card\" content=\"summary_large_image\" \/>\n<meta name=\"twitter:label1\" content=\"Escrito por\" \/>\n\t<meta name=\"twitter:data1\" content=\"Larissa Carvalho\" \/>\n\t<meta name=\"twitter:label2\" content=\"Est. tempo de leitura\" \/>\n\t<meta name=\"twitter:data2\" content=\"3 minutos\" \/>\n<!-- \/ Yoast SEO plugin. -->","yoast_head_json":{"title":"Esse filme vai te emocionar com ci\u00eancia e supera\u00e7\u00e3o","description":"Uma hist\u00f3ria real inspiradora de tr\u00eas mulheres negras que mudaram o curso da corrida espacial com coragem e genialidade.","robots":{"index":"index","follow":"follow","max-snippet":"max-snippet:-1","max-image-preview":"max-image-preview:large","max-video-preview":"max-video-preview:-1"},"canonical":"https:\/\/www.correiobraziliense.com.br\/cbradar\/esse-filme-vai-te-emocionar-com-ciencia-e-superacao\/","og_locale":"pt_BR","og_type":"article","og_title":"Esse filme vai te emocionar com ci\u00eancia e supera\u00e7\u00e3o","og_description":"Uma hist\u00f3ria real inspiradora de tr\u00eas mulheres negras que mudaram o curso da corrida espacial com coragem e genialidade.","og_url":"https:\/\/www.correiobraziliense.com.br\/cbradar\/esse-filme-vai-te-emocionar-com-ciencia-e-superacao\/","og_site_name":"Correio Braziliense - Radar","article_published_time":"2025-05-21T21:10:00+00:00","og_image":[{"width":1280,"height":720,"url":"https:\/\/www.correiobraziliense.com.br\/cbradar\/wp-content\/uploads\/2025\/05\/Estrelas-alem-do-tempo.png","type":"image\/png"}],"author":"Larissa Carvalho","twitter_card":"summary_large_image","twitter_misc":{"Escrito por":"Larissa Carvalho","Est. tempo de leitura":"3 minutos"},"schema":{"@context":"https:\/\/schema.org","@graph":[{"@type":"WebPage","@id":"https:\/\/www.correiobraziliense.com.br\/cbradar\/esse-filme-vai-te-emocionar-com-ciencia-e-superacao\/","url":"https:\/\/www.correiobraziliense.com.br\/cbradar\/esse-filme-vai-te-emocionar-com-ciencia-e-superacao\/","name":"Esse filme vai te emocionar com ci\u00eancia e supera\u00e7\u00e3o","isPartOf":{"@id":"https:\/\/www.correiobraziliense.com.br\/cbradar\/#website"},"primaryImageOfPage":{"@id":"https:\/\/www.correiobraziliense.com.br\/cbradar\/esse-filme-vai-te-emocionar-com-ciencia-e-superacao\/#primaryimage"},"image":{"@id":"https:\/\/www.correiobraziliense.com.br\/cbradar\/esse-filme-vai-te-emocionar-com-ciencia-e-superacao\/#primaryimage"},"thumbnailUrl":"https:\/\/www.correiobraziliense.com.br\/cbradar\/wp-content\/uploads\/2025\/05\/Estrelas-alem-do-tempo.png","datePublished":"2025-05-21T21:10:00+00:00","author":{"@id":"https:\/\/www.correiobraziliense.com.br\/cbradar\/#\/schema\/person\/58422787644df994b53a19d3e56c1513"},"description":"Uma hist\u00f3ria real inspiradora de tr\u00eas mulheres negras que mudaram o curso da corrida espacial com coragem e genialidade.","breadcrumb":{"@id":"https:\/\/www.correiobraziliense.com.br\/cbradar\/esse-filme-vai-te-emocionar-com-ciencia-e-superacao\/#breadcrumb"},"inLanguage":"pt-BR","potentialAction":[{"@type":"ReadAction","target":["https:\/\/www.correiobraziliense.com.br\/cbradar\/esse-filme-vai-te-emocionar-com-ciencia-e-superacao\/"]}]},{"@type":"ImageObject","inLanguage":"pt-BR","@id":"https:\/\/www.correiobraziliense.com.br\/cbradar\/esse-filme-vai-te-emocionar-com-ciencia-e-superacao\/#primaryimage","url":"https:\/\/www.correiobraziliense.com.br\/cbradar\/wp-content\/uploads\/2025\/05\/Estrelas-alem-do-tempo.png","contentUrl":"https:\/\/www.correiobraziliense.com.br\/cbradar\/wp-content\/uploads\/2025\/05\/Estrelas-alem-do-tempo.png","width":1280,"height":720,"caption":"Estrelas al\u00e9m do tempo. Fonte: divulga\u00e7\u00e3o \/ Fox 2000 Pictures"},{"@type":"BreadcrumbList","@id":"https:\/\/www.correiobraziliense.com.br\/cbradar\/esse-filme-vai-te-emocionar-com-ciencia-e-superacao\/#breadcrumb","itemListElement":[{"@type":"ListItem","position":1,"name":"In\u00edcio","item":"https:\/\/www.correiobraziliense.com.br\/cbradar\/"},{"@type":"ListItem","position":2,"name":"Esse filme vai te emocionar com ci\u00eancia e supera\u00e7\u00e3o"}]},{"@type":"WebSite","@id":"https:\/\/www.correiobraziliense.com.br\/cbradar\/#website","url":"https:\/\/www.correiobraziliense.com.br\/cbradar\/","name":"Correio Braziliense - Radar","description":"Acompanhe as \u00faltimas not\u00edcias e fique bem informado sobre tudo o que acontece no Brasil e no mundo.","potentialAction":[{"@type":"SearchAction","target":{"@type":"EntryPoint","urlTemplate":"https:\/\/www.correiobraziliense.com.br\/cbradar\/?s={search_term_string}"},"query-input":{"@type":"PropertyValueSpecification","valueRequired":true,"valueName":"search_term_string"}}],"inLanguage":"pt-BR"},{"@type":"Person","@id":"https:\/\/www.correiobraziliense.com.br\/cbradar\/#\/schema\/person\/58422787644df994b53a19d3e56c1513","name":"Larissa Carvalho","image":{"@type":"ImageObject","inLanguage":"pt-BR","@id":"https:\/\/www.correiobraziliense.com.br\/cbradar\/#\/schema\/person\/image\/","url":"https:\/\/secure.gravatar.com\/avatar\/fe4f91a0de32b52a838d0d612abdc1aa?s=96&d=mm&r=g","contentUrl":"https:\/\/secure.gravatar.com\/avatar\/fe4f91a0de32b52a838d0d612abdc1aa?s=96&d=mm&r=g","caption":"Larissa Carvalho"},"url":"https:\/\/www.correiobraziliense.com.br\/cbradar\/author\/larissamyth\/"}]}},"_links":{"self":[{"href":"https:\/\/www.correiobraziliense.com.br\/cbradar\/wp-json\/wp\/v2\/posts\/40270","targetHints":{"allow":["GET"]}}],"collection":[{"href":"https:\/\/www.correiobraziliense.com.br\/cbradar\/wp-json\/wp\/v2\/posts"}],"about":[{"href":"https:\/\/www.correiobraziliense.com.br\/cbradar\/wp-json\/wp\/v2\/types\/post"}],"author":[{"embeddable":true,"href":"https:\/\/www.correiobraziliense.com.br\/cbradar\/wp-json\/wp\/v2\/users\/3"}],"replies":[{"embeddable":true,"href":"https:\/\/www.correiobraziliense.com.br\/cbradar\/wp-json\/wp\/v2\/comments?post=40270"}],"version-history":[{"count":1,"href":"https:\/\/www.correiobraziliense.com.br\/cbradar\/wp-json\/wp\/v2\/posts\/40270\/revisions"}],"predecessor-version":[{"id":40273,"href":"https:\/\/www.correiobraziliense.com.br\/cbradar\/wp-json\/wp\/v2\/posts\/40270\/revisions\/40273"}],"wp:featuredmedia":[{"embeddable":true,"href":"https:\/\/www.correiobraziliense.com.br\/cbradar\/wp-json\/wp\/v2\/media\/40272"}],"wp:attachment":[{"href":"https:\/\/www.correiobraziliense.com.br\/cbradar\/wp-json\/wp\/v2\/media?parent=40270"}],"wp:term":[{"taxonomy":"category","embeddable":true,"href":"https:\/\/www.correiobraziliense.com.br\/cbradar\/wp-json\/wp\/v2\/categories?post=40270"},{"taxonomy":"post_tag","embeddable":true,"href":"https:\/\/www.correiobraziliense.com.br\/cbradar\/wp-json\/wp\/v2\/post_tag?post=40270"}],"curies":[{"name":"wp","href":"https:\/\/api.w.org\/{rel}","templated":true}]}}