{"id":40422,"date":"2025-05-22T12:03:00","date_gmt":"2025-05-22T15:03:00","guid":{"rendered":"https:\/\/www.correiobraziliense.com.br\/cbradar\/?p=40422"},"modified":"2025-05-21T12:21:10","modified_gmt":"2025-05-21T15:21:10","slug":"descoberto-o-efeito-mais-surpreendente-da-canela-no-corpo","status":"publish","type":"post","link":"https:\/\/www.correiobraziliense.com.br\/cbradar\/descoberto-o-efeito-mais-surpreendente-da-canela-no-corpo\/","title":{"rendered":"Descoberto o efeito mais surpreendente da Canela no corpo"},"content":{"rendered":"\n<p>A <strong>Canela <\/strong>\u00e9 um tempero amplamente utilizado na culin\u00e1ria mundial, conhecido por seu sabor doce e aroma marcante. Al\u00e9m de seu uso em receitas, a canela tem ganhado aten\u00e7\u00e3o por seus potenciais benef\u00edcios \u00e0 sa\u00fade, especialmente no controle do a\u00e7\u00facar no sangue e na gest\u00e3o do peso corporal.<\/p>\n\n\n\n<p>No entanto, \u00e9 crucial estar ciente dos riscos associados ao consumo excessivo de Canela, principalmente para aqueles que fazem uso de certos medicamentos. Este artigo explora os benef\u00edcios e os cuidados necess\u00e1rios ao incorporar a Canela na dieta di\u00e1ria.<\/p>\n\n\n\n<h2 class=\"wp-block-heading\">Quais benef\u00edcios a Canela pode oferecer?<\/h2>\n\n\n\n<p>Derivada da casca de \u00e1rvores do g\u00eanero\u00a0<em>Cinnamomum<\/em>, a Canela \u00e9 valorizada n\u00e3o apenas por seu sabor, mas tamb\u00e9m por suas propriedades medicinais. A variedade mais comum, a canela-c\u00e1ssia, \u00e9 frequentemente estudada por seus efeitos na sa\u00fade.<\/p>\n\n\n\n<p>Pesquisas sugerem que a Canela pode melhorar a sensibilidade \u00e0 <a href=\"https:\/\/www.programasaudefacil.com.br\/posts\/o-que-e-insulina-e-qual-a-sua-funcao-para-diabeticos\" target=\"_blank\" rel=\"noreferrer noopener\">insulina<\/a>, auxiliando no controle do a\u00e7\u00facar no sangue. Al\u00e9m disso, suas propriedades antioxidantes e anti-inflamat\u00f3rias podem contribuir para a sa\u00fade geral. No entanto, \u00e9 importante lembrar que mais estudos s\u00e3o necess\u00e1rios para validar esses benef\u00edcios.<\/p>\n\n\n\n<h2 class=\"wp-block-heading\">Quais s\u00e3o os riscos do consumo excessivo de Canela?<\/h2>\n\n\n\n<p>Apesar dos benef\u00edcios, o consumo excessivo de Canela, especialmente na forma de suplementos, pode ser prejudicial. A canela-c\u00e1ssia cont\u00e9m cumarina, uma subst\u00e2ncia que pode ser t\u00f3xica em grandes quantidades, aumentando o risco de danos ao f\u00edgado e problemas de coagula\u00e7\u00e3o sangu\u00ednea.<\/p>\n\n\n\n<p>O uso prolongado de produtos de Canela deve ser evitado por pessoas que j\u00e1 utilizam medicamentos anticoagulantes ou que possuem condi\u00e7\u00f5es hep\u00e1ticas. \u00c9 sempre aconselh\u00e1vel consultar um profissional de sa\u00fade antes de iniciar qualquer suplementa\u00e7\u00e3o.<\/p>\n\n\n\n<h2 class=\"wp-block-heading\">Como a Canela pode interagir com medicamentos?<\/h2>\n\n\n\n<p>A Canela possui compostos que podem interferir no metabolismo de certos medicamentos, o que \u00e9 especialmente relevante para pessoas que tomam medicamentos para condi\u00e7\u00f5es cr\u00f4nicas, como diabetes e <a href=\"https:\/\/www.correiobraziliense.com.br\/cbradar\/o-truque-mais-simples-para-queimar-gordura-andando\/\" target=\"_blank\" rel=\"noreferrer noopener\">hipertens\u00e3o<\/a>.<\/p>\n\n\n\n<p>\u00c9 importante que indiv\u00edduos que utilizam medicamentos de uso cont\u00ednuo conversem com seus m\u00e9dicos antes de adicionar a Canela em sua dieta de forma significativa, para evitar intera\u00e7\u00f5es indesejadas e potenciais efeitos adversos.<\/p>\n\n\n\n<h2 class=\"wp-block-heading\">\u00c9 seguro usar Canela na culin\u00e1ria di\u00e1ria?<\/h2>\n\n\n\n<p>O uso moderado da Canela na culin\u00e1ria, como em sobremesas, bebidas e pratos salgados, \u00e9 geralmente seguro e pode ser uma maneira saborosa de aproveitar seus potenciais benef\u00edcios. A preocupa\u00e7\u00e3o principal \u00e9 com o uso excessivo, especialmente em forma de suplementos concentrados.<\/p>\n\n\n\n<figure class=\"wp-block-image aligncenter size-large\"><img decoding=\"async\" width=\"1024\" height=\"576\" src=\"https:\/\/www.correiobraziliense.com.br\/cbradar\/wp-content\/uploads\/2025\/05\/canela_1746816497250-1024x576.jpg\" alt=\"\" class=\"wp-image-34593\" srcset=\"https:\/\/www.correiobraziliense.com.br\/cbradar\/wp-content\/uploads\/2025\/05\/canela_1746816497250-1024x576.jpg 1024w, https:\/\/www.correiobraziliense.com.br\/cbradar\/wp-content\/uploads\/2025\/05\/canela_1746816497250-300x169.jpg 300w, https:\/\/www.correiobraziliense.com.br\/cbradar\/wp-content\/uploads\/2025\/05\/canela_1746816497250-768x432.jpg 768w, https:\/\/www.correiobraziliense.com.br\/cbradar\/wp-content\/uploads\/2025\/05\/canela_1746816497250-750x422.jpg 750w, https:\/\/www.correiobraziliense.com.br\/cbradar\/wp-content\/uploads\/2025\/05\/canela_1746816497250-1140x641.jpg 1140w, https:\/\/www.correiobraziliense.com.br\/cbradar\/wp-content\/uploads\/2025\/05\/canela_1746816497250.jpg 1280w\" sizes=\"(max-width: 1024px) 100vw, 1024px\" \/><figcaption class=\"wp-element-caption\">o uso da canela pode ser mais arriscado do que parece &#8211; Cr\u00e9ditos: depositphotos.com \/ valery121283\n\n<\/figcaption><\/figure>\n\n\n\n<p>Para aqueles que desejam incorporar a Canela em sua dieta, \u00e9 importante faz\u00ea-lo com modera\u00e7\u00e3o e estar ciente de que, apesar de promissora, a Canela n\u00e3o substitui tratamentos m\u00e9dicos convencionais.<\/p>\n\n\n\n<h2 class=\"wp-block-heading\">O que considerar antes de usar suplementos de Canela?<\/h2>\n\n\n\n<p>Antes de iniciar o uso de qualquer suplemento, \u00e9 fundamental informar ao m\u00e9dico sobre todos os produtos que est\u00e3o sendo consumidos. Mesmo produtos naturais podem ter efeitos adversos em doses elevadas ou quando combinados com outros medicamentos.<\/p>\n\n\n\n<p>A consulta m\u00e9dica \u00e9 essencial para garantir que o uso de suplementos de Canela n\u00e3o interfira com tratamentos em andamento. A Canela deve ser consumida com cautela e sempre sob orienta\u00e7\u00e3o profissional.<\/p>\n","protected":false},"excerpt":{"rendered":"<p>A Canela \u00e9 um tempero amplamente utilizado na culin\u00e1ria mundial, conhecido por seu sabor doce e aroma marcante. Al\u00e9m de seu uso em receitas, a canela tem ganhado aten\u00e7\u00e3o por seus potenciais benef\u00edcios \u00e0 sa\u00fade, especialmente no controle do a\u00e7\u00facar no sangue e na gest\u00e3o do peso corporal. No entanto, \u00e9 crucial estar ciente dos [&hellip;]<\/p>\n","protected":false},"author":14,"featured_media":34592,"comment_status":"open","ping_status":"open","sticky":false,"template":"","format":"standard","meta":{"_yoast_wpseo_focuskw":"Canelas","_yoast_wpseo_title":"","_yoast_wpseo_metadesc":"A canela pode ser um aliado poderoso ou um risco oculto na sua sa\u00fade di\u00e1ria dependendo de como voc\u00ea consome","jnews-multi-image_gallery":[],"jnews_single_post":{"format":"standard"},"jnews_primary_category":[],"jnews_social_meta":[],"jnews_override_counter":[],"footnotes":""},"categories":[4404],"tags":[2977,5068,565],"class_list":["post-40422","post","type-post","status-publish","format-standard","has-post-thumbnail","hentry","category-saude","tag-canela","tag-controle-de-acucar","tag-saude"],"yoast_head":"<!-- This site is optimized with the Yoast SEO plugin v24.6 - https:\/\/yoast.com\/wordpress\/plugins\/seo\/ -->\n<title>Descoberto o efeito mais surpreendente da Canela no corpo - Correio Braziliense - Radar<\/title>\n<meta name=\"description\" content=\"A canela pode ser um aliado poderoso ou um risco oculto na sua sa\u00fade di\u00e1ria dependendo de como voc\u00ea consome\" \/>\n<meta name=\"robots\" content=\"index, follow, max-snippet:-1, max-image-preview:large, max-video-preview:-1\" \/>\n<link rel=\"canonical\" href=\"https:\/\/www.correiobraziliense.com.br\/cbradar\/descoberto-o-efeito-mais-surpreendente-da-canela-no-corpo\/\" \/>\n<meta property=\"og:locale\" content=\"pt_BR\" \/>\n<meta property=\"og:type\" content=\"article\" \/>\n<meta property=\"og:title\" content=\"Descoberto o efeito mais surpreendente da Canela no corpo - Correio Braziliense - Radar\" \/>\n<meta property=\"og:description\" content=\"A canela pode ser um aliado poderoso ou um risco oculto na sua sa\u00fade di\u00e1ria dependendo de como voc\u00ea consome\" \/>\n<meta property=\"og:url\" content=\"https:\/\/www.correiobraziliense.com.br\/cbradar\/descoberto-o-efeito-mais-surpreendente-da-canela-no-corpo\/\" \/>\n<meta property=\"og:site_name\" content=\"Correio Braziliense - Radar\" \/>\n<meta property=\"article:published_time\" content=\"2025-05-22T15:03:00+00:00\" \/>\n<meta property=\"og:image\" content=\"https:\/\/www.correiobraziliense.com.br\/cbradar\/wp-content\/uploads\/2025\/05\/canela_1746816464309.jpg\" \/>\n\t<meta property=\"og:image:width\" content=\"1280\" \/>\n\t<meta property=\"og:image:height\" content=\"720\" \/>\n\t<meta property=\"og:image:type\" content=\"image\/jpeg\" \/>\n<meta name=\"author\" content=\"guilherme_saude\" \/>\n<meta name=\"twitter:card\" content=\"summary_large_image\" \/>\n<meta name=\"twitter:label1\" content=\"Escrito por\" \/>\n\t<meta name=\"twitter:data1\" content=\"guilherme_saude\" \/>\n\t<meta name=\"twitter:label2\" content=\"Est. tempo de leitura\" \/>\n\t<meta name=\"twitter:data2\" content=\"4 minutos\" \/>\n<!-- \/ Yoast SEO plugin. -->","yoast_head_json":{"title":"Descoberto o efeito mais surpreendente da Canela no corpo - Correio Braziliense - Radar","description":"A canela pode ser um aliado poderoso ou um risco oculto na sua sa\u00fade di\u00e1ria dependendo de como voc\u00ea consome","robots":{"index":"index","follow":"follow","max-snippet":"max-snippet:-1","max-image-preview":"max-image-preview:large","max-video-preview":"max-video-preview:-1"},"canonical":"https:\/\/www.correiobraziliense.com.br\/cbradar\/descoberto-o-efeito-mais-surpreendente-da-canela-no-corpo\/","og_locale":"pt_BR","og_type":"article","og_title":"Descoberto o efeito mais surpreendente da Canela no corpo - Correio Braziliense - Radar","og_description":"A canela pode ser um aliado poderoso ou um risco oculto na sua sa\u00fade di\u00e1ria dependendo de como voc\u00ea consome","og_url":"https:\/\/www.correiobraziliense.com.br\/cbradar\/descoberto-o-efeito-mais-surpreendente-da-canela-no-corpo\/","og_site_name":"Correio Braziliense - Radar","article_published_time":"2025-05-22T15:03:00+00:00","og_image":[{"width":1280,"height":720,"url":"https:\/\/www.correiobraziliense.com.br\/cbradar\/wp-content\/uploads\/2025\/05\/canela_1746816464309.jpg","type":"image\/jpeg"}],"author":"guilherme_saude","twitter_card":"summary_large_image","twitter_misc":{"Escrito por":"guilherme_saude","Est. tempo de leitura":"4 minutos"},"schema":{"@context":"https:\/\/schema.org","@graph":[{"@type":"WebPage","@id":"https:\/\/www.correiobraziliense.com.br\/cbradar\/descoberto-o-efeito-mais-surpreendente-da-canela-no-corpo\/","url":"https:\/\/www.correiobraziliense.com.br\/cbradar\/descoberto-o-efeito-mais-surpreendente-da-canela-no-corpo\/","name":"Descoberto o efeito mais surpreendente da Canela no corpo - Correio Braziliense - Radar","isPartOf":{"@id":"https:\/\/www.correiobraziliense.com.br\/cbradar\/#website"},"primaryImageOfPage":{"@id":"https:\/\/www.correiobraziliense.com.br\/cbradar\/descoberto-o-efeito-mais-surpreendente-da-canela-no-corpo\/#primaryimage"},"image":{"@id":"https:\/\/www.correiobraziliense.com.br\/cbradar\/descoberto-o-efeito-mais-surpreendente-da-canela-no-corpo\/#primaryimage"},"thumbnailUrl":"https:\/\/www.correiobraziliense.com.br\/cbradar\/wp-content\/uploads\/2025\/05\/canela_1746816464309.jpg","datePublished":"2025-05-22T15:03:00+00:00","author":{"@id":"https:\/\/www.correiobraziliense.com.br\/cbradar\/#\/schema\/person\/5aa4bf3c8fa699c267933611de12978b"},"description":"A canela pode ser um aliado poderoso ou um risco oculto na sua sa\u00fade di\u00e1ria dependendo de como voc\u00ea consome","breadcrumb":{"@id":"https:\/\/www.correiobraziliense.com.br\/cbradar\/descoberto-o-efeito-mais-surpreendente-da-canela-no-corpo\/#breadcrumb"},"inLanguage":"pt-BR","potentialAction":[{"@type":"ReadAction","target":["https:\/\/www.correiobraziliense.com.br\/cbradar\/descoberto-o-efeito-mais-surpreendente-da-canela-no-corpo\/"]}]},{"@type":"ImageObject","inLanguage":"pt-BR","@id":"https:\/\/www.correiobraziliense.com.br\/cbradar\/descoberto-o-efeito-mais-surpreendente-da-canela-no-corpo\/#primaryimage","url":"https:\/\/www.correiobraziliense.com.br\/cbradar\/wp-content\/uploads\/2025\/05\/canela_1746816464309.jpg","contentUrl":"https:\/\/www.correiobraziliense.com.br\/cbradar\/wp-content\/uploads\/2025\/05\/canela_1746816464309.jpg","width":1280,"height":720,"caption":"Canela em suas formas mais comuns: em p\u00f3 e em pau, amplamente utilizada na culin\u00e1ria e em suplementos alimentares - Cr\u00e9ditos: depositphotos.com \/ Nik_Merkulov"},{"@type":"BreadcrumbList","@id":"https:\/\/www.correiobraziliense.com.br\/cbradar\/descoberto-o-efeito-mais-surpreendente-da-canela-no-corpo\/#breadcrumb","itemListElement":[{"@type":"ListItem","position":1,"name":"In\u00edcio","item":"https:\/\/www.correiobraziliense.com.br\/cbradar\/"},{"@type":"ListItem","position":2,"name":"Descoberto o efeito mais surpreendente da Canela no corpo"}]},{"@type":"WebSite","@id":"https:\/\/www.correiobraziliense.com.br\/cbradar\/#website","url":"https:\/\/www.correiobraziliense.com.br\/cbradar\/","name":"Correio Braziliense - Radar","description":"Acompanhe as \u00faltimas not\u00edcias e fique bem informado sobre tudo o que acontece no Brasil e no mundo.","potentialAction":[{"@type":"SearchAction","target":{"@type":"EntryPoint","urlTemplate":"https:\/\/www.correiobraziliense.com.br\/cbradar\/?s={search_term_string}"},"query-input":{"@type":"PropertyValueSpecification","valueRequired":true,"valueName":"search_term_string"}}],"inLanguage":"pt-BR"},{"@type":"Person","@id":"https:\/\/www.correiobraziliense.com.br\/cbradar\/#\/schema\/person\/5aa4bf3c8fa699c267933611de12978b","name":"guilherme_saude","image":{"@type":"ImageObject","inLanguage":"pt-BR","@id":"https:\/\/www.correiobraziliense.com.br\/cbradar\/#\/schema\/person\/image\/","url":"https:\/\/secure.gravatar.com\/avatar\/df9adfb835d344bc0af109d41756253f?s=96&d=mm&r=g","contentUrl":"https:\/\/secure.gravatar.com\/avatar\/df9adfb835d344bc0af109d41756253f?s=96&d=mm&r=g","caption":"guilherme_saude"},"url":"https:\/\/www.correiobraziliense.com.br\/cbradar\/author\/guilherme_saude\/"}]}},"_links":{"self":[{"href":"https:\/\/www.correiobraziliense.com.br\/cbradar\/wp-json\/wp\/v2\/posts\/40422","targetHints":{"allow":["GET"]}}],"collection":[{"href":"https:\/\/www.correiobraziliense.com.br\/cbradar\/wp-json\/wp\/v2\/posts"}],"about":[{"href":"https:\/\/www.correiobraziliense.com.br\/cbradar\/wp-json\/wp\/v2\/types\/post"}],"author":[{"embeddable":true,"href":"https:\/\/www.correiobraziliense.com.br\/cbradar\/wp-json\/wp\/v2\/users\/14"}],"replies":[{"embeddable":true,"href":"https:\/\/www.correiobraziliense.com.br\/cbradar\/wp-json\/wp\/v2\/comments?post=40422"}],"version-history":[{"count":1,"href":"https:\/\/www.correiobraziliense.com.br\/cbradar\/wp-json\/wp\/v2\/posts\/40422\/revisions"}],"predecessor-version":[{"id":40429,"href":"https:\/\/www.correiobraziliense.com.br\/cbradar\/wp-json\/wp\/v2\/posts\/40422\/revisions\/40429"}],"wp:featuredmedia":[{"embeddable":true,"href":"https:\/\/www.correiobraziliense.com.br\/cbradar\/wp-json\/wp\/v2\/media\/34592"}],"wp:attachment":[{"href":"https:\/\/www.correiobraziliense.com.br\/cbradar\/wp-json\/wp\/v2\/media?parent=40422"}],"wp:term":[{"taxonomy":"category","embeddable":true,"href":"https:\/\/www.correiobraziliense.com.br\/cbradar\/wp-json\/wp\/v2\/categories?post=40422"},{"taxonomy":"post_tag","embeddable":true,"href":"https:\/\/www.correiobraziliense.com.br\/cbradar\/wp-json\/wp\/v2\/tags?post=40422"}],"curies":[{"name":"wp","href":"https:\/\/api.w.org\/{rel}","templated":true}]}}