{"id":40517,"date":"2025-05-22T14:43:00","date_gmt":"2025-05-22T17:43:00","guid":{"rendered":"https:\/\/www.correiobraziliense.com.br\/cbradar\/?p=40517"},"modified":"2025-05-21T12:10:59","modified_gmt":"2025-05-21T15:10:59","slug":"o-que-e-transplante-capilar-eduardo-costa-revela-motivos-e-detalhes-do-procedimento","status":"publish","type":"post","link":"https:\/\/www.correiobraziliense.com.br\/cbradar\/o-que-e-transplante-capilar-eduardo-costa-revela-motivos-e-detalhes-do-procedimento\/","title":{"rendered":"O que \u00e9 Transplante Capilar? Eduardo Costa revela motivos e detalhes do procedimento!"},"content":{"rendered":"\n<p>Nos \u00faltimos anos, o\u00a0<strong>Transplante Capilar<\/strong>\u00a0tem ganhado destaque como uma solu\u00e7\u00e3o eficaz para a calv\u00edcie e falhas no couro cabeludo. Celebridades e pessoas comuns est\u00e3o recorrendo a este procedimento para recuperar a confian\u00e7a e melhorar a apar\u00eancia. Mas como exatamente funciona o Transplante Capilar e o que o diferencia de outras t\u00e9cnicas?<\/p>\n\n\n\n<p>O Transplante Capilar \u00e9 um procedimento cir\u00fargico que envolve a transfer\u00eancia de fios de <a href=\"https:\/\/www.correiobraziliense.com.br\/cbradar\/o-que-fazer-para-o-cabelo-crescer-rapido-confira-dicas\/\" target=\"_blank\" rel=\"noreferrer noopener\">cabelo <\/a>de uma \u00e1rea doadora para uma \u00e1rea receptora, geralmente afetada pela calv\u00edcie. Este m\u00e9todo \u00e9 conhecido por sua efic\u00e1cia e resultados naturais, mas \u00e9 importante entender todos os aspectos envolvidos antes de optar por essa solu\u00e7\u00e3o.<\/p>\n\n\n\n<h2 class=\"wp-block-heading\">Como funciona o Transplante Capilar?<\/h2>\n\n\n\n<p>O processo de Transplante Capilar come\u00e7a com a identifica\u00e7\u00e3o de uma\u00a0<em>\u00e1rea doadora<\/em>, que \u00e9 geralmente a parte posterior da cabe\u00e7a. Nesta regi\u00e3o, os fios s\u00e3o mais resistentes \u00e0 queda. O especialista retira pequenos fragmentos de pele contendo<a href=\"https:\/\/www.ncbi.nlm.nih.gov\/books\/NBK470321\/\" target=\"_blank\" rel=\"noreferrer noopener\"> fol\u00edculos capilares<\/a> saud\u00e1veis. Estes fragmentos s\u00e3o ent\u00e3o implantados nas \u00e1reas calvas do couro cabeludo.<\/p>\n\n\n\n<figure class=\"wp-block-image aligncenter size-large\"><img decoding=\"async\" width=\"1024\" height=\"576\" src=\"https:\/\/www.correiobraziliense.com.br\/cbradar\/wp-content\/uploads\/2025\/05\/queda-de-cabelo_1747839130923-1024x576.jpg\" alt=\"\" class=\"wp-image-40496\" srcset=\"https:\/\/www.correiobraziliense.com.br\/cbradar\/wp-content\/uploads\/2025\/05\/queda-de-cabelo_1747839130923-1024x576.jpg 1024w, https:\/\/www.correiobraziliense.com.br\/cbradar\/wp-content\/uploads\/2025\/05\/queda-de-cabelo_1747839130923-300x169.jpg 300w, https:\/\/www.correiobraziliense.com.br\/cbradar\/wp-content\/uploads\/2025\/05\/queda-de-cabelo_1747839130923-768x432.jpg 768w, https:\/\/www.correiobraziliense.com.br\/cbradar\/wp-content\/uploads\/2025\/05\/queda-de-cabelo_1747839130923-750x422.jpg 750w, https:\/\/www.correiobraziliense.com.br\/cbradar\/wp-content\/uploads\/2025\/05\/queda-de-cabelo_1747839130923-1140x642.jpg 1140w, https:\/\/www.correiobraziliense.com.br\/cbradar\/wp-content\/uploads\/2025\/05\/queda-de-cabelo_1747839130923.jpg 1279w\" sizes=\"(max-width: 1024px) 100vw, 1024px\" \/><figcaption class=\"wp-element-caption\">descoberta pode ser a solu\u00e7\u00e3o definitiva contra queda de cabelo &#8211; Cr\u00e9ditos: depositphotos.com \/ Eyehun\n\n<\/figcaption><\/figure>\n\n\n\n<p>Ap\u00f3s o procedimento, a pele transplantada precisa de um tempo para se recuperar. Com o passar dos meses, os novos fios come\u00e7am a crescer, proporcionando um aspecto mais denso e natural ao cabelo. Este processo pode levar alguns meses para mostrar resultados completos, mas \u00e9 amplamente considerado eficaz.<\/p>\n\n\n\n<h2 class=\"wp-block-heading\">Qual \u00e9 a diferen\u00e7a entre Transplante e Implante Capilar?<\/h2>\n\n\n\n<p>Embora os termos\u00a0<strong>transplante capilar<\/strong>\u00a0e\u00a0<strong>implante capilar<\/strong>\u00a0sejam frequentemente usados de forma intercambi\u00e1vel, eles t\u00eam diferen\u00e7as significativas. No Transplante Capilar, os fios utilizados s\u00e3o do pr\u00f3prio paciente, o que minimiza o risco de rejei\u00e7\u00e3o e infec\u00e7\u00f5es. Este m\u00e9todo \u00e9 considerado mais seguro e natural.<\/p>\n\n\n\n<p>Por outro lado, o implante capilar pode envolver o uso de fios sint\u00e9ticos. Isso pode aumentar a probabilidade de complica\u00e7\u00f5es, como rejei\u00e7\u00e3o e infec\u00e7\u00f5es, al\u00e9m de resultados menos satisfat\u00f3rios. Portanto, \u00e9 crucial que os pacientes estejam bem informados sobre as diferen\u00e7as antes de decidir pelo procedimento.<\/p>\n\n\n\n<h2 class=\"wp-block-heading\">Quais s\u00e3o os cuidados p\u00f3s-operat\u00f3rios?<\/h2>\n\n\n\n<p>Ap\u00f3s o Transplante Capilar, \u00e9 essencial seguir as orienta\u00e7\u00f5es m\u00e9dicas para garantir uma recupera\u00e7\u00e3o adequada e otimizar os resultados. Os cuidados incluem evitar atividades f\u00edsicas intensas, proteger o couro cabeludo do sol e seguir uma rotina de higiene espec\u00edfica.<\/p>\n\n\n\n<p>O m\u00e9dico pode prescrever medicamentos para aliviar o desconforto e prevenir infec\u00e7\u00f5es. Al\u00e9m disso, \u00e9 importante comparecer a consultas de acompanhamento para monitorar o progresso e tratar qualquer complica\u00e7\u00e3o que possa surgir.<\/p>\n\n\n\n<h2 class=\"wp-block-heading\">Quem pode se beneficiar do Transplante Capilar?<\/h2>\n\n\n\n<p>O Transplante Capilar \u00e9 indicado para homens e mulheres que sofrem de calv\u00edcie ou t\u00eam \u00e1reas com falhas significativas no couro cabeludo. No entanto, nem todos s\u00e3o candidatos ideais para o procedimento. \u00c9 necess\u00e1rio passar por uma avalia\u00e7\u00e3o m\u00e9dica para determinar a viabilidade do transplante.<\/p>\n\n\n\n<p>Fatores como a sa\u00fade geral do paciente, a densidade da \u00e1rea doadora e as expectativas realistas sobre os resultados s\u00e3o considerados durante a avalia\u00e7\u00e3o. Consultar um especialista \u00e9 fundamental para tomar uma decis\u00e3o informada.<\/p>\n\n\n\n<h2 class=\"wp-block-heading\">O que esperar dos resultados?<\/h2>\n\n\n\n<p>Os resultados do Transplante Capilar podem variar de pessoa para pessoa, mas a maioria dos pacientes experimenta um crescimento significativo de novos fios dentro de seis a doze meses ap\u00f3s o procedimento. O cabelo transplantado tende a crescer de forma natural e duradoura.<\/p>\n\n\n\n<p>\u00c9 importante ter expectativas realistas e entender que o Transplante Capilar n\u00e3o impede a queda de cabelo em outras \u00e1reas. Em alguns casos, tratamentos adicionais podem ser necess\u00e1rios para manter a densidade capilar desejada.<\/p>\n\n\n\n<p>Para mais informa\u00e7\u00f5es sobre o Transplante Capilar e outras op\u00e7\u00f5es de tratamento, recomenda-se visitar sites confi\u00e1veis e consultar especialistas da \u00e1rea. A sa\u00fade e o bem-estar devem sempre ser a prioridade ao considerar qualquer procedimento m\u00e9dico.<\/p>\n","protected":false},"excerpt":{"rendered":"<p>Nos \u00faltimos anos, o\u00a0Transplante Capilar\u00a0tem ganhado destaque como uma solu\u00e7\u00e3o eficaz para a calv\u00edcie e falhas no couro cabeludo. Celebridades e pessoas comuns est\u00e3o recorrendo a este procedimento para recuperar a confian\u00e7a e melhorar a apar\u00eancia. Mas como exatamente funciona o Transplante Capilar e o que o diferencia de outras t\u00e9cnicas? O Transplante Capilar \u00e9 [&hellip;]<\/p>\n","protected":false},"author":14,"featured_media":40521,"comment_status":"open","ping_status":"open","sticky":false,"template":"","format":"standard","meta":{"_yoast_wpseo_focuskw":"Transplante Capilar","_yoast_wpseo_title":"","_yoast_wpseo_metadesc":"Saiba tudo sobre o transplante capilar: procedimento, recupera\u00e7\u00e3o, resultados esperados e quem pode se beneficiar.","jnews-multi-image_gallery":[],"jnews_single_post":{"format":"standard"},"jnews_primary_category":[],"jnews_social_meta":[],"jnews_override_counter":[],"footnotes":""},"categories":[4404],"tags":[1632,5084,5083],"class_list":["post-40517","post","type-post","status-publish","format-standard","has-post-thumbnail","hentry","category-saude","tag-calvicie","tag-implante-capilar","tag-transplante-capilar"],"yoast_head":"<!-- This site is optimized with the Yoast SEO plugin v24.6 - https:\/\/yoast.com\/wordpress\/plugins\/seo\/ -->\n<title>O que \u00e9 Transplante Capilar? Eduardo Costa revela motivos e detalhes do procedimento! - Correio Braziliense - Radar<\/title>\n<meta name=\"description\" content=\"Saiba tudo sobre o transplante capilar: procedimento, recupera\u00e7\u00e3o, resultados esperados e quem pode se beneficiar.\" \/>\n<meta name=\"robots\" content=\"index, follow, max-snippet:-1, max-image-preview:large, max-video-preview:-1\" \/>\n<link rel=\"canonical\" href=\"https:\/\/www.correiobraziliense.com.br\/cbradar\/o-que-e-transplante-capilar-eduardo-costa-revela-motivos-e-detalhes-do-procedimento\/\" \/>\n<meta property=\"og:locale\" content=\"pt_BR\" \/>\n<meta property=\"og:type\" content=\"article\" \/>\n<meta property=\"og:title\" content=\"O que \u00e9 Transplante Capilar? Eduardo Costa revela motivos e detalhes do procedimento! - Correio Braziliense - Radar\" \/>\n<meta property=\"og:description\" content=\"Saiba tudo sobre o transplante capilar: procedimento, recupera\u00e7\u00e3o, resultados esperados e quem pode se beneficiar.\" \/>\n<meta property=\"og:url\" content=\"https:\/\/www.correiobraziliense.com.br\/cbradar\/o-que-e-transplante-capilar-eduardo-costa-revela-motivos-e-detalhes-do-procedimento\/\" \/>\n<meta property=\"og:site_name\" content=\"Correio Braziliense - Radar\" \/>\n<meta property=\"article:published_time\" content=\"2025-05-22T17:43:00+00:00\" \/>\n<meta property=\"og:image\" content=\"https:\/\/www.correiobraziliense.com.br\/cbradar\/wp-content\/uploads\/2025\/05\/eduardo-costa-careca.jpg\" \/>\n\t<meta property=\"og:image:width\" content=\"1200\" \/>\n\t<meta property=\"og:image:height\" content=\"540\" \/>\n\t<meta property=\"og:image:type\" content=\"image\/jpeg\" \/>\n<meta name=\"author\" content=\"guilherme_saude\" \/>\n<meta name=\"twitter:card\" content=\"summary_large_image\" \/>\n<meta name=\"twitter:label1\" content=\"Escrito por\" \/>\n\t<meta name=\"twitter:data1\" content=\"guilherme_saude\" \/>\n\t<meta name=\"twitter:label2\" content=\"Est. tempo de leitura\" \/>\n\t<meta name=\"twitter:data2\" content=\"4 minutos\" \/>\n<!-- \/ Yoast SEO plugin. -->","yoast_head_json":{"title":"O que \u00e9 Transplante Capilar? Eduardo Costa revela motivos e detalhes do procedimento! - Correio Braziliense - Radar","description":"Saiba tudo sobre o transplante capilar: procedimento, recupera\u00e7\u00e3o, resultados esperados e quem pode se beneficiar.","robots":{"index":"index","follow":"follow","max-snippet":"max-snippet:-1","max-image-preview":"max-image-preview:large","max-video-preview":"max-video-preview:-1"},"canonical":"https:\/\/www.correiobraziliense.com.br\/cbradar\/o-que-e-transplante-capilar-eduardo-costa-revela-motivos-e-detalhes-do-procedimento\/","og_locale":"pt_BR","og_type":"article","og_title":"O que \u00e9 Transplante Capilar? Eduardo Costa revela motivos e detalhes do procedimento! - Correio Braziliense - Radar","og_description":"Saiba tudo sobre o transplante capilar: procedimento, recupera\u00e7\u00e3o, resultados esperados e quem pode se beneficiar.","og_url":"https:\/\/www.correiobraziliense.com.br\/cbradar\/o-que-e-transplante-capilar-eduardo-costa-revela-motivos-e-detalhes-do-procedimento\/","og_site_name":"Correio Braziliense - Radar","article_published_time":"2025-05-22T17:43:00+00:00","og_image":[{"width":1200,"height":540,"url":"https:\/\/www.correiobraziliense.com.br\/cbradar\/wp-content\/uploads\/2025\/05\/eduardo-costa-careca.jpg","type":"image\/jpeg"}],"author":"guilherme_saude","twitter_card":"summary_large_image","twitter_misc":{"Escrito por":"guilherme_saude","Est. tempo de leitura":"4 minutos"},"schema":{"@context":"https:\/\/schema.org","@graph":[{"@type":"WebPage","@id":"https:\/\/www.correiobraziliense.com.br\/cbradar\/o-que-e-transplante-capilar-eduardo-costa-revela-motivos-e-detalhes-do-procedimento\/","url":"https:\/\/www.correiobraziliense.com.br\/cbradar\/o-que-e-transplante-capilar-eduardo-costa-revela-motivos-e-detalhes-do-procedimento\/","name":"O que \u00e9 Transplante Capilar? Eduardo Costa revela motivos e detalhes do procedimento! - Correio Braziliense - Radar","isPartOf":{"@id":"https:\/\/www.correiobraziliense.com.br\/cbradar\/#website"},"primaryImageOfPage":{"@id":"https:\/\/www.correiobraziliense.com.br\/cbradar\/o-que-e-transplante-capilar-eduardo-costa-revela-motivos-e-detalhes-do-procedimento\/#primaryimage"},"image":{"@id":"https:\/\/www.correiobraziliense.com.br\/cbradar\/o-que-e-transplante-capilar-eduardo-costa-revela-motivos-e-detalhes-do-procedimento\/#primaryimage"},"thumbnailUrl":"https:\/\/www.correiobraziliense.com.br\/cbradar\/wp-content\/uploads\/2025\/05\/eduardo-costa-careca.jpg","datePublished":"2025-05-22T17:43:00+00:00","author":{"@id":"https:\/\/www.correiobraziliense.com.br\/cbradar\/#\/schema\/person\/5aa4bf3c8fa699c267933611de12978b"},"description":"Saiba tudo sobre o transplante capilar: procedimento, recupera\u00e7\u00e3o, resultados esperados e quem pode se beneficiar.","breadcrumb":{"@id":"https:\/\/www.correiobraziliense.com.br\/cbradar\/o-que-e-transplante-capilar-eduardo-costa-revela-motivos-e-detalhes-do-procedimento\/#breadcrumb"},"inLanguage":"pt-BR","potentialAction":[{"@type":"ReadAction","target":["https:\/\/www.correiobraziliense.com.br\/cbradar\/o-que-e-transplante-capilar-eduardo-costa-revela-motivos-e-detalhes-do-procedimento\/"]}]},{"@type":"ImageObject","inLanguage":"pt-BR","@id":"https:\/\/www.correiobraziliense.com.br\/cbradar\/o-que-e-transplante-capilar-eduardo-costa-revela-motivos-e-detalhes-do-procedimento\/#primaryimage","url":"https:\/\/www.correiobraziliense.com.br\/cbradar\/wp-content\/uploads\/2025\/05\/eduardo-costa-careca.jpg","contentUrl":"https:\/\/www.correiobraziliense.com.br\/cbradar\/wp-content\/uploads\/2025\/05\/eduardo-costa-careca.jpg","width":1200,"height":540,"caption":"Cantor passou pelo procedimento na \u00faltima semana e explicou fatores que levaram \u00e0 queda capilar - Cr\u00e9ditos: Instagram\/Eduardo Costa"},{"@type":"BreadcrumbList","@id":"https:\/\/www.correiobraziliense.com.br\/cbradar\/o-que-e-transplante-capilar-eduardo-costa-revela-motivos-e-detalhes-do-procedimento\/#breadcrumb","itemListElement":[{"@type":"ListItem","position":1,"name":"In\u00edcio","item":"https:\/\/www.correiobraziliense.com.br\/cbradar\/"},{"@type":"ListItem","position":2,"name":"O que \u00e9 Transplante Capilar? Eduardo Costa revela motivos e detalhes do procedimento!"}]},{"@type":"WebSite","@id":"https:\/\/www.correiobraziliense.com.br\/cbradar\/#website","url":"https:\/\/www.correiobraziliense.com.br\/cbradar\/","name":"Correio Braziliense - Radar","description":"Acompanhe as \u00faltimas not\u00edcias e fique bem informado sobre tudo o que acontece no Brasil e no mundo.","potentialAction":[{"@type":"SearchAction","target":{"@type":"EntryPoint","urlTemplate":"https:\/\/www.correiobraziliense.com.br\/cbradar\/?s={search_term_string}"},"query-input":{"@type":"PropertyValueSpecification","valueRequired":true,"valueName":"search_term_string"}}],"inLanguage":"pt-BR"},{"@type":"Person","@id":"https:\/\/www.correiobraziliense.com.br\/cbradar\/#\/schema\/person\/5aa4bf3c8fa699c267933611de12978b","name":"guilherme_saude","image":{"@type":"ImageObject","inLanguage":"pt-BR","@id":"https:\/\/www.correiobraziliense.com.br\/cbradar\/#\/schema\/person\/image\/","url":"https:\/\/secure.gravatar.com\/avatar\/df9adfb835d344bc0af109d41756253f?s=96&d=mm&r=g","contentUrl":"https:\/\/secure.gravatar.com\/avatar\/df9adfb835d344bc0af109d41756253f?s=96&d=mm&r=g","caption":"guilherme_saude"},"url":"https:\/\/www.correiobraziliense.com.br\/cbradar\/author\/guilherme_saude\/"}]}},"_links":{"self":[{"href":"https:\/\/www.correiobraziliense.com.br\/cbradar\/wp-json\/wp\/v2\/posts\/40517","targetHints":{"allow":["GET"]}}],"collection":[{"href":"https:\/\/www.correiobraziliense.com.br\/cbradar\/wp-json\/wp\/v2\/posts"}],"about":[{"href":"https:\/\/www.correiobraziliense.com.br\/cbradar\/wp-json\/wp\/v2\/types\/post"}],"author":[{"embeddable":true,"href":"https:\/\/www.correiobraziliense.com.br\/cbradar\/wp-json\/wp\/v2\/users\/14"}],"replies":[{"embeddable":true,"href":"https:\/\/www.correiobraziliense.com.br\/cbradar\/wp-json\/wp\/v2\/comments?post=40517"}],"version-history":[{"count":1,"href":"https:\/\/www.correiobraziliense.com.br\/cbradar\/wp-json\/wp\/v2\/posts\/40517\/revisions"}],"predecessor-version":[{"id":40530,"href":"https:\/\/www.correiobraziliense.com.br\/cbradar\/wp-json\/wp\/v2\/posts\/40517\/revisions\/40530"}],"wp:featuredmedia":[{"embeddable":true,"href":"https:\/\/www.correiobraziliense.com.br\/cbradar\/wp-json\/wp\/v2\/media\/40521"}],"wp:attachment":[{"href":"https:\/\/www.correiobraziliense.com.br\/cbradar\/wp-json\/wp\/v2\/media?parent=40517"}],"wp:term":[{"taxonomy":"category","embeddable":true,"href":"https:\/\/www.correiobraziliense.com.br\/cbradar\/wp-json\/wp\/v2\/categories?post=40517"},{"taxonomy":"post_tag","embeddable":true,"href":"https:\/\/www.correiobraziliense.com.br\/cbradar\/wp-json\/wp\/v2\/tags?post=40517"}],"curies":[{"name":"wp","href":"https:\/\/api.w.org\/{rel}","templated":true}]}}