{"id":40645,"date":"2025-05-22T08:10:00","date_gmt":"2025-05-22T11:10:00","guid":{"rendered":"https:\/\/www.correiobraziliense.com.br\/cbradar\/?p=40645"},"modified":"2025-05-21T16:25:37","modified_gmt":"2025-05-21T19:25:37","slug":"cultive-em-casa-um-dos-frutos-mais-antigos-do-mundo","status":"publish","type":"post","link":"https:\/\/www.correiobraziliense.com.br\/cbradar\/cultive-em-casa-um-dos-frutos-mais-antigos-do-mundo\/","title":{"rendered":"Cultive em casa um dos frutos mais antigos do mundo"},"content":{"rendered":"\n<p>A <strong>t\u00e2mara<\/strong> \u00e9 o fruto da <strong>tamareira<\/strong> (<em>Phoenix dactylifera<\/em>), uma palmeira nativa do <strong>Oriente M\u00e9dio e do norte da \u00c1frica<\/strong>, muito conhecida por seus frutos adocicados, nutritivos e dur\u00e1veis. Rica em <strong>fibras, pot\u00e1ssio, antioxidantes e vitaminas<\/strong>, a t\u00e2mara tem ganhado espa\u00e7o na alimenta\u00e7\u00e3o saud\u00e1vel e funcional. Plantar essa palmeira pode parecer desafiador, mas com as condi\u00e7\u00f5es certas de clima e solo, \u00e9 poss\u00edvel cultiv\u00e1-la at\u00e9 mesmo em algumas regi\u00f5es do <strong>Brasil<\/strong>. Descubra agora como <a href=\"https:\/\/www.correiobraziliense.com.br\/cbradar\/conheca-as-variedades-de-maca-que-crescem-bem-em-clima-tropical\/\" target=\"_blank\" rel=\"noreferrer noopener\">plantar <\/a>t\u00e2maras do zero e colha frutos raros e valiosos.<\/p>\n\n\n\n<h2 class=\"wp-block-heading\">Qual \u00e9 o clima e solo ideal para plantar tamareiras?<\/h2>\n\n\n\n<p>A tamareira \u00e9 uma planta <strong>adaptada ao clima quente e seco<\/strong>, com grande resist\u00eancia \u00e0 seca. Seu crescimento ideal ocorre em regi\u00f5es com:<\/p>\n\n\n\n<ul class=\"wp-block-list\">\n<li>Temperaturas entre <strong>25\u202f\u00b0C e 40\u202f\u00b0C<\/strong><\/li>\n\n\n\n<li>Inverno seco e ver\u00e3o quente<\/li>\n\n\n\n<li>Baixa umidade relativa do ar<\/li>\n<\/ul>\n\n\n\n<p>Por isso, locais como o <strong>Nordeste<\/strong>, <strong>Centro-Oeste<\/strong> e \u00e1reas do <strong>Norte de Minas Gerais<\/strong> s\u00e3o ideais.<\/p>\n\n\n\n<p>O solo ideal deve ser:<\/p>\n\n\n\n<ul class=\"wp-block-list\">\n<li><strong>Arenoso ou areno-argiloso<\/strong><\/li>\n\n\n\n<li>Profundo e bem drenado<\/li>\n\n\n\n<li>pH entre <strong>6,0 e 7,5<\/strong><\/li>\n\n\n\n<li>Rico em <a href=\"https:\/\/rehagro.com.br\/blog\/materia-organica-no-solo\/\" target=\"_blank\" rel=\"noreferrer noopener\">mat\u00e9ria org\u00e2nica<\/a>, mas sem compacta\u00e7\u00e3o<\/li>\n<\/ul>\n\n\n\n<p>Evite solos encharcados, pois a tamareira <strong>n\u00e3o tolera excesso de \u00e1gua nas ra\u00edzes<\/strong>.<\/p>\n\n\n\n<h2 class=\"wp-block-heading\">Quando \u00e9 a melhor \u00e9poca para plantar t\u00e2maras?<\/h2>\n\n\n\n<p>A melhor \u00e9poca para plantar a tamareira \u00e9 no <strong>in\u00edcio da esta\u00e7\u00e3o seca<\/strong> ou em meses com temperaturas mais amenas, como <strong>abril a junho<\/strong>, para que a planta se estabele\u00e7a antes do calor intenso. Em regi\u00f5es com irriga\u00e7\u00e3o controlada, o plantio pode ser feito durante todo o ano.<\/p>\n\n\n\n<h2 class=\"wp-block-heading\">Como germinar sementes de t\u00e2maras?<\/h2>\n\n\n\n<p>O m\u00e9todo mais comum e acess\u00edvel para plantar t\u00e2maras \u00e9 por <strong>sementes retiradas dos frutos<\/strong>. Veja como fazer:<\/p>\n\n\n\n<h3 class=\"wp-block-heading\">Passo a passo:<\/h3>\n\n\n\n<ol class=\"wp-block-list\">\n<li><strong>Escolha t\u00e2maras secas e naturais<\/strong>, sem conservantes ou tratamento qu\u00edmico.<\/li>\n\n\n\n<li>Lave bem as sementes para remover qualquer res\u00edduo de polpa.<\/li>\n\n\n\n<li>Deixe as sementes de molho em \u00e1gua morna por <strong>48 horas<\/strong>, trocando a \u00e1gua a cada 12 horas.<\/li>\n\n\n\n<li>Envolva as sementes em papel toalha \u00famido, coloque em saco pl\u00e1stico e leve \u00e0 geladeira por <strong>15 dias<\/strong> (estratifica\u00e7\u00e3o).<\/li>\n\n\n\n<li>Depois disso, plante-as em vasos pequenos com substrato leve e arenoso, a 2 cm de profundidade.<\/li>\n<\/ol>\n\n\n\n<p>A germina\u00e7\u00e3o pode levar de <strong>20 a 60 dias<\/strong>, dependendo das condi\u00e7\u00f5es ambientais e da viabilidade da semente.<\/p>\n\n\n\n<h2 class=\"wp-block-heading\">Como transplantar a muda da tamareira?<\/h2>\n\n\n\n<p>Ap\u00f3s o desenvolvimento de 2 a 3 folhas (com cerca de <strong>20 cm<\/strong> de altura), a muda pode ser transplantada para o local definitivo ou para um vaso maior.<\/p>\n\n\n\n<h3 class=\"wp-block-heading\">Transplante:<\/h3>\n\n\n\n<ul class=\"wp-block-list\">\n<li>Cova de <strong>40 cm de profundidade e largura<\/strong><\/li>\n\n\n\n<li>Mistura do solo com:\n<ul class=\"wp-block-list\">\n<li>5 kg de <strong>esterco bem curtido<\/strong><\/li>\n\n\n\n<li>200 g de <strong>farinha de ossos<\/strong><\/li>\n\n\n\n<li>100 g de <strong>cinzas vegetais<\/strong><\/li>\n<\/ul>\n<\/li>\n<\/ul>\n\n\n\n<p>O espa\u00e7amento ideal para cultivo em campo \u00e9 de <strong>6 a 8 metros entre plantas<\/strong>, pois a tamareira pode atingir <strong>at\u00e9 20 metros de altura<\/strong>.<\/p>\n\n\n<div class=\"wp-block-image\">\n<figure class=\"aligncenter size-large\"><img decoding=\"async\" width=\"1024\" height=\"576\" src=\"https:\/\/www.correiobraziliense.com.br\/cbradar\/wp-content\/uploads\/2025\/05\/tamaras-_1747855067589-1024x576.jpg\" alt=\"Cultive em casa um dos frutos mais antigos do mundo\" class=\"wp-image-40685\" srcset=\"https:\/\/www.correiobraziliense.com.br\/cbradar\/wp-content\/uploads\/2025\/05\/tamaras-_1747855067589-1024x576.jpg 1024w, https:\/\/www.correiobraziliense.com.br\/cbradar\/wp-content\/uploads\/2025\/05\/tamaras-_1747855067589-300x169.jpg 300w, https:\/\/www.correiobraziliense.com.br\/cbradar\/wp-content\/uploads\/2025\/05\/tamaras-_1747855067589-768x432.jpg 768w, https:\/\/www.correiobraziliense.com.br\/cbradar\/wp-content\/uploads\/2025\/05\/tamaras-_1747855067589-750x422.jpg 750w, https:\/\/www.correiobraziliense.com.br\/cbradar\/wp-content\/uploads\/2025\/05\/tamaras-_1747855067589-1140x641.jpg 1140w, https:\/\/www.correiobraziliense.com.br\/cbradar\/wp-content\/uploads\/2025\/05\/tamaras-_1747855067589.jpg 1280w\" sizes=\"(max-width: 1024px) 100vw, 1024px\" \/><figcaption class=\"wp-element-caption\">T\u00e2maras &#8211; Cr\u00e9ditos: depositphotos.com \/ igorr1<\/figcaption><\/figure><\/div>\n\n\n<h2 class=\"wp-block-heading\">Quais cuidados s\u00e3o necess\u00e1rios para cultivar t\u00e2maras?<\/h2>\n\n\n\n<h3 class=\"wp-block-heading\">1. <strong>Irriga\u00e7\u00e3o<\/strong><\/h3>\n\n\n\n<ul class=\"wp-block-list\">\n<li>No in\u00edcio, regar <strong>de 2 a 3 vezes por semana<\/strong><\/li>\n\n\n\n<li>Ap\u00f3s o primeiro ano, reduzir para <strong>1 a 2 vezes por semana<\/strong><\/li>\n\n\n\n<li>Irriga\u00e7\u00e3o por gotejamento \u00e9 ideal para manter o solo levemente \u00famido<\/li>\n<\/ul>\n\n\n\n<h3 class=\"wp-block-heading\">2. <strong>Aduba\u00e7\u00e3o<\/strong><\/h3>\n\n\n\n<ul class=\"wp-block-list\">\n<li>A cada 3 meses, aplicar:\n<ul class=\"wp-block-list\">\n<li>5 a 10 kg de esterco de curral<\/li>\n\n\n\n<li>200 g de NPK 10-10-10<\/li>\n<\/ul>\n<\/li>\n<\/ul>\n\n\n\n<h3 class=\"wp-block-heading\">3. <strong>Poda<\/strong><\/h3>\n\n\n\n<ul class=\"wp-block-list\">\n<li>Remova folhas secas e danificadas<\/li>\n\n\n\n<li>A poda deve ser leve e feita ap\u00f3s o per\u00edodo de frutifica\u00e7\u00e3o<\/li>\n<\/ul>\n\n\n\n<h3 class=\"wp-block-heading\">4. <strong>Prote\u00e7\u00e3o<\/strong><\/h3>\n\n\n\n<ul class=\"wp-block-list\">\n<li>Proteja as mudas jovens do vento excessivo e do sol muito forte nos primeiros meses<\/li>\n\n\n\n<li>Use cobertura morta (palha, casca de arroz) para manter a umidade<\/li>\n<\/ul>\n\n\n\n<h2 class=\"wp-block-heading\">Quanto tempo leva para a tamareira produzir frutos?<\/h2>\n\n\n\n<p>A tamareira <strong>demora de 5 a 8 anos<\/strong> para come\u00e7ar a frutificar quando cultivada por semente. Caso se utilize mudas femininas enxertadas, a produ\u00e7\u00e3o pode come\u00e7ar por volta dos <strong>4 anos<\/strong>.<\/p>\n\n\n\n<p>A planta \u00e9 <strong>dioica<\/strong>, ou seja, existem plantas <strong>masculinas e femininas<\/strong>. Apenas as femininas produzem frutos, e \u00e9 necess\u00e1rio ter <strong>pelo menos uma planta masculina para cada 8 a 10 femininas<\/strong> para a poliniza\u00e7\u00e3o.<\/p>\n\n\n\n<h2 class=\"wp-block-heading\">Como \u00e9 feita a colheita das t\u00e2maras?<\/h2>\n\n\n\n<p>As t\u00e2maras amadurecem entre <strong>setembro e dezembro<\/strong>, e a colheita \u00e9 feita manualmente, retirando os cachos quando os frutos est\u00e3o <strong>macios, escurecidos e com casca enrugada<\/strong>.<\/p>\n\n\n\n<p>Existem tr\u00eas est\u00e1gios de colheita:<\/p>\n\n\n\n<ol class=\"wp-block-list\">\n<li><strong>Khalal<\/strong> \u2013 t\u00e2mara verde ou amarelo-p\u00e1lida (imatura)<\/li>\n\n\n\n<li><strong>Rutab<\/strong> \u2013 parcialmente madura, ainda com umidade<\/li>\n\n\n\n<li><strong>Tamar<\/strong> \u2013 totalmente madura, seca e doce (a mais comum)<\/li>\n<\/ol>\n\n\n\n<p>Os frutos devem ser armazenados em local seco e fresco. Quando bem colhidas, podem durar <strong>meses<\/strong> sem refrigera\u00e7\u00e3o.<\/p>\n\n\n\n<h2 class=\"wp-block-heading\">Plantar t\u00e2maras vale a pena?<\/h2>\n\n\n\n<p>Sim. A t\u00e2mara \u00e9 um <strong>produto de alto valor comercial<\/strong>, com mercado em expans\u00e3o no Brasil. Al\u00e9m disso:<\/p>\n\n\n\n<ul class=\"wp-block-list\">\n<li>A tamareira \u00e9 uma <strong>planta ornamental elegante<\/strong><\/li>\n\n\n\n<li>\u00c9 <strong>resistente \u00e0 seca<\/strong><\/li>\n\n\n\n<li>Produz por <strong>d\u00e9cadas<\/strong><\/li>\n\n\n\n<li>Os frutos s\u00e3o ricos em <strong>energia, fibras, pot\u00e1ssio e antioxidantes<\/strong><\/li>\n<\/ul>\n\n\n\n<p>Apesar da longa espera para a frutifica\u00e7\u00e3o, o investimento \u00e9 compensado pelo <strong>retorno nutricional e econ\u00f4mico<\/strong>.<\/p>\n\n\n\n<h2 class=\"wp-block-heading\">FAQ<\/h2>\n\n\n\n<p><strong>1. \u00c9 poss\u00edvel plantar t\u00e2maras em vaso?<\/strong><br>Sim, nos primeiros anos. Mas depois, a planta precisa de solo profundo para se desenvolver bem. Use vasos grandes (m\u00ednimo 50 litros) com substrato arenoso.<\/p>\n\n\n\n<p><strong>2. Toda tamareira d\u00e1 frutos?<\/strong><br>N\u00e3o. A tamareira \u00e9 <strong>dioica<\/strong>, e apenas as <strong>femininas<\/strong> produzem frutos. \u00c9 necess\u00e1rio pelo menos uma <strong>planta masculina<\/strong> para poliniza\u00e7\u00e3o.<\/p>\n\n\n\n<p><strong>3. A t\u00e2mara precisa de muito sol?<\/strong><br>Sim. A planta exige <strong>sol pleno<\/strong> durante todo o dia. Ela n\u00e3o se desenvolve bem em sombra ou meia-sombra.<\/p>\n\n\n\n<p><strong>4. T\u00e2mara pode ser cultivada no Sul do Brasil?<\/strong><br>Dificilmente. O clima do Sul \u00e9 frio e \u00famido, pouco ideal para a esp\u00e9cie. Ela precisa de clima <strong>quente e seco<\/strong>.<\/p>\n\n\n\n<p><strong>5. Quanto tempo dura uma tamareira?<\/strong><br>Ela pode viver e produzir por mais de <strong>100 anos<\/strong>, com produtividade constante ap\u00f3s os primeiros 6 a 8 anos.<\/p>\n","protected":false},"excerpt":{"rendered":"<p>A t\u00e2mara \u00e9 o fruto da tamareira (Phoenix dactylifera), uma palmeira nativa do Oriente M\u00e9dio e do norte da \u00c1frica, muito conhecida por seus frutos adocicados, nutritivos e dur\u00e1veis. Rica em fibras, pot\u00e1ssio, antioxidantes e vitaminas, a t\u00e2mara tem ganhado espa\u00e7o na alimenta\u00e7\u00e3o saud\u00e1vel e funcional. Plantar essa palmeira pode parecer desafiador, mas com as [&hellip;]<\/p>\n","protected":false},"author":9,"featured_media":40687,"comment_status":"open","ping_status":"open","sticky":false,"template":"","format":"standard","meta":{"_yoast_wpseo_focuskw":"T\u00e2mara","_yoast_wpseo_title":"%%title%% %%page%%","_yoast_wpseo_metadesc":"Aprenda a plantar t\u00e2maras do zero com dicas de solo, irriga\u00e7\u00e3o e cuidados para ter produ\u00e7\u00e3o por muitos anos.","jnews-multi-image_gallery":[],"jnews_single_post":{"format":"standard"},"jnews_primary_category":[],"jnews_social_meta":[],"jnews_override_counter":[],"footnotes":""},"categories":[136],"post_tag":[5117,5118,3650,5119],"class_list":["post-40645","post","type-post","status-publish","format-standard","has-post-thumbnail","hentry","category-jardinagem","tag-como-plantar-tamaras","tag-cultivo-de-tamareira","tag-frutas-exoticas","tag-plantio-em-clima-seco"],"yoast_head":"<!-- This site is optimized with the Yoast SEO plugin v24.6 - https:\/\/yoast.com\/wordpress\/plugins\/seo\/ -->\n<title>Cultive em casa um dos frutos mais antigos do mundo<\/title>\n<meta name=\"description\" content=\"Aprenda a plantar t\u00e2maras do zero com dicas de solo, irriga\u00e7\u00e3o e cuidados para ter produ\u00e7\u00e3o por muitos anos.\" \/>\n<meta name=\"robots\" content=\"index, follow, max-snippet:-1, max-image-preview:large, max-video-preview:-1\" \/>\n<link rel=\"canonical\" href=\"https:\/\/www.correiobraziliense.com.br\/cbradar\/cultive-em-casa-um-dos-frutos-mais-antigos-do-mundo\/\" \/>\n<meta property=\"og:locale\" content=\"pt_BR\" \/>\n<meta property=\"og:type\" content=\"article\" \/>\n<meta property=\"og:title\" content=\"Cultive em casa um dos frutos mais antigos do mundo\" \/>\n<meta property=\"og:description\" content=\"Aprenda a plantar t\u00e2maras do zero com dicas de solo, irriga\u00e7\u00e3o e cuidados para ter produ\u00e7\u00e3o por muitos anos.\" \/>\n<meta property=\"og:url\" content=\"https:\/\/www.correiobraziliense.com.br\/cbradar\/cultive-em-casa-um-dos-frutos-mais-antigos-do-mundo\/\" \/>\n<meta property=\"og:site_name\" content=\"Correio Braziliense - Radar\" \/>\n<meta property=\"article:published_time\" content=\"2025-05-22T11:10:00+00:00\" \/>\n<meta property=\"og:image\" content=\"https:\/\/www.correiobraziliense.com.br\/cbradar\/wp-content\/uploads\/2025\/05\/tamaras-plantacao_1747855104969.jpg\" \/>\n\t<meta property=\"og:image:width\" content=\"1280\" \/>\n\t<meta property=\"og:image:height\" content=\"720\" \/>\n\t<meta property=\"og:image:type\" content=\"image\/jpeg\" \/>\n<meta name=\"author\" content=\"Daniely Cardoso\" \/>\n<meta name=\"twitter:card\" content=\"summary_large_image\" \/>\n<meta name=\"twitter:label1\" content=\"Escrito por\" \/>\n\t<meta name=\"twitter:data1\" content=\"Daniely Cardoso\" \/>\n\t<meta name=\"twitter:label2\" content=\"Est. tempo de leitura\" \/>\n\t<meta name=\"twitter:data2\" content=\"6 minutos\" \/>\n<!-- \/ Yoast SEO plugin. -->","yoast_head_json":{"title":"Cultive em casa um dos frutos mais antigos do mundo","description":"Aprenda a plantar t\u00e2maras do zero com dicas de solo, irriga\u00e7\u00e3o e cuidados para ter produ\u00e7\u00e3o por muitos anos.","robots":{"index":"index","follow":"follow","max-snippet":"max-snippet:-1","max-image-preview":"max-image-preview:large","max-video-preview":"max-video-preview:-1"},"canonical":"https:\/\/www.correiobraziliense.com.br\/cbradar\/cultive-em-casa-um-dos-frutos-mais-antigos-do-mundo\/","og_locale":"pt_BR","og_type":"article","og_title":"Cultive em casa um dos frutos mais antigos do mundo","og_description":"Aprenda a plantar t\u00e2maras do zero com dicas de solo, irriga\u00e7\u00e3o e cuidados para ter produ\u00e7\u00e3o por muitos anos.","og_url":"https:\/\/www.correiobraziliense.com.br\/cbradar\/cultive-em-casa-um-dos-frutos-mais-antigos-do-mundo\/","og_site_name":"Correio Braziliense - Radar","article_published_time":"2025-05-22T11:10:00+00:00","og_image":[{"width":1280,"height":720,"url":"https:\/\/www.correiobraziliense.com.br\/cbradar\/wp-content\/uploads\/2025\/05\/tamaras-plantacao_1747855104969.jpg","type":"image\/jpeg"}],"author":"Daniely Cardoso","twitter_card":"summary_large_image","twitter_misc":{"Escrito por":"Daniely Cardoso","Est. tempo de leitura":"6 minutos"},"schema":{"@context":"https:\/\/schema.org","@graph":[{"@type":"WebPage","@id":"https:\/\/www.correiobraziliense.com.br\/cbradar\/cultive-em-casa-um-dos-frutos-mais-antigos-do-mundo\/","url":"https:\/\/www.correiobraziliense.com.br\/cbradar\/cultive-em-casa-um-dos-frutos-mais-antigos-do-mundo\/","name":"Cultive em casa um dos frutos mais antigos do mundo","isPartOf":{"@id":"https:\/\/www.correiobraziliense.com.br\/cbradar\/#website"},"primaryImageOfPage":{"@id":"https:\/\/www.correiobraziliense.com.br\/cbradar\/cultive-em-casa-um-dos-frutos-mais-antigos-do-mundo\/#primaryimage"},"image":{"@id":"https:\/\/www.correiobraziliense.com.br\/cbradar\/cultive-em-casa-um-dos-frutos-mais-antigos-do-mundo\/#primaryimage"},"thumbnailUrl":"https:\/\/www.correiobraziliense.com.br\/cbradar\/wp-content\/uploads\/2025\/05\/tamaras-plantacao_1747855104969.jpg","datePublished":"2025-05-22T11:10:00+00:00","author":{"@id":"https:\/\/www.correiobraziliense.com.br\/cbradar\/#\/schema\/person\/7356666e12ec0ee53f348ee5db227032"},"description":"Aprenda a plantar t\u00e2maras do zero com dicas de solo, irriga\u00e7\u00e3o e cuidados para ter produ\u00e7\u00e3o por muitos anos.","breadcrumb":{"@id":"https:\/\/www.correiobraziliense.com.br\/cbradar\/cultive-em-casa-um-dos-frutos-mais-antigos-do-mundo\/#breadcrumb"},"inLanguage":"pt-BR","potentialAction":[{"@type":"ReadAction","target":["https:\/\/www.correiobraziliense.com.br\/cbradar\/cultive-em-casa-um-dos-frutos-mais-antigos-do-mundo\/"]}]},{"@type":"ImageObject","inLanguage":"pt-BR","@id":"https:\/\/www.correiobraziliense.com.br\/cbradar\/cultive-em-casa-um-dos-frutos-mais-antigos-do-mundo\/#primaryimage","url":"https:\/\/www.correiobraziliense.com.br\/cbradar\/wp-content\/uploads\/2025\/05\/tamaras-plantacao_1747855104969.jpg","contentUrl":"https:\/\/www.correiobraziliense.com.br\/cbradar\/wp-content\/uploads\/2025\/05\/tamaras-plantacao_1747855104969.jpg","width":1280,"height":720,"caption":"T\u00e2maras - Cr\u00e9ditos: depositphotos.com \/ liliportfolio"},{"@type":"BreadcrumbList","@id":"https:\/\/www.correiobraziliense.com.br\/cbradar\/cultive-em-casa-um-dos-frutos-mais-antigos-do-mundo\/#breadcrumb","itemListElement":[{"@type":"ListItem","position":1,"name":"In\u00edcio","item":"https:\/\/www.correiobraziliense.com.br\/cbradar\/"},{"@type":"ListItem","position":2,"name":"Cultive em casa um dos frutos mais antigos do mundo"}]},{"@type":"WebSite","@id":"https:\/\/www.correiobraziliense.com.br\/cbradar\/#website","url":"https:\/\/www.correiobraziliense.com.br\/cbradar\/","name":"Correio Braziliense - Radar","description":"Acompanhe as \u00faltimas not\u00edcias e fique bem informado sobre tudo o que acontece no Brasil e no mundo.","potentialAction":[{"@type":"SearchAction","target":{"@type":"EntryPoint","urlTemplate":"https:\/\/www.correiobraziliense.com.br\/cbradar\/?s={search_term_string}"},"query-input":{"@type":"PropertyValueSpecification","valueRequired":true,"valueName":"search_term_string"}}],"inLanguage":"pt-BR"},{"@type":"Person","@id":"https:\/\/www.correiobraziliense.com.br\/cbradar\/#\/schema\/person\/7356666e12ec0ee53f348ee5db227032","name":"Daniely Cardoso","image":{"@type":"ImageObject","inLanguage":"pt-BR","@id":"https:\/\/www.correiobraziliense.com.br\/cbradar\/#\/schema\/person\/image\/","url":"https:\/\/secure.gravatar.com\/avatar\/4b80ddbd124d1f071b626d52d62e5dff?s=96&d=mm&r=g","contentUrl":"https:\/\/secure.gravatar.com\/avatar\/4b80ddbd124d1f071b626d52d62e5dff?s=96&d=mm&r=g","caption":"Daniely Cardoso"},"description":"Redatora nos portais CB Radar e EM Foco, formada pela Universidade Federal de Goi\u00e1s, em Goi\u00e2nia. Apaixonada por comunica\u00e7\u00e3o, arte, decora\u00e7\u00e3o e tend\u00eancias, atuo na produ\u00e7\u00e3o de conte\u00fados envolventes sobre curiosidades, moda, beleza e paisagismo, sempre com um olhar atento \u00e0s novidades do momento.","sameAs":["https:\/\/www.correiobraziliense.com.br\/cbradar"],"url":"https:\/\/www.correiobraziliense.com.br\/cbradar\/author\/danielymyth\/"}]}},"_links":{"self":[{"href":"https:\/\/www.correiobraziliense.com.br\/cbradar\/wp-json\/wp\/v2\/posts\/40645","targetHints":{"allow":["GET"]}}],"collection":[{"href":"https:\/\/www.correiobraziliense.com.br\/cbradar\/wp-json\/wp\/v2\/posts"}],"about":[{"href":"https:\/\/www.correiobraziliense.com.br\/cbradar\/wp-json\/wp\/v2\/types\/post"}],"author":[{"embeddable":true,"href":"https:\/\/www.correiobraziliense.com.br\/cbradar\/wp-json\/wp\/v2\/users\/9"}],"replies":[{"embeddable":true,"href":"https:\/\/www.correiobraziliense.com.br\/cbradar\/wp-json\/wp\/v2\/comments?post=40645"}],"version-history":[{"count":3,"href":"https:\/\/www.correiobraziliense.com.br\/cbradar\/wp-json\/wp\/v2\/posts\/40645\/revisions"}],"predecessor-version":[{"id":40697,"href":"https:\/\/www.correiobraziliense.com.br\/cbradar\/wp-json\/wp\/v2\/posts\/40645\/revisions\/40697"}],"wp:featuredmedia":[{"embeddable":true,"href":"https:\/\/www.correiobraziliense.com.br\/cbradar\/wp-json\/wp\/v2\/media\/40687"}],"wp:attachment":[{"href":"https:\/\/www.correiobraziliense.com.br\/cbradar\/wp-json\/wp\/v2\/media?parent=40645"}],"wp:term":[{"taxonomy":"category","embeddable":true,"href":"https:\/\/www.correiobraziliense.com.br\/cbradar\/wp-json\/wp\/v2\/categories?post=40645"},{"taxonomy":"post_tag","embeddable":true,"href":"https:\/\/www.correiobraziliense.com.br\/cbradar\/wp-json\/wp\/v2\/post_tag?post=40645"}],"curies":[{"name":"wp","href":"https:\/\/api.w.org\/{rel}","templated":true}]}}