{"id":40691,"date":"2025-05-22T08:50:00","date_gmt":"2025-05-22T11:50:00","guid":{"rendered":"https:\/\/www.correiobraziliense.com.br\/cbradar\/?p=40691"},"modified":"2025-05-21T16:25:24","modified_gmt":"2025-05-21T19:25:24","slug":"voce-vai-se-surpreender-com-isso-que-os-elefantes-fazem-para-proteger-os-filhotes","status":"publish","type":"post","link":"https:\/\/www.correiobraziliense.com.br\/cbradar\/voce-vai-se-surpreender-com-isso-que-os-elefantes-fazem-para-proteger-os-filhotes\/","title":{"rendered":"Voc\u00ea vai se surpreender com isso que os elefantes fazem para proteger os filhotes"},"content":{"rendered":"\n<p>O comportamento dos <strong>elefantes<\/strong> em rela\u00e7\u00e3o aos seus filhotes \u00e9 um exemplo not\u00e1vel de como o apoio coletivo pode ser crucial na cria\u00e7\u00e3o dos jovens. Esses animais, conhecidos por sua intelig\u00eancia e forte senso de comunidade, demonstram um cuidado especial com os mais novos, garantindo que cres\u00e7am em um ambiente seguro e protegido.<\/p>\n\n\n\n<p>Os elefantes s\u00e3o frequentemente vistos agindo em conjunto para proteger e cuidar de seus filhotes. Quando um elefantinho est\u00e1 em perigo, a resposta do grupo \u00e9 r\u00e1pida e coordenada. Essa caracter\u00edstica \u00e9 um reflexo da import\u00e2ncia que esses animais d\u00e3o \u00e0 vida em comunidade, onde cada membro tem um papel significativo na prote\u00e7\u00e3o dos mais vulner\u00e1veis.<\/p>\n\n\n\n<h2 class=\"wp-block-heading\">Como os elefantes demonstram cuidado coletivo?<\/h2>\n\n\n\n<p>O cuidado coletivo entre os elefantes \u00e9 evidente em diversas situa\u00e7\u00f5es. Quando um filhote enfrenta dificuldades, como cair em um buraco ou se perder do grupo, os adultos rapidamente se mobilizam para ajudar. Esse comportamento n\u00e3o \u00e9 apenas instintivo, mas tamb\u00e9m aprendido e refor\u00e7ado ao longo do tempo, mostrando a complexidade das intera\u00e7\u00f5es sociais entre esses animais.<\/p>\n\n\n\n<p>Em um exemplo recente, um grupo de elefantes foi visto ajudando um filhote que havia ca\u00eddo em uma vala. A resposta foi imediata: um jovem elefante foi o primeiro a tentar ajudar, seguido por outros membros do grupo que rapidamente cercaram o filhote, garantindo sua seguran\u00e7a e ajudando-o a se levantar. Essa a\u00e7\u00e3o conjunta demonstra a efic\u00e1cia do apoio coletivo na supera\u00e7\u00e3o de desafios.<\/p>\n\n\n\n<h2 class=\"wp-block-heading\">Por que o apoio coletivo \u00e9 essencial para os elefantes?<\/h2>\n\n\n\n<p>O apoio coletivo \u00e9 essencial para os elefantes por v\u00e1rias raz\u00f5es. Primeiramente, ele garante a sobreviv\u00eancia dos filhotes, que s\u00e3o vulner\u00e1veis a predadores e outros perigos. Al\u00e9m disso, o cuidado compartilhado permite que os elefantes jovens aprendam com os mais velhos, adquirindo habilidades essenciais para sua sobreviv\u00eancia e integra\u00e7\u00e3o no grupo.<\/p>\n\n\n\n<p>Al\u00e9m disso, o apoio coletivo fortalece os la\u00e7os sociais dentro do grupo, promovendo a coes\u00e3o e a harmonia. Elefantes que crescem em um ambiente onde o cuidado \u00e9 compartilhado tendem a desenvolver um forte senso de comunidade, o que \u00e9 crucial para a manuten\u00e7\u00e3o da estrutura social desses animais.<\/p>\n\n\n\n<figure class=\"wp-block-image size-large\"><img decoding=\"async\" width=\"1024\" height=\"576\" src=\"https:\/\/www.correiobraziliense.com.br\/cbradar\/wp-content\/uploads\/2025\/05\/elefante_1747855503877-1024x576.jpg\" alt=\"Voc\u00ea vai se surpreender com isso que os elefantes fazem para proteger os filhotes\" class=\"wp-image-40695\" srcset=\"https:\/\/www.correiobraziliense.com.br\/cbradar\/wp-content\/uploads\/2025\/05\/elefante_1747855503877-1024x576.jpg 1024w, https:\/\/www.correiobraziliense.com.br\/cbradar\/wp-content\/uploads\/2025\/05\/elefante_1747855503877-300x169.jpg 300w, https:\/\/www.correiobraziliense.com.br\/cbradar\/wp-content\/uploads\/2025\/05\/elefante_1747855503877-768x432.jpg 768w, https:\/\/www.correiobraziliense.com.br\/cbradar\/wp-content\/uploads\/2025\/05\/elefante_1747855503877-750x422.jpg 750w, https:\/\/www.correiobraziliense.com.br\/cbradar\/wp-content\/uploads\/2025\/05\/elefante_1747855503877-1140x641.jpg 1140w, https:\/\/www.correiobraziliense.com.br\/cbradar\/wp-content\/uploads\/2025\/05\/elefante_1747855503877.jpg 1280w\" sizes=\"(max-width: 1024px) 100vw, 1024px\" \/><figcaption class=\"wp-element-caption\">elefante. Cr\u00e9ditos: depositphotos.com \/ AlexGukBO<\/figcaption><\/figure>\n\n\n\n<h2 class=\"wp-block-heading\">Quais li\u00e7\u00f5es os humanos podem aprender com os elefantes?<\/h2>\n\n\n\n<p>Os humanos podem aprender muito com o comportamento dos elefantes em rela\u00e7\u00e3o ao cuidado coletivo. A import\u00e2ncia de uma rede de apoio \u00e9 evidente tanto no reino animal quanto na sociedade humana. Assim como os elefantes, os humanos tamb\u00e9m se beneficiam de uma comunidade unida e solid\u00e1ria, especialmente em momentos de dificuldade.<\/p>\n\n\n\n<p>O exemplo dos elefantes destaca a import\u00e2ncia de valores como empatia, coopera\u00e7\u00e3o e solidariedade. Esses valores s\u00e3o fundamentais para o desenvolvimento de uma sociedade mais justa e equitativa, onde todos t\u00eam a oportunidade de crescer e prosperar com o apoio dos outros.<\/p>\n\n\n\n<h2 class=\"wp-block-heading\">Qual \u00e9 o papel dos elefantes na natureza e na cultura humana?<\/h2>\n\n\n\n<p>Os elefantes desempenham um papel vital na natureza, contribuindo para a manuten\u00e7\u00e3o dos ecossistemas em que vivem. Al\u00e9m disso, eles t\u00eam um lugar especial na cultura humana, sendo frequentemente associados a qualidades como sabedoria e for\u00e7a. O comportamento protetor dos elefantes em rela\u00e7\u00e3o aos seus filhotes \u00e9 uma fonte de inspira\u00e7\u00e3o e aprendizado para muitas culturas ao redor do mundo.<\/p>\n\n\n\n<p>Em resumo, os elefantes nos ensinam a import\u00e2ncia do apoio coletivo e da comunidade. Ao observarmos suas intera\u00e7\u00f5es, podemos refletir sobre como esses princ\u00edpios podem ser aplicados em nossas pr\u00f3prias vidas, promovendo um mundo mais solid\u00e1rio e interconectado.<\/p>\n","protected":false},"excerpt":{"rendered":"<p>O apoio coletivo na cria\u00e7\u00e3o de filhotes de elefantes \u00e9 crucial para sua sobreviv\u00eancia e aprendizagem.<\/p>\n","protected":false},"author":3,"featured_media":40693,"comment_status":"open","ping_status":"open","sticky":false,"template":"","format":"standard","meta":{"_yoast_wpseo_focuskw":"filhos elefante","_yoast_wpseo_title":"%%title%%","_yoast_wpseo_metadesc":"O apoio coletivo na cria\u00e7\u00e3o de filhotes de elefantes \u00e9 crucial para sua sobreviv\u00eancia e aprendizagem.","jnews-multi-image_gallery":[],"jnews_single_post":{"format":"standard"},"jnews_primary_category":[],"jnews_social_meta":[],"jnews_override_counter":[],"footnotes":""},"categories":[112],"post_tag":[230,5122],"class_list":["post-40691","post","type-post","status-publish","format-standard","has-post-thumbnail","hentry","category-curiosidades","tag-animais","tag-elefante"],"yoast_head":"<!-- This site is optimized with the Yoast SEO plugin v24.6 - https:\/\/yoast.com\/wordpress\/plugins\/seo\/ -->\n<title>Voc\u00ea vai se surpreender com isso que os elefantes fazem para proteger os filhotes<\/title>\n<meta name=\"description\" content=\"O apoio coletivo na cria\u00e7\u00e3o de filhotes de elefantes \u00e9 crucial para sua sobreviv\u00eancia e aprendizagem.\" \/>\n<meta name=\"robots\" content=\"index, follow, max-snippet:-1, max-image-preview:large, max-video-preview:-1\" \/>\n<link rel=\"canonical\" href=\"https:\/\/www.correiobraziliense.com.br\/cbradar\/voce-vai-se-surpreender-com-isso-que-os-elefantes-fazem-para-proteger-os-filhotes\/\" \/>\n<meta property=\"og:locale\" content=\"pt_BR\" \/>\n<meta property=\"og:type\" content=\"article\" \/>\n<meta property=\"og:title\" content=\"Voc\u00ea vai se surpreender com isso que os elefantes fazem para proteger os filhotes\" \/>\n<meta property=\"og:description\" content=\"O apoio coletivo na cria\u00e7\u00e3o de filhotes de elefantes \u00e9 crucial para sua sobreviv\u00eancia e aprendizagem.\" \/>\n<meta property=\"og:url\" content=\"https:\/\/www.correiobraziliense.com.br\/cbradar\/voce-vai-se-surpreender-com-isso-que-os-elefantes-fazem-para-proteger-os-filhotes\/\" \/>\n<meta property=\"og:site_name\" content=\"Correio Braziliense - Radar\" \/>\n<meta property=\"article:published_time\" content=\"2025-05-22T11:50:00+00:00\" \/>\n<meta property=\"og:image\" content=\"https:\/\/www.correiobraziliense.com.br\/cbradar\/wp-content\/uploads\/2025\/05\/elefante_1747855455020.jpg\" \/>\n\t<meta property=\"og:image:width\" content=\"1280\" \/>\n\t<meta property=\"og:image:height\" content=\"720\" \/>\n\t<meta property=\"og:image:type\" content=\"image\/jpeg\" \/>\n<meta name=\"author\" content=\"Larissa Carvalho\" \/>\n<meta name=\"twitter:card\" content=\"summary_large_image\" \/>\n<meta name=\"twitter:label1\" content=\"Escrito por\" \/>\n\t<meta name=\"twitter:data1\" content=\"Larissa Carvalho\" \/>\n\t<meta name=\"twitter:label2\" content=\"Est. tempo de leitura\" \/>\n\t<meta name=\"twitter:data2\" content=\"4 minutos\" \/>\n<!-- \/ Yoast SEO plugin. -->","yoast_head_json":{"title":"Voc\u00ea vai se surpreender com isso que os elefantes fazem para proteger os filhotes","description":"O apoio coletivo na cria\u00e7\u00e3o de filhotes de elefantes \u00e9 crucial para sua sobreviv\u00eancia e aprendizagem.","robots":{"index":"index","follow":"follow","max-snippet":"max-snippet:-1","max-image-preview":"max-image-preview:large","max-video-preview":"max-video-preview:-1"},"canonical":"https:\/\/www.correiobraziliense.com.br\/cbradar\/voce-vai-se-surpreender-com-isso-que-os-elefantes-fazem-para-proteger-os-filhotes\/","og_locale":"pt_BR","og_type":"article","og_title":"Voc\u00ea vai se surpreender com isso que os elefantes fazem para proteger os filhotes","og_description":"O apoio coletivo na cria\u00e7\u00e3o de filhotes de elefantes \u00e9 crucial para sua sobreviv\u00eancia e aprendizagem.","og_url":"https:\/\/www.correiobraziliense.com.br\/cbradar\/voce-vai-se-surpreender-com-isso-que-os-elefantes-fazem-para-proteger-os-filhotes\/","og_site_name":"Correio Braziliense - Radar","article_published_time":"2025-05-22T11:50:00+00:00","og_image":[{"width":1280,"height":720,"url":"https:\/\/www.correiobraziliense.com.br\/cbradar\/wp-content\/uploads\/2025\/05\/elefante_1747855455020.jpg","type":"image\/jpeg"}],"author":"Larissa Carvalho","twitter_card":"summary_large_image","twitter_misc":{"Escrito por":"Larissa Carvalho","Est. tempo de leitura":"4 minutos"},"schema":{"@context":"https:\/\/schema.org","@graph":[{"@type":"WebPage","@id":"https:\/\/www.correiobraziliense.com.br\/cbradar\/voce-vai-se-surpreender-com-isso-que-os-elefantes-fazem-para-proteger-os-filhotes\/","url":"https:\/\/www.correiobraziliense.com.br\/cbradar\/voce-vai-se-surpreender-com-isso-que-os-elefantes-fazem-para-proteger-os-filhotes\/","name":"Voc\u00ea vai se surpreender com isso que os elefantes fazem para proteger os filhotes","isPartOf":{"@id":"https:\/\/www.correiobraziliense.com.br\/cbradar\/#website"},"primaryImageOfPage":{"@id":"https:\/\/www.correiobraziliense.com.br\/cbradar\/voce-vai-se-surpreender-com-isso-que-os-elefantes-fazem-para-proteger-os-filhotes\/#primaryimage"},"image":{"@id":"https:\/\/www.correiobraziliense.com.br\/cbradar\/voce-vai-se-surpreender-com-isso-que-os-elefantes-fazem-para-proteger-os-filhotes\/#primaryimage"},"thumbnailUrl":"https:\/\/www.correiobraziliense.com.br\/cbradar\/wp-content\/uploads\/2025\/05\/elefante_1747855455020.jpg","datePublished":"2025-05-22T11:50:00+00:00","author":{"@id":"https:\/\/www.correiobraziliense.com.br\/cbradar\/#\/schema\/person\/58422787644df994b53a19d3e56c1513"},"description":"O apoio coletivo na cria\u00e7\u00e3o de filhotes de elefantes \u00e9 crucial para sua sobreviv\u00eancia e aprendizagem.","breadcrumb":{"@id":"https:\/\/www.correiobraziliense.com.br\/cbradar\/voce-vai-se-surpreender-com-isso-que-os-elefantes-fazem-para-proteger-os-filhotes\/#breadcrumb"},"inLanguage":"pt-BR","potentialAction":[{"@type":"ReadAction","target":["https:\/\/www.correiobraziliense.com.br\/cbradar\/voce-vai-se-surpreender-com-isso-que-os-elefantes-fazem-para-proteger-os-filhotes\/"]}]},{"@type":"ImageObject","inLanguage":"pt-BR","@id":"https:\/\/www.correiobraziliense.com.br\/cbradar\/voce-vai-se-surpreender-com-isso-que-os-elefantes-fazem-para-proteger-os-filhotes\/#primaryimage","url":"https:\/\/www.correiobraziliense.com.br\/cbradar\/wp-content\/uploads\/2025\/05\/elefante_1747855455020.jpg","contentUrl":"https:\/\/www.correiobraziliense.com.br\/cbradar\/wp-content\/uploads\/2025\/05\/elefante_1747855455020.jpg","width":1280,"height":720,"caption":"elefante. Cr\u00e9ditos: depositphotos.com \/ JohanSwanepoel"},{"@type":"BreadcrumbList","@id":"https:\/\/www.correiobraziliense.com.br\/cbradar\/voce-vai-se-surpreender-com-isso-que-os-elefantes-fazem-para-proteger-os-filhotes\/#breadcrumb","itemListElement":[{"@type":"ListItem","position":1,"name":"In\u00edcio","item":"https:\/\/www.correiobraziliense.com.br\/cbradar\/"},{"@type":"ListItem","position":2,"name":"Voc\u00ea vai se surpreender com isso que os elefantes fazem para proteger os filhotes"}]},{"@type":"WebSite","@id":"https:\/\/www.correiobraziliense.com.br\/cbradar\/#website","url":"https:\/\/www.correiobraziliense.com.br\/cbradar\/","name":"Correio Braziliense - Radar","description":"Acompanhe as \u00faltimas not\u00edcias e fique bem informado sobre tudo o que acontece no Brasil e no mundo.","potentialAction":[{"@type":"SearchAction","target":{"@type":"EntryPoint","urlTemplate":"https:\/\/www.correiobraziliense.com.br\/cbradar\/?s={search_term_string}"},"query-input":{"@type":"PropertyValueSpecification","valueRequired":true,"valueName":"search_term_string"}}],"inLanguage":"pt-BR"},{"@type":"Person","@id":"https:\/\/www.correiobraziliense.com.br\/cbradar\/#\/schema\/person\/58422787644df994b53a19d3e56c1513","name":"Larissa Carvalho","image":{"@type":"ImageObject","inLanguage":"pt-BR","@id":"https:\/\/www.correiobraziliense.com.br\/cbradar\/#\/schema\/person\/image\/","url":"https:\/\/secure.gravatar.com\/avatar\/fe4f91a0de32b52a838d0d612abdc1aa?s=96&d=mm&r=g","contentUrl":"https:\/\/secure.gravatar.com\/avatar\/fe4f91a0de32b52a838d0d612abdc1aa?s=96&d=mm&r=g","caption":"Larissa Carvalho"},"url":"https:\/\/www.correiobraziliense.com.br\/cbradar\/author\/larissamyth\/"}]}},"_links":{"self":[{"href":"https:\/\/www.correiobraziliense.com.br\/cbradar\/wp-json\/wp\/v2\/posts\/40691","targetHints":{"allow":["GET"]}}],"collection":[{"href":"https:\/\/www.correiobraziliense.com.br\/cbradar\/wp-json\/wp\/v2\/posts"}],"about":[{"href":"https:\/\/www.correiobraziliense.com.br\/cbradar\/wp-json\/wp\/v2\/types\/post"}],"author":[{"embeddable":true,"href":"https:\/\/www.correiobraziliense.com.br\/cbradar\/wp-json\/wp\/v2\/users\/3"}],"replies":[{"embeddable":true,"href":"https:\/\/www.correiobraziliense.com.br\/cbradar\/wp-json\/wp\/v2\/comments?post=40691"}],"version-history":[{"count":2,"href":"https:\/\/www.correiobraziliense.com.br\/cbradar\/wp-json\/wp\/v2\/posts\/40691\/revisions"}],"predecessor-version":[{"id":40696,"href":"https:\/\/www.correiobraziliense.com.br\/cbradar\/wp-json\/wp\/v2\/posts\/40691\/revisions\/40696"}],"wp:featuredmedia":[{"embeddable":true,"href":"https:\/\/www.correiobraziliense.com.br\/cbradar\/wp-json\/wp\/v2\/media\/40693"}],"wp:attachment":[{"href":"https:\/\/www.correiobraziliense.com.br\/cbradar\/wp-json\/wp\/v2\/media?parent=40691"}],"wp:term":[{"taxonomy":"category","embeddable":true,"href":"https:\/\/www.correiobraziliense.com.br\/cbradar\/wp-json\/wp\/v2\/categories?post=40691"},{"taxonomy":"post_tag","embeddable":true,"href":"https:\/\/www.correiobraziliense.com.br\/cbradar\/wp-json\/wp\/v2\/post_tag?post=40691"}],"curies":[{"name":"wp","href":"https:\/\/api.w.org\/{rel}","templated":true}]}}