{"id":40741,"date":"2025-05-22T15:30:00","date_gmt":"2025-05-22T18:30:00","guid":{"rendered":"https:\/\/www.correiobraziliense.com.br\/cbradar\/?p=40741"},"modified":"2025-05-21T19:37:54","modified_gmt":"2025-05-21T22:37:54","slug":"essa-serie-vai-explodir-seus-sentidos-com-drama-e-estetica","status":"publish","type":"post","link":"https:\/\/www.correiobraziliense.com.br\/cbradar\/essa-serie-vai-explodir-seus-sentidos-com-drama-e-estetica\/","title":{"rendered":"Essa s\u00e9rie vai explodir seus sentidos com drama e est\u00e9tica"},"content":{"rendered":"\n<p><strong>Euphoria<\/strong> \u00e9 uma s\u00e9rie dram\u00e1tica criada por <strong>Sam Levinson<\/strong>, lan\u00e7ada pela <strong>HBO<\/strong> em 2019. A trama acompanha <strong>Rue Bennett<\/strong>, uma adolescente de 17 anos rec\u00e9m-sa\u00edda da reabilita\u00e7\u00e3o, que luta contra o v\u00edcio em drogas enquanto tenta encontrar um sentido em sua vida.<\/p>\n\n\n\n<p>A narrativa se expande para mostrar o universo de outros jovens do ensino m\u00e9dio, abordando temas como sexualidade, identidade, sa\u00fade mental, viol\u00eancia, autoestima e rela\u00e7\u00f5es familiares e amorosas.<\/p>\n\n\n\n<h2 class=\"wp-block-heading\">Quem s\u00e3o os personagens principais?<\/h2>\n\n\n\n<ul class=\"wp-block-list\">\n<li><strong>Rue Bennett<\/strong> (Zendaya): protagonista complexa, sens\u00edvel e autodestrutiva.<\/li>\n\n\n\n<li><strong>Jules Vaughn<\/strong> (Hunter Schafer): garota trans carism\u00e1tica em busca de liberdade e amor.<\/li>\n\n\n\n<li><strong>Nate Jacobs<\/strong>, <strong>Maddy Perez<\/strong>, <strong>Cassie Howard<\/strong>, <strong>Lexi Howard<\/strong>, <strong>Fezco<\/strong> e <strong>Kat Hernandez<\/strong>: cada um com hist\u00f3rias e conflitos que refletem os dilemas da juventude atual.<\/li>\n<\/ul>\n\n\n\n<figure class=\"wp-block-image size-large\"><img decoding=\"async\" width=\"1024\" height=\"576\" src=\"https:\/\/www.correiobraziliense.com.br\/cbradar\/wp-content\/uploads\/2025\/05\/Euphoria-2-1024x576.png\" alt=\"Essa s\u00e9rie vai explodir seus sentidos com drama e est\u00e9tica\" class=\"wp-image-40744\" srcset=\"https:\/\/www.correiobraziliense.com.br\/cbradar\/wp-content\/uploads\/2025\/05\/Euphoria-2-1024x576.png 1024w, https:\/\/www.correiobraziliense.com.br\/cbradar\/wp-content\/uploads\/2025\/05\/Euphoria-2-300x169.png 300w, https:\/\/www.correiobraziliense.com.br\/cbradar\/wp-content\/uploads\/2025\/05\/Euphoria-2-768x432.png 768w, https:\/\/www.correiobraziliense.com.br\/cbradar\/wp-content\/uploads\/2025\/05\/Euphoria-2-750x422.png 750w, https:\/\/www.correiobraziliense.com.br\/cbradar\/wp-content\/uploads\/2025\/05\/Euphoria-2-1140x641.png 1140w, https:\/\/www.correiobraziliense.com.br\/cbradar\/wp-content\/uploads\/2025\/05\/Euphoria-2.png 1280w\" sizes=\"(max-width: 1024px) 100vw, 1024px\" \/><figcaption class=\"wp-element-caption\">Euphoria. Fonte: divulga\u00e7\u00e3o \/ HBO<\/figcaption><\/figure>\n\n\n\n<h2 class=\"wp-block-heading\">Como a s\u00e9rie usa est\u00e9tica e narrativa para impactar?<\/h2>\n\n\n\n<p><em>Euphoria<\/em> se destaca por sua linguagem visual ousada, com dire\u00e7\u00e3o estilizada, trilha sonora imersiva (assinada por <strong>Labrinth<\/strong>) e uso simb\u00f3lico da maquiagem e ilumina\u00e7\u00e3o. Cada epis\u00f3dio \u00e9 constru\u00eddo como uma pe\u00e7a emocional intensa, com mon\u00f3logos, flashbacks e met\u00e1foras visuais.<\/p>\n\n\n\n<p>A s\u00e9rie n\u00e3o busca respostas f\u00e1ceis, mas provoca reflex\u00e3o, empatia e desconforto ao tratar de temas dif\u00edceis com honestidade crua.<\/p>\n\n\n\n<h2 class=\"wp-block-heading\">Vale a pena assistir Euphoria?<\/h2>\n\n\n\n<p>Sim. <em>Euphoria<\/em> \u00e9 uma das s\u00e9ries mais comentadas e aclamadas dos \u00faltimos anos. A atua\u00e7\u00e3o de Zendaya foi premiada com o <strong>Emmy de Melhor Atriz<\/strong>, e o roteiro consegue ser po\u00e9tico e brutal ao mesmo tempo.<\/p>\n\n\n\n<p>\u00c9 indicada para quem busca uma experi\u00eancia sensorial forte, com roteiros que tratam a juventude sem idealiza\u00e7\u00f5es e personagens que transitam entre a esperan\u00e7a e o desespero.<\/p>\n\n\n\n<h2 class=\"wp-block-heading\">Curiosidades sobre Euphoria<\/h2>\n\n\n\n<ul class=\"wp-block-list\">\n<li>A s\u00e9rie \u00e9 baseada em uma produ\u00e7\u00e3o israelense hom\u00f4nima.<\/li>\n\n\n\n<li>Sam Levinson baseou a hist\u00f3ria em suas pr\u00f3prias experi\u00eancias com v\u00edcio.<\/li>\n\n\n\n<li>A maquiagem dos personagens virou tend\u00eancia cultural.<\/li>\n\n\n\n<li>A terceira temporada est\u00e1 em desenvolvimento, com expectativa de estreia para 2025.<\/li>\n<\/ul>\n\n\n\n<iframe loading=\"lazy\" width=\"560\" height=\"315\" src=\"https:\/\/www.youtube.com\/embed\/6XGnv7Zgbeg?si=Plk95aRTag5mdhNa\" title=\"YouTube video player\" frameborder=\"0\" allow=\"accelerometer; autoplay; clipboard-write; encrypted-media; gyroscope; picture-in-picture; web-share\" referrerpolicy=\"strict-origin-when-cross-origin\" allowfullscreen><\/iframe>\n\n\n\n<h2 class=\"wp-block-heading\">FAQ &#8211; Perguntas frequentes<\/h2>\n\n\n\n<ul class=\"wp-block-list\">\n<li><strong>Onde assistir Euphoria?<\/strong>\n<ul class=\"wp-block-list\">\n<li>Dispon\u00edvel na <strong>HBO Max<\/strong>.<\/li>\n<\/ul>\n<\/li>\n\n\n\n<li><strong>Quem est\u00e1 no elenco principal?<\/strong>\n<ul class=\"wp-block-list\">\n<li><strong>Zendaya<\/strong>, <strong>Hunter Schafer<\/strong>, <strong>Jacob Elordi<\/strong>, <strong>Alexa Demie<\/strong>, <strong>Sydney Sweeney<\/strong>, <strong>Maude Apatow<\/strong>, <strong>Angus Cloud<\/strong>, <strong>Barbie Ferreira<\/strong>.<\/li>\n<\/ul>\n<\/li>\n\n\n\n<li><strong>Qual o ano de lan\u00e7amento da s\u00e9rie?<\/strong>\n<ul class=\"wp-block-list\">\n<li><em>Euphoria<\/em> estreou em 2019.<\/li>\n<\/ul>\n<\/li>\n\n\n\n<li><strong>Qual a produtora respons\u00e1vel pela s\u00e9rie?<\/strong>\n<ul class=\"wp-block-list\">\n<li>Produzida pela <strong>A24<\/strong> em parceria com a <strong>HBO<\/strong>.<\/li>\n<\/ul>\n<\/li>\n<\/ul>\n","protected":false},"excerpt":{"rendered":"<p>Juventude, v\u00edcios e identidade colidem em uma s\u00e9rie intensa sobre excessos, traumas e a busca desesperada por pertencimento.<\/p>\n","protected":false},"author":3,"featured_media":40745,"comment_status":"open","ping_status":"open","sticky":false,"template":"","format":"standard","meta":{"_yoast_wpseo_focuskw":"Euphoria","_yoast_wpseo_title":"%%title%%","_yoast_wpseo_metadesc":"Juventude, v\u00edcios e identidade colidem em uma s\u00e9rie intensa sobre excessos, traumas e a busca desesperada por pertencimento.","jnews-multi-image_gallery":[],"jnews_single_post":{"format":"standard"},"jnews_primary_category":[],"jnews_social_meta":[],"jnews_override_counter":[],"footnotes":""},"categories":[140],"post_tag":[568],"class_list":["post-40741","post","type-post","status-publish","format-standard","has-post-thumbnail","hentry","category-entretenimento","tag-series-e-filmes"],"yoast_head":"<!-- This site is optimized with the Yoast SEO plugin v24.6 - https:\/\/yoast.com\/wordpress\/plugins\/seo\/ -->\n<title>Essa s\u00e9rie vai explodir seus sentidos com drama e est\u00e9tica<\/title>\n<meta name=\"description\" content=\"Juventude, v\u00edcios e identidade colidem em uma s\u00e9rie intensa sobre excessos, traumas e a busca desesperada por pertencimento.\" \/>\n<meta name=\"robots\" content=\"index, follow, max-snippet:-1, max-image-preview:large, max-video-preview:-1\" \/>\n<link rel=\"canonical\" href=\"https:\/\/www.correiobraziliense.com.br\/cbradar\/essa-serie-vai-explodir-seus-sentidos-com-drama-e-estetica\/\" \/>\n<meta property=\"og:locale\" content=\"pt_BR\" \/>\n<meta property=\"og:type\" content=\"article\" \/>\n<meta property=\"og:title\" content=\"Essa s\u00e9rie vai explodir seus sentidos com drama e est\u00e9tica\" \/>\n<meta property=\"og:description\" content=\"Juventude, v\u00edcios e identidade colidem em uma s\u00e9rie intensa sobre excessos, traumas e a busca desesperada por pertencimento.\" \/>\n<meta property=\"og:url\" content=\"https:\/\/www.correiobraziliense.com.br\/cbradar\/essa-serie-vai-explodir-seus-sentidos-com-drama-e-estetica\/\" \/>\n<meta property=\"og:site_name\" content=\"Correio Braziliense - Radar\" \/>\n<meta property=\"article:published_time\" content=\"2025-05-22T18:30:00+00:00\" \/>\n<meta property=\"og:image\" content=\"https:\/\/www.correiobraziliense.com.br\/cbradar\/wp-content\/uploads\/2025\/05\/Euphoria.png\" \/>\n\t<meta property=\"og:image:width\" content=\"1280\" \/>\n\t<meta property=\"og:image:height\" content=\"720\" \/>\n\t<meta property=\"og:image:type\" content=\"image\/png\" \/>\n<meta name=\"author\" content=\"Larissa Carvalho\" \/>\n<meta name=\"twitter:card\" content=\"summary_large_image\" \/>\n<meta name=\"twitter:label1\" content=\"Escrito por\" \/>\n\t<meta name=\"twitter:data1\" content=\"Larissa Carvalho\" \/>\n\t<meta name=\"twitter:label2\" content=\"Est. tempo de leitura\" \/>\n\t<meta name=\"twitter:data2\" content=\"3 minutos\" \/>\n<!-- \/ Yoast SEO plugin. -->","yoast_head_json":{"title":"Essa s\u00e9rie vai explodir seus sentidos com drama e est\u00e9tica","description":"Juventude, v\u00edcios e identidade colidem em uma s\u00e9rie intensa sobre excessos, traumas e a busca desesperada por pertencimento.","robots":{"index":"index","follow":"follow","max-snippet":"max-snippet:-1","max-image-preview":"max-image-preview:large","max-video-preview":"max-video-preview:-1"},"canonical":"https:\/\/www.correiobraziliense.com.br\/cbradar\/essa-serie-vai-explodir-seus-sentidos-com-drama-e-estetica\/","og_locale":"pt_BR","og_type":"article","og_title":"Essa s\u00e9rie vai explodir seus sentidos com drama e est\u00e9tica","og_description":"Juventude, v\u00edcios e identidade colidem em uma s\u00e9rie intensa sobre excessos, traumas e a busca desesperada por pertencimento.","og_url":"https:\/\/www.correiobraziliense.com.br\/cbradar\/essa-serie-vai-explodir-seus-sentidos-com-drama-e-estetica\/","og_site_name":"Correio Braziliense - Radar","article_published_time":"2025-05-22T18:30:00+00:00","og_image":[{"width":1280,"height":720,"url":"https:\/\/www.correiobraziliense.com.br\/cbradar\/wp-content\/uploads\/2025\/05\/Euphoria.png","type":"image\/png"}],"author":"Larissa Carvalho","twitter_card":"summary_large_image","twitter_misc":{"Escrito por":"Larissa Carvalho","Est. tempo de leitura":"3 minutos"},"schema":{"@context":"https:\/\/schema.org","@graph":[{"@type":"WebPage","@id":"https:\/\/www.correiobraziliense.com.br\/cbradar\/essa-serie-vai-explodir-seus-sentidos-com-drama-e-estetica\/","url":"https:\/\/www.correiobraziliense.com.br\/cbradar\/essa-serie-vai-explodir-seus-sentidos-com-drama-e-estetica\/","name":"Essa s\u00e9rie vai explodir seus sentidos com drama e est\u00e9tica","isPartOf":{"@id":"https:\/\/www.correiobraziliense.com.br\/cbradar\/#website"},"primaryImageOfPage":{"@id":"https:\/\/www.correiobraziliense.com.br\/cbradar\/essa-serie-vai-explodir-seus-sentidos-com-drama-e-estetica\/#primaryimage"},"image":{"@id":"https:\/\/www.correiobraziliense.com.br\/cbradar\/essa-serie-vai-explodir-seus-sentidos-com-drama-e-estetica\/#primaryimage"},"thumbnailUrl":"https:\/\/www.correiobraziliense.com.br\/cbradar\/wp-content\/uploads\/2025\/05\/Euphoria.png","datePublished":"2025-05-22T18:30:00+00:00","author":{"@id":"https:\/\/www.correiobraziliense.com.br\/cbradar\/#\/schema\/person\/58422787644df994b53a19d3e56c1513"},"description":"Juventude, v\u00edcios e identidade colidem em uma s\u00e9rie intensa sobre excessos, traumas e a busca desesperada por pertencimento.","breadcrumb":{"@id":"https:\/\/www.correiobraziliense.com.br\/cbradar\/essa-serie-vai-explodir-seus-sentidos-com-drama-e-estetica\/#breadcrumb"},"inLanguage":"pt-BR","potentialAction":[{"@type":"ReadAction","target":["https:\/\/www.correiobraziliense.com.br\/cbradar\/essa-serie-vai-explodir-seus-sentidos-com-drama-e-estetica\/"]}]},{"@type":"ImageObject","inLanguage":"pt-BR","@id":"https:\/\/www.correiobraziliense.com.br\/cbradar\/essa-serie-vai-explodir-seus-sentidos-com-drama-e-estetica\/#primaryimage","url":"https:\/\/www.correiobraziliense.com.br\/cbradar\/wp-content\/uploads\/2025\/05\/Euphoria.png","contentUrl":"https:\/\/www.correiobraziliense.com.br\/cbradar\/wp-content\/uploads\/2025\/05\/Euphoria.png","width":1280,"height":720,"caption":"Euphoria. Fonte: divulga\u00e7\u00e3o \/ HBO"},{"@type":"BreadcrumbList","@id":"https:\/\/www.correiobraziliense.com.br\/cbradar\/essa-serie-vai-explodir-seus-sentidos-com-drama-e-estetica\/#breadcrumb","itemListElement":[{"@type":"ListItem","position":1,"name":"In\u00edcio","item":"https:\/\/www.correiobraziliense.com.br\/cbradar\/"},{"@type":"ListItem","position":2,"name":"Essa s\u00e9rie vai explodir seus sentidos com drama e est\u00e9tica"}]},{"@type":"WebSite","@id":"https:\/\/www.correiobraziliense.com.br\/cbradar\/#website","url":"https:\/\/www.correiobraziliense.com.br\/cbradar\/","name":"Correio Braziliense - Radar","description":"Acompanhe as \u00faltimas not\u00edcias e fique bem informado sobre tudo o que acontece no Brasil e no mundo.","potentialAction":[{"@type":"SearchAction","target":{"@type":"EntryPoint","urlTemplate":"https:\/\/www.correiobraziliense.com.br\/cbradar\/?s={search_term_string}"},"query-input":{"@type":"PropertyValueSpecification","valueRequired":true,"valueName":"search_term_string"}}],"inLanguage":"pt-BR"},{"@type":"Person","@id":"https:\/\/www.correiobraziliense.com.br\/cbradar\/#\/schema\/person\/58422787644df994b53a19d3e56c1513","name":"Larissa Carvalho","image":{"@type":"ImageObject","inLanguage":"pt-BR","@id":"https:\/\/www.correiobraziliense.com.br\/cbradar\/#\/schema\/person\/image\/","url":"https:\/\/secure.gravatar.com\/avatar\/fe4f91a0de32b52a838d0d612abdc1aa?s=96&d=mm&r=g","contentUrl":"https:\/\/secure.gravatar.com\/avatar\/fe4f91a0de32b52a838d0d612abdc1aa?s=96&d=mm&r=g","caption":"Larissa Carvalho"},"url":"https:\/\/www.correiobraziliense.com.br\/cbradar\/author\/larissamyth\/"}]}},"_links":{"self":[{"href":"https:\/\/www.correiobraziliense.com.br\/cbradar\/wp-json\/wp\/v2\/posts\/40741","targetHints":{"allow":["GET"]}}],"collection":[{"href":"https:\/\/www.correiobraziliense.com.br\/cbradar\/wp-json\/wp\/v2\/posts"}],"about":[{"href":"https:\/\/www.correiobraziliense.com.br\/cbradar\/wp-json\/wp\/v2\/types\/post"}],"author":[{"embeddable":true,"href":"https:\/\/www.correiobraziliense.com.br\/cbradar\/wp-json\/wp\/v2\/users\/3"}],"replies":[{"embeddable":true,"href":"https:\/\/www.correiobraziliense.com.br\/cbradar\/wp-json\/wp\/v2\/comments?post=40741"}],"version-history":[{"count":1,"href":"https:\/\/www.correiobraziliense.com.br\/cbradar\/wp-json\/wp\/v2\/posts\/40741\/revisions"}],"predecessor-version":[{"id":40748,"href":"https:\/\/www.correiobraziliense.com.br\/cbradar\/wp-json\/wp\/v2\/posts\/40741\/revisions\/40748"}],"wp:featuredmedia":[{"embeddable":true,"href":"https:\/\/www.correiobraziliense.com.br\/cbradar\/wp-json\/wp\/v2\/media\/40745"}],"wp:attachment":[{"href":"https:\/\/www.correiobraziliense.com.br\/cbradar\/wp-json\/wp\/v2\/media?parent=40741"}],"wp:term":[{"taxonomy":"category","embeddable":true,"href":"https:\/\/www.correiobraziliense.com.br\/cbradar\/wp-json\/wp\/v2\/categories?post=40741"},{"taxonomy":"post_tag","embeddable":true,"href":"https:\/\/www.correiobraziliense.com.br\/cbradar\/wp-json\/wp\/v2\/post_tag?post=40741"}],"curies":[{"name":"wp","href":"https:\/\/api.w.org\/{rel}","templated":true}]}}