{"id":40824,"date":"2025-05-22T19:50:00","date_gmt":"2025-05-22T22:50:00","guid":{"rendered":"https:\/\/www.correiobraziliense.com.br\/cbradar\/?p=40824"},"modified":"2025-05-21T18:08:36","modified_gmt":"2025-05-21T21:08:36","slug":"estudo-revela-qual-exercicio-voce-deve-praticar-para-viver-mais-a-resposta-e-surpreendente","status":"publish","type":"post","link":"https:\/\/www.correiobraziliense.com.br\/cbradar\/estudo-revela-qual-exercicio-voce-deve-praticar-para-viver-mais-a-resposta-e-surpreendente\/","title":{"rendered":"Estudo revela qual exerc\u00edcio voc\u00ea deve praticar para viver mais, a resposta \u00e9 surpreendente"},"content":{"rendered":"\n<p>Nos \u00faltimos anos, a busca por um estilo de vida mais saud\u00e1vel e longevidade tem se intensificado. Entre as diversas recomenda\u00e7\u00f5es, o treinamento de for\u00e7a tem ganhado destaque como uma pr\u00e1tica essencial para prolongar a vida e melhorar a qualidade de vida. Estudos recentes indicam que a for\u00e7a muscular pode ser um indicador significativo de sa\u00fade geral e longevidade.<\/p>\n\n\n\n<p>Um estudo publicado no <strong><a href=\"https:\/\/journals.lww.com\/nsca-jscr\/pages\/default.aspx\" target=\"_blank\" rel=\"noreferrer noopener\">Journal of Strength and Conditioning Research<\/a><\/strong> acompanhou mais de 14.000 adultos com 50 anos ou mais durante 12 anos. A pesquisa utilizou a for\u00e7a de preens\u00e3o manual como uma medida simples da sa\u00fade muscular e descobriu que indiv\u00edduos com menor for\u00e7a de preens\u00e3o tinham um risco 45% maior de mortalidade durante o per\u00edodo do estudo. Isso sugere que m\u00fasculos fortes podem contribuir para uma vida mais longa e saud\u00e1vel.<\/p>\n\n\n\n<h2 class=\"wp-block-heading\">O que \u00e9 a for\u00e7a de preens\u00e3o?<\/h2>\n\n\n\n<p>A for\u00e7a de preens\u00e3o refere-se \u00e0 capacidade de apertar algo com a m\u00e3o, funcionando como um medidor de pot\u00eancia da m\u00e3o. Mais do que apenas um teste de for\u00e7a para abrir potes ou vencer em uma queda de bra\u00e7o, a for\u00e7a de preens\u00e3o \u00e9 uma maneira r\u00e1pida e simples de avaliar a sa\u00fade muscular geral. Isso ocorre porque a for\u00e7a de preens\u00e3o est\u00e1 correlacionada com a for\u00e7a muscular em outras partes do corpo.<\/p>\n\n\n\n<p>Manter uma boa for\u00e7a de preens\u00e3o pode ser um indicador de que os m\u00fasculos est\u00e3o saud\u00e1veis, o que, por sua vez, pode ajudar a prolongar a vida e melhorar a qualidade de vida \u00e0 medida que se envelhece.<\/p>\n\n\n\n<h2 class=\"wp-block-heading\">Quais s\u00e3o as melhores formas de desenvolver a for\u00e7a muscular?<\/h2>\n\n\n\n<p>O desenvolvimento da for\u00e7a muscular n\u00e3o requer necessariamente uma rotina intensa de academia ou levantamento de pesos pesados. Pequenos esfor\u00e7os consistentes podem ter um impacto significativo, especialmente com o avan\u00e7o da idade. Exerc\u00edcios com o peso do corpo, como agachamentos e flex\u00f5es, s\u00e3o \u00f3timos pontos de partida. Al\u00e9m disso, levantar-se de uma cadeira sem usar as m\u00e3os e repetir esse movimento em s\u00e9ries pode ser eficaz.<\/p>\n\n\n\n<p>Para aqueles que j\u00e1 t\u00eam alguma experi\u00eancia, adicionar pesos, como halteres ou kettlebells, pode ajudar a desafiar os m\u00fasculos. Incorporar a sobrecarga progressiva no treinamento \u00e9 uma estrat\u00e9gia eficaz para continuar obtendo ganhos de for\u00e7a. N\u00e3o \u00e9 necess\u00e1rio treinar todos os dias; duas ou tr\u00eas sess\u00f5es de for\u00e7a por semana podem ser suficientes para aumentar a massa muscular, melhorar o equil\u00edbrio e apoiar a sa\u00fade a longo prazo.<\/p>\n\n\n\n<figure class=\"wp-block-image size-large\"><img decoding=\"async\" width=\"1024\" height=\"576\" src=\"https:\/\/www.correiobraziliense.com.br\/cbradar\/wp-content\/uploads\/2025\/05\/exercicio-fisico_1747861657573-1024x576.jpg\" alt=\"Estudo revela qual exerc\u00edcio voc\u00ea deve praticar para viver mais, a resposta \u00e9 surpreendente\" class=\"wp-image-40828\" srcset=\"https:\/\/www.correiobraziliense.com.br\/cbradar\/wp-content\/uploads\/2025\/05\/exercicio-fisico_1747861657573-1024x576.jpg 1024w, https:\/\/www.correiobraziliense.com.br\/cbradar\/wp-content\/uploads\/2025\/05\/exercicio-fisico_1747861657573-300x169.jpg 300w, https:\/\/www.correiobraziliense.com.br\/cbradar\/wp-content\/uploads\/2025\/05\/exercicio-fisico_1747861657573-768x432.jpg 768w, https:\/\/www.correiobraziliense.com.br\/cbradar\/wp-content\/uploads\/2025\/05\/exercicio-fisico_1747861657573-750x422.jpg 750w, https:\/\/www.correiobraziliense.com.br\/cbradar\/wp-content\/uploads\/2025\/05\/exercicio-fisico_1747861657573-1140x641.jpg 1140w, https:\/\/www.correiobraziliense.com.br\/cbradar\/wp-content\/uploads\/2025\/05\/exercicio-fisico_1747861657573.jpg 1280w\" sizes=\"(max-width: 1024px) 100vw, 1024px\" \/><figcaption class=\"wp-element-caption\">exerc\u00edcio f\u00edsico. Cr\u00e9ditos: depositphotos.com \/ AllaSerebrina<\/figcaption><\/figure>\n\n\n\n<h2 class=\"wp-block-heading\">Como manter a motiva\u00e7\u00e3o no treinamento de for\u00e7a?<\/h2>\n\n\n\n<p>Encontrar uma atividade que seja prazerosa \u00e9 fundamental para manter a motiva\u00e7\u00e3o no treinamento de for\u00e7a. A pr\u00e1tica regular n\u00e3o s\u00f3 melhora a est\u00e9tica, mas tamb\u00e9m contribui para uma melhor mobilidade, sensa\u00e7\u00e3o de bem-estar e independ\u00eancia ao longo do tempo. O importante \u00e9 escolher atividades que proporcionem satisfa\u00e7\u00e3o e que possam ser mantidas de forma consistente.<\/p>\n\n\n\n<p>Al\u00e9m disso, variar os exerc\u00edcios e buscar novos desafios pode ajudar a manter o interesse e a motiva\u00e7\u00e3o. Participar de grupos ou aulas coletivas tamb\u00e9m pode ser uma maneira eficaz de se manter engajado e motivado.<\/p>\n\n\n\n<h2 class=\"wp-block-heading\">Qual \u00e9 a conclus\u00e3o?<\/h2>\n\n\n\n<p>O treinamento de for\u00e7a \u00e9 uma parte crucial de um estilo de vida saud\u00e1vel e pode desempenhar um papel significativo na promo\u00e7\u00e3o da longevidade. Com a pr\u00e1tica regular e consistente, \u00e9 poss\u00edvel n\u00e3o apenas melhorar a for\u00e7a muscular, mas tamb\u00e9m garantir uma melhor qualidade de vida \u00e0 medida que se envelhece. Incorporar exerc\u00edcios de for\u00e7a na rotina semanal pode ser uma estrat\u00e9gia eficaz para viver uma vida mais longa e saud\u00e1vel.<\/p>\n","protected":false},"excerpt":{"rendered":"<p>For\u00e7a muscular e sua rela\u00e7\u00e3o com a longevidade. Descubra a import\u00e2ncia do treinamento de for\u00e7a para uma vida mais saud\u00e1vel e ativa.<\/p>\n","protected":false},"author":3,"featured_media":40827,"comment_status":"open","ping_status":"open","sticky":false,"template":"","format":"standard","meta":{"_yoast_wpseo_focuskw":"exerc\u00edcio viver mais","_yoast_wpseo_title":"%%title%%","_yoast_wpseo_metadesc":"For\u00e7a muscular e sua rela\u00e7\u00e3o com a longevidade. Descubra a import\u00e2ncia do treinamento de for\u00e7a para uma vida mais saud\u00e1vel e ativa.","jnews-multi-image_gallery":[],"jnews_single_post":{"format":"standard"},"jnews_primary_category":[],"jnews_social_meta":[],"jnews_override_counter":[],"footnotes":""},"categories":[112],"tags":[1807,444,3841],"class_list":["post-40824","post","type-post","status-publish","format-standard","has-post-thumbnail","hentry","category-curiosidades","tag-exercicio","tag-exercicio-fisico","tag-viver-mais"],"yoast_head":"<!-- This site is optimized with the Yoast SEO plugin v24.6 - https:\/\/yoast.com\/wordpress\/plugins\/seo\/ -->\n<title>Estudo revela qual exerc\u00edcio voc\u00ea deve praticar para viver mais, a resposta \u00e9 surpreendente<\/title>\n<meta name=\"description\" content=\"For\u00e7a muscular e sua rela\u00e7\u00e3o com a longevidade. Descubra a import\u00e2ncia do treinamento de for\u00e7a para uma vida mais saud\u00e1vel e ativa.\" \/>\n<meta name=\"robots\" content=\"index, follow, max-snippet:-1, max-image-preview:large, max-video-preview:-1\" \/>\n<link rel=\"canonical\" href=\"https:\/\/www.correiobraziliense.com.br\/cbradar\/estudo-revela-qual-exercicio-voce-deve-praticar-para-viver-mais-a-resposta-e-surpreendente\/\" \/>\n<meta property=\"og:locale\" content=\"pt_BR\" \/>\n<meta property=\"og:type\" content=\"article\" \/>\n<meta property=\"og:title\" content=\"Estudo revela qual exerc\u00edcio voc\u00ea deve praticar para viver mais, a resposta \u00e9 surpreendente\" \/>\n<meta property=\"og:description\" content=\"For\u00e7a muscular e sua rela\u00e7\u00e3o com a longevidade. Descubra a import\u00e2ncia do treinamento de for\u00e7a para uma vida mais saud\u00e1vel e ativa.\" \/>\n<meta property=\"og:url\" content=\"https:\/\/www.correiobraziliense.com.br\/cbradar\/estudo-revela-qual-exercicio-voce-deve-praticar-para-viver-mais-a-resposta-e-surpreendente\/\" \/>\n<meta property=\"og:site_name\" content=\"Correio Braziliense - Radar\" \/>\n<meta property=\"article:published_time\" content=\"2025-05-22T22:50:00+00:00\" \/>\n<meta property=\"og:image\" content=\"https:\/\/www.correiobraziliense.com.br\/cbradar\/wp-content\/uploads\/2025\/05\/exercicio-fisico_1747861624401.jpg\" \/>\n\t<meta property=\"og:image:width\" content=\"1280\" \/>\n\t<meta property=\"og:image:height\" content=\"720\" \/>\n\t<meta property=\"og:image:type\" content=\"image\/jpeg\" \/>\n<meta name=\"author\" content=\"Larissa Carvalho\" \/>\n<meta name=\"twitter:card\" content=\"summary_large_image\" \/>\n<meta name=\"twitter:label1\" content=\"Escrito por\" \/>\n\t<meta name=\"twitter:data1\" content=\"Larissa Carvalho\" \/>\n\t<meta name=\"twitter:label2\" content=\"Est. tempo de leitura\" \/>\n\t<meta name=\"twitter:data2\" content=\"4 minutos\" \/>\n<!-- \/ Yoast SEO plugin. -->","yoast_head_json":{"title":"Estudo revela qual exerc\u00edcio voc\u00ea deve praticar para viver mais, a resposta \u00e9 surpreendente","description":"For\u00e7a muscular e sua rela\u00e7\u00e3o com a longevidade. Descubra a import\u00e2ncia do treinamento de for\u00e7a para uma vida mais saud\u00e1vel e ativa.","robots":{"index":"index","follow":"follow","max-snippet":"max-snippet:-1","max-image-preview":"max-image-preview:large","max-video-preview":"max-video-preview:-1"},"canonical":"https:\/\/www.correiobraziliense.com.br\/cbradar\/estudo-revela-qual-exercicio-voce-deve-praticar-para-viver-mais-a-resposta-e-surpreendente\/","og_locale":"pt_BR","og_type":"article","og_title":"Estudo revela qual exerc\u00edcio voc\u00ea deve praticar para viver mais, a resposta \u00e9 surpreendente","og_description":"For\u00e7a muscular e sua rela\u00e7\u00e3o com a longevidade. Descubra a import\u00e2ncia do treinamento de for\u00e7a para uma vida mais saud\u00e1vel e ativa.","og_url":"https:\/\/www.correiobraziliense.com.br\/cbradar\/estudo-revela-qual-exercicio-voce-deve-praticar-para-viver-mais-a-resposta-e-surpreendente\/","og_site_name":"Correio Braziliense - Radar","article_published_time":"2025-05-22T22:50:00+00:00","og_image":[{"width":1280,"height":720,"url":"https:\/\/www.correiobraziliense.com.br\/cbradar\/wp-content\/uploads\/2025\/05\/exercicio-fisico_1747861624401.jpg","type":"image\/jpeg"}],"author":"Larissa Carvalho","twitter_card":"summary_large_image","twitter_misc":{"Escrito por":"Larissa Carvalho","Est. tempo de leitura":"4 minutos"},"schema":{"@context":"https:\/\/schema.org","@graph":[{"@type":"WebPage","@id":"https:\/\/www.correiobraziliense.com.br\/cbradar\/estudo-revela-qual-exercicio-voce-deve-praticar-para-viver-mais-a-resposta-e-surpreendente\/","url":"https:\/\/www.correiobraziliense.com.br\/cbradar\/estudo-revela-qual-exercicio-voce-deve-praticar-para-viver-mais-a-resposta-e-surpreendente\/","name":"Estudo revela qual exerc\u00edcio voc\u00ea deve praticar para viver mais, a resposta \u00e9 surpreendente","isPartOf":{"@id":"https:\/\/www.correiobraziliense.com.br\/cbradar\/#website"},"primaryImageOfPage":{"@id":"https:\/\/www.correiobraziliense.com.br\/cbradar\/estudo-revela-qual-exercicio-voce-deve-praticar-para-viver-mais-a-resposta-e-surpreendente\/#primaryimage"},"image":{"@id":"https:\/\/www.correiobraziliense.com.br\/cbradar\/estudo-revela-qual-exercicio-voce-deve-praticar-para-viver-mais-a-resposta-e-surpreendente\/#primaryimage"},"thumbnailUrl":"https:\/\/www.correiobraziliense.com.br\/cbradar\/wp-content\/uploads\/2025\/05\/exercicio-fisico_1747861624401.jpg","datePublished":"2025-05-22T22:50:00+00:00","author":{"@id":"https:\/\/www.correiobraziliense.com.br\/cbradar\/#\/schema\/person\/58422787644df994b53a19d3e56c1513"},"description":"For\u00e7a muscular e sua rela\u00e7\u00e3o com a longevidade. Descubra a import\u00e2ncia do treinamento de for\u00e7a para uma vida mais saud\u00e1vel e ativa.","breadcrumb":{"@id":"https:\/\/www.correiobraziliense.com.br\/cbradar\/estudo-revela-qual-exercicio-voce-deve-praticar-para-viver-mais-a-resposta-e-surpreendente\/#breadcrumb"},"inLanguage":"pt-BR","potentialAction":[{"@type":"ReadAction","target":["https:\/\/www.correiobraziliense.com.br\/cbradar\/estudo-revela-qual-exercicio-voce-deve-praticar-para-viver-mais-a-resposta-e-surpreendente\/"]}]},{"@type":"ImageObject","inLanguage":"pt-BR","@id":"https:\/\/www.correiobraziliense.com.br\/cbradar\/estudo-revela-qual-exercicio-voce-deve-praticar-para-viver-mais-a-resposta-e-surpreendente\/#primaryimage","url":"https:\/\/www.correiobraziliense.com.br\/cbradar\/wp-content\/uploads\/2025\/05\/exercicio-fisico_1747861624401.jpg","contentUrl":"https:\/\/www.correiobraziliense.com.br\/cbradar\/wp-content\/uploads\/2025\/05\/exercicio-fisico_1747861624401.jpg","width":1280,"height":720,"caption":"exerc\u00edcio f\u00edsico. Cr\u00e9ditos: depositphotos.com \/ AllaSerebrina"},{"@type":"BreadcrumbList","@id":"https:\/\/www.correiobraziliense.com.br\/cbradar\/estudo-revela-qual-exercicio-voce-deve-praticar-para-viver-mais-a-resposta-e-surpreendente\/#breadcrumb","itemListElement":[{"@type":"ListItem","position":1,"name":"In\u00edcio","item":"https:\/\/www.correiobraziliense.com.br\/cbradar\/"},{"@type":"ListItem","position":2,"name":"Estudo revela qual exerc\u00edcio voc\u00ea deve praticar para viver mais, a resposta \u00e9 surpreendente"}]},{"@type":"WebSite","@id":"https:\/\/www.correiobraziliense.com.br\/cbradar\/#website","url":"https:\/\/www.correiobraziliense.com.br\/cbradar\/","name":"Correio Braziliense - Radar","description":"Acompanhe as \u00faltimas not\u00edcias e fique bem informado sobre tudo o que acontece no Brasil e no mundo.","potentialAction":[{"@type":"SearchAction","target":{"@type":"EntryPoint","urlTemplate":"https:\/\/www.correiobraziliense.com.br\/cbradar\/?s={search_term_string}"},"query-input":{"@type":"PropertyValueSpecification","valueRequired":true,"valueName":"search_term_string"}}],"inLanguage":"pt-BR"},{"@type":"Person","@id":"https:\/\/www.correiobraziliense.com.br\/cbradar\/#\/schema\/person\/58422787644df994b53a19d3e56c1513","name":"Larissa Carvalho","image":{"@type":"ImageObject","inLanguage":"pt-BR","@id":"https:\/\/www.correiobraziliense.com.br\/cbradar\/#\/schema\/person\/image\/","url":"https:\/\/secure.gravatar.com\/avatar\/fe4f91a0de32b52a838d0d612abdc1aa?s=96&d=mm&r=g","contentUrl":"https:\/\/secure.gravatar.com\/avatar\/fe4f91a0de32b52a838d0d612abdc1aa?s=96&d=mm&r=g","caption":"Larissa Carvalho"},"url":"https:\/\/www.correiobraziliense.com.br\/cbradar\/author\/larissamyth\/"}]}},"_links":{"self":[{"href":"https:\/\/www.correiobraziliense.com.br\/cbradar\/wp-json\/wp\/v2\/posts\/40824","targetHints":{"allow":["GET"]}}],"collection":[{"href":"https:\/\/www.correiobraziliense.com.br\/cbradar\/wp-json\/wp\/v2\/posts"}],"about":[{"href":"https:\/\/www.correiobraziliense.com.br\/cbradar\/wp-json\/wp\/v2\/types\/post"}],"author":[{"embeddable":true,"href":"https:\/\/www.correiobraziliense.com.br\/cbradar\/wp-json\/wp\/v2\/users\/3"}],"replies":[{"embeddable":true,"href":"https:\/\/www.correiobraziliense.com.br\/cbradar\/wp-json\/wp\/v2\/comments?post=40824"}],"version-history":[{"count":2,"href":"https:\/\/www.correiobraziliense.com.br\/cbradar\/wp-json\/wp\/v2\/posts\/40824\/revisions"}],"predecessor-version":[{"id":40829,"href":"https:\/\/www.correiobraziliense.com.br\/cbradar\/wp-json\/wp\/v2\/posts\/40824\/revisions\/40829"}],"wp:featuredmedia":[{"embeddable":true,"href":"https:\/\/www.correiobraziliense.com.br\/cbradar\/wp-json\/wp\/v2\/media\/40827"}],"wp:attachment":[{"href":"https:\/\/www.correiobraziliense.com.br\/cbradar\/wp-json\/wp\/v2\/media?parent=40824"}],"wp:term":[{"taxonomy":"category","embeddable":true,"href":"https:\/\/www.correiobraziliense.com.br\/cbradar\/wp-json\/wp\/v2\/categories?post=40824"},{"taxonomy":"post_tag","embeddable":true,"href":"https:\/\/www.correiobraziliense.com.br\/cbradar\/wp-json\/wp\/v2\/tags?post=40824"}],"curies":[{"name":"wp","href":"https:\/\/api.w.org\/{rel}","templated":true}]}}