{"id":41202,"date":"2025-05-26T14:10:00","date_gmt":"2025-05-26T17:10:00","guid":{"rendered":"https:\/\/www.correiobraziliense.com.br\/cbradar\/?p=41202"},"modified":"2025-05-22T12:05:03","modified_gmt":"2025-05-22T15:05:03","slug":"como-plantar-boldo-em-casa-e-ter-saude-ao-alcance-das-maos","status":"publish","type":"post","link":"https:\/\/www.correiobraziliense.com.br\/cbradar\/como-plantar-boldo-em-casa-e-ter-saude-ao-alcance-das-maos\/","title":{"rendered":"Como plantar boldo em casa e ter sa\u00fade ao alcance das m\u00e3os"},"content":{"rendered":"\n<p>O <a href=\"https:\/\/pt.wikipedia.org\/wiki\/Plectranthus_barbatus\" target=\"_blank\" rel=\"noreferrer noopener\"><strong>boldo<\/strong> <\/a>\u00e9 uma planta medicinal amplamente conhecida por seus efeitos digestivos e hep\u00e1ticos. Utilizado em forma de ch\u00e1 para aliviar problemas no f\u00edgado, m\u00e1 digest\u00e3o e ressaca, o <strong>boldo<\/strong> \u00e9 f\u00e1cil de <strong><a href=\"https:\/\/www.correiobraziliense.com.br\/cbradar\/quer-uma-colheita-rapida-veja-quais-hortalicas-plantar-em-maio\/\" target=\"_blank\" rel=\"noreferrer noopener\">cultivar <\/a><\/strong>em casa, tanto em vasos quanto diretamente no solo. Existem diferentes esp\u00e9cies, como o <strong>boldo-do-chile<\/strong> (<em>Peumus boldus<\/em>) e o <strong>boldo brasileiro<\/strong> (<em>Plectranthus barbatus<\/em>), sendo este \u00faltimo o mais comum no Brasil por sua f\u00e1cil adapta\u00e7\u00e3o ao clima tropical. Aprenda neste guia tudo sobre como plantar <strong>boldo<\/strong>, desde a escolha do local at\u00e9 a colheita das folhas.<\/p>\n\n\n\n<h2 class=\"wp-block-heading\">Qual \u00e9 o tipo de solo e clima ideal para o cultivo de boldo?<\/h2>\n\n\n\n<p>O <strong>boldo<\/strong> cresce melhor em locais com clima tropical ou subtropical, com boa incid\u00eancia de sol. Prefere temperaturas entre 20\u202f\u00b0C e 30\u202f\u00b0C, embora tamb\u00e9m resista bem ao frio leve. Essa planta se adapta tanto ao cultivo em jardins quanto em vasos, desde que tenha acesso \u00e0 luz solar direta por pelo menos 4 a 6 horas por dia.<\/p>\n\n\n\n<p>O solo ideal para o <strong>boldo<\/strong> \u00e9 aquele bem drenado, leve e rico em mat\u00e9ria org\u00e2nica. Um bom preparo do solo inclui a adi\u00e7\u00e3o de composto org\u00e2nico ou h\u00famus de minhoca. Solos muito argilosos devem ser corrigidos com areia para melhorar a drenagem.<\/p>\n\n\n<div class=\"wp-block-image\">\n<figure class=\"aligncenter size-large\"><img decoding=\"async\" width=\"1024\" height=\"576\" src=\"https:\/\/www.correiobraziliense.com.br\/cbradar\/wp-content\/uploads\/2025\/05\/Plectranthus-barbatus_1747925862642-1024x576.jpg\" alt=\"\" class=\"wp-image-41317\" srcset=\"https:\/\/www.correiobraziliense.com.br\/cbradar\/wp-content\/uploads\/2025\/05\/Plectranthus-barbatus_1747925862642-1024x576.jpg 1024w, https:\/\/www.correiobraziliense.com.br\/cbradar\/wp-content\/uploads\/2025\/05\/Plectranthus-barbatus_1747925862642-300x169.jpg 300w, https:\/\/www.correiobraziliense.com.br\/cbradar\/wp-content\/uploads\/2025\/05\/Plectranthus-barbatus_1747925862642-768x432.jpg 768w, https:\/\/www.correiobraziliense.com.br\/cbradar\/wp-content\/uploads\/2025\/05\/Plectranthus-barbatus_1747925862642-750x422.jpg 750w, https:\/\/www.correiobraziliense.com.br\/cbradar\/wp-content\/uploads\/2025\/05\/Plectranthus-barbatus_1747925862642-1140x641.jpg 1140w, https:\/\/www.correiobraziliense.com.br\/cbradar\/wp-content\/uploads\/2025\/05\/Plectranthus-barbatus_1747925862642.jpg 1280w\" sizes=\"(max-width: 1024px) 100vw, 1024px\" \/><figcaption class=\"wp-element-caption\">Boldo \/\/ Cr\u00e9ditos: depositphotos.com \/ vbacarin<\/figcaption><\/figure><\/div>\n\n\n<h2 class=\"wp-block-heading\">Como plantar boldo por estacas?<\/h2>\n\n\n\n<p>O m\u00e9todo mais f\u00e1cil e eficiente para plantar <strong>boldo<\/strong> \u00e9 por estacas, j\u00e1 que a germina\u00e7\u00e3o por sementes \u00e9 rara e pouco eficaz. As estacas pegam com facilidade e crescem rapidamente.<\/p>\n\n\n\n<h3 class=\"wp-block-heading\">Passo a passo:<\/h3>\n\n\n\n<ol class=\"wp-block-list\">\n<li><strong>Escolha da muda<\/strong>: selecione um ramo saud\u00e1vel, de cerca de 15 a 20 cm de comprimento, com pelo menos 3 a 4 pares de folhas.<\/li>\n\n\n\n<li><strong>Preparo da estaca<\/strong>: retire as folhas da parte inferior da estaca para evitar o apodrecimento.<\/li>\n\n\n\n<li><strong>Plantio<\/strong>: plante diretamente no solo ou em vaso com substrato \u00famido. Enterre cerca de um ter\u00e7o do galho.<\/li>\n\n\n\n<li><strong>Ambiente<\/strong>: mantenha em local iluminado, mas sem sol direto nas primeiras semanas.<\/li>\n\n\n\n<li><strong>Irriga\u00e7\u00e3o<\/strong>: regue regularmente para manter o solo \u00famido at\u00e9 a planta enraizar (cerca de 2 semanas).<\/li>\n<\/ol>\n\n\n\n<p>Ap\u00f3s o enraizamento, o <strong>boldo<\/strong> pode ser transferido para o local definitivo ou permanecer no vaso.<\/p>\n\n\n\n<h2 class=\"wp-block-heading\">Posso cultivar boldo em vasos?<\/h2>\n\n\n\n<p>Sim, o <strong>boldo<\/strong> se adapta muito bem ao cultivo em vasos, sendo ideal para varandas, sacadas e at\u00e9 mesmo em ambientes internos bem iluminados. \u00c9 uma \u00f3tima op\u00e7\u00e3o para quem n\u00e3o tem espa\u00e7o em jardins.<\/p>\n\n\n\n<h3 class=\"wp-block-heading\">Dicas importantes:<\/h3>\n\n\n\n<ul class=\"wp-block-list\">\n<li>Use vasos com pelo menos 25 cm de profundidade e furos para drenagem.<\/li>\n\n\n\n<li>Coloque brita ou argila expandida no fundo antes do substrato.<\/li>\n\n\n\n<li>Use uma mistura de terra vegetal, areia e composto org\u00e2nico.<\/li>\n\n\n\n<li>Regue com modera\u00e7\u00e3o, evitando encharcamento.<\/li>\n\n\n\n<li>Posicione o vaso em local com sol direto por algumas horas por dia.<\/li>\n<\/ul>\n\n\n\n<p>O cultivo em vasos tamb\u00e9m facilita o controle de pragas e a colheita das folhas.<\/p>\n\n\n\n<h2 class=\"wp-block-heading\">Quais os principais cuidados com a planta boldo?<\/h2>\n\n\n\n<p>O <strong>boldo<\/strong> \u00e9 uma planta r\u00fastica e de baixa manuten\u00e7\u00e3o, mas precisa de alguns cuidados b\u00e1sicos para garantir seu bom desenvolvimento e prolongar sua vida \u00fatil.<\/p>\n\n\n\n<h3 class=\"wp-block-heading\">Cuidados essenciais:<\/h3>\n\n\n\n<ul class=\"wp-block-list\">\n<li><strong>Rega<\/strong>: regue a cada dois ou tr\u00eas dias, sempre observando a umidade do solo. O excesso de \u00e1gua pode causar apodrecimento das ra\u00edzes.<\/li>\n\n\n\n<li><strong>Aduba\u00e7\u00e3o<\/strong>: aplique mat\u00e9ria org\u00e2nica a cada 60 dias para fortalecer a planta e estimular o crescimento.<\/li>\n\n\n\n<li><strong>Poda<\/strong>: realize podas regulares para evitar que a planta cres\u00e7a desordenadamente e para incentivar a produ\u00e7\u00e3o de novas folhas.<\/li>\n\n\n\n<li><strong>Pragas<\/strong>: em geral, \u00e9 resistente, mas pode ser atacado por pulg\u00f5es e cochonilhas. Fa\u00e7a inspe\u00e7\u00f5es frequentes e use inseticidas naturais, como o \u00f3leo de neem.<\/li>\n<\/ul>\n\n\n\n<h2 class=\"wp-block-heading\">Quando e como colher o boldo corretamente?<\/h2>\n\n\n\n<p>A colheita das folhas do <strong>boldo<\/strong> pode ser feita a partir de 2 a 3 meses ap\u00f3s o plantio, quando a planta j\u00e1 estiver bem desenvolvida. \u00c9 importante colher de forma correta para n\u00e3o enfraquecer a planta.<\/p>\n\n\n\n<h3 class=\"wp-block-heading\">Como colher:<\/h3>\n\n\n\n<ul class=\"wp-block-list\">\n<li>Utilize uma tesoura limpa para cortar as folhas.<\/li>\n\n\n\n<li>Retire sempre as folhas mais velhas, da base, e evite tirar mais de 30% da planta de uma s\u00f3 vez.<\/li>\n\n\n\n<li>A colheita pode ser feita durante o ano todo, preferencialmente pela manh\u00e3.<\/li>\n\n\n\n<li>Ap\u00f3s colher, lave bem as folhas e use frescas ou deixe secar \u00e0 sombra para armazenar.<\/li>\n<\/ul>\n\n\n\n<p>As folhas devem ser guardadas em local seco e escuro, em recipiente herm\u00e9tico, preservando suas propriedades medicinais por at\u00e9 6 meses.<\/p>\n\n\n\n<h2 class=\"wp-block-heading\">FAQ \u2013 Perguntas frequentes sobre como plantar boldo<\/h2>\n\n\n\n<p><strong>1. Qual \u00e9 o melhor tipo de boldo para cultivar em casa?<\/strong><br>O mais indicado \u00e9 o <strong>boldo brasileiro<\/strong> (<em>Plectranthus barbatus<\/em>), pois se adapta bem ao clima e \u00e9 de f\u00e1cil cultivo. O <strong>boldo-do-chile<\/strong> precisa de condi\u00e7\u00f5es mais espec\u00edficas e \u00e9 mais raro.<\/p>\n\n\n\n<p><strong>2. \u00c9 poss\u00edvel plantar boldo o ano inteiro?<\/strong><br>Sim, especialmente em regi\u00f5es de clima quente. Em locais frios, \u00e9 melhor plantar na primavera ou ver\u00e3o para favorecer o enraizamento.<\/p>\n\n\n\n<p><strong>3. Preciso replantar o boldo depois de um tempo?<\/strong><br>Sim. O <strong>boldo<\/strong> tende a se tornar lenhoso e menos produtivo com o tempo. Replantar a cada 2 a 3 anos garante uma planta mais vigorosa.<\/p>\n\n\n\n<p><strong>4. O boldo precisa de muito sol?<\/strong><br>Precisa de pelo menos 4 a 6 horas de sol por dia. Em ambientes com pouca luz, a planta pode crescer fraca e produzir menos folhas.<\/p>\n\n\n\n<p><strong>5. O boldo pode ser t\u00f3xico em excesso?<\/strong><br>Sim. O uso medicinal do <strong>boldo<\/strong> deve ser feito com modera\u00e7\u00e3o. Doses elevadas podem ser t\u00f3xicas ao f\u00edgado. Sempre consulte um profissional da sa\u00fade antes de usar regularmente.<\/p>\n","protected":false},"excerpt":{"rendered":"<p>O boldo \u00e9 uma planta medicinal amplamente conhecida por seus efeitos digestivos e hep\u00e1ticos. Utilizado em forma de ch\u00e1 para aliviar problemas no f\u00edgado, m\u00e1 digest\u00e3o e ressaca, o boldo \u00e9 f\u00e1cil de cultivar em casa, tanto em vasos quanto diretamente no solo. Existem diferentes esp\u00e9cies, como o boldo-do-chile (Peumus boldus) e o boldo brasileiro [&hellip;]<\/p>\n","protected":false},"author":8,"featured_media":41320,"comment_status":"open","ping_status":"open","sticky":false,"template":"","format":"standard","meta":{"_yoast_wpseo_focuskw":"plantar","_yoast_wpseo_title":"","_yoast_wpseo_metadesc":"Com poucos passos, plantar boldo pode transformar seu cuidado com a sa\u00fade. Veja o segredo para ter essa planta poderosa em casa.","jnews-multi-image_gallery":[],"jnews_single_post":{"format":"standard"},"jnews_primary_category":[],"jnews_social_meta":[],"jnews_override_counter":[],"footnotes":""},"categories":[136],"post_tag":[5168,137],"class_list":["post-41202","post","type-post","status-publish","format-standard","has-post-thumbnail","hentry","category-jardinagem","tag-boldo","tag-como-plantar"],"yoast_head":"<!-- This site is optimized with the Yoast SEO plugin v24.6 - https:\/\/yoast.com\/wordpress\/plugins\/seo\/ -->\n<title>Como plantar boldo em casa e ter sa\u00fade ao alcance das m\u00e3os - Correio Braziliense - Radar<\/title>\n<meta name=\"description\" content=\"Com poucos passos, plantar boldo pode transformar seu cuidado com a sa\u00fade. Veja o segredo para ter essa planta poderosa em casa.\" \/>\n<meta name=\"robots\" content=\"index, follow, max-snippet:-1, max-image-preview:large, max-video-preview:-1\" \/>\n<link rel=\"canonical\" href=\"https:\/\/www.correiobraziliense.com.br\/cbradar\/como-plantar-boldo-em-casa-e-ter-saude-ao-alcance-das-maos\/\" \/>\n<meta property=\"og:locale\" content=\"pt_BR\" \/>\n<meta property=\"og:type\" content=\"article\" \/>\n<meta property=\"og:title\" content=\"Como plantar boldo em casa e ter sa\u00fade ao alcance das m\u00e3os - Correio Braziliense - Radar\" \/>\n<meta property=\"og:description\" content=\"Com poucos passos, plantar boldo pode transformar seu cuidado com a sa\u00fade. Veja o segredo para ter essa planta poderosa em casa.\" \/>\n<meta property=\"og:url\" content=\"https:\/\/www.correiobraziliense.com.br\/cbradar\/como-plantar-boldo-em-casa-e-ter-saude-ao-alcance-das-maos\/\" \/>\n<meta property=\"og:site_name\" content=\"Correio Braziliense - Radar\" \/>\n<meta property=\"article:published_time\" content=\"2025-05-26T17:10:00+00:00\" \/>\n<meta property=\"og:image\" content=\"https:\/\/www.correiobraziliense.com.br\/cbradar\/wp-content\/uploads\/2025\/05\/Plectranthus-barbatus_1747925871993.jpg\" \/>\n\t<meta property=\"og:image:width\" content=\"1280\" \/>\n\t<meta property=\"og:image:height\" content=\"720\" \/>\n\t<meta property=\"og:image:type\" content=\"image\/jpeg\" \/>\n<meta name=\"author\" content=\"Maura Pereira\" \/>\n<meta name=\"twitter:card\" content=\"summary_large_image\" \/>\n<meta name=\"twitter:label1\" content=\"Escrito por\" \/>\n\t<meta name=\"twitter:data1\" content=\"Maura Pereira\" \/>\n\t<meta name=\"twitter:label2\" content=\"Est. tempo de leitura\" \/>\n\t<meta name=\"twitter:data2\" content=\"6 minutos\" \/>\n<!-- \/ Yoast SEO plugin. -->","yoast_head_json":{"title":"Como plantar boldo em casa e ter sa\u00fade ao alcance das m\u00e3os - Correio Braziliense - Radar","description":"Com poucos passos, plantar boldo pode transformar seu cuidado com a sa\u00fade. Veja o segredo para ter essa planta poderosa em casa.","robots":{"index":"index","follow":"follow","max-snippet":"max-snippet:-1","max-image-preview":"max-image-preview:large","max-video-preview":"max-video-preview:-1"},"canonical":"https:\/\/www.correiobraziliense.com.br\/cbradar\/como-plantar-boldo-em-casa-e-ter-saude-ao-alcance-das-maos\/","og_locale":"pt_BR","og_type":"article","og_title":"Como plantar boldo em casa e ter sa\u00fade ao alcance das m\u00e3os - Correio Braziliense - Radar","og_description":"Com poucos passos, plantar boldo pode transformar seu cuidado com a sa\u00fade. Veja o segredo para ter essa planta poderosa em casa.","og_url":"https:\/\/www.correiobraziliense.com.br\/cbradar\/como-plantar-boldo-em-casa-e-ter-saude-ao-alcance-das-maos\/","og_site_name":"Correio Braziliense - Radar","article_published_time":"2025-05-26T17:10:00+00:00","og_image":[{"width":1280,"height":720,"url":"https:\/\/www.correiobraziliense.com.br\/cbradar\/wp-content\/uploads\/2025\/05\/Plectranthus-barbatus_1747925871993.jpg","type":"image\/jpeg"}],"author":"Maura Pereira","twitter_card":"summary_large_image","twitter_misc":{"Escrito por":"Maura Pereira","Est. tempo de leitura":"6 minutos"},"schema":{"@context":"https:\/\/schema.org","@graph":[{"@type":"WebPage","@id":"https:\/\/www.correiobraziliense.com.br\/cbradar\/como-plantar-boldo-em-casa-e-ter-saude-ao-alcance-das-maos\/","url":"https:\/\/www.correiobraziliense.com.br\/cbradar\/como-plantar-boldo-em-casa-e-ter-saude-ao-alcance-das-maos\/","name":"Como plantar boldo em casa e ter sa\u00fade ao alcance das m\u00e3os - Correio Braziliense - Radar","isPartOf":{"@id":"https:\/\/www.correiobraziliense.com.br\/cbradar\/#website"},"primaryImageOfPage":{"@id":"https:\/\/www.correiobraziliense.com.br\/cbradar\/como-plantar-boldo-em-casa-e-ter-saude-ao-alcance-das-maos\/#primaryimage"},"image":{"@id":"https:\/\/www.correiobraziliense.com.br\/cbradar\/como-plantar-boldo-em-casa-e-ter-saude-ao-alcance-das-maos\/#primaryimage"},"thumbnailUrl":"https:\/\/www.correiobraziliense.com.br\/cbradar\/wp-content\/uploads\/2025\/05\/Plectranthus-barbatus_1747925871993.jpg","datePublished":"2025-05-26T17:10:00+00:00","author":{"@id":"https:\/\/www.correiobraziliense.com.br\/cbradar\/#\/schema\/person\/4053c651a9bfc785afc6f4cbc9032fd3"},"description":"Com poucos passos, plantar boldo pode transformar seu cuidado com a sa\u00fade. Veja o segredo para ter essa planta poderosa em casa.","breadcrumb":{"@id":"https:\/\/www.correiobraziliense.com.br\/cbradar\/como-plantar-boldo-em-casa-e-ter-saude-ao-alcance-das-maos\/#breadcrumb"},"inLanguage":"pt-BR","potentialAction":[{"@type":"ReadAction","target":["https:\/\/www.correiobraziliense.com.br\/cbradar\/como-plantar-boldo-em-casa-e-ter-saude-ao-alcance-das-maos\/"]}]},{"@type":"ImageObject","inLanguage":"pt-BR","@id":"https:\/\/www.correiobraziliense.com.br\/cbradar\/como-plantar-boldo-em-casa-e-ter-saude-ao-alcance-das-maos\/#primaryimage","url":"https:\/\/www.correiobraziliense.com.br\/cbradar\/wp-content\/uploads\/2025\/05\/Plectranthus-barbatus_1747925871993.jpg","contentUrl":"https:\/\/www.correiobraziliense.com.br\/cbradar\/wp-content\/uploads\/2025\/05\/Plectranthus-barbatus_1747925871993.jpg","width":1280,"height":720,"caption":"Boldo \/\/ Cr\u00e9ditos: depositphotos.com \/ sochodolak.pa@gmail.com"},{"@type":"BreadcrumbList","@id":"https:\/\/www.correiobraziliense.com.br\/cbradar\/como-plantar-boldo-em-casa-e-ter-saude-ao-alcance-das-maos\/#breadcrumb","itemListElement":[{"@type":"ListItem","position":1,"name":"In\u00edcio","item":"https:\/\/www.correiobraziliense.com.br\/cbradar\/"},{"@type":"ListItem","position":2,"name":"Como plantar boldo em casa e ter sa\u00fade ao alcance das m\u00e3os"}]},{"@type":"WebSite","@id":"https:\/\/www.correiobraziliense.com.br\/cbradar\/#website","url":"https:\/\/www.correiobraziliense.com.br\/cbradar\/","name":"Correio Braziliense - Radar","description":"Acompanhe as \u00faltimas not\u00edcias e fique bem informado sobre tudo o que acontece no Brasil e no mundo.","potentialAction":[{"@type":"SearchAction","target":{"@type":"EntryPoint","urlTemplate":"https:\/\/www.correiobraziliense.com.br\/cbradar\/?s={search_term_string}"},"query-input":{"@type":"PropertyValueSpecification","valueRequired":true,"valueName":"search_term_string"}}],"inLanguage":"pt-BR"},{"@type":"Person","@id":"https:\/\/www.correiobraziliense.com.br\/cbradar\/#\/schema\/person\/4053c651a9bfc785afc6f4cbc9032fd3","name":"Maura Pereira","image":{"@type":"ImageObject","inLanguage":"pt-BR","@id":"https:\/\/www.correiobraziliense.com.br\/cbradar\/#\/schema\/person\/image\/","url":"https:\/\/secure.gravatar.com\/avatar\/3effd6bdadfa447f15089c7f7144eaa6?s=96&d=mm&r=g","contentUrl":"https:\/\/secure.gravatar.com\/avatar\/3effd6bdadfa447f15089c7f7144eaa6?s=96&d=mm&r=g","caption":"Maura Pereira"},"sameAs":["https:\/\/www.correiobraziliense.com.br\/"],"url":"https:\/\/www.correiobraziliense.com.br\/cbradar\/author\/mauramyth\/"}]}},"_links":{"self":[{"href":"https:\/\/www.correiobraziliense.com.br\/cbradar\/wp-json\/wp\/v2\/posts\/41202","targetHints":{"allow":["GET"]}}],"collection":[{"href":"https:\/\/www.correiobraziliense.com.br\/cbradar\/wp-json\/wp\/v2\/posts"}],"about":[{"href":"https:\/\/www.correiobraziliense.com.br\/cbradar\/wp-json\/wp\/v2\/types\/post"}],"author":[{"embeddable":true,"href":"https:\/\/www.correiobraziliense.com.br\/cbradar\/wp-json\/wp\/v2\/users\/8"}],"replies":[{"embeddable":true,"href":"https:\/\/www.correiobraziliense.com.br\/cbradar\/wp-json\/wp\/v2\/comments?post=41202"}],"version-history":[{"count":4,"href":"https:\/\/www.correiobraziliense.com.br\/cbradar\/wp-json\/wp\/v2\/posts\/41202\/revisions"}],"predecessor-version":[{"id":41319,"href":"https:\/\/www.correiobraziliense.com.br\/cbradar\/wp-json\/wp\/v2\/posts\/41202\/revisions\/41319"}],"wp:featuredmedia":[{"embeddable":true,"href":"https:\/\/www.correiobraziliense.com.br\/cbradar\/wp-json\/wp\/v2\/media\/41320"}],"wp:attachment":[{"href":"https:\/\/www.correiobraziliense.com.br\/cbradar\/wp-json\/wp\/v2\/media?parent=41202"}],"wp:term":[{"taxonomy":"category","embeddable":true,"href":"https:\/\/www.correiobraziliense.com.br\/cbradar\/wp-json\/wp\/v2\/categories?post=41202"},{"taxonomy":"post_tag","embeddable":true,"href":"https:\/\/www.correiobraziliense.com.br\/cbradar\/wp-json\/wp\/v2\/post_tag?post=41202"}],"curies":[{"name":"wp","href":"https:\/\/api.w.org\/{rel}","templated":true}]}}