{"id":41530,"date":"2025-05-23T06:30:00","date_gmt":"2025-05-23T09:30:00","guid":{"rendered":"https:\/\/www.correiobraziliense.com.br\/cbradar\/?p=41530"},"modified":"2025-05-22T16:22:41","modified_gmt":"2025-05-22T19:22:41","slug":"e-necessario-lavar-os-ovos-antes-de-refrigera-los","status":"publish","type":"post","link":"https:\/\/www.correiobraziliense.com.br\/cbradar\/e-necessario-lavar-os-ovos-antes-de-refrigera-los\/","title":{"rendered":"\u00c9 necess\u00e1rio lavar os ovos antes de refriger\u00e1-los?"},"content":{"rendered":"\n<p>A quest\u00e3o de se os ovos devem ser lavados antes de serem guardados na geladeira \u00e9 uma d\u00favida comum entre os consumidores. Embora a limpeza dos alimentos seja essencial para prevenir doen\u00e7as, o manuseio dos ovos exige considera\u00e7\u00f5es especiais. Isso se deve \u00e0 presen\u00e7a de uma camada natural em sua superf\u00edcie que desempenha um papel crucial em sua prote\u00e7\u00e3o.<\/p>\n\n\n\n<p>Essa camada, conhecida como cut\u00edcula, atua como uma barreira que impede a entrada de bact\u00e9rias no interior do ovo. A lavagem dos ovos, especialmente com \u00e1gua fria ou sob press\u00e3o, pode remover essa prote\u00e7\u00e3o natural, aumentando o risco de contamina\u00e7\u00e3o por bact\u00e9rias como a Salmonella.<\/p>\n\n\n\n<h2 class=\"wp-block-heading\">Por que os ovos n\u00e3o s\u00e3o lavados antes de serem vendidos?<\/h2>\n\n\n\n<p>Em muitos pa\u00edses, como a Argentina e grande parte da Europa, os ovos n\u00e3o s\u00e3o lavados antes de serem comercializados para preservar a cut\u00edcula protetora. Essa pr\u00e1tica \u00e9 apoiada por entidades como o Servi\u00e7o de Inspe\u00e7\u00e3o e Seguran\u00e7a Alimentar dos Estados Unidos (FSIS) e especialistas em bromatologia, que enfatizam a import\u00e2ncia de manter essa barreira natural intacta.<\/p>\n\n\n\n<p>A Organiza\u00e7\u00e3o Mundial da Sa\u00fade (OMS) tamb\u00e9m desaconselha a lavagem dos ovos antes de armazen\u00e1-los. Eles recomendam que, se for necess\u00e1rio lav\u00e1-los, isso seja feito imediatamente antes de seu uso. Lavar os ovos e guard\u00e1-los molhados novamente pode propiciar o desenvolvimento de fungos ou bact\u00e9rias, se n\u00e3o forem secos adequadamente.<\/p>\n\n\n\n<figure class=\"wp-block-image size-large\"><img decoding=\"async\" width=\"1024\" height=\"576\" src=\"https:\/\/www.correiobraziliense.com.br\/cbradar\/wp-content\/uploads\/2025\/05\/ovo_1747941739225-1024x576.jpg\" alt=\"\u00c9 necess\u00e1rio lavar os ovos antes de refriger\u00e1-los?\" class=\"wp-image-41533\" srcset=\"https:\/\/www.correiobraziliense.com.br\/cbradar\/wp-content\/uploads\/2025\/05\/ovo_1747941739225-1024x576.jpg 1024w, https:\/\/www.correiobraziliense.com.br\/cbradar\/wp-content\/uploads\/2025\/05\/ovo_1747941739225-300x169.jpg 300w, https:\/\/www.correiobraziliense.com.br\/cbradar\/wp-content\/uploads\/2025\/05\/ovo_1747941739225-768x432.jpg 768w, https:\/\/www.correiobraziliense.com.br\/cbradar\/wp-content\/uploads\/2025\/05\/ovo_1747941739225-750x422.jpg 750w, https:\/\/www.correiobraziliense.com.br\/cbradar\/wp-content\/uploads\/2025\/05\/ovo_1747941739225-1140x641.jpg 1140w, https:\/\/www.correiobraziliense.com.br\/cbradar\/wp-content\/uploads\/2025\/05\/ovo_1747941739225.jpg 1280w\" sizes=\"(max-width: 1024px) 100vw, 1024px\" \/><figcaption class=\"wp-element-caption\">Ovo. Cr\u00e9ditos: depositphotos.com \/ Y-Boychenko<\/figcaption><\/figure>\n\n\n\n<h2 class=\"wp-block-heading\">Quando e como os ovos devem ser lavados?<\/h2>\n\n\n\n<p>Existem situa\u00e7\u00f5es em que lavar os ovos \u00e9 recomendado, mas deve ser feito com precau\u00e7\u00e3o. Especialistas em higiene alimentar sugerem que os ovos sejam lavados apenas pouco antes de serem cozidos, especialmente se apresentarem sujeira vis\u00edvel ou restos do ninho. Para isso, deve-se utilizar \u00e1gua morna e esfregar suavemente a casca sem quebr\u00e1-la, garantindo que sejam secos imediatamente com papel descart\u00e1vel.<\/p>\n\n\n\n<p>Em contextos onde os controles de comercializa\u00e7\u00e3o s\u00e3o menos rigorosos, como em feiras ou fazendas, o risco de contamina\u00e7\u00e3o \u00e9 maior. Nesses casos, uma limpeza r\u00e1pida antes de cozinhar pode ser \u00fatil, mas nunca antes de refrigerar. \u00c9 importante lembrar que os ovos n\u00e3o devem ser imersos em \u00e1gua por muito tempo nem guardados \u00famidos.<\/p>\n\n\n\n<h2 class=\"wp-block-heading\">Quais pr\u00e1ticas devem ser evitadas ao manusear ovos?<\/h2>\n\n\n\n<p>Para garantir a seguran\u00e7a alimentar, \u00e9 crucial evitar certas pr\u00e1ticas ao manusear ovos. N\u00e3o se deve lavar os ovos antes de armazen\u00e1-los na geladeira, pois isso pode comprometer sua prote\u00e7\u00e3o natural. Al\u00e9m disso, \u00e9 fundamental n\u00e3o mergulhar os ovos na \u00e1gua por per\u00edodos prolongados nem guard\u00e1-los \u00famidos, pois essas condi\u00e7\u00f5es podem favorecer a prolifera\u00e7\u00e3o de bact\u00e9rias.<\/p>\n\n\n\n<p>Seguindo essas recomenda\u00e7\u00f5es, \u00e9 poss\u00edvel minimizar o risco de contamina\u00e7\u00e3o e garantir que os ovos permane\u00e7am seguros para o consumo. O manuseio adequado dos ovos \u00e9 uma parte essencial da seguran\u00e7a alimentar em casa.<\/p>\n","protected":false},"excerpt":{"rendered":"<p>Guia de manuseio seguro de ovos: os ovos devem ser lavados antes de serem refrigerados? Descubra a import\u00e2ncia da cut\u00edcula.<\/p>\n","protected":false},"author":3,"featured_media":41532,"comment_status":"open","ping_status":"open","sticky":false,"template":"","format":"standard","meta":{"_yoast_wpseo_focuskw":"lavar ovos","_yoast_wpseo_title":"%%title%%","_yoast_wpseo_metadesc":"Guia de manuseio seguro de ovos: os ovos devem ser lavados antes de serem refrigerados? Descubra a import\u00e2ncia da cut\u00edcula.","jnews-multi-image_gallery":[],"jnews_single_post":{"format":"standard"},"jnews_primary_category":[],"jnews_social_meta":[],"jnews_override_counter":[],"footnotes":""},"categories":[112],"tags":[281,1423,409],"class_list":["post-41530","post","type-post","status-publish","format-standard","has-post-thumbnail","hentry","category-curiosidades","tag-alimentacao","tag-alimentos","tag-ovo"],"yoast_head":"<!-- This site is optimized with the Yoast SEO plugin v24.6 - https:\/\/yoast.com\/wordpress\/plugins\/seo\/ -->\n<title>\u00c9 necess\u00e1rio lavar os ovos antes de refriger\u00e1-los?<\/title>\n<meta name=\"description\" content=\"Guia de manuseio seguro de ovos: os ovos devem ser lavados antes de serem refrigerados? Descubra a import\u00e2ncia da cut\u00edcula.\" \/>\n<meta name=\"robots\" content=\"index, follow, max-snippet:-1, max-image-preview:large, max-video-preview:-1\" \/>\n<link rel=\"canonical\" href=\"https:\/\/www.correiobraziliense.com.br\/cbradar\/e-necessario-lavar-os-ovos-antes-de-refrigera-los\/\" \/>\n<meta property=\"og:locale\" content=\"pt_BR\" \/>\n<meta property=\"og:type\" content=\"article\" \/>\n<meta property=\"og:title\" content=\"\u00c9 necess\u00e1rio lavar os ovos antes de refriger\u00e1-los?\" \/>\n<meta property=\"og:description\" content=\"Guia de manuseio seguro de ovos: os ovos devem ser lavados antes de serem refrigerados? Descubra a import\u00e2ncia da cut\u00edcula.\" \/>\n<meta property=\"og:url\" content=\"https:\/\/www.correiobraziliense.com.br\/cbradar\/e-necessario-lavar-os-ovos-antes-de-refrigera-los\/\" \/>\n<meta property=\"og:site_name\" content=\"Correio Braziliense - Radar\" \/>\n<meta property=\"article:published_time\" content=\"2025-05-23T09:30:00+00:00\" \/>\n<meta property=\"og:image\" content=\"https:\/\/www.correiobraziliense.com.br\/cbradar\/wp-content\/uploads\/2025\/05\/ovo_1747941698752.jpg\" \/>\n\t<meta property=\"og:image:width\" content=\"1280\" \/>\n\t<meta property=\"og:image:height\" content=\"720\" \/>\n\t<meta property=\"og:image:type\" content=\"image\/jpeg\" \/>\n<meta name=\"author\" content=\"Larissa Carvalho\" \/>\n<meta name=\"twitter:card\" content=\"summary_large_image\" \/>\n<meta name=\"twitter:label1\" content=\"Escrito por\" \/>\n\t<meta name=\"twitter:data1\" content=\"Larissa Carvalho\" \/>\n\t<meta name=\"twitter:label2\" content=\"Est. tempo de leitura\" \/>\n\t<meta name=\"twitter:data2\" content=\"3 minutos\" \/>\n<!-- \/ Yoast SEO plugin. -->","yoast_head_json":{"title":"\u00c9 necess\u00e1rio lavar os ovos antes de refriger\u00e1-los?","description":"Guia de manuseio seguro de ovos: os ovos devem ser lavados antes de serem refrigerados? Descubra a import\u00e2ncia da cut\u00edcula.","robots":{"index":"index","follow":"follow","max-snippet":"max-snippet:-1","max-image-preview":"max-image-preview:large","max-video-preview":"max-video-preview:-1"},"canonical":"https:\/\/www.correiobraziliense.com.br\/cbradar\/e-necessario-lavar-os-ovos-antes-de-refrigera-los\/","og_locale":"pt_BR","og_type":"article","og_title":"\u00c9 necess\u00e1rio lavar os ovos antes de refriger\u00e1-los?","og_description":"Guia de manuseio seguro de ovos: os ovos devem ser lavados antes de serem refrigerados? Descubra a import\u00e2ncia da cut\u00edcula.","og_url":"https:\/\/www.correiobraziliense.com.br\/cbradar\/e-necessario-lavar-os-ovos-antes-de-refrigera-los\/","og_site_name":"Correio Braziliense - Radar","article_published_time":"2025-05-23T09:30:00+00:00","og_image":[{"width":1280,"height":720,"url":"https:\/\/www.correiobraziliense.com.br\/cbradar\/wp-content\/uploads\/2025\/05\/ovo_1747941698752.jpg","type":"image\/jpeg"}],"author":"Larissa Carvalho","twitter_card":"summary_large_image","twitter_misc":{"Escrito por":"Larissa Carvalho","Est. tempo de leitura":"3 minutos"},"schema":{"@context":"https:\/\/schema.org","@graph":[{"@type":"WebPage","@id":"https:\/\/www.correiobraziliense.com.br\/cbradar\/e-necessario-lavar-os-ovos-antes-de-refrigera-los\/","url":"https:\/\/www.correiobraziliense.com.br\/cbradar\/e-necessario-lavar-os-ovos-antes-de-refrigera-los\/","name":"\u00c9 necess\u00e1rio lavar os ovos antes de refriger\u00e1-los?","isPartOf":{"@id":"https:\/\/www.correiobraziliense.com.br\/cbradar\/#website"},"primaryImageOfPage":{"@id":"https:\/\/www.correiobraziliense.com.br\/cbradar\/e-necessario-lavar-os-ovos-antes-de-refrigera-los\/#primaryimage"},"image":{"@id":"https:\/\/www.correiobraziliense.com.br\/cbradar\/e-necessario-lavar-os-ovos-antes-de-refrigera-los\/#primaryimage"},"thumbnailUrl":"https:\/\/www.correiobraziliense.com.br\/cbradar\/wp-content\/uploads\/2025\/05\/ovo_1747941698752.jpg","datePublished":"2025-05-23T09:30:00+00:00","author":{"@id":"https:\/\/www.correiobraziliense.com.br\/cbradar\/#\/schema\/person\/58422787644df994b53a19d3e56c1513"},"description":"Guia de manuseio seguro de ovos: os ovos devem ser lavados antes de serem refrigerados? Descubra a import\u00e2ncia da cut\u00edcula.","breadcrumb":{"@id":"https:\/\/www.correiobraziliense.com.br\/cbradar\/e-necessario-lavar-os-ovos-antes-de-refrigera-los\/#breadcrumb"},"inLanguage":"pt-BR","potentialAction":[{"@type":"ReadAction","target":["https:\/\/www.correiobraziliense.com.br\/cbradar\/e-necessario-lavar-os-ovos-antes-de-refrigera-los\/"]}]},{"@type":"ImageObject","inLanguage":"pt-BR","@id":"https:\/\/www.correiobraziliense.com.br\/cbradar\/e-necessario-lavar-os-ovos-antes-de-refrigera-los\/#primaryimage","url":"https:\/\/www.correiobraziliense.com.br\/cbradar\/wp-content\/uploads\/2025\/05\/ovo_1747941698752.jpg","contentUrl":"https:\/\/www.correiobraziliense.com.br\/cbradar\/wp-content\/uploads\/2025\/05\/ovo_1747941698752.jpg","width":1280,"height":720,"caption":"Ovo. Cr\u00e9ditos: depositphotos.com \/ AndrewTovstyzhenko"},{"@type":"BreadcrumbList","@id":"https:\/\/www.correiobraziliense.com.br\/cbradar\/e-necessario-lavar-os-ovos-antes-de-refrigera-los\/#breadcrumb","itemListElement":[{"@type":"ListItem","position":1,"name":"In\u00edcio","item":"https:\/\/www.correiobraziliense.com.br\/cbradar\/"},{"@type":"ListItem","position":2,"name":"\u00c9 necess\u00e1rio lavar os ovos antes de refriger\u00e1-los?"}]},{"@type":"WebSite","@id":"https:\/\/www.correiobraziliense.com.br\/cbradar\/#website","url":"https:\/\/www.correiobraziliense.com.br\/cbradar\/","name":"Correio Braziliense - Radar","description":"Acompanhe as \u00faltimas not\u00edcias e fique bem informado sobre tudo o que acontece no Brasil e no mundo.","potentialAction":[{"@type":"SearchAction","target":{"@type":"EntryPoint","urlTemplate":"https:\/\/www.correiobraziliense.com.br\/cbradar\/?s={search_term_string}"},"query-input":{"@type":"PropertyValueSpecification","valueRequired":true,"valueName":"search_term_string"}}],"inLanguage":"pt-BR"},{"@type":"Person","@id":"https:\/\/www.correiobraziliense.com.br\/cbradar\/#\/schema\/person\/58422787644df994b53a19d3e56c1513","name":"Larissa Carvalho","image":{"@type":"ImageObject","inLanguage":"pt-BR","@id":"https:\/\/www.correiobraziliense.com.br\/cbradar\/#\/schema\/person\/image\/","url":"https:\/\/secure.gravatar.com\/avatar\/fe4f91a0de32b52a838d0d612abdc1aa?s=96&d=mm&r=g","contentUrl":"https:\/\/secure.gravatar.com\/avatar\/fe4f91a0de32b52a838d0d612abdc1aa?s=96&d=mm&r=g","caption":"Larissa Carvalho"},"url":"https:\/\/www.correiobraziliense.com.br\/cbradar\/author\/larissamyth\/"}]}},"_links":{"self":[{"href":"https:\/\/www.correiobraziliense.com.br\/cbradar\/wp-json\/wp\/v2\/posts\/41530","targetHints":{"allow":["GET"]}}],"collection":[{"href":"https:\/\/www.correiobraziliense.com.br\/cbradar\/wp-json\/wp\/v2\/posts"}],"about":[{"href":"https:\/\/www.correiobraziliense.com.br\/cbradar\/wp-json\/wp\/v2\/types\/post"}],"author":[{"embeddable":true,"href":"https:\/\/www.correiobraziliense.com.br\/cbradar\/wp-json\/wp\/v2\/users\/3"}],"replies":[{"embeddable":true,"href":"https:\/\/www.correiobraziliense.com.br\/cbradar\/wp-json\/wp\/v2\/comments?post=41530"}],"version-history":[{"count":2,"href":"https:\/\/www.correiobraziliense.com.br\/cbradar\/wp-json\/wp\/v2\/posts\/41530\/revisions"}],"predecessor-version":[{"id":41534,"href":"https:\/\/www.correiobraziliense.com.br\/cbradar\/wp-json\/wp\/v2\/posts\/41530\/revisions\/41534"}],"wp:featuredmedia":[{"embeddable":true,"href":"https:\/\/www.correiobraziliense.com.br\/cbradar\/wp-json\/wp\/v2\/media\/41532"}],"wp:attachment":[{"href":"https:\/\/www.correiobraziliense.com.br\/cbradar\/wp-json\/wp\/v2\/media?parent=41530"}],"wp:term":[{"taxonomy":"category","embeddable":true,"href":"https:\/\/www.correiobraziliense.com.br\/cbradar\/wp-json\/wp\/v2\/categories?post=41530"},{"taxonomy":"post_tag","embeddable":true,"href":"https:\/\/www.correiobraziliense.com.br\/cbradar\/wp-json\/wp\/v2\/tags?post=41530"}],"curies":[{"name":"wp","href":"https:\/\/api.w.org\/{rel}","templated":true}]}}