{"id":41558,"date":"2025-05-23T13:30:00","date_gmt":"2025-05-23T16:30:00","guid":{"rendered":"https:\/\/www.correiobraziliense.com.br\/cbradar\/?p=41558"},"modified":"2025-05-22T18:05:54","modified_gmt":"2025-05-22T21:05:54","slug":"esse-filme-vai-mexer-com-todas-as-suas-emocoes","status":"publish","type":"post","link":"https:\/\/www.correiobraziliense.com.br\/cbradar\/esse-filme-vai-mexer-com-todas-as-suas-emocoes\/","title":{"rendered":"Esse filme vai mexer com todas as suas emo\u00e7\u00f5es"},"content":{"rendered":"\n<p><strong>\u00c9 assim que acaba<\/strong> (<em>It Ends With Us<\/em>) \u00e9 um filme baseado no best-seller da escritora <strong>Colleen Hoover<\/strong>, previsto para lan\u00e7amento em 2024. A hist\u00f3ria acompanha <strong>Lily Bloom<\/strong>, uma jovem determinada que abre uma floricultura em Boston e vive um romance intenso com o neurocirurgi\u00e3o <strong>Ryle Kincaid<\/strong>.<\/p>\n\n\n\n<p>Mas o que parecia ser um conto de fadas logo se transforma em uma realidade dif\u00edcil, quando Lily percebe que est\u00e1 revivendo padr\u00f5es de abuso que jurou jamais aceitar. Ao reencontrar <strong>Atlas Corrigan<\/strong>, um amor do passado, ela precisa tomar decis\u00f5es dolorosas para proteger a si mesma.<\/p>\n\n\n\n<h2 class=\"wp-block-heading\">Quem s\u00e3o os personagens principais?<\/h2>\n\n\n\n<ul class=\"wp-block-list\">\n<li><strong>Lily Bloom<\/strong> (Blake Lively): protagonista forte e sens\u00edvel, marcada por um passado dif\u00edcil.<\/li>\n\n\n\n<li><strong>Ryle Kincaid<\/strong> (Justin Baldoni): m\u00e9dico brilhante, mas emocionalmente inst\u00e1vel.<\/li>\n\n\n\n<li><strong>Atlas Corrigan<\/strong> (Brandon Sklenar): primeiro amor de Lily, s\u00edmbolo de seguran\u00e7a e apoio.<\/li>\n\n\n\n<li><strong>Alyssa<\/strong>, <strong>Marshall<\/strong>, <strong>Jenny Bloom<\/strong>: personagens que contribuem para o desenvolvimento da trama e dos dilemas morais de Lily.<\/li>\n<\/ul>\n\n\n\n<figure class=\"wp-block-image size-large\"><img decoding=\"async\" width=\"1024\" height=\"576\" src=\"https:\/\/www.correiobraziliense.com.br\/cbradar\/wp-content\/uploads\/2025\/05\/E-assim-que-acaba-1024x576.png\" alt=\"Esse filme vai mexer com todas as suas emo\u00e7\u00f5es\" class=\"wp-image-41576\" srcset=\"https:\/\/www.correiobraziliense.com.br\/cbradar\/wp-content\/uploads\/2025\/05\/E-assim-que-acaba-1024x576.png 1024w, https:\/\/www.correiobraziliense.com.br\/cbradar\/wp-content\/uploads\/2025\/05\/E-assim-que-acaba-300x169.png 300w, https:\/\/www.correiobraziliense.com.br\/cbradar\/wp-content\/uploads\/2025\/05\/E-assim-que-acaba-768x432.png 768w, https:\/\/www.correiobraziliense.com.br\/cbradar\/wp-content\/uploads\/2025\/05\/E-assim-que-acaba-750x422.png 750w, https:\/\/www.correiobraziliense.com.br\/cbradar\/wp-content\/uploads\/2025\/05\/E-assim-que-acaba-1140x641.png 1140w, https:\/\/www.correiobraziliense.com.br\/cbradar\/wp-content\/uploads\/2025\/05\/E-assim-que-acaba.png 1280w\" sizes=\"(max-width: 1024px) 100vw, 1024px\" \/><figcaption class=\"wp-element-caption\">\u00c9 assim que acaba. Fonte: divulga\u00e7\u00e3o \/ Sony Pictures<\/figcaption><\/figure>\n\n\n\n<h2 class=\"wp-block-heading\">Como o filme trata temas sens\u00edveis com empatia?<\/h2>\n\n\n\n<p><em>\u00c9 assim que acaba<\/em> aborda viol\u00eancia dom\u00e9stica, traumas de inf\u00e2ncia e escolhas dif\u00edceis com uma sensibilidade rara. A narrativa evita estere\u00f3tipos, mostrando a complexidade das rela\u00e7\u00f5es abusivas e os sentimentos conflitantes que envolvem amor, culpa e medo.<\/p>\n\n\n\n<p>O filme busca representar com empatia a realidade de muitas mulheres, destacando a import\u00e2ncia de romper ciclos e buscar apoio. \u00c9 um retrato emocionalmente potente da for\u00e7a feminina.<\/p>\n\n\n\n<h2 class=\"wp-block-heading\">Vale a pena assistir \u00c9 assim que acaba?<\/h2>\n\n\n\n<p>Sim. <em>\u00c9 assim que acaba<\/em> promete ser uma das adapta\u00e7\u00f5es mais emocionantes e impactantes do ano. Com uma base fiel de leitores e um tema urgente, o filme se apresenta como uma obra necess\u00e1ria, que vai al\u00e9m do romance para tocar em quest\u00f5es sociais profundas.<\/p>\n\n\n\n<p>Ideal para quem busca uma hist\u00f3ria de amor com significado, coragem e transforma\u00e7\u00e3o.<\/p>\n\n\n\n<h2 class=\"wp-block-heading\">Curiosidades sobre \u00c9 assim que acaba<\/h2>\n\n\n\n<ul class=\"wp-block-list\">\n<li>O livro ficou por mais de 100 semanas na lista dos mais vendidos do <em>The New York Times<\/em>.<\/li>\n\n\n\n<li>O pr\u00f3prio <strong>Justin Baldoni<\/strong>, que interpreta Ryle, tamb\u00e9m dirige o filme.<\/li>\n\n\n\n<li>A autora <strong>Colleen Hoover<\/strong> colaborou de perto com a produ\u00e7\u00e3o.<\/li>\n\n\n\n<li>O filme antecede uma sequ\u00eancia, baseada em <em>\u00c9 assim que come\u00e7a<\/em> (<em>It Starts With Us<\/em>).<\/li>\n<\/ul>\n\n\n\n<iframe loading=\"lazy\" width=\"560\" height=\"315\" src=\"https:\/\/www.youtube.com\/embed\/wGly-VG1Sn0?si=owqYz5gD-gYcnuYz\" title=\"YouTube video player\" frameborder=\"0\" allow=\"accelerometer; autoplay; clipboard-write; encrypted-media; gyroscope; picture-in-picture; web-share\" referrerpolicy=\"strict-origin-when-cross-origin\" allowfullscreen><\/iframe>\n\n\n\n<h2 class=\"wp-block-heading\">FAQ &#8211; Perguntas frequentes<\/h2>\n\n\n\n<ul class=\"wp-block-list\">\n<li><strong>Onde assistir \u00c9 assim que acaba?<\/strong>\n<ul class=\"wp-block-list\">\n<li>O filme ser\u00e1 lan\u00e7ado nos cinemas e, posteriormente, em plataformas digitais.<\/li>\n<\/ul>\n<\/li>\n\n\n\n<li><strong>Quem est\u00e1 no elenco principal?<\/strong>\n<ul class=\"wp-block-list\">\n<li><strong>Blake Lively<\/strong>, <strong>Justin Baldoni<\/strong>, <strong>Brandon Sklenar<\/strong>, <strong>Jenny Slate<\/strong>, <strong>Hasan Minhaj<\/strong>.<\/li>\n<\/ul>\n<\/li>\n\n\n\n<li><strong>Qual o ano de lan\u00e7amento do filme?<\/strong>\n<ul class=\"wp-block-list\">\n<li><em>\u00c9 assim que acaba<\/em> estreia em 2024.<\/li>\n<\/ul>\n<\/li>\n\n\n\n<li><strong>Qual a produtora respons\u00e1vel pelo filme?<\/strong>\n<ul class=\"wp-block-list\">\n<li>Produzido pela <strong>Wayfarer Studios<\/strong> em parceria com a <strong>Sony Pictures<\/strong>.<\/li>\n<\/ul>\n<\/li>\n<\/ul>\n","protected":false},"excerpt":{"rendered":"<p>Uma hist\u00f3ria intensa e delicada sobre amor, trauma e supera\u00e7\u00e3o, baseada no best-seller que emocionou milh\u00f5es de leitores.<\/p>\n","protected":false},"author":3,"featured_media":41575,"comment_status":"open","ping_status":"open","sticky":false,"template":"","format":"standard","meta":{"_yoast_wpseo_focuskw":"\u00c9 assim que acaba","_yoast_wpseo_title":"%%title%%","_yoast_wpseo_metadesc":"Uma hist\u00f3ria intensa e delicada sobre amor, trauma e supera\u00e7\u00e3o, baseada no best-seller que emocionou milh\u00f5es de leitores.","jnews-multi-image_gallery":[],"jnews_single_post":{"format":"standard"},"jnews_primary_category":[],"jnews_social_meta":[],"jnews_override_counter":[],"footnotes":""},"categories":[140],"post_tag":[568],"class_list":["post-41558","post","type-post","status-publish","format-standard","has-post-thumbnail","hentry","category-entretenimento","tag-series-e-filmes"],"yoast_head":"<!-- This site is optimized with the Yoast SEO plugin v24.6 - https:\/\/yoast.com\/wordpress\/plugins\/seo\/ -->\n<title>Esse filme vai mexer com todas as suas emo\u00e7\u00f5es<\/title>\n<meta name=\"description\" content=\"Uma hist\u00f3ria intensa e delicada sobre amor, trauma e supera\u00e7\u00e3o, baseada no best-seller que emocionou milh\u00f5es de leitores.\" \/>\n<meta name=\"robots\" content=\"index, follow, max-snippet:-1, max-image-preview:large, max-video-preview:-1\" \/>\n<link rel=\"canonical\" href=\"https:\/\/www.correiobraziliense.com.br\/cbradar\/esse-filme-vai-mexer-com-todas-as-suas-emocoes\/\" \/>\n<meta property=\"og:locale\" content=\"pt_BR\" \/>\n<meta property=\"og:type\" content=\"article\" \/>\n<meta property=\"og:title\" content=\"Esse filme vai mexer com todas as suas emo\u00e7\u00f5es\" \/>\n<meta property=\"og:description\" content=\"Uma hist\u00f3ria intensa e delicada sobre amor, trauma e supera\u00e7\u00e3o, baseada no best-seller que emocionou milh\u00f5es de leitores.\" \/>\n<meta property=\"og:url\" content=\"https:\/\/www.correiobraziliense.com.br\/cbradar\/esse-filme-vai-mexer-com-todas-as-suas-emocoes\/\" \/>\n<meta property=\"og:site_name\" content=\"Correio Braziliense - Radar\" \/>\n<meta property=\"article:published_time\" content=\"2025-05-23T16:30:00+00:00\" \/>\n<meta property=\"og:image\" content=\"https:\/\/www.correiobraziliense.com.br\/cbradar\/wp-content\/uploads\/2025\/05\/E-assim-que-acaba-2.png\" \/>\n\t<meta property=\"og:image:width\" content=\"1280\" \/>\n\t<meta property=\"og:image:height\" content=\"720\" \/>\n\t<meta property=\"og:image:type\" content=\"image\/png\" \/>\n<meta name=\"author\" content=\"Larissa Carvalho\" \/>\n<meta name=\"twitter:card\" content=\"summary_large_image\" \/>\n<meta name=\"twitter:label1\" content=\"Escrito por\" \/>\n\t<meta name=\"twitter:data1\" content=\"Larissa Carvalho\" \/>\n\t<meta name=\"twitter:label2\" content=\"Est. tempo de leitura\" \/>\n\t<meta name=\"twitter:data2\" content=\"3 minutos\" \/>\n<!-- \/ Yoast SEO plugin. -->","yoast_head_json":{"title":"Esse filme vai mexer com todas as suas emo\u00e7\u00f5es","description":"Uma hist\u00f3ria intensa e delicada sobre amor, trauma e supera\u00e7\u00e3o, baseada no best-seller que emocionou milh\u00f5es de leitores.","robots":{"index":"index","follow":"follow","max-snippet":"max-snippet:-1","max-image-preview":"max-image-preview:large","max-video-preview":"max-video-preview:-1"},"canonical":"https:\/\/www.correiobraziliense.com.br\/cbradar\/esse-filme-vai-mexer-com-todas-as-suas-emocoes\/","og_locale":"pt_BR","og_type":"article","og_title":"Esse filme vai mexer com todas as suas emo\u00e7\u00f5es","og_description":"Uma hist\u00f3ria intensa e delicada sobre amor, trauma e supera\u00e7\u00e3o, baseada no best-seller que emocionou milh\u00f5es de leitores.","og_url":"https:\/\/www.correiobraziliense.com.br\/cbradar\/esse-filme-vai-mexer-com-todas-as-suas-emocoes\/","og_site_name":"Correio Braziliense - Radar","article_published_time":"2025-05-23T16:30:00+00:00","og_image":[{"width":1280,"height":720,"url":"https:\/\/www.correiobraziliense.com.br\/cbradar\/wp-content\/uploads\/2025\/05\/E-assim-que-acaba-2.png","type":"image\/png"}],"author":"Larissa Carvalho","twitter_card":"summary_large_image","twitter_misc":{"Escrito por":"Larissa Carvalho","Est. tempo de leitura":"3 minutos"},"schema":{"@context":"https:\/\/schema.org","@graph":[{"@type":"WebPage","@id":"https:\/\/www.correiobraziliense.com.br\/cbradar\/esse-filme-vai-mexer-com-todas-as-suas-emocoes\/","url":"https:\/\/www.correiobraziliense.com.br\/cbradar\/esse-filme-vai-mexer-com-todas-as-suas-emocoes\/","name":"Esse filme vai mexer com todas as suas emo\u00e7\u00f5es","isPartOf":{"@id":"https:\/\/www.correiobraziliense.com.br\/cbradar\/#website"},"primaryImageOfPage":{"@id":"https:\/\/www.correiobraziliense.com.br\/cbradar\/esse-filme-vai-mexer-com-todas-as-suas-emocoes\/#primaryimage"},"image":{"@id":"https:\/\/www.correiobraziliense.com.br\/cbradar\/esse-filme-vai-mexer-com-todas-as-suas-emocoes\/#primaryimage"},"thumbnailUrl":"https:\/\/www.correiobraziliense.com.br\/cbradar\/wp-content\/uploads\/2025\/05\/E-assim-que-acaba-2.png","datePublished":"2025-05-23T16:30:00+00:00","author":{"@id":"https:\/\/www.correiobraziliense.com.br\/cbradar\/#\/schema\/person\/58422787644df994b53a19d3e56c1513"},"description":"Uma hist\u00f3ria intensa e delicada sobre amor, trauma e supera\u00e7\u00e3o, baseada no best-seller que emocionou milh\u00f5es de leitores.","breadcrumb":{"@id":"https:\/\/www.correiobraziliense.com.br\/cbradar\/esse-filme-vai-mexer-com-todas-as-suas-emocoes\/#breadcrumb"},"inLanguage":"pt-BR","potentialAction":[{"@type":"ReadAction","target":["https:\/\/www.correiobraziliense.com.br\/cbradar\/esse-filme-vai-mexer-com-todas-as-suas-emocoes\/"]}]},{"@type":"ImageObject","inLanguage":"pt-BR","@id":"https:\/\/www.correiobraziliense.com.br\/cbradar\/esse-filme-vai-mexer-com-todas-as-suas-emocoes\/#primaryimage","url":"https:\/\/www.correiobraziliense.com.br\/cbradar\/wp-content\/uploads\/2025\/05\/E-assim-que-acaba-2.png","contentUrl":"https:\/\/www.correiobraziliense.com.br\/cbradar\/wp-content\/uploads\/2025\/05\/E-assim-que-acaba-2.png","width":1280,"height":720,"caption":"\u00c9 assim que acaba. Fonte: divulga\u00e7\u00e3o \/ Sony Pictures"},{"@type":"BreadcrumbList","@id":"https:\/\/www.correiobraziliense.com.br\/cbradar\/esse-filme-vai-mexer-com-todas-as-suas-emocoes\/#breadcrumb","itemListElement":[{"@type":"ListItem","position":1,"name":"In\u00edcio","item":"https:\/\/www.correiobraziliense.com.br\/cbradar\/"},{"@type":"ListItem","position":2,"name":"Esse filme vai mexer com todas as suas emo\u00e7\u00f5es"}]},{"@type":"WebSite","@id":"https:\/\/www.correiobraziliense.com.br\/cbradar\/#website","url":"https:\/\/www.correiobraziliense.com.br\/cbradar\/","name":"Correio Braziliense - Radar","description":"Acompanhe as \u00faltimas not\u00edcias e fique bem informado sobre tudo o que acontece no Brasil e no mundo.","potentialAction":[{"@type":"SearchAction","target":{"@type":"EntryPoint","urlTemplate":"https:\/\/www.correiobraziliense.com.br\/cbradar\/?s={search_term_string}"},"query-input":{"@type":"PropertyValueSpecification","valueRequired":true,"valueName":"search_term_string"}}],"inLanguage":"pt-BR"},{"@type":"Person","@id":"https:\/\/www.correiobraziliense.com.br\/cbradar\/#\/schema\/person\/58422787644df994b53a19d3e56c1513","name":"Larissa Carvalho","image":{"@type":"ImageObject","inLanguage":"pt-BR","@id":"https:\/\/www.correiobraziliense.com.br\/cbradar\/#\/schema\/person\/image\/","url":"https:\/\/secure.gravatar.com\/avatar\/fe4f91a0de32b52a838d0d612abdc1aa?s=96&d=mm&r=g","contentUrl":"https:\/\/secure.gravatar.com\/avatar\/fe4f91a0de32b52a838d0d612abdc1aa?s=96&d=mm&r=g","caption":"Larissa Carvalho"},"url":"https:\/\/www.correiobraziliense.com.br\/cbradar\/author\/larissamyth\/"}]}},"_links":{"self":[{"href":"https:\/\/www.correiobraziliense.com.br\/cbradar\/wp-json\/wp\/v2\/posts\/41558","targetHints":{"allow":["GET"]}}],"collection":[{"href":"https:\/\/www.correiobraziliense.com.br\/cbradar\/wp-json\/wp\/v2\/posts"}],"about":[{"href":"https:\/\/www.correiobraziliense.com.br\/cbradar\/wp-json\/wp\/v2\/types\/post"}],"author":[{"embeddable":true,"href":"https:\/\/www.correiobraziliense.com.br\/cbradar\/wp-json\/wp\/v2\/users\/3"}],"replies":[{"embeddable":true,"href":"https:\/\/www.correiobraziliense.com.br\/cbradar\/wp-json\/wp\/v2\/comments?post=41558"}],"version-history":[{"count":1,"href":"https:\/\/www.correiobraziliense.com.br\/cbradar\/wp-json\/wp\/v2\/posts\/41558\/revisions"}],"predecessor-version":[{"id":41577,"href":"https:\/\/www.correiobraziliense.com.br\/cbradar\/wp-json\/wp\/v2\/posts\/41558\/revisions\/41577"}],"wp:featuredmedia":[{"embeddable":true,"href":"https:\/\/www.correiobraziliense.com.br\/cbradar\/wp-json\/wp\/v2\/media\/41575"}],"wp:attachment":[{"href":"https:\/\/www.correiobraziliense.com.br\/cbradar\/wp-json\/wp\/v2\/media?parent=41558"}],"wp:term":[{"taxonomy":"category","embeddable":true,"href":"https:\/\/www.correiobraziliense.com.br\/cbradar\/wp-json\/wp\/v2\/categories?post=41558"},{"taxonomy":"post_tag","embeddable":true,"href":"https:\/\/www.correiobraziliense.com.br\/cbradar\/wp-json\/wp\/v2\/post_tag?post=41558"}],"curies":[{"name":"wp","href":"https:\/\/api.w.org\/{rel}","templated":true}]}}