{"id":41560,"date":"2025-05-23T15:30:00","date_gmt":"2025-05-23T18:30:00","guid":{"rendered":"https:\/\/www.correiobraziliense.com.br\/cbradar\/?p=41560"},"modified":"2025-05-22T18:05:48","modified_gmt":"2025-05-22T21:05:48","slug":"esse-filme-vai-te-prender-com-medo-e-fascinio","status":"publish","type":"post","link":"https:\/\/www.correiobraziliense.com.br\/cbradar\/esse-filme-vai-te-prender-com-medo-e-fascinio\/","title":{"rendered":"Esse filme vai te prender com medo e fasc\u00ednio"},"content":{"rendered":"\n<p><strong>Fragmentado<\/strong> (<em>Split<\/em>) \u00e9 um filme de suspense psicol\u00f3gico dirigido por <strong>M. Night Shyamalan<\/strong>, lan\u00e7ado em 2016. A trama gira em torno de <strong>Kevin Wendell Crumb<\/strong>, um homem com transtorno dissociativo de identidade que possui 23 personalidades distintas \u2014 algumas inofensivas, outras extremamente perigosas.<\/p>\n\n\n\n<p>Kevin sequestra tr\u00eas adolescentes e as mant\u00e9m em cativeiro, enquanto uma nova e assustadora personalidade conhecida como \u201cA Fera\u201d come\u00e7a a emergir. Conforme a tens\u00e3o aumenta, a luta por sobreviv\u00eancia se intensifica e a verdade sobre Kevin \u00e9 revelada.<\/p>\n\n\n\n<h2 class=\"wp-block-heading\">Quem s\u00e3o os personagens principais?<\/h2>\n\n\n\n<ul class=\"wp-block-list\">\n<li><strong>Kevin Wendell Crumb<\/strong> (James McAvoy): protagonista com m\u00faltiplas personalidades.<\/li>\n\n\n\n<li><strong>Casey Cooke<\/strong> (Anya Taylor-Joy): jovem introspectiva e resiliente, uma das sequestradas.<\/li>\n\n\n\n<li><strong>Dra. Karen Fletcher<\/strong> (Betty Buckley): terapeuta de Kevin, que tenta entender o limite de sua mente.<\/li>\n\n\n\n<li><strong>Claire<\/strong> e <strong>Marcia<\/strong>: adolescentes sequestradas, com rea\u00e7\u00f5es distintas ao cativeiro.<\/li>\n<\/ul>\n\n\n\n<h2 class=\"wp-block-heading\">Como o filme explora o psicol\u00f3gico e o suspense?<\/h2>\n\n\n\n<p><em>Fragmentado<\/em> se destaca pela atua\u00e7\u00e3o impressionante de James McAvoy, que interpreta diversas personalidades com nuances marcantes. A dire\u00e7\u00e3o de Shyamalan cria uma atmosfera claustrof\u00f3bica e inquietante, com revela\u00e7\u00f5es que prendem o espectador at\u00e9 o final.<\/p>\n\n\n\n<p>O roteiro trata o transtorno mental com elementos de fic\u00e7\u00e3o e horror, levantando quest\u00f5es sobre identidade, trauma e sobreviv\u00eancia.<\/p>\n\n\n\n<figure class=\"wp-block-image size-large\"><img decoding=\"async\" width=\"1024\" height=\"576\" src=\"https:\/\/www.correiobraziliense.com.br\/cbradar\/wp-content\/uploads\/2025\/05\/Fragmentado-2-1024x576.png\" alt=\"Esse filme vai te prender com medo e fasc\u00ednio\" class=\"wp-image-41582\" srcset=\"https:\/\/www.correiobraziliense.com.br\/cbradar\/wp-content\/uploads\/2025\/05\/Fragmentado-2-1024x576.png 1024w, https:\/\/www.correiobraziliense.com.br\/cbradar\/wp-content\/uploads\/2025\/05\/Fragmentado-2-300x169.png 300w, https:\/\/www.correiobraziliense.com.br\/cbradar\/wp-content\/uploads\/2025\/05\/Fragmentado-2-768x432.png 768w, https:\/\/www.correiobraziliense.com.br\/cbradar\/wp-content\/uploads\/2025\/05\/Fragmentado-2-750x422.png 750w, https:\/\/www.correiobraziliense.com.br\/cbradar\/wp-content\/uploads\/2025\/05\/Fragmentado-2-1140x641.png 1140w, https:\/\/www.correiobraziliense.com.br\/cbradar\/wp-content\/uploads\/2025\/05\/Fragmentado-2.png 1280w\" sizes=\"(max-width: 1024px) 100vw, 1024px\" \/><figcaption class=\"wp-element-caption\">Fragmentado. Fonte: divulga\u00e7\u00e3o \/ Universal Pictures<\/figcaption><\/figure>\n\n\n\n<h2 class=\"wp-block-heading\">Vale a pena assistir Fragmentado?<\/h2>\n\n\n\n<p>Sim. <em>Fragmentado<\/em> \u00e9 um thriller intenso, com camadas psicol\u00f3gicas e um final surpreendente que conecta o filme ao universo de <em>Corpo Fechado<\/em> (2000), estabelecendo a trilogia que se conclui com <em>Vidro<\/em> (2019).<\/p>\n\n\n\n<p>Ideal para quem gosta de suspense inteligente, personagens complexos e reviravoltas marcantes.<\/p>\n\n\n\n<h2 class=\"wp-block-heading\">Curiosidades sobre Fragmentado<\/h2>\n\n\n\n<ul class=\"wp-block-list\">\n<li>James McAvoy interpreta nove personalidades em cena, embora o personagem tenha 24.<\/li>\n\n\n\n<li>O filme \u00e9 ambientado no mesmo universo de <em>Corpo Fechado<\/em>, revelado no final.<\/li>\n\n\n\n<li>Shyamalan fez sua tradicional participa\u00e7\u00e3o como figurante.<\/li>\n\n\n\n<li>A produ\u00e7\u00e3o foi de baixo or\u00e7amento, mas arrecadou mais de 270 milh\u00f5es de d\u00f3lares mundialmente.<\/li>\n<\/ul>\n\n\n\n<iframe loading=\"lazy\" width=\"560\" height=\"315\" src=\"https:\/\/www.youtube.com\/embed\/vslbpge5r7M?si=BnrNZdcpIn654kCY\" title=\"YouTube video player\" frameborder=\"0\" allow=\"accelerometer; autoplay; clipboard-write; encrypted-media; gyroscope; picture-in-picture; web-share\" referrerpolicy=\"strict-origin-when-cross-origin\" allowfullscreen><\/iframe>\n\n\n\n<h2 class=\"wp-block-heading\">FAQ &#8211; Perguntas frequentes<\/h2>\n\n\n\n<ul class=\"wp-block-list\">\n<li><strong>Onde assistir Fragmentado?<\/strong>\n<ul class=\"wp-block-list\">\n<li>Dispon\u00edvel na <strong>Amazon Prime Video<\/strong>, <strong>GloboPlay<\/strong>, <strong>Apple TV<\/strong> e outras plataformas digitais.<\/li>\n<\/ul>\n<\/li>\n\n\n\n<li><strong>Quem est\u00e1 no elenco principal?<\/strong>\n<ul class=\"wp-block-list\">\n<li><strong>James McAvoy<\/strong>, <strong>Anya Taylor-Joy<\/strong>, <strong>Betty Buckley<\/strong>, <strong>Haley Lu Richardson<\/strong>, <strong>Jessica Sula<\/strong>.<\/li>\n<\/ul>\n<\/li>\n\n\n\n<li><strong>Qual o ano de lan\u00e7amento do filme?<\/strong>\n<ul class=\"wp-block-list\">\n<li><em>Fragmentado<\/em> foi lan\u00e7ado em 2016.<\/li>\n<\/ul>\n<\/li>\n\n\n\n<li><strong>Qual a produtora respons\u00e1vel pelo filme?<\/strong>\n<ul class=\"wp-block-list\">\n<li>Produzido pela <strong>Blinding Edge Pictures<\/strong> e <strong>Blumhouse Productions<\/strong>, distribu\u00eddo pela <strong>Universal Pictures<\/strong>.<\/li>\n<\/ul>\n<\/li>\n<\/ul>\n","protected":false},"excerpt":{"rendered":"<p>Um suspense psicol\u00f3gico intenso sobre m\u00faltiplas personalidades, sequestro e a luta entre raz\u00e3o e instinto.<\/p>\n","protected":false},"author":3,"featured_media":41581,"comment_status":"open","ping_status":"open","sticky":false,"template":"","format":"standard","meta":{"_yoast_wpseo_focuskw":"Fragmentado","_yoast_wpseo_title":"%%title%%","_yoast_wpseo_metadesc":"Um suspense psicol\u00f3gico intenso sobre m\u00faltiplas personalidades, sequestro e a luta entre raz\u00e3o e instinto.","jnews-multi-image_gallery":[],"jnews_single_post":{"format":"standard"},"jnews_primary_category":[],"jnews_social_meta":[],"jnews_override_counter":[],"footnotes":""},"categories":[140],"tags":[568],"class_list":["post-41560","post","type-post","status-publish","format-standard","has-post-thumbnail","hentry","category-entretenimento","tag-series-e-filmes"],"yoast_head":"<!-- This site is optimized with the Yoast SEO plugin v24.6 - https:\/\/yoast.com\/wordpress\/plugins\/seo\/ -->\n<title>Esse filme vai te prender com medo e fasc\u00ednio<\/title>\n<meta name=\"description\" content=\"Um suspense psicol\u00f3gico intenso sobre m\u00faltiplas personalidades, sequestro e a luta entre raz\u00e3o e instinto.\" \/>\n<meta name=\"robots\" content=\"index, follow, max-snippet:-1, max-image-preview:large, max-video-preview:-1\" \/>\n<link rel=\"canonical\" href=\"https:\/\/www.correiobraziliense.com.br\/cbradar\/esse-filme-vai-te-prender-com-medo-e-fascinio\/\" \/>\n<meta property=\"og:locale\" content=\"pt_BR\" \/>\n<meta property=\"og:type\" content=\"article\" \/>\n<meta property=\"og:title\" content=\"Esse filme vai te prender com medo e fasc\u00ednio\" \/>\n<meta property=\"og:description\" content=\"Um suspense psicol\u00f3gico intenso sobre m\u00faltiplas personalidades, sequestro e a luta entre raz\u00e3o e instinto.\" \/>\n<meta property=\"og:url\" content=\"https:\/\/www.correiobraziliense.com.br\/cbradar\/esse-filme-vai-te-prender-com-medo-e-fascinio\/\" \/>\n<meta property=\"og:site_name\" content=\"Correio Braziliense - Radar\" \/>\n<meta property=\"article:published_time\" content=\"2025-05-23T18:30:00+00:00\" \/>\n<meta property=\"og:image\" content=\"https:\/\/www.correiobraziliense.com.br\/cbradar\/wp-content\/uploads\/2025\/05\/Fragmentado.png\" \/>\n\t<meta property=\"og:image:width\" content=\"1280\" \/>\n\t<meta property=\"og:image:height\" content=\"720\" \/>\n\t<meta property=\"og:image:type\" content=\"image\/png\" \/>\n<meta name=\"author\" content=\"Larissa Carvalho\" \/>\n<meta name=\"twitter:card\" content=\"summary_large_image\" \/>\n<meta name=\"twitter:label1\" content=\"Escrito por\" \/>\n\t<meta name=\"twitter:data1\" content=\"Larissa Carvalho\" \/>\n\t<meta name=\"twitter:label2\" content=\"Est. tempo de leitura\" \/>\n\t<meta name=\"twitter:data2\" content=\"3 minutos\" \/>\n<!-- \/ Yoast SEO plugin. -->","yoast_head_json":{"title":"Esse filme vai te prender com medo e fasc\u00ednio","description":"Um suspense psicol\u00f3gico intenso sobre m\u00faltiplas personalidades, sequestro e a luta entre raz\u00e3o e instinto.","robots":{"index":"index","follow":"follow","max-snippet":"max-snippet:-1","max-image-preview":"max-image-preview:large","max-video-preview":"max-video-preview:-1"},"canonical":"https:\/\/www.correiobraziliense.com.br\/cbradar\/esse-filme-vai-te-prender-com-medo-e-fascinio\/","og_locale":"pt_BR","og_type":"article","og_title":"Esse filme vai te prender com medo e fasc\u00ednio","og_description":"Um suspense psicol\u00f3gico intenso sobre m\u00faltiplas personalidades, sequestro e a luta entre raz\u00e3o e instinto.","og_url":"https:\/\/www.correiobraziliense.com.br\/cbradar\/esse-filme-vai-te-prender-com-medo-e-fascinio\/","og_site_name":"Correio Braziliense - Radar","article_published_time":"2025-05-23T18:30:00+00:00","og_image":[{"width":1280,"height":720,"url":"https:\/\/www.correiobraziliense.com.br\/cbradar\/wp-content\/uploads\/2025\/05\/Fragmentado.png","type":"image\/png"}],"author":"Larissa Carvalho","twitter_card":"summary_large_image","twitter_misc":{"Escrito por":"Larissa Carvalho","Est. tempo de leitura":"3 minutos"},"schema":{"@context":"https:\/\/schema.org","@graph":[{"@type":"WebPage","@id":"https:\/\/www.correiobraziliense.com.br\/cbradar\/esse-filme-vai-te-prender-com-medo-e-fascinio\/","url":"https:\/\/www.correiobraziliense.com.br\/cbradar\/esse-filme-vai-te-prender-com-medo-e-fascinio\/","name":"Esse filme vai te prender com medo e fasc\u00ednio","isPartOf":{"@id":"https:\/\/www.correiobraziliense.com.br\/cbradar\/#website"},"primaryImageOfPage":{"@id":"https:\/\/www.correiobraziliense.com.br\/cbradar\/esse-filme-vai-te-prender-com-medo-e-fascinio\/#primaryimage"},"image":{"@id":"https:\/\/www.correiobraziliense.com.br\/cbradar\/esse-filme-vai-te-prender-com-medo-e-fascinio\/#primaryimage"},"thumbnailUrl":"https:\/\/www.correiobraziliense.com.br\/cbradar\/wp-content\/uploads\/2025\/05\/Fragmentado.png","datePublished":"2025-05-23T18:30:00+00:00","author":{"@id":"https:\/\/www.correiobraziliense.com.br\/cbradar\/#\/schema\/person\/58422787644df994b53a19d3e56c1513"},"description":"Um suspense psicol\u00f3gico intenso sobre m\u00faltiplas personalidades, sequestro e a luta entre raz\u00e3o e instinto.","breadcrumb":{"@id":"https:\/\/www.correiobraziliense.com.br\/cbradar\/esse-filme-vai-te-prender-com-medo-e-fascinio\/#breadcrumb"},"inLanguage":"pt-BR","potentialAction":[{"@type":"ReadAction","target":["https:\/\/www.correiobraziliense.com.br\/cbradar\/esse-filme-vai-te-prender-com-medo-e-fascinio\/"]}]},{"@type":"ImageObject","inLanguage":"pt-BR","@id":"https:\/\/www.correiobraziliense.com.br\/cbradar\/esse-filme-vai-te-prender-com-medo-e-fascinio\/#primaryimage","url":"https:\/\/www.correiobraziliense.com.br\/cbradar\/wp-content\/uploads\/2025\/05\/Fragmentado.png","contentUrl":"https:\/\/www.correiobraziliense.com.br\/cbradar\/wp-content\/uploads\/2025\/05\/Fragmentado.png","width":1280,"height":720,"caption":"Fragmentado. Fonte: divulga\u00e7\u00e3o \/ Universal Pictures"},{"@type":"BreadcrumbList","@id":"https:\/\/www.correiobraziliense.com.br\/cbradar\/esse-filme-vai-te-prender-com-medo-e-fascinio\/#breadcrumb","itemListElement":[{"@type":"ListItem","position":1,"name":"In\u00edcio","item":"https:\/\/www.correiobraziliense.com.br\/cbradar\/"},{"@type":"ListItem","position":2,"name":"Esse filme vai te prender com medo e fasc\u00ednio"}]},{"@type":"WebSite","@id":"https:\/\/www.correiobraziliense.com.br\/cbradar\/#website","url":"https:\/\/www.correiobraziliense.com.br\/cbradar\/","name":"Correio Braziliense - Radar","description":"Acompanhe as \u00faltimas not\u00edcias e fique bem informado sobre tudo o que acontece no Brasil e no mundo.","potentialAction":[{"@type":"SearchAction","target":{"@type":"EntryPoint","urlTemplate":"https:\/\/www.correiobraziliense.com.br\/cbradar\/?s={search_term_string}"},"query-input":{"@type":"PropertyValueSpecification","valueRequired":true,"valueName":"search_term_string"}}],"inLanguage":"pt-BR"},{"@type":"Person","@id":"https:\/\/www.correiobraziliense.com.br\/cbradar\/#\/schema\/person\/58422787644df994b53a19d3e56c1513","name":"Larissa Carvalho","image":{"@type":"ImageObject","inLanguage":"pt-BR","@id":"https:\/\/www.correiobraziliense.com.br\/cbradar\/#\/schema\/person\/image\/","url":"https:\/\/secure.gravatar.com\/avatar\/fe4f91a0de32b52a838d0d612abdc1aa?s=96&d=mm&r=g","contentUrl":"https:\/\/secure.gravatar.com\/avatar\/fe4f91a0de32b52a838d0d612abdc1aa?s=96&d=mm&r=g","caption":"Larissa Carvalho"},"url":"https:\/\/www.correiobraziliense.com.br\/cbradar\/author\/larissamyth\/"}]}},"_links":{"self":[{"href":"https:\/\/www.correiobraziliense.com.br\/cbradar\/wp-json\/wp\/v2\/posts\/41560","targetHints":{"allow":["GET"]}}],"collection":[{"href":"https:\/\/www.correiobraziliense.com.br\/cbradar\/wp-json\/wp\/v2\/posts"}],"about":[{"href":"https:\/\/www.correiobraziliense.com.br\/cbradar\/wp-json\/wp\/v2\/types\/post"}],"author":[{"embeddable":true,"href":"https:\/\/www.correiobraziliense.com.br\/cbradar\/wp-json\/wp\/v2\/users\/3"}],"replies":[{"embeddable":true,"href":"https:\/\/www.correiobraziliense.com.br\/cbradar\/wp-json\/wp\/v2\/comments?post=41560"}],"version-history":[{"count":1,"href":"https:\/\/www.correiobraziliense.com.br\/cbradar\/wp-json\/wp\/v2\/posts\/41560\/revisions"}],"predecessor-version":[{"id":41583,"href":"https:\/\/www.correiobraziliense.com.br\/cbradar\/wp-json\/wp\/v2\/posts\/41560\/revisions\/41583"}],"wp:featuredmedia":[{"embeddable":true,"href":"https:\/\/www.correiobraziliense.com.br\/cbradar\/wp-json\/wp\/v2\/media\/41581"}],"wp:attachment":[{"href":"https:\/\/www.correiobraziliense.com.br\/cbradar\/wp-json\/wp\/v2\/media?parent=41560"}],"wp:term":[{"taxonomy":"category","embeddable":true,"href":"https:\/\/www.correiobraziliense.com.br\/cbradar\/wp-json\/wp\/v2\/categories?post=41560"},{"taxonomy":"post_tag","embeddable":true,"href":"https:\/\/www.correiobraziliense.com.br\/cbradar\/wp-json\/wp\/v2\/tags?post=41560"}],"curies":[{"name":"wp","href":"https:\/\/api.w.org\/{rel}","templated":true}]}}