{"id":41586,"date":"2025-05-23T07:30:00","date_gmt":"2025-05-23T10:30:00","guid":{"rendered":"https:\/\/www.correiobraziliense.com.br\/cbradar\/?p=41586"},"modified":"2025-05-22T18:06:16","modified_gmt":"2025-05-22T21:06:16","slug":"essa-cidade-surpreende-com-cultura-ativa-estrutura-e-identidade-forte","status":"publish","type":"post","link":"https:\/\/www.correiobraziliense.com.br\/cbradar\/essa-cidade-surpreende-com-cultura-ativa-estrutura-e-identidade-forte\/","title":{"rendered":"Essa cidade surpreende com cultura ativa, estrutura e identidade forte"},"content":{"rendered":"\n<p><strong>Itabira<\/strong>, localizada na regi\u00e3o central de <strong>Minas Gerais<\/strong>, \u00e9 conhecida por sua hist\u00f3ria ligada \u00e0 minera\u00e7\u00e3o, sua rica produ\u00e7\u00e3o cultural e pela estrutura educacional que atende estudantes de toda a regi\u00e3o. Com cerca de 120 mil habitantes, o munic\u00edpio alia desenvolvimento econ\u00f4mico, urbanismo funcional e valoriza\u00e7\u00e3o da cultura local.<\/p>\n\n\n\n<p>Entre serras, min\u00e9rio e poesia, <strong>Itabira<\/strong> \u00e9 um dos principais polos urbanos do interior mineiro.<\/p>\n\n\n\n<h2 class=\"wp-block-heading\">Qualidade de vida com urbanismo funcional<\/h2>\n\n\n\n<p><strong>Itabira<\/strong> oferece uma vida urbana equilibrada, com bairros bem estruturados, vias pavimentadas, transporte p\u00fablico acess\u00edvel e \u00e1reas de lazer. A cidade investe constantemente em infraestrutura, com melhorias em mobilidade, ilumina\u00e7\u00e3o e saneamento.<\/p>\n\n\n\n<p>Al\u00e9m disso, o clima ameno e a presen\u00e7a de \u00e1reas verdes proporcionam conforto e bem-estar no cotidiano.<\/p>\n\n\n\n<h2 class=\"wp-block-heading\">Minera\u00e7\u00e3o como motor da economia local<\/h2>\n\n\n\n<p>A hist\u00f3ria de <strong>Itabira<\/strong> \u00e9 fortemente ligada \u00e0 minera\u00e7\u00e3o, especialmente \u00e0 extra\u00e7\u00e3o de ferro. Empresas de grande porte atuam na cidade, gerando empregos diretos e indiretos, al\u00e9m de impulsionar o com\u00e9rcio, os servi\u00e7os e a arrecada\u00e7\u00e3o p\u00fablica.<\/p>\n\n\n\n<p>Apesar da forte presen\u00e7a do setor mineral, a cidade busca diversificar sua economia com foco em educa\u00e7\u00e3o, tecnologia e cultura.<\/p>\n\n\n\n<figure class=\"wp-block-image size-large\"><img decoding=\"async\" width=\"1024\" height=\"576\" src=\"https:\/\/www.correiobraziliense.com.br\/cbradar\/wp-content\/uploads\/2025\/05\/Itabira-1024x576.png\" alt=\"Essa cidade surpreende com cultura ativa, estrutura e identidade forte\" class=\"wp-image-41592\" srcset=\"https:\/\/www.correiobraziliense.com.br\/cbradar\/wp-content\/uploads\/2025\/05\/Itabira-1024x576.png 1024w, https:\/\/www.correiobraziliense.com.br\/cbradar\/wp-content\/uploads\/2025\/05\/Itabira-300x169.png 300w, https:\/\/www.correiobraziliense.com.br\/cbradar\/wp-content\/uploads\/2025\/05\/Itabira-768x432.png 768w, https:\/\/www.correiobraziliense.com.br\/cbradar\/wp-content\/uploads\/2025\/05\/Itabira-750x422.png 750w, https:\/\/www.correiobraziliense.com.br\/cbradar\/wp-content\/uploads\/2025\/05\/Itabira-1140x641.png 1140w, https:\/\/www.correiobraziliense.com.br\/cbradar\/wp-content\/uploads\/2025\/05\/Itabira.png 1280w\" sizes=\"(max-width: 1024px) 100vw, 1024px\" \/><figcaption class=\"wp-element-caption\">Itabira. Fonte: HVL, CC BY 3.0, via Wikimedia Commons<\/figcaption><\/figure>\n\n\n\n<h2 class=\"wp-block-heading\">Cultura viva e identidade hist\u00f3rica<\/h2>\n\n\n\n<p>Ber\u00e7o do poeta <strong>Carlos Drummond de Andrade<\/strong>, <strong>Itabira<\/strong> preserva uma identidade cultural profunda. Museus, centros culturais, saraus, festas religiosas e eventos liter\u00e1rios fazem parte da rotina da cidade. A valoriza\u00e7\u00e3o da mem\u00f3ria e das express\u00f5es art\u00edsticas \u00e9 uma marca local.<\/p>\n\n\n\n<p>A presen\u00e7a de patrim\u00f4nios hist\u00f3ricos e o incentivo \u00e0 cultura tornam a cidade vibrante e rica em manifesta\u00e7\u00f5es populares.<\/p>\n\n\n\n<h2 class=\"wp-block-heading\">Estrutura educacional s\u00f3lida<\/h2>\n\n\n\n<p><strong>Itabira<\/strong> conta com uma rede educacional robusta, com escolas p\u00fablicas e privadas bem avaliadas e presen\u00e7a de ensino t\u00e9cnico e superior. Institui\u00e7\u00f5es como o <strong>IFMG<\/strong> e polos universit\u00e1rios atendem \u00e1reas como engenharia, administra\u00e7\u00e3o, sa\u00fade e meio ambiente.<\/p>\n\n\n\n<p>A cidade tamb\u00e9m investe em programas de forma\u00e7\u00e3o continuada e apoio a projetos educacionais voltados para jovens e adultos.<\/p>\n\n\n\n<h2 class=\"wp-block-heading\">Servi\u00e7os variados e urbanismo organizado<\/h2>\n\n\n\n<p>A cidade possui com\u00e9rcio ativo, hospitais p\u00fablicos e privados, cl\u00ednicas, centros comerciais, academias, bancos e uma ampla rede de servi\u00e7os que atende bem seus moradores. O crescimento urbano tem sido acompanhado por a\u00e7\u00f5es de planejamento e preserva\u00e7\u00e3o ambiental.<\/p>\n\n\n\n<p>A valoriza\u00e7\u00e3o do espa\u00e7o p\u00fablico e o investimento em acessibilidade tornam <strong>Itabira<\/strong> uma cidade pr\u00e1tica e acolhedora.<\/p>\n\n\n\n<figure class=\"wp-block-image size-large\"><img decoding=\"async\" width=\"1024\" height=\"576\" src=\"https:\/\/www.correiobraziliense.com.br\/cbradar\/wp-content\/uploads\/2025\/05\/Itabira-4-1024x576.png\" alt=\"Essa cidade surpreende com cultura ativa, estrutura e identidade forte\" class=\"wp-image-41595\" srcset=\"https:\/\/www.correiobraziliense.com.br\/cbradar\/wp-content\/uploads\/2025\/05\/Itabira-4-1024x576.png 1024w, https:\/\/www.correiobraziliense.com.br\/cbradar\/wp-content\/uploads\/2025\/05\/Itabira-4-300x169.png 300w, https:\/\/www.correiobraziliense.com.br\/cbradar\/wp-content\/uploads\/2025\/05\/Itabira-4-768x432.png 768w, https:\/\/www.correiobraziliense.com.br\/cbradar\/wp-content\/uploads\/2025\/05\/Itabira-4-750x422.png 750w, https:\/\/www.correiobraziliense.com.br\/cbradar\/wp-content\/uploads\/2025\/05\/Itabira-4-1140x641.png 1140w, https:\/\/www.correiobraziliense.com.br\/cbradar\/wp-content\/uploads\/2025\/05\/Itabira-4.png 1280w\" sizes=\"(max-width: 1024px) 100vw, 1024px\" \/><figcaption class=\"wp-element-caption\">Itabira. Fonte: Rodrigo Della F\u00e1vera from Rio de Janeiro, Brasil, CC BY 2.0, via Wikimedia Commons<\/figcaption><\/figure>\n\n\n\n<h2 class=\"wp-block-heading\">Quais s\u00e3o os principais pontos tur\u00edsticos para visitar?<\/h2>\n\n\n\n<ul class=\"wp-block-list\">\n<li><strong>Casa de Drummond<\/strong>: preserva a mem\u00f3ria do poeta.<\/li>\n\n\n\n<li><strong>Museu de Itabira<\/strong>: acervo hist\u00f3rico e cultural.<\/li>\n\n\n\n<li><strong>Parque Natural do Intelecto<\/strong>: trilhas e natureza preservada.<\/li>\n\n\n\n<li><strong>Pedra do Amor<\/strong>: mirante com vista panor\u00e2mica.<\/li>\n\n\n\n<li><strong>Eventos liter\u00e1rios e festas tradicionais<\/strong>: que movimentam o calend\u00e1rio da cidade.<\/li>\n<\/ul>\n\n\n\n<h2 class=\"wp-block-heading\">Vale a pena morar?<\/h2>\n\n\n\n<p>Sim! <strong>Itabira<\/strong> oferece boas oportunidades de emprego, ensino de qualidade, cultura ativa e estrutura urbana consolidada. Ideal para quem busca viver em uma cidade com identidade pr\u00f3pria e servi\u00e7os bem distribu\u00eddos.<\/p>\n\n\n\n<h2 class=\"wp-block-heading\">Vale a pena visitar?<\/h2>\n\n\n\n<p>Com certeza! A cidade \u00e9 ideal para quem deseja conhecer a hist\u00f3ria da minera\u00e7\u00e3o em Minas, apreciar a obra de <strong>Drummond<\/strong>, e explorar cultura, natureza e tradi\u00e7\u00f5es locais em um s\u00f3 destino.<\/p>\n","protected":false},"excerpt":{"rendered":"<p>Essa cidade mineira une tradi\u00e7\u00e3o na minera\u00e7\u00e3o, educa\u00e7\u00e3o regional e forte identidade cultural. Um destino completo para morar ou visitar com prop\u00f3sito!<\/p>\n","protected":false},"author":3,"featured_media":41590,"comment_status":"open","ping_status":"open","sticky":false,"template":"","format":"standard","meta":{"_yoast_wpseo_focuskw":"Itabira","_yoast_wpseo_title":"%%title%%","_yoast_wpseo_metadesc":"Essa cidade mineira une tradi\u00e7\u00e3o na minera\u00e7\u00e3o, educa\u00e7\u00e3o regional e forte identidade cultural. Um destino completo para morar ou visitar com prop\u00f3sito!","jnews-multi-image_gallery":[],"jnews_single_post":{"format":"standard"},"jnews_primary_category":[],"jnews_social_meta":[],"jnews_override_counter":[],"footnotes":""},"categories":[108],"tags":[109],"class_list":["post-41586","post","type-post","status-publish","format-standard","has-post-thumbnail","hentry","category-cidades","tag-cidades"],"yoast_head":"<!-- This site is optimized with the Yoast SEO plugin v24.6 - https:\/\/yoast.com\/wordpress\/plugins\/seo\/ -->\n<title>Essa cidade surpreende com cultura ativa, estrutura e identidade forte<\/title>\n<meta name=\"description\" content=\"Essa cidade mineira une tradi\u00e7\u00e3o na minera\u00e7\u00e3o, educa\u00e7\u00e3o regional e forte identidade cultural. Um destino completo para morar ou visitar com prop\u00f3sito!\" \/>\n<meta name=\"robots\" content=\"index, follow, max-snippet:-1, max-image-preview:large, max-video-preview:-1\" \/>\n<link rel=\"canonical\" href=\"https:\/\/www.correiobraziliense.com.br\/cbradar\/essa-cidade-surpreende-com-cultura-ativa-estrutura-e-identidade-forte\/\" \/>\n<meta property=\"og:locale\" content=\"pt_BR\" \/>\n<meta property=\"og:type\" content=\"article\" \/>\n<meta property=\"og:title\" content=\"Essa cidade surpreende com cultura ativa, estrutura e identidade forte\" \/>\n<meta property=\"og:description\" content=\"Essa cidade mineira une tradi\u00e7\u00e3o na minera\u00e7\u00e3o, educa\u00e7\u00e3o regional e forte identidade cultural. Um destino completo para morar ou visitar com prop\u00f3sito!\" \/>\n<meta property=\"og:url\" content=\"https:\/\/www.correiobraziliense.com.br\/cbradar\/essa-cidade-surpreende-com-cultura-ativa-estrutura-e-identidade-forte\/\" \/>\n<meta property=\"og:site_name\" content=\"Correio Braziliense - Radar\" \/>\n<meta property=\"article:published_time\" content=\"2025-05-23T10:30:00+00:00\" \/>\n<meta property=\"og:image\" content=\"https:\/\/www.correiobraziliense.com.br\/cbradar\/wp-content\/uploads\/2025\/05\/Itabira-2.png\" \/>\n\t<meta property=\"og:image:width\" content=\"1280\" \/>\n\t<meta property=\"og:image:height\" content=\"720\" \/>\n\t<meta property=\"og:image:type\" content=\"image\/png\" \/>\n<meta name=\"author\" content=\"Larissa Carvalho\" \/>\n<meta name=\"twitter:card\" content=\"summary_large_image\" \/>\n<meta name=\"twitter:label1\" content=\"Escrito por\" \/>\n\t<meta name=\"twitter:data1\" content=\"Larissa Carvalho\" \/>\n\t<meta name=\"twitter:label2\" content=\"Est. tempo de leitura\" \/>\n\t<meta name=\"twitter:data2\" content=\"4 minutos\" \/>\n<!-- \/ Yoast SEO plugin. -->","yoast_head_json":{"title":"Essa cidade surpreende com cultura ativa, estrutura e identidade forte","description":"Essa cidade mineira une tradi\u00e7\u00e3o na minera\u00e7\u00e3o, educa\u00e7\u00e3o regional e forte identidade cultural. Um destino completo para morar ou visitar com prop\u00f3sito!","robots":{"index":"index","follow":"follow","max-snippet":"max-snippet:-1","max-image-preview":"max-image-preview:large","max-video-preview":"max-video-preview:-1"},"canonical":"https:\/\/www.correiobraziliense.com.br\/cbradar\/essa-cidade-surpreende-com-cultura-ativa-estrutura-e-identidade-forte\/","og_locale":"pt_BR","og_type":"article","og_title":"Essa cidade surpreende com cultura ativa, estrutura e identidade forte","og_description":"Essa cidade mineira une tradi\u00e7\u00e3o na minera\u00e7\u00e3o, educa\u00e7\u00e3o regional e forte identidade cultural. Um destino completo para morar ou visitar com prop\u00f3sito!","og_url":"https:\/\/www.correiobraziliense.com.br\/cbradar\/essa-cidade-surpreende-com-cultura-ativa-estrutura-e-identidade-forte\/","og_site_name":"Correio Braziliense - Radar","article_published_time":"2025-05-23T10:30:00+00:00","og_image":[{"width":1280,"height":720,"url":"https:\/\/www.correiobraziliense.com.br\/cbradar\/wp-content\/uploads\/2025\/05\/Itabira-2.png","type":"image\/png"}],"author":"Larissa Carvalho","twitter_card":"summary_large_image","twitter_misc":{"Escrito por":"Larissa Carvalho","Est. tempo de leitura":"4 minutos"},"schema":{"@context":"https:\/\/schema.org","@graph":[{"@type":"WebPage","@id":"https:\/\/www.correiobraziliense.com.br\/cbradar\/essa-cidade-surpreende-com-cultura-ativa-estrutura-e-identidade-forte\/","url":"https:\/\/www.correiobraziliense.com.br\/cbradar\/essa-cidade-surpreende-com-cultura-ativa-estrutura-e-identidade-forte\/","name":"Essa cidade surpreende com cultura ativa, estrutura e identidade forte","isPartOf":{"@id":"https:\/\/www.correiobraziliense.com.br\/cbradar\/#website"},"primaryImageOfPage":{"@id":"https:\/\/www.correiobraziliense.com.br\/cbradar\/essa-cidade-surpreende-com-cultura-ativa-estrutura-e-identidade-forte\/#primaryimage"},"image":{"@id":"https:\/\/www.correiobraziliense.com.br\/cbradar\/essa-cidade-surpreende-com-cultura-ativa-estrutura-e-identidade-forte\/#primaryimage"},"thumbnailUrl":"https:\/\/www.correiobraziliense.com.br\/cbradar\/wp-content\/uploads\/2025\/05\/Itabira-2.png","datePublished":"2025-05-23T10:30:00+00:00","author":{"@id":"https:\/\/www.correiobraziliense.com.br\/cbradar\/#\/schema\/person\/58422787644df994b53a19d3e56c1513"},"description":"Essa cidade mineira une tradi\u00e7\u00e3o na minera\u00e7\u00e3o, educa\u00e7\u00e3o regional e forte identidade cultural. Um destino completo para morar ou visitar com prop\u00f3sito!","breadcrumb":{"@id":"https:\/\/www.correiobraziliense.com.br\/cbradar\/essa-cidade-surpreende-com-cultura-ativa-estrutura-e-identidade-forte\/#breadcrumb"},"inLanguage":"pt-BR","potentialAction":[{"@type":"ReadAction","target":["https:\/\/www.correiobraziliense.com.br\/cbradar\/essa-cidade-surpreende-com-cultura-ativa-estrutura-e-identidade-forte\/"]}]},{"@type":"ImageObject","inLanguage":"pt-BR","@id":"https:\/\/www.correiobraziliense.com.br\/cbradar\/essa-cidade-surpreende-com-cultura-ativa-estrutura-e-identidade-forte\/#primaryimage","url":"https:\/\/www.correiobraziliense.com.br\/cbradar\/wp-content\/uploads\/2025\/05\/Itabira-2.png","contentUrl":"https:\/\/www.correiobraziliense.com.br\/cbradar\/wp-content\/uploads\/2025\/05\/Itabira-2.png","width":1280,"height":720,"caption":"Itabira. Fonte: Josue Marinho, CC BY 3.0, via Wikimedia Commons"},{"@type":"BreadcrumbList","@id":"https:\/\/www.correiobraziliense.com.br\/cbradar\/essa-cidade-surpreende-com-cultura-ativa-estrutura-e-identidade-forte\/#breadcrumb","itemListElement":[{"@type":"ListItem","position":1,"name":"In\u00edcio","item":"https:\/\/www.correiobraziliense.com.br\/cbradar\/"},{"@type":"ListItem","position":2,"name":"Essa cidade surpreende com cultura ativa, estrutura e identidade forte"}]},{"@type":"WebSite","@id":"https:\/\/www.correiobraziliense.com.br\/cbradar\/#website","url":"https:\/\/www.correiobraziliense.com.br\/cbradar\/","name":"Correio Braziliense - Radar","description":"Acompanhe as \u00faltimas not\u00edcias e fique bem informado sobre tudo o que acontece no Brasil e no mundo.","potentialAction":[{"@type":"SearchAction","target":{"@type":"EntryPoint","urlTemplate":"https:\/\/www.correiobraziliense.com.br\/cbradar\/?s={search_term_string}"},"query-input":{"@type":"PropertyValueSpecification","valueRequired":true,"valueName":"search_term_string"}}],"inLanguage":"pt-BR"},{"@type":"Person","@id":"https:\/\/www.correiobraziliense.com.br\/cbradar\/#\/schema\/person\/58422787644df994b53a19d3e56c1513","name":"Larissa Carvalho","image":{"@type":"ImageObject","inLanguage":"pt-BR","@id":"https:\/\/www.correiobraziliense.com.br\/cbradar\/#\/schema\/person\/image\/","url":"https:\/\/secure.gravatar.com\/avatar\/fe4f91a0de32b52a838d0d612abdc1aa?s=96&d=mm&r=g","contentUrl":"https:\/\/secure.gravatar.com\/avatar\/fe4f91a0de32b52a838d0d612abdc1aa?s=96&d=mm&r=g","caption":"Larissa Carvalho"},"url":"https:\/\/www.correiobraziliense.com.br\/cbradar\/author\/larissamyth\/"}]}},"_links":{"self":[{"href":"https:\/\/www.correiobraziliense.com.br\/cbradar\/wp-json\/wp\/v2\/posts\/41586","targetHints":{"allow":["GET"]}}],"collection":[{"href":"https:\/\/www.correiobraziliense.com.br\/cbradar\/wp-json\/wp\/v2\/posts"}],"about":[{"href":"https:\/\/www.correiobraziliense.com.br\/cbradar\/wp-json\/wp\/v2\/types\/post"}],"author":[{"embeddable":true,"href":"https:\/\/www.correiobraziliense.com.br\/cbradar\/wp-json\/wp\/v2\/users\/3"}],"replies":[{"embeddable":true,"href":"https:\/\/www.correiobraziliense.com.br\/cbradar\/wp-json\/wp\/v2\/comments?post=41586"}],"version-history":[{"count":1,"href":"https:\/\/www.correiobraziliense.com.br\/cbradar\/wp-json\/wp\/v2\/posts\/41586\/revisions"}],"predecessor-version":[{"id":41598,"href":"https:\/\/www.correiobraziliense.com.br\/cbradar\/wp-json\/wp\/v2\/posts\/41586\/revisions\/41598"}],"wp:featuredmedia":[{"embeddable":true,"href":"https:\/\/www.correiobraziliense.com.br\/cbradar\/wp-json\/wp\/v2\/media\/41590"}],"wp:attachment":[{"href":"https:\/\/www.correiobraziliense.com.br\/cbradar\/wp-json\/wp\/v2\/media?parent=41586"}],"wp:term":[{"taxonomy":"category","embeddable":true,"href":"https:\/\/www.correiobraziliense.com.br\/cbradar\/wp-json\/wp\/v2\/categories?post=41586"},{"taxonomy":"post_tag","embeddable":true,"href":"https:\/\/www.correiobraziliense.com.br\/cbradar\/wp-json\/wp\/v2\/tags?post=41586"}],"curies":[{"name":"wp","href":"https:\/\/api.w.org\/{rel}","templated":true}]}}