{"id":41599,"date":"2025-05-23T09:30:00","date_gmt":"2025-05-23T12:30:00","guid":{"rendered":"https:\/\/www.correiobraziliense.com.br\/cbradar\/?p=41599"},"modified":"2025-05-22T18:06:10","modified_gmt":"2025-05-22T21:06:10","slug":"essa-cidade-do-sul-de-mg-e-um-refugio-de-bem-estar-com-estrutura-e-charme","status":"publish","type":"post","link":"https:\/\/www.correiobraziliense.com.br\/cbradar\/essa-cidade-do-sul-de-mg-e-um-refugio-de-bem-estar-com-estrutura-e-charme\/","title":{"rendered":"Essa cidade do sul de MG \u00e9 um ref\u00fagio de bem-estar com estrutura e charme"},"content":{"rendered":"\n<p><strong><a href=\"https:\/\/www.saolourenco.mg.gov.br\/\" target=\"_blank\" rel=\"noreferrer noopener\">S\u00e3o Louren\u00e7o<\/a><\/strong>, no sul de <strong><a href=\"https:\/\/www.correiobraziliense.com.br\/cbradar\/cidade-do-interior-de-minas-gerais-se-destaca-com-sua-qualidade-de-vida-e-educacao\/\" target=\"_blank\" rel=\"noreferrer noopener\">Minas Gerais<\/a><\/strong>, \u00e9 uma das cidades mais conhecidas do <strong>Circuito das \u00c1guas<\/strong>. Com pouco mais de 45 mil habitantes, ela se destaca pelo turismo de bem-estar, estrutura urbana eficiente e clima acolhedor. A cidade \u00e9 procurada por visitantes que buscam sa\u00fade, natureza e qualidade de vida, al\u00e9m de ser uma excelente op\u00e7\u00e3o para quem deseja viver com tranquilidade.<\/p>\n\n\n\n<p>Entre parques, fontes minerais e servi\u00e7os completos, <strong>S\u00e3o Louren\u00e7o<\/strong> \u00e9 um verdadeiro ref\u00fagio mineiro com infraestrutura de cidade grande.<\/p>\n\n\n\n<h2 class=\"wp-block-heading\">Qualidade de vida com ritmo leve e estrutura funcional<\/h2>\n\n\n\n<p><strong>S\u00e3o Louren\u00e7o<\/strong> proporciona um cotidiano tranquilo, com ruas organizadas, seguran\u00e7a, transporte p\u00fablico funcional e servi\u00e7os bem distribu\u00eddos. A cidade \u00e9 limpa, arborizada e tem um clima ameno que favorece a pr\u00e1tica de atividades ao ar livre.<\/p>\n\n\n\n<p>A presen\u00e7a de pra\u00e7as, parques e cal\u00e7ad\u00f5es incentiva a conviv\u00eancia social e o contato com a natureza, tornando a cidade ideal para fam\u00edlias, aposentados e quem busca desacelerar com conforto.<\/p>\n\n\n\n<h2 class=\"wp-block-heading\">Turismo de bem-estar como motor da economia<\/h2>\n\n\n\n<p>A cidade \u00e9 conhecida por suas \u00e1guas minerais com propriedades terap\u00eauticas. O <strong>Parque das \u00c1guas<\/strong>, com fontes naturais, spa e passeios ao ar livre, \u00e9 o principal atrativo e s\u00edmbolo do turismo de sa\u00fade na regi\u00e3o. A hotelaria \u00e9 forte, com pousadas, hot\u00e9is e cl\u00ednicas voltadas ao relaxamento e reabilita\u00e7\u00e3o.<\/p>\n\n\n\n<p>O turismo movimenta a economia o ano inteiro e sustenta o com\u00e9rcio, os servi\u00e7os e a gera\u00e7\u00e3o de empregos locais.<\/p>\n\n\n\n<figure class=\"wp-block-image size-large\"><img decoding=\"async\" width=\"1024\" height=\"576\" src=\"https:\/\/www.correiobraziliense.com.br\/cbradar\/wp-content\/uploads\/2025\/05\/Sao-Lourenco-2-1024x576.png\" alt=\"Essa cidade do sul de MG \u00e9 um ref\u00fagio de bem-estar com estrutura e charme\" class=\"wp-image-41608\" srcset=\"https:\/\/www.correiobraziliense.com.br\/cbradar\/wp-content\/uploads\/2025\/05\/Sao-Lourenco-2-1024x576.png 1024w, https:\/\/www.correiobraziliense.com.br\/cbradar\/wp-content\/uploads\/2025\/05\/Sao-Lourenco-2-300x169.png 300w, https:\/\/www.correiobraziliense.com.br\/cbradar\/wp-content\/uploads\/2025\/05\/Sao-Lourenco-2-768x432.png 768w, https:\/\/www.correiobraziliense.com.br\/cbradar\/wp-content\/uploads\/2025\/05\/Sao-Lourenco-2-750x422.png 750w, https:\/\/www.correiobraziliense.com.br\/cbradar\/wp-content\/uploads\/2025\/05\/Sao-Lourenco-2-1140x641.png 1140w, https:\/\/www.correiobraziliense.com.br\/cbradar\/wp-content\/uploads\/2025\/05\/Sao-Lourenco-2.png 1280w\" sizes=\"(max-width: 1024px) 100vw, 1024px\" \/><figcaption class=\"wp-element-caption\">S\u00e3o Louren\u00e7o. Fonte: R\u00f4mulo  Gama Ferreira from Vit\u00f3ria-ES, CC BY 2.0, via Wikimedia Commons<\/figcaption><\/figure>\n\n\n\n<h2 class=\"wp-block-heading\">Estrutura urbana e servi\u00e7os para viver com qualidade<\/h2>\n\n\n\n<p>Apesar de ter um perfil tur\u00edstico, <strong>S\u00e3o Louren\u00e7o<\/strong> conta com boa estrutura para seus moradores. A cidade possui escolas p\u00fablicas e privadas, unidades de sa\u00fade bem equipadas, com\u00e9rcio ativo, supermercados, academias, bancos e servi\u00e7os variados.<\/p>\n\n\n\n<p>O crescimento urbano \u00e9 organizado e a cidade mant\u00e9m o charme interiorano mesmo com o avan\u00e7o da infraestrutura.<\/p>\n\n\n\n<h2 class=\"wp-block-heading\">Cultura, tradi\u00e7\u00e3o e eventos locais<\/h2>\n\n\n\n<p><strong>S\u00e3o Louren\u00e7o<\/strong> tem uma agenda cultural diversificada, com destaque para festivais de inverno, festas religiosas, encontros gastron\u00f4micos e eventos ligados \u00e0 m\u00fasica e literatura. A cidade preserva o jeito mineiro de ser, com hospitalidade, culin\u00e1ria t\u00edpica e artesanato valorizado.<\/p>\n\n\n\n<p>Esses elementos fortalecem a identidade local e encantam moradores e visitantes.<\/p>\n\n\n\n<h2 class=\"wp-block-heading\">Educa\u00e7\u00e3o e tranquilidade para todas as idades<\/h2>\n\n\n\n<p>A cidade possui institui\u00e7\u00f5es de ensino b\u00e1sico e t\u00e9cnico, com boas avalia\u00e7\u00f5es regionais. O ambiente calmo favorece o aprendizado e o desenvolvimento infantil, al\u00e9m de ser um lugar acolhedor para a forma\u00e7\u00e3o de jovens em cursos voltados ao turismo, administra\u00e7\u00e3o e sa\u00fade.<\/p>\n\n\n\n<p><strong>S\u00e3o Louren\u00e7o<\/strong> tamb\u00e9m atrai estudantes que desejam morar com mais tranquilidade durante o per\u00edodo de forma\u00e7\u00e3o.<\/p>\n\n\n\n<figure class=\"wp-block-image size-large\"><img decoding=\"async\" width=\"1024\" height=\"576\" src=\"https:\/\/www.correiobraziliense.com.br\/cbradar\/wp-content\/uploads\/2025\/05\/Sao-Lourenco-3-1024x576.png\" alt=\"Essa cidade do sul de MG \u00e9 um ref\u00fagio de bem-estar com estrutura e charme\" class=\"wp-image-41607\" srcset=\"https:\/\/www.correiobraziliense.com.br\/cbradar\/wp-content\/uploads\/2025\/05\/Sao-Lourenco-3-1024x576.png 1024w, https:\/\/www.correiobraziliense.com.br\/cbradar\/wp-content\/uploads\/2025\/05\/Sao-Lourenco-3-300x169.png 300w, https:\/\/www.correiobraziliense.com.br\/cbradar\/wp-content\/uploads\/2025\/05\/Sao-Lourenco-3-768x432.png 768w, https:\/\/www.correiobraziliense.com.br\/cbradar\/wp-content\/uploads\/2025\/05\/Sao-Lourenco-3-750x422.png 750w, https:\/\/www.correiobraziliense.com.br\/cbradar\/wp-content\/uploads\/2025\/05\/Sao-Lourenco-3-1140x641.png 1140w, https:\/\/www.correiobraziliense.com.br\/cbradar\/wp-content\/uploads\/2025\/05\/Sao-Lourenco-3.png 1280w\" sizes=\"(max-width: 1024px) 100vw, 1024px\" \/><figcaption class=\"wp-element-caption\">S\u00e3o Loure\u00e7o. Fonte: Valtair Gomes, CC BY-SA 3.0, via Wikimedia Commons<\/figcaption><\/figure>\n\n\n\n<h2 class=\"wp-block-heading\">Quais s\u00e3o os principais pontos tur\u00edsticos para visitar?<\/h2>\n\n\n\n<ul class=\"wp-block-list\">\n<li><strong>Parque das \u00c1guas<\/strong>: maior atrativo da cidade com fontes, trilhas e spa.<\/li>\n\n\n\n<li><strong>Maria Fuma\u00e7a<\/strong>: passeio tur\u00edstico que liga S\u00e3o Louren\u00e7o a Soledade de Minas.<\/li>\n\n\n\n<li><strong>Centro hist\u00f3rico<\/strong>: com\u00e9rcio, igrejas e arquitetura tradicional.<\/li>\n\n\n\n<li><strong>Telef\u00e9rico<\/strong>: vista panor\u00e2mica da cidade.<\/li>\n\n\n\n<li><strong>Eventos culturais<\/strong>: como o Festival de Inverno e o Festival do Jazz.<\/li>\n<\/ul>\n\n\n\n<h2 class=\"wp-block-heading\">Vale a pena morar?<\/h2>\n\n\n\n<p>Sim! A cidade \u00e9 organizada, segura, bonita, com clima agrad\u00e1vel e boas op\u00e7\u00f5es de servi\u00e7os. Ideal para quem busca paz, bem-estar e uma rotina mais leve em meio \u00e0 natureza e \u00e0 cultura mineira.<\/p>\n\n\n\n<h2 class=\"wp-block-heading\">Vale a pena visitar?<\/h2>\n\n\n\n<p>Com certeza! Seja para relaxar, cuidar da sa\u00fade, curtir a gastronomia ou conhecer o charme mineiro, <strong>S\u00e3o Louren\u00e7o<\/strong> \u00e9 um dos destinos mais completos e acolhedores do interior de <strong>Minas Gerais<\/strong>.<\/p>\n","protected":false},"excerpt":{"rendered":"<p>Essa cidade mineira do Circuito das \u00c1guas une bem-estar, estrutura e tranquilidade. Um ref\u00fagio ideal para viver bem ou relaxar em meio \u00e0 natureza!<\/p>\n","protected":false},"author":3,"featured_media":41609,"comment_status":"open","ping_status":"open","sticky":false,"template":"","format":"standard","meta":{"_yoast_wpseo_focuskw":"S\u00e3o Louren\u00e7o","_yoast_wpseo_title":"%%title%%","_yoast_wpseo_metadesc":"Essa cidade mineira do Circuito das \u00c1guas une bem-estar, estrutura e tranquilidade. Um ref\u00fagio ideal para viver bem ou relaxar em meio \u00e0 natureza!","jnews-multi-image_gallery":[],"jnews_single_post":{"format":"standard"},"jnews_primary_category":[],"jnews_social_meta":[],"jnews_override_counter":[],"footnotes":""},"categories":[108],"tags":[109],"class_list":["post-41599","post","type-post","status-publish","format-standard","has-post-thumbnail","hentry","category-cidades","tag-cidades"],"yoast_head":"<!-- This site is optimized with the Yoast SEO plugin v24.6 - https:\/\/yoast.com\/wordpress\/plugins\/seo\/ -->\n<title>Essa cidade do sul de MG \u00e9 um ref\u00fagio de bem-estar com estrutura e charme<\/title>\n<meta name=\"description\" content=\"Essa cidade mineira do Circuito das \u00c1guas une bem-estar, estrutura e tranquilidade. Um ref\u00fagio ideal para viver bem ou relaxar em meio \u00e0 natureza!\" \/>\n<meta name=\"robots\" content=\"index, follow, max-snippet:-1, max-image-preview:large, max-video-preview:-1\" \/>\n<link rel=\"canonical\" href=\"https:\/\/www.correiobraziliense.com.br\/cbradar\/essa-cidade-do-sul-de-mg-e-um-refugio-de-bem-estar-com-estrutura-e-charme\/\" \/>\n<meta property=\"og:locale\" content=\"pt_BR\" \/>\n<meta property=\"og:type\" content=\"article\" \/>\n<meta property=\"og:title\" content=\"Essa cidade do sul de MG \u00e9 um ref\u00fagio de bem-estar com estrutura e charme\" \/>\n<meta property=\"og:description\" content=\"Essa cidade mineira do Circuito das \u00c1guas une bem-estar, estrutura e tranquilidade. Um ref\u00fagio ideal para viver bem ou relaxar em meio \u00e0 natureza!\" \/>\n<meta property=\"og:url\" content=\"https:\/\/www.correiobraziliense.com.br\/cbradar\/essa-cidade-do-sul-de-mg-e-um-refugio-de-bem-estar-com-estrutura-e-charme\/\" \/>\n<meta property=\"og:site_name\" content=\"Correio Braziliense - Radar\" \/>\n<meta property=\"article:published_time\" content=\"2025-05-23T12:30:00+00:00\" \/>\n<meta property=\"og:image\" content=\"https:\/\/www.correiobraziliense.com.br\/cbradar\/wp-content\/uploads\/2025\/05\/Sao-Lourenco.png\" \/>\n\t<meta property=\"og:image:width\" content=\"1280\" \/>\n\t<meta property=\"og:image:height\" content=\"720\" \/>\n\t<meta property=\"og:image:type\" content=\"image\/png\" \/>\n<meta name=\"author\" content=\"Larissa Carvalho\" \/>\n<meta name=\"twitter:card\" content=\"summary_large_image\" \/>\n<meta name=\"twitter:label1\" content=\"Escrito por\" \/>\n\t<meta name=\"twitter:data1\" content=\"Larissa Carvalho\" \/>\n\t<meta name=\"twitter:label2\" content=\"Est. tempo de leitura\" \/>\n\t<meta name=\"twitter:data2\" content=\"4 minutos\" \/>\n<!-- \/ Yoast SEO plugin. -->","yoast_head_json":{"title":"Essa cidade do sul de MG \u00e9 um ref\u00fagio de bem-estar com estrutura e charme","description":"Essa cidade mineira do Circuito das \u00c1guas une bem-estar, estrutura e tranquilidade. Um ref\u00fagio ideal para viver bem ou relaxar em meio \u00e0 natureza!","robots":{"index":"index","follow":"follow","max-snippet":"max-snippet:-1","max-image-preview":"max-image-preview:large","max-video-preview":"max-video-preview:-1"},"canonical":"https:\/\/www.correiobraziliense.com.br\/cbradar\/essa-cidade-do-sul-de-mg-e-um-refugio-de-bem-estar-com-estrutura-e-charme\/","og_locale":"pt_BR","og_type":"article","og_title":"Essa cidade do sul de MG \u00e9 um ref\u00fagio de bem-estar com estrutura e charme","og_description":"Essa cidade mineira do Circuito das \u00c1guas une bem-estar, estrutura e tranquilidade. Um ref\u00fagio ideal para viver bem ou relaxar em meio \u00e0 natureza!","og_url":"https:\/\/www.correiobraziliense.com.br\/cbradar\/essa-cidade-do-sul-de-mg-e-um-refugio-de-bem-estar-com-estrutura-e-charme\/","og_site_name":"Correio Braziliense - Radar","article_published_time":"2025-05-23T12:30:00+00:00","og_image":[{"width":1280,"height":720,"url":"https:\/\/www.correiobraziliense.com.br\/cbradar\/wp-content\/uploads\/2025\/05\/Sao-Lourenco.png","type":"image\/png"}],"author":"Larissa Carvalho","twitter_card":"summary_large_image","twitter_misc":{"Escrito por":"Larissa Carvalho","Est. tempo de leitura":"4 minutos"},"schema":{"@context":"https:\/\/schema.org","@graph":[{"@type":"WebPage","@id":"https:\/\/www.correiobraziliense.com.br\/cbradar\/essa-cidade-do-sul-de-mg-e-um-refugio-de-bem-estar-com-estrutura-e-charme\/","url":"https:\/\/www.correiobraziliense.com.br\/cbradar\/essa-cidade-do-sul-de-mg-e-um-refugio-de-bem-estar-com-estrutura-e-charme\/","name":"Essa cidade do sul de MG \u00e9 um ref\u00fagio de bem-estar com estrutura e charme","isPartOf":{"@id":"https:\/\/www.correiobraziliense.com.br\/cbradar\/#website"},"primaryImageOfPage":{"@id":"https:\/\/www.correiobraziliense.com.br\/cbradar\/essa-cidade-do-sul-de-mg-e-um-refugio-de-bem-estar-com-estrutura-e-charme\/#primaryimage"},"image":{"@id":"https:\/\/www.correiobraziliense.com.br\/cbradar\/essa-cidade-do-sul-de-mg-e-um-refugio-de-bem-estar-com-estrutura-e-charme\/#primaryimage"},"thumbnailUrl":"https:\/\/www.correiobraziliense.com.br\/cbradar\/wp-content\/uploads\/2025\/05\/Sao-Lourenco.png","datePublished":"2025-05-23T12:30:00+00:00","author":{"@id":"https:\/\/www.correiobraziliense.com.br\/cbradar\/#\/schema\/person\/58422787644df994b53a19d3e56c1513"},"description":"Essa cidade mineira do Circuito das \u00c1guas une bem-estar, estrutura e tranquilidade. Um ref\u00fagio ideal para viver bem ou relaxar em meio \u00e0 natureza!","breadcrumb":{"@id":"https:\/\/www.correiobraziliense.com.br\/cbradar\/essa-cidade-do-sul-de-mg-e-um-refugio-de-bem-estar-com-estrutura-e-charme\/#breadcrumb"},"inLanguage":"pt-BR","potentialAction":[{"@type":"ReadAction","target":["https:\/\/www.correiobraziliense.com.br\/cbradar\/essa-cidade-do-sul-de-mg-e-um-refugio-de-bem-estar-com-estrutura-e-charme\/"]}]},{"@type":"ImageObject","inLanguage":"pt-BR","@id":"https:\/\/www.correiobraziliense.com.br\/cbradar\/essa-cidade-do-sul-de-mg-e-um-refugio-de-bem-estar-com-estrutura-e-charme\/#primaryimage","url":"https:\/\/www.correiobraziliense.com.br\/cbradar\/wp-content\/uploads\/2025\/05\/Sao-Lourenco.png","contentUrl":"https:\/\/www.correiobraziliense.com.br\/cbradar\/wp-content\/uploads\/2025\/05\/Sao-Lourenco.png","width":1280,"height":720,"caption":"S\u00e3o Louren\u00e7o. Fonte: Fasouzafreitas, CC BY 3.0, via Wikimedia Commons"},{"@type":"BreadcrumbList","@id":"https:\/\/www.correiobraziliense.com.br\/cbradar\/essa-cidade-do-sul-de-mg-e-um-refugio-de-bem-estar-com-estrutura-e-charme\/#breadcrumb","itemListElement":[{"@type":"ListItem","position":1,"name":"In\u00edcio","item":"https:\/\/www.correiobraziliense.com.br\/cbradar\/"},{"@type":"ListItem","position":2,"name":"Essa cidade do sul de MG \u00e9 um ref\u00fagio de bem-estar com estrutura e charme"}]},{"@type":"WebSite","@id":"https:\/\/www.correiobraziliense.com.br\/cbradar\/#website","url":"https:\/\/www.correiobraziliense.com.br\/cbradar\/","name":"Correio Braziliense - Radar","description":"Acompanhe as \u00faltimas not\u00edcias e fique bem informado sobre tudo o que acontece no Brasil e no mundo.","potentialAction":[{"@type":"SearchAction","target":{"@type":"EntryPoint","urlTemplate":"https:\/\/www.correiobraziliense.com.br\/cbradar\/?s={search_term_string}"},"query-input":{"@type":"PropertyValueSpecification","valueRequired":true,"valueName":"search_term_string"}}],"inLanguage":"pt-BR"},{"@type":"Person","@id":"https:\/\/www.correiobraziliense.com.br\/cbradar\/#\/schema\/person\/58422787644df994b53a19d3e56c1513","name":"Larissa Carvalho","image":{"@type":"ImageObject","inLanguage":"pt-BR","@id":"https:\/\/www.correiobraziliense.com.br\/cbradar\/#\/schema\/person\/image\/","url":"https:\/\/secure.gravatar.com\/avatar\/fe4f91a0de32b52a838d0d612abdc1aa?s=96&d=mm&r=g","contentUrl":"https:\/\/secure.gravatar.com\/avatar\/fe4f91a0de32b52a838d0d612abdc1aa?s=96&d=mm&r=g","caption":"Larissa Carvalho"},"url":"https:\/\/www.correiobraziliense.com.br\/cbradar\/author\/larissamyth\/"}]}},"_links":{"self":[{"href":"https:\/\/www.correiobraziliense.com.br\/cbradar\/wp-json\/wp\/v2\/posts\/41599","targetHints":{"allow":["GET"]}}],"collection":[{"href":"https:\/\/www.correiobraziliense.com.br\/cbradar\/wp-json\/wp\/v2\/posts"}],"about":[{"href":"https:\/\/www.correiobraziliense.com.br\/cbradar\/wp-json\/wp\/v2\/types\/post"}],"author":[{"embeddable":true,"href":"https:\/\/www.correiobraziliense.com.br\/cbradar\/wp-json\/wp\/v2\/users\/3"}],"replies":[{"embeddable":true,"href":"https:\/\/www.correiobraziliense.com.br\/cbradar\/wp-json\/wp\/v2\/comments?post=41599"}],"version-history":[{"count":1,"href":"https:\/\/www.correiobraziliense.com.br\/cbradar\/wp-json\/wp\/v2\/posts\/41599\/revisions"}],"predecessor-version":[{"id":41613,"href":"https:\/\/www.correiobraziliense.com.br\/cbradar\/wp-json\/wp\/v2\/posts\/41599\/revisions\/41613"}],"wp:featuredmedia":[{"embeddable":true,"href":"https:\/\/www.correiobraziliense.com.br\/cbradar\/wp-json\/wp\/v2\/media\/41609"}],"wp:attachment":[{"href":"https:\/\/www.correiobraziliense.com.br\/cbradar\/wp-json\/wp\/v2\/media?parent=41599"}],"wp:term":[{"taxonomy":"category","embeddable":true,"href":"https:\/\/www.correiobraziliense.com.br\/cbradar\/wp-json\/wp\/v2\/categories?post=41599"},{"taxonomy":"post_tag","embeddable":true,"href":"https:\/\/www.correiobraziliense.com.br\/cbradar\/wp-json\/wp\/v2\/tags?post=41599"}],"curies":[{"name":"wp","href":"https:\/\/api.w.org\/{rel}","templated":true}]}}