{"id":41673,"date":"2025-05-23T19:30:00","date_gmt":"2025-05-23T22:30:00","guid":{"rendered":"https:\/\/www.correiobraziliense.com.br\/cbradar\/?p=41673"},"modified":"2025-05-22T18:05:22","modified_gmt":"2025-05-22T21:05:22","slug":"esse-filme-vai-te-fazer-rir-chorar-e-refletir","status":"publish","type":"post","link":"https:\/\/www.correiobraziliense.com.br\/cbradar\/esse-filme-vai-te-fazer-rir-chorar-e-refletir\/","title":{"rendered":"Esse filme vai te fazer rir, chorar e refletir"},"content":{"rendered":"\n<p><strong>Click<\/strong> \u00e9 uma com\u00e9dia dram\u00e1tica lan\u00e7ada em 2006, dirigida por <strong>Frank Coraci<\/strong> e estrelada por <strong>Adam Sandler<\/strong>. O filme acompanha <strong>Michael Newman<\/strong>, um arquiteto sobrecarregado que recebe um controle remoto universal que n\u00e3o apenas comanda sua TV, mas tamb\u00e9m permite avan\u00e7ar, pausar e retroceder momentos da sua pr\u00f3pria vida.<\/p>\n\n\n\n<p>Inicialmente encantado com a praticidade do aparelho, Michael come\u00e7a a pular discuss\u00f5es, doen\u00e7as e at\u00e9 momentos familiares, at\u00e9 perceber que est\u00e1 perdendo o que realmente importa.<\/p>\n\n\n\n<h2 class=\"wp-block-heading\">Quem s\u00e3o os personagens principais?<\/h2>\n\n\n\n<ul class=\"wp-block-list\">\n<li><strong>Michael Newman<\/strong> (Adam Sandler): protagonista ambicioso e ausente da pr\u00f3pria vida.<\/li>\n\n\n\n<li><strong>Donna Newman<\/strong> (Kate Beckinsale): esposa amorosa que sofre com a aus\u00eancia de Michael.<\/li>\n\n\n\n<li><strong>Morty<\/strong> (Christopher Walken): exc\u00eantrico funcion\u00e1rio da loja que entrega o controle.<\/li>\n\n\n\n<li><strong>Ted<\/strong>, <strong>Ben<\/strong>, <strong>Samantha<\/strong>: familiares de Michael que refletem os efeitos de suas escolhas no tempo.<\/li>\n<\/ul>\n\n\n\n<h2 class=\"wp-block-heading\">Como o filme mistura com\u00e9dia, fantasia e emo\u00e7\u00e3o?<\/h2>\n\n\n\n<p><em>Click<\/em> come\u00e7a como uma t\u00edpica com\u00e9dia de Adam Sandler, com situa\u00e7\u00f5es engra\u00e7adas e toques de fantasia. Mas ao longo da trama, o filme se aprofunda em quest\u00f5es como prioridades, relacionamentos e a passagem do tempo.<\/p>\n\n\n\n<p>O humor d\u00e1 lugar ao drama, revelando uma hist\u00f3ria sobre arrependimento, amadurecimento e o valor de viver o presente.<\/p>\n\n\n\n<figure class=\"wp-block-image size-large\"><img decoding=\"async\" width=\"1024\" height=\"576\" src=\"https:\/\/www.correiobraziliense.com.br\/cbradar\/wp-content\/uploads\/2025\/05\/Click-2-1024x576.png\" alt=\"Esse filme vai te fazer rir, chorar e refletir\" class=\"wp-image-41674\" srcset=\"https:\/\/www.correiobraziliense.com.br\/cbradar\/wp-content\/uploads\/2025\/05\/Click-2-1024x576.png 1024w, https:\/\/www.correiobraziliense.com.br\/cbradar\/wp-content\/uploads\/2025\/05\/Click-2-300x169.png 300w, https:\/\/www.correiobraziliense.com.br\/cbradar\/wp-content\/uploads\/2025\/05\/Click-2-768x432.png 768w, https:\/\/www.correiobraziliense.com.br\/cbradar\/wp-content\/uploads\/2025\/05\/Click-2-750x422.png 750w, https:\/\/www.correiobraziliense.com.br\/cbradar\/wp-content\/uploads\/2025\/05\/Click-2-1140x641.png 1140w, https:\/\/www.correiobraziliense.com.br\/cbradar\/wp-content\/uploads\/2025\/05\/Click-2.png 1280w\" sizes=\"(max-width: 1024px) 100vw, 1024px\" \/><figcaption class=\"wp-element-caption\">Click. Fonte: divulga\u00e7\u00e3o \/ Columbia Pictures<\/figcaption><\/figure>\n\n\n\n<h2 class=\"wp-block-heading\">Vale a pena assistir Click?<\/h2>\n\n\n\n<p>Sim. <em>Click<\/em> surpreende por ir al\u00e9m do esperado para uma com\u00e9dia. Oferece risadas, mas tamb\u00e9m emo\u00e7\u00e3o genu\u00edna e uma mensagem poderosa sobre o que realmente importa na vida.<\/p>\n\n\n\n<p>\u00c9 um filme ideal para assistir em fam\u00edlia ou em momentos de reflex\u00e3o, com um final que emociona e convida \u00e0 mudan\u00e7a.<\/p>\n\n\n\n<h2 class=\"wp-block-heading\">Curiosidades sobre Click<\/h2>\n\n\n\n<ul class=\"wp-block-list\">\n<li>Foi indicado ao <strong>Oscar de Melhor Maquiagem<\/strong>.<\/li>\n\n\n\n<li>Adam Sandler considerou <em>Click<\/em> um de seus filmes mais pessoais.<\/li>\n\n\n\n<li>O conceito lembra epis\u00f3dios de <em>Al\u00e9m da Imagina\u00e7\u00e3o<\/em> e <em>Click: O controle remoto do destino<\/em>, do livro de Richard Matheson.<\/li>\n\n\n\n<li>A trilha sonora refor\u00e7a os momentos emotivos do filme.<\/li>\n<\/ul>\n\n\n\n<iframe loading=\"lazy\" width=\"560\" height=\"315\" src=\"https:\/\/www.youtube.com\/embed\/zZNC5emNyEQ?si=gEUgYZ1WpK0XTeBK\" title=\"YouTube video player\" frameborder=\"0\" allow=\"accelerometer; autoplay; clipboard-write; encrypted-media; gyroscope; picture-in-picture; web-share\" referrerpolicy=\"strict-origin-when-cross-origin\" allowfullscreen><\/iframe>\n\n\n\n<h2 class=\"wp-block-heading\">FAQ &#8211; Perguntas frequentes<\/h2>\n\n\n\n<ul class=\"wp-block-list\">\n<li><strong>Onde assistir Click?<\/strong>\n<ul class=\"wp-block-list\">\n<li>Dispon\u00edvel na <strong>Netflix<\/strong>, <strong>Amazon Prime Video<\/strong> e <strong>Apple TV<\/strong>.<\/li>\n<\/ul>\n<\/li>\n\n\n\n<li><strong>Quem est\u00e1 no elenco principal?<\/strong>\n<ul class=\"wp-block-list\">\n<li><strong>Adam Sandler<\/strong>, <strong>Kate Beckinsale<\/strong>, <strong>Christopher Walken<\/strong>, <strong>David Hasselhoff<\/strong>, <strong>Sean Astin<\/strong>.<\/li>\n<\/ul>\n<\/li>\n\n\n\n<li><strong>Qual o ano de lan\u00e7amento do filme?<\/strong>\n<ul class=\"wp-block-list\">\n<li><em>Click<\/em> foi lan\u00e7ado em 2006.<\/li>\n<\/ul>\n<\/li>\n\n\n\n<li><strong>Qual a produtora respons\u00e1vel pelo filme?<\/strong>\n<ul class=\"wp-block-list\">\n<li>Produzido pela <strong>Columbia Pictures<\/strong> e <strong>Happy Madison Productions<\/strong>.<\/li>\n<\/ul>\n<\/li>\n<\/ul>\n","protected":false},"excerpt":{"rendered":"<p>Um controle remoto m\u00e1gico que avan\u00e7a a vida de um homem at\u00e9 o limite do que ele pode perder e o faz repensar suas escolhas.<\/p>\n","protected":false},"author":3,"featured_media":41675,"comment_status":"open","ping_status":"open","sticky":false,"template":"","format":"standard","meta":{"_yoast_wpseo_focuskw":"Click","_yoast_wpseo_title":"%%title%%","_yoast_wpseo_metadesc":"Um controle remoto m\u00e1gico que avan\u00e7a a vida de um homem at\u00e9 o limite do que ele pode perder e o faz repensar suas escolhas.","jnews-multi-image_gallery":[],"jnews_single_post":{"format":"standard"},"jnews_primary_category":[],"jnews_social_meta":[],"jnews_override_counter":[],"footnotes":""},"categories":[140],"post_tag":[568],"class_list":["post-41673","post","type-post","status-publish","format-standard","has-post-thumbnail","hentry","category-entretenimento","tag-series-e-filmes"],"yoast_head":"<!-- This site is optimized with the Yoast SEO plugin v24.6 - https:\/\/yoast.com\/wordpress\/plugins\/seo\/ -->\n<title>Esse filme vai te fazer rir, chorar e refletir<\/title>\n<meta name=\"description\" content=\"Um controle remoto m\u00e1gico que avan\u00e7a a vida de um homem at\u00e9 o limite do que ele pode perder e o faz repensar suas escolhas.\" \/>\n<meta name=\"robots\" content=\"index, follow, max-snippet:-1, max-image-preview:large, max-video-preview:-1\" \/>\n<link rel=\"canonical\" href=\"https:\/\/www.correiobraziliense.com.br\/cbradar\/esse-filme-vai-te-fazer-rir-chorar-e-refletir\/\" \/>\n<meta property=\"og:locale\" content=\"pt_BR\" \/>\n<meta property=\"og:type\" content=\"article\" \/>\n<meta property=\"og:title\" content=\"Esse filme vai te fazer rir, chorar e refletir\" \/>\n<meta property=\"og:description\" content=\"Um controle remoto m\u00e1gico que avan\u00e7a a vida de um homem at\u00e9 o limite do que ele pode perder e o faz repensar suas escolhas.\" \/>\n<meta property=\"og:url\" content=\"https:\/\/www.correiobraziliense.com.br\/cbradar\/esse-filme-vai-te-fazer-rir-chorar-e-refletir\/\" \/>\n<meta property=\"og:site_name\" content=\"Correio Braziliense - Radar\" \/>\n<meta property=\"article:published_time\" content=\"2025-05-23T22:30:00+00:00\" \/>\n<meta property=\"og:image\" content=\"https:\/\/www.correiobraziliense.com.br\/cbradar\/wp-content\/uploads\/2025\/05\/Click.png\" \/>\n\t<meta property=\"og:image:width\" content=\"1280\" \/>\n\t<meta property=\"og:image:height\" content=\"720\" \/>\n\t<meta property=\"og:image:type\" content=\"image\/png\" \/>\n<meta name=\"author\" content=\"Larissa Carvalho\" \/>\n<meta name=\"twitter:card\" content=\"summary_large_image\" \/>\n<meta name=\"twitter:label1\" content=\"Escrito por\" \/>\n\t<meta name=\"twitter:data1\" content=\"Larissa Carvalho\" \/>\n\t<meta name=\"twitter:label2\" content=\"Est. tempo de leitura\" \/>\n\t<meta name=\"twitter:data2\" content=\"3 minutos\" \/>\n<!-- \/ Yoast SEO plugin. -->","yoast_head_json":{"title":"Esse filme vai te fazer rir, chorar e refletir","description":"Um controle remoto m\u00e1gico que avan\u00e7a a vida de um homem at\u00e9 o limite do que ele pode perder e o faz repensar suas escolhas.","robots":{"index":"index","follow":"follow","max-snippet":"max-snippet:-1","max-image-preview":"max-image-preview:large","max-video-preview":"max-video-preview:-1"},"canonical":"https:\/\/www.correiobraziliense.com.br\/cbradar\/esse-filme-vai-te-fazer-rir-chorar-e-refletir\/","og_locale":"pt_BR","og_type":"article","og_title":"Esse filme vai te fazer rir, chorar e refletir","og_description":"Um controle remoto m\u00e1gico que avan\u00e7a a vida de um homem at\u00e9 o limite do que ele pode perder e o faz repensar suas escolhas.","og_url":"https:\/\/www.correiobraziliense.com.br\/cbradar\/esse-filme-vai-te-fazer-rir-chorar-e-refletir\/","og_site_name":"Correio Braziliense - Radar","article_published_time":"2025-05-23T22:30:00+00:00","og_image":[{"width":1280,"height":720,"url":"https:\/\/www.correiobraziliense.com.br\/cbradar\/wp-content\/uploads\/2025\/05\/Click.png","type":"image\/png"}],"author":"Larissa Carvalho","twitter_card":"summary_large_image","twitter_misc":{"Escrito por":"Larissa Carvalho","Est. tempo de leitura":"3 minutos"},"schema":{"@context":"https:\/\/schema.org","@graph":[{"@type":"WebPage","@id":"https:\/\/www.correiobraziliense.com.br\/cbradar\/esse-filme-vai-te-fazer-rir-chorar-e-refletir\/","url":"https:\/\/www.correiobraziliense.com.br\/cbradar\/esse-filme-vai-te-fazer-rir-chorar-e-refletir\/","name":"Esse filme vai te fazer rir, chorar e refletir","isPartOf":{"@id":"https:\/\/www.correiobraziliense.com.br\/cbradar\/#website"},"primaryImageOfPage":{"@id":"https:\/\/www.correiobraziliense.com.br\/cbradar\/esse-filme-vai-te-fazer-rir-chorar-e-refletir\/#primaryimage"},"image":{"@id":"https:\/\/www.correiobraziliense.com.br\/cbradar\/esse-filme-vai-te-fazer-rir-chorar-e-refletir\/#primaryimage"},"thumbnailUrl":"https:\/\/www.correiobraziliense.com.br\/cbradar\/wp-content\/uploads\/2025\/05\/Click.png","datePublished":"2025-05-23T22:30:00+00:00","author":{"@id":"https:\/\/www.correiobraziliense.com.br\/cbradar\/#\/schema\/person\/58422787644df994b53a19d3e56c1513"},"description":"Um controle remoto m\u00e1gico que avan\u00e7a a vida de um homem at\u00e9 o limite do que ele pode perder e o faz repensar suas escolhas.","breadcrumb":{"@id":"https:\/\/www.correiobraziliense.com.br\/cbradar\/esse-filme-vai-te-fazer-rir-chorar-e-refletir\/#breadcrumb"},"inLanguage":"pt-BR","potentialAction":[{"@type":"ReadAction","target":["https:\/\/www.correiobraziliense.com.br\/cbradar\/esse-filme-vai-te-fazer-rir-chorar-e-refletir\/"]}]},{"@type":"ImageObject","inLanguage":"pt-BR","@id":"https:\/\/www.correiobraziliense.com.br\/cbradar\/esse-filme-vai-te-fazer-rir-chorar-e-refletir\/#primaryimage","url":"https:\/\/www.correiobraziliense.com.br\/cbradar\/wp-content\/uploads\/2025\/05\/Click.png","contentUrl":"https:\/\/www.correiobraziliense.com.br\/cbradar\/wp-content\/uploads\/2025\/05\/Click.png","width":1280,"height":720,"caption":"Click. Fonte: divulga\u00e7\u00e3o \/ Columbia Pictures"},{"@type":"BreadcrumbList","@id":"https:\/\/www.correiobraziliense.com.br\/cbradar\/esse-filme-vai-te-fazer-rir-chorar-e-refletir\/#breadcrumb","itemListElement":[{"@type":"ListItem","position":1,"name":"In\u00edcio","item":"https:\/\/www.correiobraziliense.com.br\/cbradar\/"},{"@type":"ListItem","position":2,"name":"Esse filme vai te fazer rir, chorar e refletir"}]},{"@type":"WebSite","@id":"https:\/\/www.correiobraziliense.com.br\/cbradar\/#website","url":"https:\/\/www.correiobraziliense.com.br\/cbradar\/","name":"Correio Braziliense - Radar","description":"Acompanhe as \u00faltimas not\u00edcias e fique bem informado sobre tudo o que acontece no Brasil e no mundo.","potentialAction":[{"@type":"SearchAction","target":{"@type":"EntryPoint","urlTemplate":"https:\/\/www.correiobraziliense.com.br\/cbradar\/?s={search_term_string}"},"query-input":{"@type":"PropertyValueSpecification","valueRequired":true,"valueName":"search_term_string"}}],"inLanguage":"pt-BR"},{"@type":"Person","@id":"https:\/\/www.correiobraziliense.com.br\/cbradar\/#\/schema\/person\/58422787644df994b53a19d3e56c1513","name":"Larissa Carvalho","image":{"@type":"ImageObject","inLanguage":"pt-BR","@id":"https:\/\/www.correiobraziliense.com.br\/cbradar\/#\/schema\/person\/image\/","url":"https:\/\/secure.gravatar.com\/avatar\/fe4f91a0de32b52a838d0d612abdc1aa?s=96&d=mm&r=g","contentUrl":"https:\/\/secure.gravatar.com\/avatar\/fe4f91a0de32b52a838d0d612abdc1aa?s=96&d=mm&r=g","caption":"Larissa Carvalho"},"url":"https:\/\/www.correiobraziliense.com.br\/cbradar\/author\/larissamyth\/"}]}},"_links":{"self":[{"href":"https:\/\/www.correiobraziliense.com.br\/cbradar\/wp-json\/wp\/v2\/posts\/41673","targetHints":{"allow":["GET"]}}],"collection":[{"href":"https:\/\/www.correiobraziliense.com.br\/cbradar\/wp-json\/wp\/v2\/posts"}],"about":[{"href":"https:\/\/www.correiobraziliense.com.br\/cbradar\/wp-json\/wp\/v2\/types\/post"}],"author":[{"embeddable":true,"href":"https:\/\/www.correiobraziliense.com.br\/cbradar\/wp-json\/wp\/v2\/users\/3"}],"replies":[{"embeddable":true,"href":"https:\/\/www.correiobraziliense.com.br\/cbradar\/wp-json\/wp\/v2\/comments?post=41673"}],"version-history":[{"count":1,"href":"https:\/\/www.correiobraziliense.com.br\/cbradar\/wp-json\/wp\/v2\/posts\/41673\/revisions"}],"predecessor-version":[{"id":41676,"href":"https:\/\/www.correiobraziliense.com.br\/cbradar\/wp-json\/wp\/v2\/posts\/41673\/revisions\/41676"}],"wp:featuredmedia":[{"embeddable":true,"href":"https:\/\/www.correiobraziliense.com.br\/cbradar\/wp-json\/wp\/v2\/media\/41675"}],"wp:attachment":[{"href":"https:\/\/www.correiobraziliense.com.br\/cbradar\/wp-json\/wp\/v2\/media?parent=41673"}],"wp:term":[{"taxonomy":"category","embeddable":true,"href":"https:\/\/www.correiobraziliense.com.br\/cbradar\/wp-json\/wp\/v2\/categories?post=41673"},{"taxonomy":"post_tag","embeddable":true,"href":"https:\/\/www.correiobraziliense.com.br\/cbradar\/wp-json\/wp\/v2\/post_tag?post=41673"}],"curies":[{"name":"wp","href":"https:\/\/api.w.org\/{rel}","templated":true}]}}