{"id":4176,"date":"2025-02-21T20:30:00","date_gmt":"2025-02-21T23:30:00","guid":{"rendered":"https:\/\/www.correiobraziliense.com.br\/cbradar\/?p=4176"},"modified":"2025-02-20T16:12:42","modified_gmt":"2025-02-20T19:12:42","slug":"como-plantar-bananeira-em-casa-de-um-jeito-simples-e-pratico","status":"publish","type":"post","link":"https:\/\/www.correiobraziliense.com.br\/cbradar\/como-plantar-bananeira-em-casa-de-um-jeito-simples-e-pratico\/","title":{"rendered":"Como plantar bananeira em casa de um jeito simples e pr\u00e1tico"},"content":{"rendered":"\n<p>As frutas s\u00e3o fontes essenciais de vitaminas, nutrientes e fibras, desempenhando um papel crucial na manuten\u00e7\u00e3o da sa\u00fade. Entre elas, a banana se destaca n\u00e3o apenas por seu sabor, mas tamb\u00e9m por ser rica em pot\u00e1ssio, um nutriente vital para o funcionamento dos sistemas digestivo e cardiovascular. Al\u00e9m disso, as bananas s\u00e3o conhecidas por ajudar nas fun\u00e7\u00f5es cerebrais. Para aqueles que t\u00eam espa\u00e7o em casa, cultivar uma bananeira pode ser uma excelente op\u00e7\u00e3o.<\/p>\n\n\n\n<p>O <a href=\"https:\/\/www.correiobraziliense.com.br\/cbradar\/veja-como-plantar-couve-flor-em-casa-de-um-jeito-simples\/\" target=\"_blank\" rel=\"noreferrer noopener\">cultivo<\/a> de uma bananeira n\u00e3o \u00e9 apenas uma maneira de garantir um fornecimento constante dessa fruta deliciosa, mas tamb\u00e9m uma oportunidade de contribuir para um estilo de vida mais sustent\u00e1vel. Com o conhecimento adequado, qualquer pessoa pode come\u00e7ar a plantar bananeiras e desfrutar dos benef\u00edcios que elas oferecem.<\/p>\n\n\n\n<h2 class=\"wp-block-heading\"><strong>Quais s\u00e3o os benef\u00edcios da banana?<\/strong><\/h2>\n\n\n\n<p>A banana \u00e9 uma fruta vers\u00e1til e nutritiva, conhecida por suas propriedades ben\u00e9ficas \u00e0 sa\u00fade. Ela \u00e9 uma excelente aliada na regula\u00e7\u00e3o do intestino, ajudando a prevenir problemas como constipa\u00e7\u00e3o e diarreia. O pot\u00e1ssio presente na banana \u00e9 fundamental para manter as c\u00e9lulas musculares saud\u00e1veis, prevenindo c\u00e2imbras e fortalecendo o sistema imunol\u00f3gico.<\/p>\n\n\n\n<p>Al\u00e9m disso, a banana contribui para o controle do colesterol, ajudando a reduzir os n\u00edveis de LDL, o colesterol &#8220;mau&#8221;, e a aumentar os n\u00edveis de HDL, o colesterol &#8220;bom&#8221;. Esses benef\u00edcios fazem da banana uma fruta indispens\u00e1vel na dieta di\u00e1ria.<\/p>\n\n\n\n<p>\/<\/p>\n\n\n\n<figure class=\"wp-block-image size-large\"><img decoding=\"async\" width=\"1024\" height=\"576\" src=\"https:\/\/www.correiobraziliense.com.br\/cbradar\/wp-content\/uploads\/2025\/02\/banana_1740055256370-1024x576.jpg\" alt=\"Como plantar bananeira em casa de um jeito simples e pr\u00e1tico\" class=\"wp-image-4179\" srcset=\"https:\/\/www.correiobraziliense.com.br\/cbradar\/wp-content\/uploads\/2025\/02\/banana_1740055256370-1024x576.jpg 1024w, https:\/\/www.correiobraziliense.com.br\/cbradar\/wp-content\/uploads\/2025\/02\/banana_1740055256370-300x169.jpg 300w, https:\/\/www.correiobraziliense.com.br\/cbradar\/wp-content\/uploads\/2025\/02\/banana_1740055256370-768x432.jpg 768w, https:\/\/www.correiobraziliense.com.br\/cbradar\/wp-content\/uploads\/2025\/02\/banana_1740055256370-750x422.jpg 750w, https:\/\/www.correiobraziliense.com.br\/cbradar\/wp-content\/uploads\/2025\/02\/banana_1740055256370-1140x641.jpg 1140w, https:\/\/www.correiobraziliense.com.br\/cbradar\/wp-content\/uploads\/2025\/02\/banana_1740055256370.jpg 1280w\" sizes=\"(max-width: 1024px) 100vw, 1024px\" \/><figcaption class=\"wp-element-caption\">Bananas. Cr\u00e9ditos: depositphotos.com \/ MSeN<\/figcaption><\/figure>\n\n\n\n<h2 class=\"wp-block-heading\">Como Fazer Muda de Banana?<\/h2>\n\n\n\n<p>Para plantar uma bananeira, \u00e9 necess\u00e1rio come\u00e7ar com uma muda, conhecida como rizoma. O rizoma \u00e9 uma parte da planta que cresce horizontalmente, logo abaixo da superf\u00edcie do solo. \u00c9 a \u00fanica forma de obter uma muda de banana, j\u00e1 que a fruta em si n\u00e3o possui sementes vi\u00e1veis para o plantio.<\/p>\n\n\n\n<p>O m\u00e9todo mais pr\u00e1tico \u00e9 adquirir uma muda pronta em viveiros especializados. No entanto, para aqueles que desejam fazer isso em casa, \u00e9 preciso identificar o rizoma e transplant\u00e1-lo adequadamente. O processo envolve a prepara\u00e7\u00e3o do solo, a escolha do local adequado e o uso de fertilizantes org\u00e2nicos para garantir o crescimento saud\u00e1vel da planta.<\/p>\n\n\n\n<h2 class=\"wp-block-heading\"><strong>Onde plantar bananeira?<\/strong><\/h2>\n\n\n\n<p>Plantar bananeira em vaso \u00e9 uma alternativa vi\u00e1vel para quem n\u00e3o possui um jardim ou quintal. Nesse caso, \u00e9 recomend\u00e1vel optar por uma bananeira-an\u00e3, que pode atingir de 2 a 4 metros de altura. \u00c9 essencial que o vaso tenha boa drenagem e espa\u00e7o suficiente para o crescimento das ra\u00edzes.<\/p>\n\n\n\n<p>Para aqueles que t\u00eam espa\u00e7o ao ar livre, plantar diretamente no solo \u00e9 a op\u00e7\u00e3o mais tradicional. As bananeiras cultivadas dessa forma podem alcan\u00e7ar at\u00e9 15 metros de altura e come\u00e7ar a frutificar em cerca de um ano, dependendo das condi\u00e7\u00f5es de cultivo.<\/p>\n\n\n\n<h2 class=\"wp-block-heading\"><strong>Quais cuidados s\u00e3o necess\u00e1rios para cultivar bananeira?<\/strong><\/h2>\n\n\n\n<p>O sucesso no cultivo de bananeiras depende de cuidados espec\u00edficos. A planta prefere ambientes \u00famidos, mas \u00e9 importante evitar o excesso de \u00e1gua. Uma umidade de cerca de 50% \u00e9 ideal para o crescimento saud\u00e1vel da bananeira.<\/p>\n\n\n\n<p>Al\u00e9m disso, \u00e9 crucial observar a colora\u00e7\u00e3o das folhas. Folhas amareladas indicam falta de nutrientes, sendo necess\u00e1rio refor\u00e7ar a aduba\u00e7\u00e3o com nitrog\u00eanio durante o desenvolvimento e usar fertilizantes espec\u00edficos na fase adulta. Outros cuidados incluem a remo\u00e7\u00e3o de folhas velhas, a elimina\u00e7\u00e3o de plantas infestantes e a rega regular para evitar que o solo seque.<\/p>\n\n\n\n<p>Com esses cuidados, desde o plantio da muda at\u00e9 a colheita dos frutos, \u00e9 poss\u00edvel obter uma colheita abundante e saud\u00e1vel. Cultivar uma bananeira pode ser uma experi\u00eancia gratificante, proporcionando n\u00e3o apenas frutas frescas, mas tamb\u00e9m um toque de natureza em casa.<\/p>\n","protected":false},"excerpt":{"rendered":"<p>Aprenda a plantar bananeiras em vasos ou no solo, com dicas de cuidado, escolha do local, preparo do solo e muito mais, neste guia completo para iniciantes.<\/p>\n","protected":false},"author":3,"featured_media":4177,"comment_status":"open","ping_status":"open","sticky":false,"template":"","format":"standard","meta":{"_yoast_wpseo_focuskw":"plantar banana","_yoast_wpseo_title":"%%title%%","_yoast_wpseo_metadesc":"Aprenda a plantar bananeiras em vasos ou no solo, com dicas de cuidado, escolha do local, preparo do solo e muito mais, neste guia completo para iniciantes.","jnews-multi-image_gallery":[],"jnews_single_post":{"format":"standard"},"jnews_primary_category":[],"jnews_social_meta":[],"jnews_override_counter":[],"footnotes":""},"categories":[136],"post_tag":[877,137],"class_list":["post-4176","post","type-post","status-publish","format-standard","has-post-thumbnail","hentry","category-jardinagem","tag-banana","tag-como-plantar"],"yoast_head":"<!-- This site is optimized with the Yoast SEO plugin v24.6 - https:\/\/yoast.com\/wordpress\/plugins\/seo\/ -->\n<title>Como plantar bananeira em casa de um jeito simples e pr\u00e1tico<\/title>\n<meta name=\"description\" content=\"Aprenda a plantar bananeiras em vasos ou no solo, com dicas de cuidado, escolha do local, preparo do solo e muito mais, neste guia completo para iniciantes.\" \/>\n<meta name=\"robots\" content=\"index, follow, max-snippet:-1, max-image-preview:large, max-video-preview:-1\" \/>\n<link rel=\"canonical\" href=\"https:\/\/www.correiobraziliense.com.br\/cbradar\/como-plantar-bananeira-em-casa-de-um-jeito-simples-e-pratico\/\" \/>\n<meta property=\"og:locale\" content=\"pt_BR\" \/>\n<meta property=\"og:type\" content=\"article\" \/>\n<meta property=\"og:title\" content=\"Como plantar bananeira em casa de um jeito simples e pr\u00e1tico\" \/>\n<meta property=\"og:description\" content=\"Aprenda a plantar bananeiras em vasos ou no solo, com dicas de cuidado, escolha do local, preparo do solo e muito mais, neste guia completo para iniciantes.\" \/>\n<meta property=\"og:url\" content=\"https:\/\/www.correiobraziliense.com.br\/cbradar\/como-plantar-bananeira-em-casa-de-um-jeito-simples-e-pratico\/\" \/>\n<meta property=\"og:site_name\" content=\"Correio Braziliense - Radar\" \/>\n<meta property=\"article:published_time\" content=\"2025-02-21T23:30:00+00:00\" \/>\n<meta property=\"og:image\" content=\"https:\/\/www.correiobraziliense.com.br\/cbradar\/wp-content\/uploads\/2025\/02\/banana_1740054860695.jpg\" \/>\n\t<meta property=\"og:image:width\" content=\"1280\" \/>\n\t<meta property=\"og:image:height\" content=\"720\" \/>\n\t<meta property=\"og:image:type\" content=\"image\/jpeg\" \/>\n<meta name=\"author\" content=\"Larissa Carvalho\" \/>\n<meta name=\"twitter:card\" content=\"summary_large_image\" \/>\n<meta name=\"twitter:label1\" content=\"Escrito por\" \/>\n\t<meta name=\"twitter:data1\" content=\"Larissa Carvalho\" \/>\n\t<meta name=\"twitter:label2\" content=\"Est. tempo de leitura\" \/>\n\t<meta name=\"twitter:data2\" content=\"4 minutos\" \/>\n<!-- \/ Yoast SEO plugin. -->","yoast_head_json":{"title":"Como plantar bananeira em casa de um jeito simples e pr\u00e1tico","description":"Aprenda a plantar bananeiras em vasos ou no solo, com dicas de cuidado, escolha do local, preparo do solo e muito mais, neste guia completo para iniciantes.","robots":{"index":"index","follow":"follow","max-snippet":"max-snippet:-1","max-image-preview":"max-image-preview:large","max-video-preview":"max-video-preview:-1"},"canonical":"https:\/\/www.correiobraziliense.com.br\/cbradar\/como-plantar-bananeira-em-casa-de-um-jeito-simples-e-pratico\/","og_locale":"pt_BR","og_type":"article","og_title":"Como plantar bananeira em casa de um jeito simples e pr\u00e1tico","og_description":"Aprenda a plantar bananeiras em vasos ou no solo, com dicas de cuidado, escolha do local, preparo do solo e muito mais, neste guia completo para iniciantes.","og_url":"https:\/\/www.correiobraziliense.com.br\/cbradar\/como-plantar-bananeira-em-casa-de-um-jeito-simples-e-pratico\/","og_site_name":"Correio Braziliense - Radar","article_published_time":"2025-02-21T23:30:00+00:00","og_image":[{"width":1280,"height":720,"url":"https:\/\/www.correiobraziliense.com.br\/cbradar\/wp-content\/uploads\/2025\/02\/banana_1740054860695.jpg","type":"image\/jpeg"}],"author":"Larissa Carvalho","twitter_card":"summary_large_image","twitter_misc":{"Escrito por":"Larissa Carvalho","Est. tempo de leitura":"4 minutos"},"schema":{"@context":"https:\/\/schema.org","@graph":[{"@type":"WebPage","@id":"https:\/\/www.correiobraziliense.com.br\/cbradar\/como-plantar-bananeira-em-casa-de-um-jeito-simples-e-pratico\/","url":"https:\/\/www.correiobraziliense.com.br\/cbradar\/como-plantar-bananeira-em-casa-de-um-jeito-simples-e-pratico\/","name":"Como plantar bananeira em casa de um jeito simples e pr\u00e1tico","isPartOf":{"@id":"https:\/\/www.correiobraziliense.com.br\/cbradar\/#website"},"primaryImageOfPage":{"@id":"https:\/\/www.correiobraziliense.com.br\/cbradar\/como-plantar-bananeira-em-casa-de-um-jeito-simples-e-pratico\/#primaryimage"},"image":{"@id":"https:\/\/www.correiobraziliense.com.br\/cbradar\/como-plantar-bananeira-em-casa-de-um-jeito-simples-e-pratico\/#primaryimage"},"thumbnailUrl":"https:\/\/www.correiobraziliense.com.br\/cbradar\/wp-content\/uploads\/2025\/02\/banana_1740054860695.jpg","datePublished":"2025-02-21T23:30:00+00:00","author":{"@id":"https:\/\/www.correiobraziliense.com.br\/cbradar\/#\/schema\/person\/58422787644df994b53a19d3e56c1513"},"description":"Aprenda a plantar bananeiras em vasos ou no solo, com dicas de cuidado, escolha do local, preparo do solo e muito mais, neste guia completo para iniciantes.","breadcrumb":{"@id":"https:\/\/www.correiobraziliense.com.br\/cbradar\/como-plantar-bananeira-em-casa-de-um-jeito-simples-e-pratico\/#breadcrumb"},"inLanguage":"pt-BR","potentialAction":[{"@type":"ReadAction","target":["https:\/\/www.correiobraziliense.com.br\/cbradar\/como-plantar-bananeira-em-casa-de-um-jeito-simples-e-pratico\/"]}]},{"@type":"ImageObject","inLanguage":"pt-BR","@id":"https:\/\/www.correiobraziliense.com.br\/cbradar\/como-plantar-bananeira-em-casa-de-um-jeito-simples-e-pratico\/#primaryimage","url":"https:\/\/www.correiobraziliense.com.br\/cbradar\/wp-content\/uploads\/2025\/02\/banana_1740054860695.jpg","contentUrl":"https:\/\/www.correiobraziliense.com.br\/cbradar\/wp-content\/uploads\/2025\/02\/banana_1740054860695.jpg","width":1280,"height":720,"caption":"Aprenda a plantar bananas em casa. Cr\u00e9ditos: depositphotos.com \/ VadimVasenin"},{"@type":"BreadcrumbList","@id":"https:\/\/www.correiobraziliense.com.br\/cbradar\/como-plantar-bananeira-em-casa-de-um-jeito-simples-e-pratico\/#breadcrumb","itemListElement":[{"@type":"ListItem","position":1,"name":"In\u00edcio","item":"https:\/\/www.correiobraziliense.com.br\/cbradar\/"},{"@type":"ListItem","position":2,"name":"Como plantar bananeira em casa de um jeito simples e pr\u00e1tico"}]},{"@type":"WebSite","@id":"https:\/\/www.correiobraziliense.com.br\/cbradar\/#website","url":"https:\/\/www.correiobraziliense.com.br\/cbradar\/","name":"Correio Braziliense - Radar","description":"Acompanhe as \u00faltimas not\u00edcias e fique bem informado sobre tudo o que acontece no Brasil e no mundo.","potentialAction":[{"@type":"SearchAction","target":{"@type":"EntryPoint","urlTemplate":"https:\/\/www.correiobraziliense.com.br\/cbradar\/?s={search_term_string}"},"query-input":{"@type":"PropertyValueSpecification","valueRequired":true,"valueName":"search_term_string"}}],"inLanguage":"pt-BR"},{"@type":"Person","@id":"https:\/\/www.correiobraziliense.com.br\/cbradar\/#\/schema\/person\/58422787644df994b53a19d3e56c1513","name":"Larissa Carvalho","image":{"@type":"ImageObject","inLanguage":"pt-BR","@id":"https:\/\/www.correiobraziliense.com.br\/cbradar\/#\/schema\/person\/image\/","url":"https:\/\/secure.gravatar.com\/avatar\/fe4f91a0de32b52a838d0d612abdc1aa?s=96&d=mm&r=g","contentUrl":"https:\/\/secure.gravatar.com\/avatar\/fe4f91a0de32b52a838d0d612abdc1aa?s=96&d=mm&r=g","caption":"Larissa Carvalho"},"url":"https:\/\/www.correiobraziliense.com.br\/cbradar\/author\/larissamyth\/"}]}},"_links":{"self":[{"href":"https:\/\/www.correiobraziliense.com.br\/cbradar\/wp-json\/wp\/v2\/posts\/4176","targetHints":{"allow":["GET"]}}],"collection":[{"href":"https:\/\/www.correiobraziliense.com.br\/cbradar\/wp-json\/wp\/v2\/posts"}],"about":[{"href":"https:\/\/www.correiobraziliense.com.br\/cbradar\/wp-json\/wp\/v2\/types\/post"}],"author":[{"embeddable":true,"href":"https:\/\/www.correiobraziliense.com.br\/cbradar\/wp-json\/wp\/v2\/users\/3"}],"replies":[{"embeddable":true,"href":"https:\/\/www.correiobraziliense.com.br\/cbradar\/wp-json\/wp\/v2\/comments?post=4176"}],"version-history":[{"count":2,"href":"https:\/\/www.correiobraziliense.com.br\/cbradar\/wp-json\/wp\/v2\/posts\/4176\/revisions"}],"predecessor-version":[{"id":4184,"href":"https:\/\/www.correiobraziliense.com.br\/cbradar\/wp-json\/wp\/v2\/posts\/4176\/revisions\/4184"}],"wp:featuredmedia":[{"embeddable":true,"href":"https:\/\/www.correiobraziliense.com.br\/cbradar\/wp-json\/wp\/v2\/media\/4177"}],"wp:attachment":[{"href":"https:\/\/www.correiobraziliense.com.br\/cbradar\/wp-json\/wp\/v2\/media?parent=4176"}],"wp:term":[{"taxonomy":"category","embeddable":true,"href":"https:\/\/www.correiobraziliense.com.br\/cbradar\/wp-json\/wp\/v2\/categories?post=4176"},{"taxonomy":"post_tag","embeddable":true,"href":"https:\/\/www.correiobraziliense.com.br\/cbradar\/wp-json\/wp\/v2\/post_tag?post=4176"}],"curies":[{"name":"wp","href":"https:\/\/api.w.org\/{rel}","templated":true}]}}