{"id":41856,"date":"2025-05-24T11:10:00","date_gmt":"2025-05-24T14:10:00","guid":{"rendered":"https:\/\/www.correiobraziliense.com.br\/cbradar\/?p=41856"},"modified":"2025-05-24T09:06:13","modified_gmt":"2025-05-24T12:06:13","slug":"passo-a-passo-para-plantar-ficus-e-deixar-seu-jardim-mais-bonito","status":"publish","type":"post","link":"https:\/\/www.correiobraziliense.com.br\/cbradar\/passo-a-passo-para-plantar-ficus-e-deixar-seu-jardim-mais-bonito\/","title":{"rendered":"Passo a passo para plantar ficus e deixar seu jardim mais bonito"},"content":{"rendered":"\n<p>O <strong>ficus<\/strong> \u00e9 uma planta extremamente vers\u00e1til, muito utilizada tanto na decora\u00e7\u00e3o de ambientes internos quanto na forma\u00e7\u00e3o de cercas vivas, jardins e paisagismo em geral. De crescimento r\u00e1pido e f\u00e1cil manuten\u00e7\u00e3o, o ficus \u00e9 conhecido pela sua resist\u00eancia, beleza e capacidade de se adaptar a diversos tipos de ambiente.<\/p>\n\n\n\n<p>Entre as esp\u00e9cies mais populares est\u00e3o o <strong>Ficus benjamina<\/strong>, o <strong>Ficus elastica (ficus borracha)<\/strong> e o <strong>Ficus lyrata (ficus folha de violino)<\/strong>, cada um com caracter\u00edsticas ornamentais espec\u00edficas.<\/p>\n\n\n\n<h2 class=\"wp-block-heading\">Quais s\u00e3o as condi\u00e7\u00f5es ideais para plantar ficus?<\/h2>\n\n\n\n<p>O ficus \u00e9 uma <a href=\"https:\/\/www.correiobraziliense.com.br\/cbradar\/aprenda-a-plantar-gengibre-e-colha-raizes-fresquinhas-o-ano-todo\/\" target=\"_blank\" rel=\"noreferrer noopener\">planta <\/a>que se adapta bem tanto ao sol quanto \u00e0 meia-sombra, dependendo da esp\u00e9cie e da finalidade do cultivo.<\/p>\n\n\n\n<h3 class=\"wp-block-heading\">Condi\u00e7\u00f5es ideais:<\/h3>\n\n\n\n<ul class=\"wp-block-list\">\n<li><strong>Luz solar:<\/strong> Para cercas vivas, o ficus deve receber <strong>sol pleno por pelo menos 4 a 6 horas por dia<\/strong>. Para ambientes internos, escolha locais bem iluminados, com luz indireta.<\/li>\n\n\n\n<li><strong>Temperatura:<\/strong> Prefere temperaturas entre <strong>18\u00b0C e 30\u00b0C<\/strong>, mas suporta varia\u00e7\u00f5es. N\u00e3o tolera geadas.<\/li>\n\n\n\n<li><strong>Ventila\u00e7\u00e3o:<\/strong> Ambientes bem ventilados favorecem o desenvolvimento saud\u00e1vel.<\/li>\n\n\n\n<li><strong>Umidade:<\/strong> Gosta de umidade moderada, mas tamb\u00e9m suporta per\u00edodos curtos de seca.<\/li>\n<\/ul>\n\n\n\n<h2 class=\"wp-block-heading\">Qual \u00e9 o tipo de solo ideal para o cultivo de ficus?<\/h2>\n\n\n\n<p>O ficus cresce bem em diversos tipos de solo, desde que sejam bem drenados e ricos em mat\u00e9ria org\u00e2nica.<\/p>\n\n\n\n<h3 class=\"wp-block-heading\">Prepara\u00e7\u00e3o do solo ideal:<\/h3>\n\n\n\n<ol class=\"wp-block-list\">\n<li>Misture <strong>terra vegetal, composto org\u00e2nico ou h\u00famus de minhoca<\/strong>.<\/li>\n\n\n\n<li>Para melhorar a drenagem, adicione <strong>areia grossa ou perlita<\/strong>.<\/li>\n\n\n\n<li>Enriquecer o solo com <strong>esterco de curral bem curtido<\/strong> ou <strong>farinha de ossos<\/strong> melhora a nutri\u00e7\u00e3o da planta.<\/li>\n\n\n\n<li>O pH ideal do solo varia entre <strong>6,0 e 7,0<\/strong>, levemente \u00e1cido a neutro.<\/li>\n<\/ol>\n\n\n\n<p>Se o cultivo for em vasos, utilize um vaso com <strong>m\u00ednimo de 40 cm de profundidade<\/strong>, com furos no fundo para escoamento da \u00e1gua.<\/p>\n\n\n<div class=\"wp-block-image\">\n<figure class=\"aligncenter size-large\"><img decoding=\"async\" width=\"1024\" height=\"576\" src=\"https:\/\/www.correiobraziliense.com.br\/cbradar\/wp-content\/uploads\/2025\/05\/ficus_1748025547842-1024x576.jpg\" alt=\"\" class=\"wp-image-41859\" srcset=\"https:\/\/www.correiobraziliense.com.br\/cbradar\/wp-content\/uploads\/2025\/05\/ficus_1748025547842-1024x576.jpg 1024w, https:\/\/www.correiobraziliense.com.br\/cbradar\/wp-content\/uploads\/2025\/05\/ficus_1748025547842-300x169.jpg 300w, https:\/\/www.correiobraziliense.com.br\/cbradar\/wp-content\/uploads\/2025\/05\/ficus_1748025547842-768x432.jpg 768w, https:\/\/www.correiobraziliense.com.br\/cbradar\/wp-content\/uploads\/2025\/05\/ficus_1748025547842-750x422.jpg 750w, https:\/\/www.correiobraziliense.com.br\/cbradar\/wp-content\/uploads\/2025\/05\/ficus_1748025547842-1140x641.jpg 1140w, https:\/\/www.correiobraziliense.com.br\/cbradar\/wp-content\/uploads\/2025\/05\/ficus_1748025547842.jpg 1280w\" sizes=\"(max-width: 1024px) 100vw, 1024px\" \/><figcaption class=\"wp-element-caption\">Ficus &#8211; Cr\u00e9ditos: depositphotos.com \/ AlexBerh<\/figcaption><\/figure><\/div>\n\n\n<h2 class=\"wp-block-heading\">Qual \u00e9 a melhor \u00e9poca para plantar ficus?<\/h2>\n\n\n\n<p>O ficus pode ser plantado <strong>durante o ano todo<\/strong>, especialmente em regi\u00f5es de clima tropical e subtropical. Entretanto, os melhores resultados s\u00e3o obtidos se o plantio for realizado no <strong>outono ou na primavera<\/strong>, quando as temperaturas s\u00e3o mais amenas, favorecendo o enraizamento.<\/p>\n\n\n\n<h2 class=\"wp-block-heading\">Como fazer o plantio do ficus?<\/h2>\n\n\n\n<p>O plantio do ficus pode ser feito tanto por <strong>mudas adquiridas em viveiros<\/strong> quanto por <strong>estaquia<\/strong>, m\u00e9todo simples e eficiente.<\/p>\n\n\n\n<h3 class=\"wp-block-heading\">Passo a passo do plantio:<\/h3>\n\n\n\n<ol class=\"wp-block-list\">\n<li>Abra uma cova de aproximadamente <strong>40 cm de profundidade por 40 cm de largura<\/strong>.<\/li>\n\n\n\n<li>Prepare a mistura de solo com terra vegetal, areia e mat\u00e9ria org\u00e2nica.<\/li>\n\n\n\n<li>Retire a muda do recipiente, preservando o torr\u00e3o com as ra\u00edzes.<\/li>\n\n\n\n<li>Posicione a muda na cova, mantendo o n\u00edvel do torr\u00e3o alinhado ao solo.<\/li>\n\n\n\n<li>Complete a cova com a mistura e pressione levemente ao redor da planta.<\/li>\n\n\n\n<li>Regue abundantemente ap\u00f3s o plantio.<\/li>\n<\/ol>\n\n\n\n<h3 class=\"wp-block-heading\">Para cercas vivas:<\/h3>\n\n\n\n<ul class=\"wp-block-list\">\n<li>Fa\u00e7a covas com espa\u00e7amento de <strong>40 a 60 cm entre as plantas<\/strong> para formar uma cerca densa e fechada.<\/li>\n<\/ul>\n\n\n\n<h3 class=\"wp-block-heading\">Para vasos:<\/h3>\n\n\n\n<ul class=\"wp-block-list\">\n<li>Escolha vasos de pelo menos <strong>40 cm de profundidade<\/strong> e renove o substrato a cada 1 ou 2 anos.<\/li>\n<\/ul>\n\n\n\n<h2 class=\"wp-block-heading\">Quais os cuidados essenciais no cultivo do ficus?<\/h2>\n\n\n\n<ul class=\"wp-block-list\">\n<li><strong>Rega:<\/strong> Regue de 2 a 3 vezes por semana, mantendo o solo levemente \u00famido. Evite o encharcamento, pois pode causar apodrecimento das ra\u00edzes.<\/li>\n\n\n\n<li><strong>Aduba\u00e7\u00e3o:<\/strong> A cada 30 a 60 dias, adube com <strong>h\u00famus de minhoca, esterco curtido ou NPK 10-10-10<\/strong>.<\/li>\n\n\n\n<li><strong>Poda:<\/strong> Realize podas regulares para controle de tamanho e forma\u00e7\u00e3o, especialmente no caso de cercas vivas. A poda tamb\u00e9m ajuda a deixar a planta mais densa e bonita.<\/li>\n\n\n\n<li><strong>Luminosidade:<\/strong> Para ambientes internos, garanta luz natural indireta abundante. No jardim, a planta se desenvolve muito bem a pleno sol.<\/li>\n\n\n\n<li><strong>Controle de pragas:<\/strong> Fique atento a <strong>cochonilhas, pulg\u00f5es e \u00e1caros<\/strong>. Utilize <strong>\u00f3leo de neem<\/strong> ou caldas naturais para controle.<\/li>\n<\/ul>\n\n\n\n<h2 class=\"wp-block-heading\">Quanto tempo leva para o ficus come\u00e7ar a se desenvolver?<\/h2>\n\n\n\n<p>O ficus tem crescimento relativamente r\u00e1pido. Ap\u00f3s o plantio, em <strong>3 a 6 meses<\/strong> j\u00e1 apresenta bom desenvolvimento, especialmente se plantado em sol pleno e com solo bem nutrido.<\/p>\n\n\n\n<ul class=\"wp-block-list\">\n<li>Para cercas vivas, leva cerca de <strong>12 a 18 meses<\/strong> para fechar completamente, dependendo dos cuidados.<\/li>\n\n\n\n<li>Em vasos, cresce mais lentamente, mas se desenvolve bem com podas regulares.<\/li>\n<\/ul>\n\n\n\n<h2 class=\"wp-block-heading\">Como \u00e9 feita a manuten\u00e7\u00e3o e o crescimento controlado do ficus?<\/h2>\n\n\n\n<ul class=\"wp-block-list\">\n<li><strong>Poda:<\/strong> Essencial para manter o tamanho desejado e dar forma \u00e0 planta. Pode ser feita a qualquer \u00e9poca do ano, mas \u00e9 ideal ap\u00f3s o ver\u00e3o.<\/li>\n\n\n\n<li><strong>Limpeza:<\/strong> Remova folhas secas, galhos danificados e excesso de brotos internos.<\/li>\n\n\n\n<li><strong>Substitui\u00e7\u00e3o de substrato:<\/strong> No cultivo em vasos, troque o substrato a cada 1 ou 2 anos, garantindo nutrientes renovados.<\/li>\n\n\n\n<li><strong>Controle de ra\u00edzes:<\/strong> O ficus, quando plantado no solo, desenvolve ra\u00edzes fortes que podem danificar cal\u00e7adas, muros e encanamentos. Por isso, \u00e9 ideal plantar distante dessas estruturas ou usar barreiras f\u00edsicas no solo.<\/li>\n<\/ul>\n\n\n\n<h2 class=\"wp-block-heading\">FAQ <\/h2>\n\n\n\n<p><strong>1. O ficus precisa de muito sol?<\/strong><br>Depende da esp\u00e9cie. Para cercas vivas e jardins, <strong>sol pleno<\/strong> \u00e9 ideal. Em ambientes internos, deve ficar em local bem iluminado, com luz indireta.<\/p>\n\n\n\n<p><strong>2. \u00c9 poss\u00edvel plantar ficus em vaso?<\/strong><br>Sim! O ficus se adapta bem a vasos, desde que sejam grandes (<strong>m\u00ednimo de 40 cm de profundidade<\/strong>) e com boa drenagem.<\/p>\n\n\n\n<p><strong>3. O ficus cresce muito?<\/strong><br>Se plantado no solo, sim. Pode atingir de <strong>4 a 10 metros<\/strong>, dependendo da esp\u00e9cie. Por isso, a <strong>poda \u00e9 essencial<\/strong> para controlar o tamanho.<\/p>\n\n\n\n<p><strong>4. Quais s\u00e3o as pragas mais comuns no ficus?<\/strong><br><strong>Cochonilhas, \u00e1caros e pulg\u00f5es.<\/strong> O controle pode ser feito com <strong>\u00f3leo de neem, calda de sab\u00e3o e podas de limpeza.<\/strong><\/p>\n\n\n\n<p><strong>5. As ra\u00edzes do ficus s\u00e3o agressivas?<\/strong><br>Sim. As ra\u00edzes s\u00e3o fortes e podem danificar cal\u00e7adas, pisos e encanamentos se plantadas muito pr\u00f3ximas. Use barreiras ou cultive em vasos para evitar problemas.<\/p>\n","protected":false},"excerpt":{"rendered":"<p>O ficus \u00e9 uma planta extremamente vers\u00e1til, muito utilizada tanto na decora\u00e7\u00e3o de ambientes internos quanto na forma\u00e7\u00e3o de cercas vivas, jardins e paisagismo em geral. De crescimento r\u00e1pido e f\u00e1cil manuten\u00e7\u00e3o, o ficus \u00e9 conhecido pela sua resist\u00eancia, beleza e capacidade de se adaptar a diversos tipos de ambiente. Entre as esp\u00e9cies mais populares [&hellip;]<\/p>\n","protected":false},"author":9,"featured_media":41858,"comment_status":"open","ping_status":"open","sticky":false,"template":"","format":"standard","meta":{"_yoast_wpseo_focuskw":"ficus","_yoast_wpseo_title":"%%title%% %%page%%","_yoast_wpseo_metadesc":"Aprenda a cultivar ficus no vaso ou jardim com dicas simples de plantio, poda e cuidados para deixar sua casa verde o ano todo.","jnews-multi-image_gallery":[],"jnews_single_post":{"format":"standard"},"jnews_primary_category":[],"jnews_social_meta":[],"jnews_override_counter":[],"footnotes":""},"categories":[136],"tags":[5257,5256,5255,5254],"class_list":["post-41856","post","type-post","status-publish","format-standard","has-post-thumbnail","hentry","category-jardinagem","tag-cerca-viva-de-ficus","tag-como-plantar-ficus","tag-cultivo-de-ficus","tag-plantio-de-ficus"],"yoast_head":"<!-- This site is optimized with the Yoast SEO plugin v24.6 - https:\/\/yoast.com\/wordpress\/plugins\/seo\/ -->\n<title>Passo a passo para plantar ficus e deixar seu jardim mais bonito<\/title>\n<meta name=\"description\" content=\"Aprenda a cultivar ficus no vaso ou jardim com dicas simples de plantio, poda e cuidados para deixar sua casa verde o ano todo.\" \/>\n<meta name=\"robots\" content=\"index, follow, max-snippet:-1, max-image-preview:large, max-video-preview:-1\" \/>\n<link rel=\"canonical\" href=\"https:\/\/www.correiobraziliense.com.br\/cbradar\/passo-a-passo-para-plantar-ficus-e-deixar-seu-jardim-mais-bonito\/\" \/>\n<meta property=\"og:locale\" content=\"pt_BR\" \/>\n<meta property=\"og:type\" content=\"article\" \/>\n<meta property=\"og:title\" content=\"Passo a passo para plantar ficus e deixar seu jardim mais bonito\" \/>\n<meta property=\"og:description\" content=\"Aprenda a cultivar ficus no vaso ou jardim com dicas simples de plantio, poda e cuidados para deixar sua casa verde o ano todo.\" \/>\n<meta property=\"og:url\" content=\"https:\/\/www.correiobraziliense.com.br\/cbradar\/passo-a-passo-para-plantar-ficus-e-deixar-seu-jardim-mais-bonito\/\" \/>\n<meta property=\"og:site_name\" content=\"Correio Braziliense - Radar\" \/>\n<meta property=\"article:published_time\" content=\"2025-05-24T14:10:00+00:00\" \/>\n<meta property=\"og:image\" content=\"https:\/\/www.correiobraziliense.com.br\/cbradar\/wp-content\/uploads\/2025\/05\/ficus_1748025086089.jpg\" \/>\n\t<meta property=\"og:image:width\" content=\"1280\" \/>\n\t<meta property=\"og:image:height\" content=\"720\" \/>\n\t<meta property=\"og:image:type\" content=\"image\/jpeg\" \/>\n<meta name=\"author\" content=\"Daniely Cardoso\" \/>\n<meta name=\"twitter:card\" content=\"summary_large_image\" \/>\n<meta name=\"twitter:label1\" content=\"Escrito por\" \/>\n\t<meta name=\"twitter:data1\" content=\"Daniely Cardoso\" \/>\n\t<meta name=\"twitter:label2\" content=\"Est. tempo de leitura\" \/>\n\t<meta name=\"twitter:data2\" content=\"6 minutos\" \/>\n<!-- \/ Yoast SEO plugin. -->","yoast_head_json":{"title":"Passo a passo para plantar ficus e deixar seu jardim mais bonito","description":"Aprenda a cultivar ficus no vaso ou jardim com dicas simples de plantio, poda e cuidados para deixar sua casa verde o ano todo.","robots":{"index":"index","follow":"follow","max-snippet":"max-snippet:-1","max-image-preview":"max-image-preview:large","max-video-preview":"max-video-preview:-1"},"canonical":"https:\/\/www.correiobraziliense.com.br\/cbradar\/passo-a-passo-para-plantar-ficus-e-deixar-seu-jardim-mais-bonito\/","og_locale":"pt_BR","og_type":"article","og_title":"Passo a passo para plantar ficus e deixar seu jardim mais bonito","og_description":"Aprenda a cultivar ficus no vaso ou jardim com dicas simples de plantio, poda e cuidados para deixar sua casa verde o ano todo.","og_url":"https:\/\/www.correiobraziliense.com.br\/cbradar\/passo-a-passo-para-plantar-ficus-e-deixar-seu-jardim-mais-bonito\/","og_site_name":"Correio Braziliense - Radar","article_published_time":"2025-05-24T14:10:00+00:00","og_image":[{"width":1280,"height":720,"url":"https:\/\/www.correiobraziliense.com.br\/cbradar\/wp-content\/uploads\/2025\/05\/ficus_1748025086089.jpg","type":"image\/jpeg"}],"author":"Daniely Cardoso","twitter_card":"summary_large_image","twitter_misc":{"Escrito por":"Daniely Cardoso","Est. tempo de leitura":"6 minutos"},"schema":{"@context":"https:\/\/schema.org","@graph":[{"@type":"WebPage","@id":"https:\/\/www.correiobraziliense.com.br\/cbradar\/passo-a-passo-para-plantar-ficus-e-deixar-seu-jardim-mais-bonito\/","url":"https:\/\/www.correiobraziliense.com.br\/cbradar\/passo-a-passo-para-plantar-ficus-e-deixar-seu-jardim-mais-bonito\/","name":"Passo a passo para plantar ficus e deixar seu jardim mais bonito","isPartOf":{"@id":"https:\/\/www.correiobraziliense.com.br\/cbradar\/#website"},"primaryImageOfPage":{"@id":"https:\/\/www.correiobraziliense.com.br\/cbradar\/passo-a-passo-para-plantar-ficus-e-deixar-seu-jardim-mais-bonito\/#primaryimage"},"image":{"@id":"https:\/\/www.correiobraziliense.com.br\/cbradar\/passo-a-passo-para-plantar-ficus-e-deixar-seu-jardim-mais-bonito\/#primaryimage"},"thumbnailUrl":"https:\/\/www.correiobraziliense.com.br\/cbradar\/wp-content\/uploads\/2025\/05\/ficus_1748025086089.jpg","datePublished":"2025-05-24T14:10:00+00:00","author":{"@id":"https:\/\/www.correiobraziliense.com.br\/cbradar\/#\/schema\/person\/7356666e12ec0ee53f348ee5db227032"},"description":"Aprenda a cultivar ficus no vaso ou jardim com dicas simples de plantio, poda e cuidados para deixar sua casa verde o ano todo.","breadcrumb":{"@id":"https:\/\/www.correiobraziliense.com.br\/cbradar\/passo-a-passo-para-plantar-ficus-e-deixar-seu-jardim-mais-bonito\/#breadcrumb"},"inLanguage":"pt-BR","potentialAction":[{"@type":"ReadAction","target":["https:\/\/www.correiobraziliense.com.br\/cbradar\/passo-a-passo-para-plantar-ficus-e-deixar-seu-jardim-mais-bonito\/"]}]},{"@type":"ImageObject","inLanguage":"pt-BR","@id":"https:\/\/www.correiobraziliense.com.br\/cbradar\/passo-a-passo-para-plantar-ficus-e-deixar-seu-jardim-mais-bonito\/#primaryimage","url":"https:\/\/www.correiobraziliense.com.br\/cbradar\/wp-content\/uploads\/2025\/05\/ficus_1748025086089.jpg","contentUrl":"https:\/\/www.correiobraziliense.com.br\/cbradar\/wp-content\/uploads\/2025\/05\/ficus_1748025086089.jpg","width":1280,"height":720,"caption":"Ficus - Cr\u00e9ditos: depositphotos.com \/ SashaKhalabuzar"},{"@type":"BreadcrumbList","@id":"https:\/\/www.correiobraziliense.com.br\/cbradar\/passo-a-passo-para-plantar-ficus-e-deixar-seu-jardim-mais-bonito\/#breadcrumb","itemListElement":[{"@type":"ListItem","position":1,"name":"In\u00edcio","item":"https:\/\/www.correiobraziliense.com.br\/cbradar\/"},{"@type":"ListItem","position":2,"name":"Passo a passo para plantar ficus e deixar seu jardim mais bonito"}]},{"@type":"WebSite","@id":"https:\/\/www.correiobraziliense.com.br\/cbradar\/#website","url":"https:\/\/www.correiobraziliense.com.br\/cbradar\/","name":"Correio Braziliense - Radar","description":"Acompanhe as \u00faltimas not\u00edcias e fique bem informado sobre tudo o que acontece no Brasil e no mundo.","potentialAction":[{"@type":"SearchAction","target":{"@type":"EntryPoint","urlTemplate":"https:\/\/www.correiobraziliense.com.br\/cbradar\/?s={search_term_string}"},"query-input":{"@type":"PropertyValueSpecification","valueRequired":true,"valueName":"search_term_string"}}],"inLanguage":"pt-BR"},{"@type":"Person","@id":"https:\/\/www.correiobraziliense.com.br\/cbradar\/#\/schema\/person\/7356666e12ec0ee53f348ee5db227032","name":"Daniely Cardoso","image":{"@type":"ImageObject","inLanguage":"pt-BR","@id":"https:\/\/www.correiobraziliense.com.br\/cbradar\/#\/schema\/person\/image\/","url":"https:\/\/secure.gravatar.com\/avatar\/4b80ddbd124d1f071b626d52d62e5dff?s=96&d=mm&r=g","contentUrl":"https:\/\/secure.gravatar.com\/avatar\/4b80ddbd124d1f071b626d52d62e5dff?s=96&d=mm&r=g","caption":"Daniely Cardoso"},"description":"Redatora nos portais CB Radar e EM Foco, formada pela Universidade Federal de Goi\u00e1s, em Goi\u00e2nia. Apaixonada por comunica\u00e7\u00e3o, arte, decora\u00e7\u00e3o e tend\u00eancias, atuo na produ\u00e7\u00e3o de conte\u00fados envolventes sobre curiosidades, moda, beleza e paisagismo, sempre com um olhar atento \u00e0s novidades do momento.","sameAs":["https:\/\/www.correiobraziliense.com.br\/cbradar"],"url":"https:\/\/www.correiobraziliense.com.br\/cbradar\/author\/danielymyth\/"}]}},"_links":{"self":[{"href":"https:\/\/www.correiobraziliense.com.br\/cbradar\/wp-json\/wp\/v2\/posts\/41856","targetHints":{"allow":["GET"]}}],"collection":[{"href":"https:\/\/www.correiobraziliense.com.br\/cbradar\/wp-json\/wp\/v2\/posts"}],"about":[{"href":"https:\/\/www.correiobraziliense.com.br\/cbradar\/wp-json\/wp\/v2\/types\/post"}],"author":[{"embeddable":true,"href":"https:\/\/www.correiobraziliense.com.br\/cbradar\/wp-json\/wp\/v2\/users\/9"}],"replies":[{"embeddable":true,"href":"https:\/\/www.correiobraziliense.com.br\/cbradar\/wp-json\/wp\/v2\/comments?post=41856"}],"version-history":[{"count":4,"href":"https:\/\/www.correiobraziliense.com.br\/cbradar\/wp-json\/wp\/v2\/posts\/41856\/revisions"}],"predecessor-version":[{"id":42064,"href":"https:\/\/www.correiobraziliense.com.br\/cbradar\/wp-json\/wp\/v2\/posts\/41856\/revisions\/42064"}],"wp:featuredmedia":[{"embeddable":true,"href":"https:\/\/www.correiobraziliense.com.br\/cbradar\/wp-json\/wp\/v2\/media\/41858"}],"wp:attachment":[{"href":"https:\/\/www.correiobraziliense.com.br\/cbradar\/wp-json\/wp\/v2\/media?parent=41856"}],"wp:term":[{"taxonomy":"category","embeddable":true,"href":"https:\/\/www.correiobraziliense.com.br\/cbradar\/wp-json\/wp\/v2\/categories?post=41856"},{"taxonomy":"post_tag","embeddable":true,"href":"https:\/\/www.correiobraziliense.com.br\/cbradar\/wp-json\/wp\/v2\/tags?post=41856"}],"curies":[{"name":"wp","href":"https:\/\/api.w.org\/{rel}","templated":true}]}}