{"id":41863,"date":"2025-05-24T13:10:00","date_gmt":"2025-05-24T16:10:00","guid":{"rendered":"https:\/\/www.correiobraziliense.com.br\/cbradar\/?p=41863"},"modified":"2025-05-23T15:53:17","modified_gmt":"2025-05-23T18:53:17","slug":"os-beneficios-do-cravo-da-india-para-saude-e-como-plantar-em-casa","status":"publish","type":"post","link":"https:\/\/www.correiobraziliense.com.br\/cbradar\/os-beneficios-do-cravo-da-india-para-saude-e-como-plantar-em-casa\/","title":{"rendered":"Os benef\u00edcios do cravo-da-\u00edndia para sa\u00fade e como plantar em casa"},"content":{"rendered":"\n<p>O <strong>cravo-da-\u00edndia<\/strong> (<strong>Syzygium aromaticum<\/strong>) \u00e9 uma \u00e1rvore tropical origin\u00e1ria da <strong>Indon\u00e9sia<\/strong>, famosa por seus bot\u00f5es florais secos, que s\u00e3o usados como especiaria e na medicina natural. \u00c9 rico em <strong>\u00f3leos essenciais<\/strong>, como o eugenol, al\u00e9m de possuir propriedades <strong>anti-inflamat\u00f3rias, antif\u00fangicas, antioxidantes e analg\u00e9sicas<\/strong>.<\/p>\n\n\n\n<p>Apesar de ser mais comum em regi\u00f5es litor\u00e2neas e tropicais, o cravo-da-\u00edndia pode ser <a href=\"https:\/\/www.correiobraziliense.com.br\/cbradar\/aprenda-a-cultivar-graviola-e-aproveite-seus-frutos-e-beneficios\/\" target=\"_blank\" rel=\"noreferrer noopener\">cultivado<\/a> com sucesso no <strong>Brasil<\/strong>, especialmente em quintais, s\u00edtios ou ch\u00e1caras, desde que se respeitem suas necessidades espec\u00edficas.<\/p>\n\n\n\n<h2 class=\"wp-block-heading\">Quais s\u00e3o as condi\u00e7\u00f5es ideais para plantar cravo-da-\u00edndia?<\/h2>\n\n\n\n<p>O <strong>cravo-da-\u00edndia<\/strong> \u00e9 uma \u00e1rvore de clima tropical e \u00famido. Suas condi\u00e7\u00f5es ideais incluem:<\/p>\n\n\n\n<ul class=\"wp-block-list\">\n<li><strong>Temperatura:<\/strong> Entre <strong>20\u00b0C e 30\u00b0C<\/strong>.<\/li>\n\n\n\n<li><strong>Umidade:<\/strong> Alta umidade relativa do ar \u00e9 essencial para o bom desenvolvimento.<\/li>\n\n\n\n<li><strong>Luz:<\/strong> Precisa de <strong>sol pleno a meia-sombra<\/strong>, especialmente nos primeiros anos.<\/li>\n\n\n\n<li><strong>Ventos:<\/strong> Deve ser cultivado em locais protegidos de ventos fortes, que podem quebrar seus ramos fr\u00e1geis.<\/li>\n\n\n\n<li><strong>Altitude:<\/strong> Desenvolve-se melhor em altitudes de at\u00e9 <strong>500 metros<\/strong>.<\/li>\n<\/ul>\n\n\n\n<h2 class=\"wp-block-heading\">Qual \u00e9 o tipo de solo ideal para o cultivo do cravo-da-\u00edndia?<\/h2>\n\n\n\n<p>O cravo-da-\u00edndia exige solo:<\/p>\n\n\n\n<ul class=\"wp-block-list\">\n<li><strong>Profundo, bem drenado e f\u00e9rtil.<\/strong><\/li>\n\n\n\n<li>Rico em <strong>mat\u00e9ria org\u00e2nica.<\/strong><\/li>\n\n\n\n<li>Com pH entre <strong>5,5 e 6,5<\/strong> (levemente \u00e1cido a neutro).<\/li>\n<\/ul>\n\n\n\n<h3 class=\"wp-block-heading\">Como preparar o solo ideal:<\/h3>\n\n\n\n<ol class=\"wp-block-list\">\n<li>Misture <strong>terra vegetal, esterco de curral bem curtido e h\u00famus de minhoca<\/strong>.<\/li>\n\n\n\n<li>Para melhorar a drenagem, adicione <strong>areia grossa ou casca de arroz carbonizada<\/strong>.<\/li>\n\n\n\n<li>Enriquecer com <strong>farinha de osso e cinzas de madeira<\/strong>, que fornecem c\u00e1lcio e pot\u00e1ssio.<\/li>\n\n\n\n<li>Evite solos compactados ou encharcados, pois a planta \u00e9 sens\u00edvel ao excesso de \u00e1gua.<\/li>\n<\/ol>\n\n\n\n<p>Se for plantar em vasos (apenas nos primeiros anos), o recipiente deve ter no m\u00ednimo <strong>60 cm de profundidade e 60 cm de di\u00e2metro<\/strong>, com excelente drenagem.<\/p>\n\n\n\n<h2 class=\"wp-block-heading\">Qual \u00e9 a melhor \u00e9poca para plantar cravo-da-\u00edndia?<\/h2>\n\n\n\n<p>A melhor \u00e9poca para o plantio do cravo-da-\u00edndia \u00e9 no <strong>in\u00edcio da esta\u00e7\u00e3o das chuvas<\/strong>, geralmente entre <strong>outubro e fevereiro<\/strong>, nas regi\u00f5es tropicais do Brasil.<\/p>\n\n\n\n<p>Essa \u00e9poca favorece o enraizamento e o desenvolvimento inicial da muda, com melhor adapta\u00e7\u00e3o \u00e0s condi\u00e7\u00f5es do solo e clima.<\/p>\n\n\n\n<h2 class=\"wp-block-heading\">Como fazer o plantio do cravo-da-\u00edndia?<\/h2>\n\n\n\n<p>O plantio do cravo-da-\u00edndia \u00e9 geralmente feito por <strong>sementes frescas<\/strong> ou mudas adquiridas em viveiros especializados.<\/p>\n\n\n\n<h3 class=\"wp-block-heading\">Passo a passo do plantio:<\/h3>\n\n\n\n<ol class=\"wp-block-list\">\n<li>Abra uma cova de aproximadamente <strong>50 cm de profundidade por 50 cm de largura<\/strong>.<\/li>\n\n\n\n<li>Misture a terra retirada com <strong>esterco de curral bem curtido, h\u00famus e areia.<\/strong><\/li>\n\n\n\n<li>Coloque a muda no centro da cova, mantendo o torr\u00e3o intacto.<\/li>\n\n\n\n<li>Complete a cova com a mistura, apertando levemente ao redor da planta.<\/li>\n\n\n\n<li>Regue bem ap\u00f3s o plantio.<\/li>\n<\/ol>\n\n\n\n<h3 class=\"wp-block-heading\">Espa\u00e7amento:<\/h3>\n\n\n\n<ul class=\"wp-block-list\">\n<li>Para plantio isolado: <strong>m\u00ednimo de 6 metros de dist\u00e2ncia de outras \u00e1rvores<\/strong>.<\/li>\n\n\n\n<li>Para plantio comercial: <strong>6 x 6 metros<\/strong> ou <strong>7 x 7 metros<\/strong>, dependendo da topografia e ventila\u00e7\u00e3o do local.<\/li>\n<\/ul>\n\n\n<div class=\"wp-block-image\">\n<figure class=\"aligncenter size-large\"><img decoding=\"async\" width=\"1024\" height=\"576\" src=\"https:\/\/www.correiobraziliense.com.br\/cbradar\/wp-content\/uploads\/2025\/04\/cravo-da-india_1744224322532-1024x576.jpg\" alt=\"Aprenda o jeito certo de plantar cravo-da-\u00edndia e colha flores arom\u00e1ticas\" class=\"wp-image-21360\" srcset=\"https:\/\/www.correiobraziliense.com.br\/cbradar\/wp-content\/uploads\/2025\/04\/cravo-da-india_1744224322532-1024x576.jpg 1024w, https:\/\/www.correiobraziliense.com.br\/cbradar\/wp-content\/uploads\/2025\/04\/cravo-da-india_1744224322532-300x169.jpg 300w, https:\/\/www.correiobraziliense.com.br\/cbradar\/wp-content\/uploads\/2025\/04\/cravo-da-india_1744224322532-768x432.jpg 768w, https:\/\/www.correiobraziliense.com.br\/cbradar\/wp-content\/uploads\/2025\/04\/cravo-da-india_1744224322532-750x422.jpg 750w, https:\/\/www.correiobraziliense.com.br\/cbradar\/wp-content\/uploads\/2025\/04\/cravo-da-india_1744224322532-1140x641.jpg 1140w, https:\/\/www.correiobraziliense.com.br\/cbradar\/wp-content\/uploads\/2025\/04\/cravo-da-india_1744224322532.jpg 1280w\" sizes=\"(max-width: 1024px) 100vw, 1024px\" \/><figcaption class=\"wp-element-caption\">Cravo &#8211; Cr\u00e9ditos: depositphotos.com \/ gresey<\/figcaption><\/figure><\/div>\n\n\n<h2 class=\"wp-block-heading\">Quais os cuidados essenciais no cultivo do cravo-da-\u00edndia?<\/h2>\n\n\n\n<ul class=\"wp-block-list\">\n<li><strong>Rega:<\/strong> A planta gosta de solo levemente \u00famido, sem encharcar. Nos primeiros dois anos, as regas devem ser frequentes, especialmente na seca.<\/li>\n\n\n\n<li><strong>Aduba\u00e7\u00e3o:<\/strong> A cada 2 meses, aplique <a href=\"https:\/\/rehagro.com.br\/blog\/composto-organico-quais-os-beneficios-como-e-feito\/\" target=\"_blank\" rel=\"noreferrer noopener\">composto org\u00e2nico<\/a><strong>, esterco curtido ou NPK 10-10-10.<\/strong> Durante a fase de frutifica\u00e7\u00e3o, utilize tamb\u00e9m <strong>NPK 4-14-8<\/strong>.<\/li>\n\n\n\n<li><strong>Poda:<\/strong> Nos primeiros anos, fa\u00e7a podas de forma\u00e7\u00e3o para fortalecer a planta e evitar que cres\u00e7a muito desequilibrada. Remova galhos secos e doentes.<\/li>\n\n\n\n<li><strong>Controle de pragas:<\/strong> Fique atento a <strong>brocas, cochonilhas e fungos.<\/strong> Utilize <strong>\u00f3leo de neem, calda bordalesa e controle biol\u00f3gico<\/strong> sempre que necess\u00e1rio.<\/li>\n\n\n\n<li><strong>Sombreamento inicial:<\/strong> Nos primeiros 12 a 24 meses, o cravo-da-\u00edndia pode ser cultivado sob sombreamento parcial, para depois se adaptar ao sol pleno.<\/li>\n<\/ul>\n\n\n\n<h2 class=\"wp-block-heading\">Quanto tempo leva para o cravo-da-\u00edndia come\u00e7ar a produzir?<\/h2>\n\n\n\n<p>O cravo-da-\u00edndia \u00e9 uma planta de desenvolvimento mais lento. Come\u00e7a a produzir entre <strong>5 a 7 anos ap\u00f3s o plantio<\/strong>, se bem conduzido.<\/p>\n\n\n\n<p>Uma \u00e1rvore bem cuidada pode produzir por mais de <strong>50 anos<\/strong>, com picos produtivos entre <strong>15 e 30 anos<\/strong> de idade.<\/p>\n\n\n\n<h2 class=\"wp-block-heading\">Como \u00e9 feita a colheita e o armazenamento do cravo-da-\u00edndia?<\/h2>\n\n\n\n<ul class=\"wp-block-list\">\n<li>A colheita \u00e9 feita manualmente, colhendo os <strong>bot\u00f5es florais ainda fechados<\/strong>, que s\u00e3o os famosos cravos usados como especiaria.<\/li>\n\n\n\n<li>A colheita deve ser feita antes da abertura das flores, quando os bot\u00f5es est\u00e3o com colora\u00e7\u00e3o <strong>rosada ou avermelhada<\/strong>.<\/li>\n\n\n\n<li>Ap\u00f3s colhidos, os bot\u00f5es s\u00e3o colocados para <strong>secar ao sol ou em estufas<\/strong>, por cerca de <strong>4 a 6 dias<\/strong>, at\u00e9 ficarem completamente secos.<\/li>\n\n\n\n<li>O cravo seco deve ser armazenado em potes bem fechados, ao abrigo da umidade e da luz, podendo durar <strong>at\u00e9 2 anos<\/strong> com boa qualidade.<\/li>\n<\/ul>\n\n\n\n<h2 class=\"wp-block-heading\">FAQ<\/h2>\n\n\n\n<p><strong>1. O cravo-da-\u00edndia precisa de muito sol?<\/strong><br>Sim. Ap\u00f3s os dois primeiros anos, ele deve ser cultivado <strong>em sol pleno<\/strong>, embora aceite <strong>meia-sombra no in\u00edcio<\/strong>.<\/p>\n\n\n\n<p><strong>2. Posso plantar cravo-da-\u00edndia em vaso?<\/strong><br>Somente nos primeiros anos. Depois de crescer, ele precisa ser transplantado para o solo, pois atinge at\u00e9 <strong>10 a 12 metros de altura.<\/strong><\/p>\n\n\n\n<p><strong>3. Por que meu cravo-da-\u00edndia n\u00e3o cresce?<\/strong><br>Pode ser excesso de \u00e1gua (encharcamento), solo muito compactado ou pH inadequado. O cravo exige <strong>solos f\u00e9rteis, bem drenados e pH entre 5,5 e 6,5.<\/strong><\/p>\n\n\n\n<p><strong>4. Quanto tempo leva para colher cravo-da-\u00edndia?<\/strong><br>Em m\u00e9dia <strong>5 a 7 anos ap\u00f3s o plantio<\/strong>, a planta come\u00e7a a produzir.<\/p>\n\n\n\n<p><strong>5. O cravo-da-\u00edndia vive por quanto tempo?<\/strong><br>Se bem cuidado, pode viver <strong>mais de 50 anos<\/strong>, produzindo anualmente.<\/p>\n","protected":false},"excerpt":{"rendered":"<p>O cravo-da-\u00edndia (Syzygium aromaticum) \u00e9 uma \u00e1rvore tropical origin\u00e1ria da Indon\u00e9sia, famosa por seus bot\u00f5es florais secos, que s\u00e3o usados como especiaria e na medicina natural. \u00c9 rico em \u00f3leos essenciais, como o eugenol, al\u00e9m de possuir propriedades anti-inflamat\u00f3rias, antif\u00fangicas, antioxidantes e analg\u00e9sicas. Apesar de ser mais comum em regi\u00f5es litor\u00e2neas e tropicais, o cravo-da-\u00edndia [&hellip;]<\/p>\n","protected":false},"author":9,"featured_media":21359,"comment_status":"open","ping_status":"open","sticky":false,"template":"","format":"standard","meta":{"_yoast_wpseo_focuskw":"cravo-da-\u00edndia","_yoast_wpseo_title":"%%title%% %%page%%","_yoast_wpseo_metadesc":"Aprenda a plantar cravo-da-\u00edndia em casa com dicas simples para cuidar da \u00e1rvore e colher bot\u00f5es frescos para temperos e rem\u00e9dios naturais.","jnews-multi-image_gallery":[],"jnews_single_post":{"format":"standard"},"jnews_primary_category":[],"jnews_social_meta":[],"jnews_override_counter":[],"footnotes":""},"categories":[136],"post_tag":[5262,5261,266,5260],"class_list":["post-41863","post","type-post","status-publish","format-standard","has-post-thumbnail","hentry","category-jardinagem","tag-como-plantar-cravo-da-india","tag-cultivo-de-cravo-da-india","tag-horta-caseira","tag-plantio-de-cravo-da-india"],"yoast_head":"<!-- This site is optimized with the Yoast SEO plugin v24.6 - https:\/\/yoast.com\/wordpress\/plugins\/seo\/ -->\n<title>Os benef\u00edcios do cravo-da-\u00edndia para sa\u00fade e como plantar em casa<\/title>\n<meta name=\"description\" content=\"Aprenda a plantar cravo-da-\u00edndia em casa com dicas simples para cuidar da \u00e1rvore e colher bot\u00f5es frescos para temperos e rem\u00e9dios naturais.\" \/>\n<meta name=\"robots\" content=\"index, follow, max-snippet:-1, max-image-preview:large, max-video-preview:-1\" \/>\n<link rel=\"canonical\" href=\"https:\/\/www.correiobraziliense.com.br\/cbradar\/os-beneficios-do-cravo-da-india-para-saude-e-como-plantar-em-casa\/\" \/>\n<meta property=\"og:locale\" content=\"pt_BR\" \/>\n<meta property=\"og:type\" content=\"article\" \/>\n<meta property=\"og:title\" content=\"Os benef\u00edcios do cravo-da-\u00edndia para sa\u00fade e como plantar em casa\" \/>\n<meta property=\"og:description\" content=\"Aprenda a plantar cravo-da-\u00edndia em casa com dicas simples para cuidar da \u00e1rvore e colher bot\u00f5es frescos para temperos e rem\u00e9dios naturais.\" \/>\n<meta property=\"og:url\" content=\"https:\/\/www.correiobraziliense.com.br\/cbradar\/os-beneficios-do-cravo-da-india-para-saude-e-como-plantar-em-casa\/\" \/>\n<meta property=\"og:site_name\" content=\"Correio Braziliense - Radar\" \/>\n<meta property=\"article:published_time\" content=\"2025-05-24T16:10:00+00:00\" \/>\n<meta property=\"og:image\" content=\"https:\/\/www.correiobraziliense.com.br\/cbradar\/wp-content\/uploads\/2025\/04\/cravo-da-india_1744224274411.jpg\" \/>\n\t<meta property=\"og:image:width\" content=\"1280\" \/>\n\t<meta property=\"og:image:height\" content=\"720\" \/>\n\t<meta property=\"og:image:type\" content=\"image\/jpeg\" \/>\n<meta name=\"author\" content=\"Daniely Cardoso\" \/>\n<meta name=\"twitter:card\" content=\"summary_large_image\" \/>\n<meta name=\"twitter:label1\" content=\"Escrito por\" \/>\n\t<meta name=\"twitter:data1\" content=\"Daniely Cardoso\" \/>\n\t<meta name=\"twitter:label2\" content=\"Est. tempo de leitura\" \/>\n\t<meta name=\"twitter:data2\" content=\"6 minutos\" \/>\n<!-- \/ Yoast SEO plugin. -->","yoast_head_json":{"title":"Os benef\u00edcios do cravo-da-\u00edndia para sa\u00fade e como plantar em casa","description":"Aprenda a plantar cravo-da-\u00edndia em casa com dicas simples para cuidar da \u00e1rvore e colher bot\u00f5es frescos para temperos e rem\u00e9dios naturais.","robots":{"index":"index","follow":"follow","max-snippet":"max-snippet:-1","max-image-preview":"max-image-preview:large","max-video-preview":"max-video-preview:-1"},"canonical":"https:\/\/www.correiobraziliense.com.br\/cbradar\/os-beneficios-do-cravo-da-india-para-saude-e-como-plantar-em-casa\/","og_locale":"pt_BR","og_type":"article","og_title":"Os benef\u00edcios do cravo-da-\u00edndia para sa\u00fade e como plantar em casa","og_description":"Aprenda a plantar cravo-da-\u00edndia em casa com dicas simples para cuidar da \u00e1rvore e colher bot\u00f5es frescos para temperos e rem\u00e9dios naturais.","og_url":"https:\/\/www.correiobraziliense.com.br\/cbradar\/os-beneficios-do-cravo-da-india-para-saude-e-como-plantar-em-casa\/","og_site_name":"Correio Braziliense - Radar","article_published_time":"2025-05-24T16:10:00+00:00","og_image":[{"width":1280,"height":720,"url":"https:\/\/www.correiobraziliense.com.br\/cbradar\/wp-content\/uploads\/2025\/04\/cravo-da-india_1744224274411.jpg","type":"image\/jpeg"}],"author":"Daniely Cardoso","twitter_card":"summary_large_image","twitter_misc":{"Escrito por":"Daniely Cardoso","Est. tempo de leitura":"6 minutos"},"schema":{"@context":"https:\/\/schema.org","@graph":[{"@type":"WebPage","@id":"https:\/\/www.correiobraziliense.com.br\/cbradar\/os-beneficios-do-cravo-da-india-para-saude-e-como-plantar-em-casa\/","url":"https:\/\/www.correiobraziliense.com.br\/cbradar\/os-beneficios-do-cravo-da-india-para-saude-e-como-plantar-em-casa\/","name":"Os benef\u00edcios do cravo-da-\u00edndia para sa\u00fade e como plantar em casa","isPartOf":{"@id":"https:\/\/www.correiobraziliense.com.br\/cbradar\/#website"},"primaryImageOfPage":{"@id":"https:\/\/www.correiobraziliense.com.br\/cbradar\/os-beneficios-do-cravo-da-india-para-saude-e-como-plantar-em-casa\/#primaryimage"},"image":{"@id":"https:\/\/www.correiobraziliense.com.br\/cbradar\/os-beneficios-do-cravo-da-india-para-saude-e-como-plantar-em-casa\/#primaryimage"},"thumbnailUrl":"https:\/\/www.correiobraziliense.com.br\/cbradar\/wp-content\/uploads\/2025\/04\/cravo-da-india_1744224274411.jpg","datePublished":"2025-05-24T16:10:00+00:00","author":{"@id":"https:\/\/www.correiobraziliense.com.br\/cbradar\/#\/schema\/person\/7356666e12ec0ee53f348ee5db227032"},"description":"Aprenda a plantar cravo-da-\u00edndia em casa com dicas simples para cuidar da \u00e1rvore e colher bot\u00f5es frescos para temperos e rem\u00e9dios naturais.","breadcrumb":{"@id":"https:\/\/www.correiobraziliense.com.br\/cbradar\/os-beneficios-do-cravo-da-india-para-saude-e-como-plantar-em-casa\/#breadcrumb"},"inLanguage":"pt-BR","potentialAction":[{"@type":"ReadAction","target":["https:\/\/www.correiobraziliense.com.br\/cbradar\/os-beneficios-do-cravo-da-india-para-saude-e-como-plantar-em-casa\/"]}]},{"@type":"ImageObject","inLanguage":"pt-BR","@id":"https:\/\/www.correiobraziliense.com.br\/cbradar\/os-beneficios-do-cravo-da-india-para-saude-e-como-plantar-em-casa\/#primaryimage","url":"https:\/\/www.correiobraziliense.com.br\/cbradar\/wp-content\/uploads\/2025\/04\/cravo-da-india_1744224274411.jpg","contentUrl":"https:\/\/www.correiobraziliense.com.br\/cbradar\/wp-content\/uploads\/2025\/04\/cravo-da-india_1744224274411.jpg","width":1280,"height":720,"caption":"Potencial anti-inflamat\u00f3rio comprovado por estudos - Cr\u00e9ditos: depositphotos.com \/ lenyvavsha"},{"@type":"BreadcrumbList","@id":"https:\/\/www.correiobraziliense.com.br\/cbradar\/os-beneficios-do-cravo-da-india-para-saude-e-como-plantar-em-casa\/#breadcrumb","itemListElement":[{"@type":"ListItem","position":1,"name":"In\u00edcio","item":"https:\/\/www.correiobraziliense.com.br\/cbradar\/"},{"@type":"ListItem","position":2,"name":"Os benef\u00edcios do cravo-da-\u00edndia para sa\u00fade e como plantar em casa"}]},{"@type":"WebSite","@id":"https:\/\/www.correiobraziliense.com.br\/cbradar\/#website","url":"https:\/\/www.correiobraziliense.com.br\/cbradar\/","name":"Correio Braziliense - Radar","description":"Acompanhe as \u00faltimas not\u00edcias e fique bem informado sobre tudo o que acontece no Brasil e no mundo.","potentialAction":[{"@type":"SearchAction","target":{"@type":"EntryPoint","urlTemplate":"https:\/\/www.correiobraziliense.com.br\/cbradar\/?s={search_term_string}"},"query-input":{"@type":"PropertyValueSpecification","valueRequired":true,"valueName":"search_term_string"}}],"inLanguage":"pt-BR"},{"@type":"Person","@id":"https:\/\/www.correiobraziliense.com.br\/cbradar\/#\/schema\/person\/7356666e12ec0ee53f348ee5db227032","name":"Daniely Cardoso","image":{"@type":"ImageObject","inLanguage":"pt-BR","@id":"https:\/\/www.correiobraziliense.com.br\/cbradar\/#\/schema\/person\/image\/","url":"https:\/\/secure.gravatar.com\/avatar\/4b80ddbd124d1f071b626d52d62e5dff?s=96&d=mm&r=g","contentUrl":"https:\/\/secure.gravatar.com\/avatar\/4b80ddbd124d1f071b626d52d62e5dff?s=96&d=mm&r=g","caption":"Daniely Cardoso"},"description":"Redatora nos portais CB Radar e EM Foco, formada pela Universidade Federal de Goi\u00e1s, em Goi\u00e2nia. Apaixonada por comunica\u00e7\u00e3o, arte, decora\u00e7\u00e3o e tend\u00eancias, atuo na produ\u00e7\u00e3o de conte\u00fados envolventes sobre curiosidades, moda, beleza e paisagismo, sempre com um olhar atento \u00e0s novidades do momento.","sameAs":["https:\/\/www.correiobraziliense.com.br\/cbradar"],"url":"https:\/\/www.correiobraziliense.com.br\/cbradar\/author\/danielymyth\/"}]}},"_links":{"self":[{"href":"https:\/\/www.correiobraziliense.com.br\/cbradar\/wp-json\/wp\/v2\/posts\/41863","targetHints":{"allow":["GET"]}}],"collection":[{"href":"https:\/\/www.correiobraziliense.com.br\/cbradar\/wp-json\/wp\/v2\/posts"}],"about":[{"href":"https:\/\/www.correiobraziliense.com.br\/cbradar\/wp-json\/wp\/v2\/types\/post"}],"author":[{"embeddable":true,"href":"https:\/\/www.correiobraziliense.com.br\/cbradar\/wp-json\/wp\/v2\/users\/9"}],"replies":[{"embeddable":true,"href":"https:\/\/www.correiobraziliense.com.br\/cbradar\/wp-json\/wp\/v2\/comments?post=41863"}],"version-history":[{"count":2,"href":"https:\/\/www.correiobraziliense.com.br\/cbradar\/wp-json\/wp\/v2\/posts\/41863\/revisions"}],"predecessor-version":[{"id":41871,"href":"https:\/\/www.correiobraziliense.com.br\/cbradar\/wp-json\/wp\/v2\/posts\/41863\/revisions\/41871"}],"wp:featuredmedia":[{"embeddable":true,"href":"https:\/\/www.correiobraziliense.com.br\/cbradar\/wp-json\/wp\/v2\/media\/21359"}],"wp:attachment":[{"href":"https:\/\/www.correiobraziliense.com.br\/cbradar\/wp-json\/wp\/v2\/media?parent=41863"}],"wp:term":[{"taxonomy":"category","embeddable":true,"href":"https:\/\/www.correiobraziliense.com.br\/cbradar\/wp-json\/wp\/v2\/categories?post=41863"},{"taxonomy":"post_tag","embeddable":true,"href":"https:\/\/www.correiobraziliense.com.br\/cbradar\/wp-json\/wp\/v2\/post_tag?post=41863"}],"curies":[{"name":"wp","href":"https:\/\/api.w.org\/{rel}","templated":true}]}}