{"id":41919,"date":"2025-05-24T07:23:00","date_gmt":"2025-05-24T10:23:00","guid":{"rendered":"https:\/\/www.correiobraziliense.com.br\/cbradar\/?p=41919"},"modified":"2025-05-24T07:58:51","modified_gmt":"2025-05-24T10:58:51","slug":"esse-filme-vai-te-levar-aos-bastidores-da-alta-moda","status":"publish","type":"post","link":"https:\/\/www.correiobraziliense.com.br\/cbradar\/esse-filme-vai-te-levar-aos-bastidores-da-alta-moda\/","title":{"rendered":"Esse filme vai te levar aos bastidores da alta moda"},"content":{"rendered":"\n<p><strong>O diabo veste Prada<\/strong> (<em>The Devil Wears Prada<\/em>) \u00e9 um filme lan\u00e7ado em 2006, dirigido por <strong>David Frankel<\/strong>, baseado no best-seller de <strong>Lauren Weisberger<\/strong>. A trama acompanha <strong>Andy Sachs<\/strong>, uma jovem jornalista rec\u00e9m-formada que consegue um emprego como assistente da poderosa editora de moda <strong>Miranda Priestly<\/strong>, na conceituada revista <em>Runway<\/em>.<\/p>\n\n\n\n<p>O que parece uma grande oportunidade profissional logo se transforma em um desafio emocional, \u00e9tico e pessoal, quando Andy precisa decidir at\u00e9 onde est\u00e1 disposta a ir para se encaixar naquele mundo exigente.<\/p>\n\n\n\n<h2 class=\"wp-block-heading\">Quem s\u00e3o os personagens principais?<\/h2>\n\n\n\n<ul class=\"wp-block-list\">\n<li><strong>Andy Sachs<\/strong> (Anne Hathaway): protagonista determinada, mas inicialmente deslocada no mundo da moda.<\/li>\n\n\n\n<li><strong>Miranda Priestly<\/strong> (Meryl Streep): ic\u00f4nica editora de moda, temida por todos.<\/li>\n\n\n\n<li><strong>Nigel<\/strong> (Stanley Tucci): mentor de Andy dentro da reda\u00e7\u00e3o.<\/li>\n\n\n\n<li><strong>Emily<\/strong> (Emily Blunt): assistente competitiva e sarc\u00e1stica.<\/li>\n\n\n\n<li><strong>Nate<\/strong>, <strong>Lily<\/strong> e <strong>Christian Thompson<\/strong>: representam diferentes caminhos e conflitos na vida pessoal de Andy.<\/li>\n<\/ul>\n\n\n\n<figure class=\"wp-block-image size-large\"><img decoding=\"async\" width=\"1024\" height=\"576\" src=\"https:\/\/www.correiobraziliense.com.br\/cbradar\/wp-content\/uploads\/2025\/05\/o-diabo-veste-prada-2-1024x576.png\" alt=\"Esse filme vai te levar aos bastidores da alta moda\" class=\"wp-image-41920\" srcset=\"https:\/\/www.correiobraziliense.com.br\/cbradar\/wp-content\/uploads\/2025\/05\/o-diabo-veste-prada-2-1024x576.png 1024w, https:\/\/www.correiobraziliense.com.br\/cbradar\/wp-content\/uploads\/2025\/05\/o-diabo-veste-prada-2-300x169.png 300w, https:\/\/www.correiobraziliense.com.br\/cbradar\/wp-content\/uploads\/2025\/05\/o-diabo-veste-prada-2-768x432.png 768w, https:\/\/www.correiobraziliense.com.br\/cbradar\/wp-content\/uploads\/2025\/05\/o-diabo-veste-prada-2-750x422.png 750w, https:\/\/www.correiobraziliense.com.br\/cbradar\/wp-content\/uploads\/2025\/05\/o-diabo-veste-prada-2-1140x641.png 1140w, https:\/\/www.correiobraziliense.com.br\/cbradar\/wp-content\/uploads\/2025\/05\/o-diabo-veste-prada-2.png 1280w\" sizes=\"(max-width: 1024px) 100vw, 1024px\" \/><figcaption class=\"wp-element-caption\">O diabo veste prada. Fonte: divulga\u00e7\u00e3o \/ Fox 2000 Pictures<\/figcaption><\/figure>\n\n\n\n<h2 class=\"wp-block-heading\">Como o filme aborda moda, ambi\u00e7\u00e3o e identidade?<\/h2>\n\n\n\n<p><em>O diabo veste Prada<\/em> vai al\u00e9m da superf\u00edcie glamourosa da moda. Ele discute o equil\u00edbrio entre carreira e vida pessoal, as press\u00f5es do mercado de trabalho e o custo das escolhas profissionais. O desenvolvimento de Andy reflete um dilema comum: mudar por necessidade ou permanecer fiel a si mesma?<\/p>\n\n\n\n<p>A atua\u00e7\u00e3o de Meryl Streep como Miranda Priestly \u00e9 um dos grandes destaques, humanizando uma figura inicialmente temida, mas cheia de nuances.<\/p>\n\n\n\n<h2 class=\"wp-block-heading\">Vale a pena assistir O diabo veste Prada?<\/h2>\n\n\n\n<p>Sim. \u00c9 um filme envolvente, com di\u00e1logos afiados, figurinos deslumbrantes e reflex\u00f5es importantes sobre ambi\u00e7\u00e3o, autenticidade e poder. Uma mistura de drama e com\u00e9dia que continua atual e inspiradora.<\/p>\n\n\n\n<p>Ideal para quem busca entretenimento com conte\u00fado e personagens memor\u00e1veis.<\/p>\n\n\n\n<h2 class=\"wp-block-heading\">Curiosidades sobre O diabo veste Prada<\/h2>\n\n\n\n<ul class=\"wp-block-list\">\n<li>Meryl Streep foi indicada ao <strong>Oscar de Melhor Atriz<\/strong> pelo papel de Miranda.<\/li>\n\n\n\n<li>Os figurinos foram assinados por <strong>Patricia Field<\/strong>, tamb\u00e9m figurinista de <em>Sex and the City<\/em>.<\/li>\n\n\n\n<li>O personagem de Miranda foi inspirado em <strong>Anna Wintour<\/strong>, editora da <em>Vogue<\/em>.<\/li>\n\n\n\n<li>O filme se tornou um \u00edcone cultural, influenciando gera\u00e7\u00f5es sobre moda e empoderamento.<\/li>\n<\/ul>\n\n\n\n<iframe loading=\"lazy\" width=\"560\" height=\"315\" src=\"https:\/\/www.youtube.com\/embed\/ZoknZInQM3o?si=mhBAEYx5Fdz8jeeG\" title=\"YouTube video player\" frameborder=\"0\" allow=\"accelerometer; autoplay; clipboard-write; encrypted-media; gyroscope; picture-in-picture; web-share\" referrerpolicy=\"strict-origin-when-cross-origin\" allowfullscreen><\/iframe>\n\n\n\n<h2 class=\"wp-block-heading\">FAQ &#8211; Perguntas frequentes<\/h2>\n\n\n\n<ul class=\"wp-block-list\">\n<li><strong>Onde assistir O diabo veste Prada?<\/strong>\n<ul class=\"wp-block-list\">\n<li>Dispon\u00edvel na <strong>Star+<\/strong>, <strong>Amazon Prime Video<\/strong>, <strong>Apple TV<\/strong> e outras plataformas digitais.<\/li>\n<\/ul>\n<\/li>\n\n\n\n<li><strong>Quem est\u00e1 no elenco principal?<\/strong>\n<ul class=\"wp-block-list\">\n<li><strong>Meryl Streep<\/strong>, <strong>Anne Hathaway<\/strong>, <strong>Emily Blunt<\/strong>, <strong>Stanley Tucci<\/strong>, <strong>Adrian Grenier<\/strong>, <strong>Simon Baker<\/strong>.<\/li>\n<\/ul>\n<\/li>\n\n\n\n<li><strong>Qual o ano de lan\u00e7amento do filme?<\/strong>\n<ul class=\"wp-block-list\">\n<li><em>O diabo veste Prada<\/em> foi lan\u00e7ado em 2006.<\/li>\n<\/ul>\n<\/li>\n\n\n\n<li><strong>Qual a produtora respons\u00e1vel pelo filme?<\/strong>\n<ul class=\"wp-block-list\">\n<li>Produzido pela <strong>Fox 2000 Pictures<\/strong>, em parceria com a <strong>Dune Entertainment<\/strong> e a <strong>Twentieth Century Fox<\/strong>.<\/li>\n<\/ul>\n<\/li>\n<\/ul>\n","protected":false},"excerpt":{"rendered":"<p>Moda, ambi\u00e7\u00e3o e dilemas pessoais se cruzam em um dos filmes mais ic\u00f4nicos sobre o universo editorial e seus sacrif\u00edcios.<\/p>\n","protected":false},"author":3,"featured_media":41921,"comment_status":"open","ping_status":"open","sticky":false,"template":"","format":"standard","meta":{"_yoast_wpseo_focuskw":"O diabo veste prada","_yoast_wpseo_title":"%%title%%","_yoast_wpseo_metadesc":"Moda, ambi\u00e7\u00e3o e dilemas pessoais se cruzam em um dos filmes mais ic\u00f4nicos sobre o universo editorial e seus sacrif\u00edcios.","jnews-multi-image_gallery":[],"jnews_single_post":{"format":"standard"},"jnews_primary_category":[],"jnews_social_meta":[],"jnews_override_counter":[],"footnotes":""},"categories":[140],"post_tag":[568],"class_list":["post-41919","post","type-post","status-publish","format-standard","has-post-thumbnail","hentry","category-entretenimento","tag-series-e-filmes"],"yoast_head":"<!-- This site is optimized with the Yoast SEO plugin v24.6 - https:\/\/yoast.com\/wordpress\/plugins\/seo\/ -->\n<title>Esse filme vai te levar aos bastidores da alta moda<\/title>\n<meta name=\"description\" content=\"Moda, ambi\u00e7\u00e3o e dilemas pessoais se cruzam em um dos filmes mais ic\u00f4nicos sobre o universo editorial e seus sacrif\u00edcios.\" \/>\n<meta name=\"robots\" content=\"index, follow, max-snippet:-1, max-image-preview:large, max-video-preview:-1\" \/>\n<link rel=\"canonical\" href=\"https:\/\/www.correiobraziliense.com.br\/cbradar\/esse-filme-vai-te-levar-aos-bastidores-da-alta-moda\/\" \/>\n<meta property=\"og:locale\" content=\"pt_BR\" \/>\n<meta property=\"og:type\" content=\"article\" \/>\n<meta property=\"og:title\" content=\"Esse filme vai te levar aos bastidores da alta moda\" \/>\n<meta property=\"og:description\" content=\"Moda, ambi\u00e7\u00e3o e dilemas pessoais se cruzam em um dos filmes mais ic\u00f4nicos sobre o universo editorial e seus sacrif\u00edcios.\" \/>\n<meta property=\"og:url\" content=\"https:\/\/www.correiobraziliense.com.br\/cbradar\/esse-filme-vai-te-levar-aos-bastidores-da-alta-moda\/\" \/>\n<meta property=\"og:site_name\" content=\"Correio Braziliense - Radar\" \/>\n<meta property=\"article:published_time\" content=\"2025-05-24T10:23:00+00:00\" \/>\n<meta property=\"article:modified_time\" content=\"2025-05-24T10:58:51+00:00\" \/>\n<meta property=\"og:image\" content=\"https:\/\/www.correiobraziliense.com.br\/cbradar\/wp-content\/uploads\/2025\/05\/o-diabo-veste-prada.png\" \/>\n\t<meta property=\"og:image:width\" content=\"1280\" \/>\n\t<meta property=\"og:image:height\" content=\"720\" \/>\n\t<meta property=\"og:image:type\" content=\"image\/png\" \/>\n<meta name=\"author\" content=\"Larissa Carvalho\" \/>\n<meta name=\"twitter:card\" content=\"summary_large_image\" \/>\n<meta name=\"twitter:label1\" content=\"Escrito por\" \/>\n\t<meta name=\"twitter:data1\" content=\"Larissa Carvalho\" \/>\n\t<meta name=\"twitter:label2\" content=\"Est. tempo de leitura\" \/>\n\t<meta name=\"twitter:data2\" content=\"3 minutos\" \/>\n<!-- \/ Yoast SEO plugin. -->","yoast_head_json":{"title":"Esse filme vai te levar aos bastidores da alta moda","description":"Moda, ambi\u00e7\u00e3o e dilemas pessoais se cruzam em um dos filmes mais ic\u00f4nicos sobre o universo editorial e seus sacrif\u00edcios.","robots":{"index":"index","follow":"follow","max-snippet":"max-snippet:-1","max-image-preview":"max-image-preview:large","max-video-preview":"max-video-preview:-1"},"canonical":"https:\/\/www.correiobraziliense.com.br\/cbradar\/esse-filme-vai-te-levar-aos-bastidores-da-alta-moda\/","og_locale":"pt_BR","og_type":"article","og_title":"Esse filme vai te levar aos bastidores da alta moda","og_description":"Moda, ambi\u00e7\u00e3o e dilemas pessoais se cruzam em um dos filmes mais ic\u00f4nicos sobre o universo editorial e seus sacrif\u00edcios.","og_url":"https:\/\/www.correiobraziliense.com.br\/cbradar\/esse-filme-vai-te-levar-aos-bastidores-da-alta-moda\/","og_site_name":"Correio Braziliense - Radar","article_published_time":"2025-05-24T10:23:00+00:00","article_modified_time":"2025-05-24T10:58:51+00:00","og_image":[{"width":1280,"height":720,"url":"https:\/\/www.correiobraziliense.com.br\/cbradar\/wp-content\/uploads\/2025\/05\/o-diabo-veste-prada.png","type":"image\/png"}],"author":"Larissa Carvalho","twitter_card":"summary_large_image","twitter_misc":{"Escrito por":"Larissa Carvalho","Est. tempo de leitura":"3 minutos"},"schema":{"@context":"https:\/\/schema.org","@graph":[{"@type":"WebPage","@id":"https:\/\/www.correiobraziliense.com.br\/cbradar\/esse-filme-vai-te-levar-aos-bastidores-da-alta-moda\/","url":"https:\/\/www.correiobraziliense.com.br\/cbradar\/esse-filme-vai-te-levar-aos-bastidores-da-alta-moda\/","name":"Esse filme vai te levar aos bastidores da alta moda","isPartOf":{"@id":"https:\/\/www.correiobraziliense.com.br\/cbradar\/#website"},"primaryImageOfPage":{"@id":"https:\/\/www.correiobraziliense.com.br\/cbradar\/esse-filme-vai-te-levar-aos-bastidores-da-alta-moda\/#primaryimage"},"image":{"@id":"https:\/\/www.correiobraziliense.com.br\/cbradar\/esse-filme-vai-te-levar-aos-bastidores-da-alta-moda\/#primaryimage"},"thumbnailUrl":"https:\/\/www.correiobraziliense.com.br\/cbradar\/wp-content\/uploads\/2025\/05\/o-diabo-veste-prada.png","datePublished":"2025-05-24T10:23:00+00:00","dateModified":"2025-05-24T10:58:51+00:00","author":{"@id":"https:\/\/www.correiobraziliense.com.br\/cbradar\/#\/schema\/person\/58422787644df994b53a19d3e56c1513"},"description":"Moda, ambi\u00e7\u00e3o e dilemas pessoais se cruzam em um dos filmes mais ic\u00f4nicos sobre o universo editorial e seus sacrif\u00edcios.","breadcrumb":{"@id":"https:\/\/www.correiobraziliense.com.br\/cbradar\/esse-filme-vai-te-levar-aos-bastidores-da-alta-moda\/#breadcrumb"},"inLanguage":"pt-BR","potentialAction":[{"@type":"ReadAction","target":["https:\/\/www.correiobraziliense.com.br\/cbradar\/esse-filme-vai-te-levar-aos-bastidores-da-alta-moda\/"]}]},{"@type":"ImageObject","inLanguage":"pt-BR","@id":"https:\/\/www.correiobraziliense.com.br\/cbradar\/esse-filme-vai-te-levar-aos-bastidores-da-alta-moda\/#primaryimage","url":"https:\/\/www.correiobraziliense.com.br\/cbradar\/wp-content\/uploads\/2025\/05\/o-diabo-veste-prada.png","contentUrl":"https:\/\/www.correiobraziliense.com.br\/cbradar\/wp-content\/uploads\/2025\/05\/o-diabo-veste-prada.png","width":1280,"height":720,"caption":"O diabo veste prada. Fonte: divulga\u00e7\u00e3o \/ Fox 2000 Pictures"},{"@type":"BreadcrumbList","@id":"https:\/\/www.correiobraziliense.com.br\/cbradar\/esse-filme-vai-te-levar-aos-bastidores-da-alta-moda\/#breadcrumb","itemListElement":[{"@type":"ListItem","position":1,"name":"In\u00edcio","item":"https:\/\/www.correiobraziliense.com.br\/cbradar\/"},{"@type":"ListItem","position":2,"name":"Esse filme vai te levar aos bastidores da alta moda"}]},{"@type":"WebSite","@id":"https:\/\/www.correiobraziliense.com.br\/cbradar\/#website","url":"https:\/\/www.correiobraziliense.com.br\/cbradar\/","name":"Correio Braziliense - Radar","description":"Acompanhe as \u00faltimas not\u00edcias e fique bem informado sobre tudo o que acontece no Brasil e no mundo.","potentialAction":[{"@type":"SearchAction","target":{"@type":"EntryPoint","urlTemplate":"https:\/\/www.correiobraziliense.com.br\/cbradar\/?s={search_term_string}"},"query-input":{"@type":"PropertyValueSpecification","valueRequired":true,"valueName":"search_term_string"}}],"inLanguage":"pt-BR"},{"@type":"Person","@id":"https:\/\/www.correiobraziliense.com.br\/cbradar\/#\/schema\/person\/58422787644df994b53a19d3e56c1513","name":"Larissa Carvalho","image":{"@type":"ImageObject","inLanguage":"pt-BR","@id":"https:\/\/www.correiobraziliense.com.br\/cbradar\/#\/schema\/person\/image\/","url":"https:\/\/secure.gravatar.com\/avatar\/fe4f91a0de32b52a838d0d612abdc1aa?s=96&d=mm&r=g","contentUrl":"https:\/\/secure.gravatar.com\/avatar\/fe4f91a0de32b52a838d0d612abdc1aa?s=96&d=mm&r=g","caption":"Larissa Carvalho"},"url":"https:\/\/www.correiobraziliense.com.br\/cbradar\/author\/larissamyth\/"}]}},"_links":{"self":[{"href":"https:\/\/www.correiobraziliense.com.br\/cbradar\/wp-json\/wp\/v2\/posts\/41919","targetHints":{"allow":["GET"]}}],"collection":[{"href":"https:\/\/www.correiobraziliense.com.br\/cbradar\/wp-json\/wp\/v2\/posts"}],"about":[{"href":"https:\/\/www.correiobraziliense.com.br\/cbradar\/wp-json\/wp\/v2\/types\/post"}],"author":[{"embeddable":true,"href":"https:\/\/www.correiobraziliense.com.br\/cbradar\/wp-json\/wp\/v2\/users\/3"}],"replies":[{"embeddable":true,"href":"https:\/\/www.correiobraziliense.com.br\/cbradar\/wp-json\/wp\/v2\/comments?post=41919"}],"version-history":[{"count":2,"href":"https:\/\/www.correiobraziliense.com.br\/cbradar\/wp-json\/wp\/v2\/posts\/41919\/revisions"}],"predecessor-version":[{"id":42049,"href":"https:\/\/www.correiobraziliense.com.br\/cbradar\/wp-json\/wp\/v2\/posts\/41919\/revisions\/42049"}],"wp:featuredmedia":[{"embeddable":true,"href":"https:\/\/www.correiobraziliense.com.br\/cbradar\/wp-json\/wp\/v2\/media\/41921"}],"wp:attachment":[{"href":"https:\/\/www.correiobraziliense.com.br\/cbradar\/wp-json\/wp\/v2\/media?parent=41919"}],"wp:term":[{"taxonomy":"category","embeddable":true,"href":"https:\/\/www.correiobraziliense.com.br\/cbradar\/wp-json\/wp\/v2\/categories?post=41919"},{"taxonomy":"post_tag","embeddable":true,"href":"https:\/\/www.correiobraziliense.com.br\/cbradar\/wp-json\/wp\/v2\/post_tag?post=41919"}],"curies":[{"name":"wp","href":"https:\/\/api.w.org\/{rel}","templated":true}]}}