{"id":41943,"date":"2025-05-24T18:50:00","date_gmt":"2025-05-24T21:50:00","guid":{"rendered":"https:\/\/www.correiobraziliense.com.br\/cbradar\/?p=41943"},"modified":"2025-05-23T17:25:24","modified_gmt":"2025-05-23T20:25:24","slug":"apple-planeja-entrar-no-mercado-de-oculos-inteligente-para-rivalizar-com-a-meta","status":"publish","type":"post","link":"https:\/\/www.correiobraziliense.com.br\/cbradar\/apple-planeja-entrar-no-mercado-de-oculos-inteligente-para-rivalizar-com-a-meta\/","title":{"rendered":"Apple planeja entrar no mercado de \u00f3culos inteligente para rivalizar com a Meta"},"content":{"rendered":"\n<p>A <strong><a href=\"https:\/\/www.apple.com\/br\/\" target=\"_blank\" rel=\"noreferrer noopener\">Apple<\/a><\/strong> est\u00e1 se preparando para lan\u00e7ar seus \u00f3culos inteligentes at\u00e9 o final de 2026, segundo informa\u00e7\u00f5es de fontes confi\u00e1veis. Esses dispositivos s\u00e3o projetados para competir diretamente com os \u00f3culos inteligentes da <strong>Meta<\/strong>, conhecidos como <strong>Ray-Ban<\/strong>. Equipados com c\u00e2meras, microfones e alto-falantes, os \u00f3culos da Apple prometem oferecer uma intera\u00e7\u00e3o sem m\u00e3os atrav\u00e9s da assistente virtual <strong>Siri<\/strong>.<\/p>\n\n\n\n<p>Os \u00f3culos inteligentes da Apple devem incluir funcionalidades como tradu\u00e7\u00e3o em tempo real, navega\u00e7\u00e3o por <strong>GPS<\/strong>, reprodu\u00e7\u00e3o de m\u00fasica e chamadas telef\u00f4nicas controladas por voz. Esses recursos destacam os \u00f3culos como uma nova categoria de dispositivos de computa\u00e7\u00e3o pessoal, na qual a Apple est\u00e1 investindo significativamente, apesar dos desafios em integrar intelig\u00eancia artificial em seus produtos existentes.<\/p>\n\n\n\n<h2 class=\"wp-block-heading\">Quais s\u00e3o as expectativas para os \u00f3culos inteligentes da Apple?<\/h2>\n\n\n\n<p>Os \u00f3culos inteligentes da Apple s\u00e3o esperados para oferecer uma experi\u00eancia superior em compara\u00e7\u00e3o com produtos semelhantes no mercado. Um chip dedicado, desenvolvido internamente, dever\u00e1 alimentar os \u00f3culos, melhorando seu desempenho e capacidade de resposta da intelig\u00eancia artificial. A produ\u00e7\u00e3o em massa dos prot\u00f3tipos j\u00e1 come\u00e7ou com fornecedores internacionais, visando um lan\u00e7amento em larga escala no pr\u00f3ximo ano.<\/p>\n\n\n\n<p>O projeto dos \u00f3culos, que inicialmente tinha o codinome &#8220;N50&#8221;, evoluiu para &#8220;N401&#8221;, indicando um compromisso mais amplo da Apple com o espa\u00e7o de dispositivos vest\u00edveis com intelig\u00eancia artificial. No entanto, \u00e9 importante notar que os planos da Apple ainda podem mudar, j\u00e1 que projetos anteriores de wearables foram descontinuados.<\/p>\n\n\n\n<figure class=\"wp-block-image size-large\"><img decoding=\"async\" width=\"1024\" height=\"576\" src=\"https:\/\/www.correiobraziliense.com.br\/cbradar\/wp-content\/uploads\/2025\/05\/Apple-company_1748031911435-1024x576.jpg\" alt=\"Apple planeja entrar no mercado de \u00f3culos inteligente para rivalizar com a Meta\" class=\"wp-image-41946\" srcset=\"https:\/\/www.correiobraziliense.com.br\/cbradar\/wp-content\/uploads\/2025\/05\/Apple-company_1748031911435-1024x576.jpg 1024w, https:\/\/www.correiobraziliense.com.br\/cbradar\/wp-content\/uploads\/2025\/05\/Apple-company_1748031911435-300x169.jpg 300w, https:\/\/www.correiobraziliense.com.br\/cbradar\/wp-content\/uploads\/2025\/05\/Apple-company_1748031911435-768x432.jpg 768w, https:\/\/www.correiobraziliense.com.br\/cbradar\/wp-content\/uploads\/2025\/05\/Apple-company_1748031911435-750x422.jpg 750w, https:\/\/www.correiobraziliense.com.br\/cbradar\/wp-content\/uploads\/2025\/05\/Apple-company_1748031911435-1140x641.jpg 1140w, https:\/\/www.correiobraziliense.com.br\/cbradar\/wp-content\/uploads\/2025\/05\/Apple-company_1748031911435.jpg 1280w\" sizes=\"(max-width: 1024px) 100vw, 1024px\" \/><figcaption class=\"wp-element-caption\">Apple company. Cr\u00e9ditos: depositphotos.com \/ boggy22<\/figcaption><\/figure>\n\n\n\n<h2 class=\"wp-block-heading\">Como se diferenciam de outros dispositivos de realidade aumentada?<\/h2>\n\n\n\n<p>Embora os \u00f3culos inteligentes da Apple fa\u00e7am parte de uma estrat\u00e9gia maior para desenvolver \u00f3culos de realidade aumentada, as vers\u00f5es totalmente capazes de <strong>AR<\/strong> ainda est\u00e3o a alguns anos de dist\u00e2ncia. No momento, os \u00f3culos da Apple se concentrar\u00e3o na intera\u00e7\u00e3o com o ambiente atrav\u00e9s de c\u00e2meras, sem a inclus\u00e3o de displays embutidos. Isso os diferencia de futuros wearables de AR esperados de concorrentes como Meta e <strong>Google<\/strong>.<\/p>\n\n\n\n<p>Este movimento ocorre em um momento de intensifica\u00e7\u00e3o da competi\u00e7\u00e3o no hardware de intelig\u00eancia artificial. Empresas como <strong>OpenAI<\/strong>, em colabora\u00e7\u00e3o com o ex-designer da Apple <strong>Jony Ive<\/strong>, planejam lan\u00e7ar seus pr\u00f3prios dispositivos de IA no pr\u00f3ximo ano. Enquanto isso, a Meta obteve sucesso comercial com seus \u00f3culos inteligentes Ray-Ban, e o Google est\u00e1 colaborando com marcas como <strong>Samsung<\/strong> e <strong>Warby Parker<\/strong> para desenvolver \u00f3culos aprimorados com IA em sua plataforma <strong>Android XR<\/strong>.<\/p>\n\n\n\n<h2 class=\"wp-block-heading\">O que o futuro reserva para os \u00f3culos inteligentes da Apple?<\/h2>\n\n\n\n<p>Os \u00f3culos inteligentes da Apple est\u00e3o sendo desenvolvidos pelo <strong>Vision Products Group<\/strong>, a mesma equipe respons\u00e1vel pelo headset <strong>Vision Pro<\/strong>. Al\u00e9m disso, o grupo est\u00e1 trabalhando em vers\u00f5es mais leves e de menor custo do Vision Pro, bem como em modelos que se conectam a <strong>Macs<\/strong> para aplica\u00e7\u00f5es de baixa lat\u00eancia. A aposta da Apple em \u00f3culos inteligentes reflete sua vis\u00e3o de longo prazo para dispositivos vest\u00edveis, mesmo em um cen\u00e1rio competitivo e em r\u00e1pida evolu\u00e7\u00e3o.<\/p>\n\n\n\n<p>Com o avan\u00e7o da tecnologia e a crescente demanda por dispositivos de IA, a Apple est\u00e1 posicionada para ser um jogador chave no mercado de \u00f3culos inteligentes. \u00c0 medida que a empresa continua a desenvolver e refinar suas ofertas, o impacto potencial desses dispositivos no cotidiano dos consumidores \u00e9 significativo.<\/p>\n","protected":false},"excerpt":{"rendered":"<p>Vazamentos revelam que a Apple est\u00e1 preparando o lan\u00e7amento de \u00f3culos inteligentes com IA integrada, prometendo revolucionar a intera\u00e7\u00e3o sem m\u00e3os.<\/p>\n","protected":false},"author":3,"featured_media":41945,"comment_status":"open","ping_status":"open","sticky":false,"template":"","format":"standard","meta":{"_yoast_wpseo_focuskw":"apple \u00f3culos inteligentes","_yoast_wpseo_title":"%%title%%","_yoast_wpseo_metadesc":"Vazamentos revelam que a Apple est\u00e1 preparando o lan\u00e7amento de \u00f3culos inteligentes com IA integrada, prometendo revolucionar a intera\u00e7\u00e3o sem m\u00e3os.","jnews-multi-image_gallery":[],"jnews_single_post":{"format":"standard"},"jnews_primary_category":[],"jnews_social_meta":[],"jnews_override_counter":[],"footnotes":""},"categories":[115],"tags":[158,5269,5270],"class_list":["post-41943","post","type-post","status-publish","format-standard","has-post-thumbnail","hentry","category-tecnologia","tag-apple","tag-oculos-inteligente","tag-rayban"],"yoast_head":"<!-- This site is optimized with the Yoast SEO plugin v24.6 - https:\/\/yoast.com\/wordpress\/plugins\/seo\/ -->\n<title>Apple planeja entrar no mercado de \u00f3culos inteligente para rivalizar com a Meta<\/title>\n<meta name=\"description\" content=\"Vazamentos revelam que a Apple est\u00e1 preparando o lan\u00e7amento de \u00f3culos inteligentes com IA integrada, prometendo revolucionar a intera\u00e7\u00e3o sem m\u00e3os.\" \/>\n<meta name=\"robots\" content=\"index, follow, max-snippet:-1, max-image-preview:large, max-video-preview:-1\" \/>\n<link rel=\"canonical\" href=\"https:\/\/www.correiobraziliense.com.br\/cbradar\/apple-planeja-entrar-no-mercado-de-oculos-inteligente-para-rivalizar-com-a-meta\/\" \/>\n<meta property=\"og:locale\" content=\"pt_BR\" \/>\n<meta property=\"og:type\" content=\"article\" \/>\n<meta property=\"og:title\" content=\"Apple planeja entrar no mercado de \u00f3culos inteligente para rivalizar com a Meta\" \/>\n<meta property=\"og:description\" content=\"Vazamentos revelam que a Apple est\u00e1 preparando o lan\u00e7amento de \u00f3culos inteligentes com IA integrada, prometendo revolucionar a intera\u00e7\u00e3o sem m\u00e3os.\" \/>\n<meta property=\"og:url\" content=\"https:\/\/www.correiobraziliense.com.br\/cbradar\/apple-planeja-entrar-no-mercado-de-oculos-inteligente-para-rivalizar-com-a-meta\/\" \/>\n<meta property=\"og:site_name\" content=\"Correio Braziliense - Radar\" \/>\n<meta property=\"article:published_time\" content=\"2025-05-24T21:50:00+00:00\" \/>\n<meta property=\"og:image\" content=\"https:\/\/www.correiobraziliense.com.br\/cbradar\/wp-content\/uploads\/2025\/05\/Apple-company_1748031888262.jpg\" \/>\n\t<meta property=\"og:image:width\" content=\"1280\" \/>\n\t<meta property=\"og:image:height\" content=\"720\" \/>\n\t<meta property=\"og:image:type\" content=\"image\/jpeg\" \/>\n<meta name=\"author\" content=\"Larissa Carvalho\" \/>\n<meta name=\"twitter:card\" content=\"summary_large_image\" \/>\n<meta name=\"twitter:label1\" content=\"Escrito por\" \/>\n\t<meta name=\"twitter:data1\" content=\"Larissa Carvalho\" \/>\n\t<meta name=\"twitter:label2\" content=\"Est. tempo de leitura\" \/>\n\t<meta name=\"twitter:data2\" content=\"4 minutos\" \/>\n<!-- \/ Yoast SEO plugin. -->","yoast_head_json":{"title":"Apple planeja entrar no mercado de \u00f3culos inteligente para rivalizar com a Meta","description":"Vazamentos revelam que a Apple est\u00e1 preparando o lan\u00e7amento de \u00f3culos inteligentes com IA integrada, prometendo revolucionar a intera\u00e7\u00e3o sem m\u00e3os.","robots":{"index":"index","follow":"follow","max-snippet":"max-snippet:-1","max-image-preview":"max-image-preview:large","max-video-preview":"max-video-preview:-1"},"canonical":"https:\/\/www.correiobraziliense.com.br\/cbradar\/apple-planeja-entrar-no-mercado-de-oculos-inteligente-para-rivalizar-com-a-meta\/","og_locale":"pt_BR","og_type":"article","og_title":"Apple planeja entrar no mercado de \u00f3culos inteligente para rivalizar com a Meta","og_description":"Vazamentos revelam que a Apple est\u00e1 preparando o lan\u00e7amento de \u00f3culos inteligentes com IA integrada, prometendo revolucionar a intera\u00e7\u00e3o sem m\u00e3os.","og_url":"https:\/\/www.correiobraziliense.com.br\/cbradar\/apple-planeja-entrar-no-mercado-de-oculos-inteligente-para-rivalizar-com-a-meta\/","og_site_name":"Correio Braziliense - Radar","article_published_time":"2025-05-24T21:50:00+00:00","og_image":[{"width":1280,"height":720,"url":"https:\/\/www.correiobraziliense.com.br\/cbradar\/wp-content\/uploads\/2025\/05\/Apple-company_1748031888262.jpg","type":"image\/jpeg"}],"author":"Larissa Carvalho","twitter_card":"summary_large_image","twitter_misc":{"Escrito por":"Larissa Carvalho","Est. tempo de leitura":"4 minutos"},"schema":{"@context":"https:\/\/schema.org","@graph":[{"@type":"WebPage","@id":"https:\/\/www.correiobraziliense.com.br\/cbradar\/apple-planeja-entrar-no-mercado-de-oculos-inteligente-para-rivalizar-com-a-meta\/","url":"https:\/\/www.correiobraziliense.com.br\/cbradar\/apple-planeja-entrar-no-mercado-de-oculos-inteligente-para-rivalizar-com-a-meta\/","name":"Apple planeja entrar no mercado de \u00f3culos inteligente para rivalizar com a Meta","isPartOf":{"@id":"https:\/\/www.correiobraziliense.com.br\/cbradar\/#website"},"primaryImageOfPage":{"@id":"https:\/\/www.correiobraziliense.com.br\/cbradar\/apple-planeja-entrar-no-mercado-de-oculos-inteligente-para-rivalizar-com-a-meta\/#primaryimage"},"image":{"@id":"https:\/\/www.correiobraziliense.com.br\/cbradar\/apple-planeja-entrar-no-mercado-de-oculos-inteligente-para-rivalizar-com-a-meta\/#primaryimage"},"thumbnailUrl":"https:\/\/www.correiobraziliense.com.br\/cbradar\/wp-content\/uploads\/2025\/05\/Apple-company_1748031888262.jpg","datePublished":"2025-05-24T21:50:00+00:00","author":{"@id":"https:\/\/www.correiobraziliense.com.br\/cbradar\/#\/schema\/person\/58422787644df994b53a19d3e56c1513"},"description":"Vazamentos revelam que a Apple est\u00e1 preparando o lan\u00e7amento de \u00f3culos inteligentes com IA integrada, prometendo revolucionar a intera\u00e7\u00e3o sem m\u00e3os.","breadcrumb":{"@id":"https:\/\/www.correiobraziliense.com.br\/cbradar\/apple-planeja-entrar-no-mercado-de-oculos-inteligente-para-rivalizar-com-a-meta\/#breadcrumb"},"inLanguage":"pt-BR","potentialAction":[{"@type":"ReadAction","target":["https:\/\/www.correiobraziliense.com.br\/cbradar\/apple-planeja-entrar-no-mercado-de-oculos-inteligente-para-rivalizar-com-a-meta\/"]}]},{"@type":"ImageObject","inLanguage":"pt-BR","@id":"https:\/\/www.correiobraziliense.com.br\/cbradar\/apple-planeja-entrar-no-mercado-de-oculos-inteligente-para-rivalizar-com-a-meta\/#primaryimage","url":"https:\/\/www.correiobraziliense.com.br\/cbradar\/wp-content\/uploads\/2025\/05\/Apple-company_1748031888262.jpg","contentUrl":"https:\/\/www.correiobraziliense.com.br\/cbradar\/wp-content\/uploads\/2025\/05\/Apple-company_1748031888262.jpg","width":1280,"height":720,"caption":"Apple company. Cr\u00e9ditos: depositphotos.com \/ DenysKuvaiev"},{"@type":"BreadcrumbList","@id":"https:\/\/www.correiobraziliense.com.br\/cbradar\/apple-planeja-entrar-no-mercado-de-oculos-inteligente-para-rivalizar-com-a-meta\/#breadcrumb","itemListElement":[{"@type":"ListItem","position":1,"name":"In\u00edcio","item":"https:\/\/www.correiobraziliense.com.br\/cbradar\/"},{"@type":"ListItem","position":2,"name":"Apple planeja entrar no mercado de \u00f3culos inteligente para rivalizar com a Meta"}]},{"@type":"WebSite","@id":"https:\/\/www.correiobraziliense.com.br\/cbradar\/#website","url":"https:\/\/www.correiobraziliense.com.br\/cbradar\/","name":"Correio Braziliense - Radar","description":"Acompanhe as \u00faltimas not\u00edcias e fique bem informado sobre tudo o que acontece no Brasil e no mundo.","potentialAction":[{"@type":"SearchAction","target":{"@type":"EntryPoint","urlTemplate":"https:\/\/www.correiobraziliense.com.br\/cbradar\/?s={search_term_string}"},"query-input":{"@type":"PropertyValueSpecification","valueRequired":true,"valueName":"search_term_string"}}],"inLanguage":"pt-BR"},{"@type":"Person","@id":"https:\/\/www.correiobraziliense.com.br\/cbradar\/#\/schema\/person\/58422787644df994b53a19d3e56c1513","name":"Larissa Carvalho","image":{"@type":"ImageObject","inLanguage":"pt-BR","@id":"https:\/\/www.correiobraziliense.com.br\/cbradar\/#\/schema\/person\/image\/","url":"https:\/\/secure.gravatar.com\/avatar\/fe4f91a0de32b52a838d0d612abdc1aa?s=96&d=mm&r=g","contentUrl":"https:\/\/secure.gravatar.com\/avatar\/fe4f91a0de32b52a838d0d612abdc1aa?s=96&d=mm&r=g","caption":"Larissa Carvalho"},"url":"https:\/\/www.correiobraziliense.com.br\/cbradar\/author\/larissamyth\/"}]}},"_links":{"self":[{"href":"https:\/\/www.correiobraziliense.com.br\/cbradar\/wp-json\/wp\/v2\/posts\/41943","targetHints":{"allow":["GET"]}}],"collection":[{"href":"https:\/\/www.correiobraziliense.com.br\/cbradar\/wp-json\/wp\/v2\/posts"}],"about":[{"href":"https:\/\/www.correiobraziliense.com.br\/cbradar\/wp-json\/wp\/v2\/types\/post"}],"author":[{"embeddable":true,"href":"https:\/\/www.correiobraziliense.com.br\/cbradar\/wp-json\/wp\/v2\/users\/3"}],"replies":[{"embeddable":true,"href":"https:\/\/www.correiobraziliense.com.br\/cbradar\/wp-json\/wp\/v2\/comments?post=41943"}],"version-history":[{"count":2,"href":"https:\/\/www.correiobraziliense.com.br\/cbradar\/wp-json\/wp\/v2\/posts\/41943\/revisions"}],"predecessor-version":[{"id":41947,"href":"https:\/\/www.correiobraziliense.com.br\/cbradar\/wp-json\/wp\/v2\/posts\/41943\/revisions\/41947"}],"wp:featuredmedia":[{"embeddable":true,"href":"https:\/\/www.correiobraziliense.com.br\/cbradar\/wp-json\/wp\/v2\/media\/41945"}],"wp:attachment":[{"href":"https:\/\/www.correiobraziliense.com.br\/cbradar\/wp-json\/wp\/v2\/media?parent=41943"}],"wp:term":[{"taxonomy":"category","embeddable":true,"href":"https:\/\/www.correiobraziliense.com.br\/cbradar\/wp-json\/wp\/v2\/categories?post=41943"},{"taxonomy":"post_tag","embeddable":true,"href":"https:\/\/www.correiobraziliense.com.br\/cbradar\/wp-json\/wp\/v2\/tags?post=41943"}],"curies":[{"name":"wp","href":"https:\/\/api.w.org\/{rel}","templated":true}]}}