{"id":4196,"date":"2025-02-22T19:50:00","date_gmt":"2025-02-22T22:50:00","guid":{"rendered":"https:\/\/www.correiobraziliense.com.br\/cbradar\/?p=4196"},"modified":"2025-02-21T08:16:39","modified_gmt":"2025-02-21T11:16:39","slug":"paginas-na-internet-estao-desaparecendo-entenda","status":"publish","type":"post","link":"https:\/\/www.correiobraziliense.com.br\/cbradar\/paginas-na-internet-estao-desaparecendo-entenda\/","title":{"rendered":"P\u00e1ginas na internet est\u00e3o desaparecendo, entenda"},"content":{"rendered":"\n<p>Com o avan\u00e7o tecnol\u00f3gico e a expans\u00e3o da internet, a expectativa de que as informa\u00e7\u00f5es digitais permane\u00e7am dispon\u00edveis indefinidamente \u00e9 comum. No entanto, a realidade \u00e9 que uma parcela significativa do conte\u00fado online desaparece ao longo do tempo. Segundo um estudo recente, cerca de 40% de todo o conte\u00fado j\u00e1 hospedado na internet n\u00e3o est\u00e1 mais acess\u00edvel, evidenciando a fragilidade do mundo digital.<\/p>\n\n\n\n<p>Entre 2013 e 2023, aproximadamente 38% das p\u00e1ginas da web deixaram de existir, conforme pesquisa do <strong>Pew Research Center.<\/strong> Esse fen\u00f4meno \u00e9 frequentemente sinalizado pelo erro 404, que indica que a p\u00e1gina n\u00e3o pode ser encontrada no endere\u00e7o solicitado. Isso pode ocorrer por remo\u00e7\u00e3o, altera\u00e7\u00e3o sem redirecionamento ou links desatualizados.<\/p>\n\n\n\n<h2 class=\"wp-block-heading\"><strong>Por que as p\u00e1ginas da Web desaparecem?<\/strong><\/h2>\n\n\n\n<p>O desaparecimento de p\u00e1ginas da web n\u00e3o \u00e9 um fen\u00f4meno aleat\u00f3rio. A pesquisa do <strong>Pew Research Center,<\/strong> que analisou quase um milh\u00e3o de p\u00e1ginas registradas pela<strong> Common Craw<\/strong>l, revelou que at\u00e9 mesmo sites governamentais, grandes portais de not\u00edcias e a<strong> Wikip\u00e9dia<\/strong> s\u00e3o afetados. A volatilidade do conte\u00fado digital se deve a diversos fatores, incluindo mudan\u00e7as na gest\u00e3o de sites, atualiza\u00e7\u00f5es de tecnologia e a pr\u00f3pria natureza ef\u00eamera da internet.<\/p>\n\n\n\n<p><strong>Mark Graham,<\/strong> diretor do projeto <strong>Wayback Machine,<\/strong> destaca que, ao contr\u00e1rio de uma biblioteca f\u00edsica onde livros podem sobreviver a um inc\u00eandio, o mundo digital \u00e9 inerentemente fr\u00e1gil. Embora a <strong>Wayback Machine<\/strong> arquive mais de um bilh\u00e3o de URLs diariamente, ainda enfrenta desafios para capturar todo o conte\u00fado devido a restri\u00e7\u00f5es como paywalls e bloqueadores de rastreadores.<\/p>\n\n\n\n<figure class=\"wp-block-image size-large\"><img decoding=\"async\" width=\"1024\" height=\"576\" src=\"https:\/\/www.correiobraziliense.com.br\/cbradar\/wp-content\/uploads\/2025\/02\/Imagem-do-WhatsApp-de-2025-02-20-as-12.08.19_df8557b3-1024x576.jpg\" alt=\"Desaparecimento de Pa\u0301ginas na\u00a0web\" class=\"wp-image-4203\" srcset=\"https:\/\/www.correiobraziliense.com.br\/cbradar\/wp-content\/uploads\/2025\/02\/Imagem-do-WhatsApp-de-2025-02-20-as-12.08.19_df8557b3-1024x576.jpg 1024w, https:\/\/www.correiobraziliense.com.br\/cbradar\/wp-content\/uploads\/2025\/02\/Imagem-do-WhatsApp-de-2025-02-20-as-12.08.19_df8557b3-300x169.jpg 300w, https:\/\/www.correiobraziliense.com.br\/cbradar\/wp-content\/uploads\/2025\/02\/Imagem-do-WhatsApp-de-2025-02-20-as-12.08.19_df8557b3-768x432.jpg 768w, https:\/\/www.correiobraziliense.com.br\/cbradar\/wp-content\/uploads\/2025\/02\/Imagem-do-WhatsApp-de-2025-02-20-as-12.08.19_df8557b3-750x422.jpg 750w, https:\/\/www.correiobraziliense.com.br\/cbradar\/wp-content\/uploads\/2025\/02\/Imagem-do-WhatsApp-de-2025-02-20-as-12.08.19_df8557b3-1140x641.jpg 1140w, https:\/\/www.correiobraziliense.com.br\/cbradar\/wp-content\/uploads\/2025\/02\/Imagem-do-WhatsApp-de-2025-02-20-as-12.08.19_df8557b3.jpg 1280w\" sizes=\"(max-width: 1024px) 100vw, 1024px\" \/><figcaption class=\"wp-element-caption\">Site wix\nCre\u0301ditos: depositphotos.com \/ sharafmaksumov\n<\/figcaption><\/figure>\n\n\n\n<h2 class=\"wp-block-heading\"><strong>Como a Wayback Machine e outras iniciativas ajudam?<\/strong><\/h2>\n\n\n\n<p>A<strong> Wayback Machine,<\/strong> parte do <strong>Internet Archive<\/strong>, desempenha um papel crucial na preserva\u00e7\u00e3o de p\u00e1ginas da web. Ela permite que cerca de dois ter\u00e7os das p\u00e1ginas desaparecidas ainda sejam acessadas, oferecendo um reposit\u00f3rio valioso para pesquisadores e o p\u00fablico em geral. Al\u00e9m disso, iniciativas como o<strong> Common Crawl <\/strong>coletam dados para an\u00e1lise, embora n\u00e3o preservem o conte\u00fado para acesso futuro.<\/p>\n\n\n\n<p>No entanto, essas iniciativas enfrentam limita\u00e7\u00f5es. Sites com<strong> <\/strong>paywalls ou que bloqueiam rastreadores dificultam a captura de conte\u00fado. Al\u00e9m disso, a centraliza\u00e7\u00e3o de dados em grandes corpora\u00e7\u00f5es, como o <strong>Google<\/strong>, levanta preocupa\u00e7\u00f5es sobre a preserva\u00e7\u00e3o a longo prazo do hist\u00f3rico digital.<\/p>\n\n\n\n<h2 class=\"wp-block-heading\"><strong>Qual \u00e9 o impacto do desaparecimento de p\u00e1ginas na internet?<\/strong><\/h2>\n\n\n\n<p>O desaparecimento de p\u00e1ginas na internet tem implica\u00e7\u00f5es significativas para a preserva\u00e7\u00e3o do conhecimento e da hist\u00f3ria digital. Entre 2013 e 2023, 23% dos sites de not\u00edcias e 54% das p\u00e1ginas da<strong> Wikip\u00e9dia<\/strong> apresentaram links quebrados. Isso n\u00e3o apenas afeta a acessibilidade da informa\u00e7\u00e3o, mas tamb\u00e9m compromete a integridade das refer\u00eancias e a confiabilidade das fontes online.<\/p>\n\n\n\n<p>Especialistas alertam que a maior parte dos dados na internet est\u00e1 sob controle de grandes empresas, o que pode dificultar a gest\u00e3o respons\u00e1vel e duradoura do conte\u00fado digital. A preserva\u00e7\u00e3o do conhecimento digital \u00e9 um desafio cont\u00ednuo, exigindo esfor\u00e7os colaborativos entre organiza\u00e7\u00f5es e governos para garantir que a hist\u00f3ria da web n\u00e3o se perca.<\/p>\n\n\n\n<h2 class=\"wp-block-heading\"><strong>O futuro da preserva\u00e7\u00e3o digital<\/strong><\/h2>\n\n\n\n<p>Apesar dos desafios, a preserva\u00e7\u00e3o digital continua a ser uma prioridade para muitas organiza\u00e7\u00f5es. A colabora\u00e7\u00e3o entre iniciativas como a <strong>Wayback Machine <\/strong>e o<strong> Common Crawl <\/strong>\u00e9 essencial para manter uma parte significativa do conte\u00fado online acess\u00edvel. Al\u00e9m disso, a conscientiza\u00e7\u00e3o sobre a import\u00e2ncia da preserva\u00e7\u00e3o digital pode incentivar pol\u00edticas e pr\u00e1ticas que protejam o patrim\u00f4nio digital para as futuras gera\u00e7\u00f5es.<\/p>\n\n\n\n<p>\u00c0 medida que a internet continua a evoluir, \u00e9 crucial que se desenvolvam estrat\u00e9gias eficazes para preservar o conhecimento digital. A prote\u00e7\u00e3o do hist\u00f3rico da web n\u00e3o \u00e9 apenas uma quest\u00e3o t\u00e9cnica, mas tamb\u00e9m cultural, garantindo que as gera\u00e7\u00f5es futuras tenham acesso a um registro abrangente da era digital.<\/p>\n","protected":false},"excerpt":{"rendered":"<p>O artigo discute o desaparecimento de p\u00e1ginas da web e a import\u00e2ncia da preserva\u00e7\u00e3o do conhecimento e da hist\u00f3ria digital.<\/p>\n","protected":false},"author":3,"featured_media":4200,"comment_status":"open","ping_status":"open","sticky":false,"template":"","format":"standard","meta":{"_yoast_wpseo_focuskw":"Desaparecimento de P\u00e1ginas na web","_yoast_wpseo_title":"%%title%%","_yoast_wpseo_metadesc":"O artigo discute o desaparecimento de p\u00e1ginas da web e a import\u00e2ncia da preserva\u00e7\u00e3o do conhecimento e da hist\u00f3ria digital.","jnews-multi-image_gallery":[],"jnews_single_post":{"format":"standard"},"jnews_primary_category":[],"jnews_social_meta":[],"jnews_override_counter":[],"footnotes":""},"categories":[115],"post_tag":[473],"class_list":["post-4196","post","type-post","status-publish","format-standard","has-post-thumbnail","hentry","category-tecnologia","tag-internet"],"yoast_head":"<!-- This site is optimized with the Yoast SEO plugin v24.6 - https:\/\/yoast.com\/wordpress\/plugins\/seo\/ -->\n<title>P\u00e1ginas na internet est\u00e3o desaparecendo, entenda<\/title>\n<meta name=\"description\" content=\"O artigo discute o desaparecimento de p\u00e1ginas da web e a import\u00e2ncia da preserva\u00e7\u00e3o do conhecimento e da hist\u00f3ria digital.\" \/>\n<meta name=\"robots\" content=\"index, follow, max-snippet:-1, max-image-preview:large, max-video-preview:-1\" \/>\n<link rel=\"canonical\" href=\"https:\/\/www.correiobraziliense.com.br\/cbradar\/paginas-na-internet-estao-desaparecendo-entenda\/\" \/>\n<meta property=\"og:locale\" content=\"pt_BR\" \/>\n<meta property=\"og:type\" content=\"article\" \/>\n<meta property=\"og:title\" content=\"P\u00e1ginas na internet est\u00e3o desaparecendo, entenda\" \/>\n<meta property=\"og:description\" content=\"O artigo discute o desaparecimento de p\u00e1ginas da web e a import\u00e2ncia da preserva\u00e7\u00e3o do conhecimento e da hist\u00f3ria digital.\" \/>\n<meta property=\"og:url\" content=\"https:\/\/www.correiobraziliense.com.br\/cbradar\/paginas-na-internet-estao-desaparecendo-entenda\/\" \/>\n<meta property=\"og:site_name\" content=\"Correio Braziliense - Radar\" \/>\n<meta property=\"article:published_time\" content=\"2025-02-22T22:50:00+00:00\" \/>\n<meta property=\"og:image\" content=\"https:\/\/www.correiobraziliense.com.br\/cbradar\/wp-content\/uploads\/2025\/02\/Imagem-do-WhatsApp-de-2025-02-20-as-11.51.35_edf12c08.jpg\" \/>\n\t<meta property=\"og:image:width\" content=\"1280\" \/>\n\t<meta property=\"og:image:height\" content=\"720\" \/>\n\t<meta property=\"og:image:type\" content=\"image\/jpeg\" \/>\n<meta name=\"author\" content=\"Larissa Carvalho\" \/>\n<meta name=\"twitter:card\" content=\"summary_large_image\" \/>\n<meta name=\"twitter:label1\" content=\"Escrito por\" \/>\n\t<meta name=\"twitter:data1\" content=\"Larissa Carvalho\" \/>\n\t<meta name=\"twitter:label2\" content=\"Est. tempo de leitura\" \/>\n\t<meta name=\"twitter:data2\" content=\"4 minutos\" \/>\n<!-- \/ Yoast SEO plugin. -->","yoast_head_json":{"title":"P\u00e1ginas na internet est\u00e3o desaparecendo, entenda","description":"O artigo discute o desaparecimento de p\u00e1ginas da web e a import\u00e2ncia da preserva\u00e7\u00e3o do conhecimento e da hist\u00f3ria digital.","robots":{"index":"index","follow":"follow","max-snippet":"max-snippet:-1","max-image-preview":"max-image-preview:large","max-video-preview":"max-video-preview:-1"},"canonical":"https:\/\/www.correiobraziliense.com.br\/cbradar\/paginas-na-internet-estao-desaparecendo-entenda\/","og_locale":"pt_BR","og_type":"article","og_title":"P\u00e1ginas na internet est\u00e3o desaparecendo, entenda","og_description":"O artigo discute o desaparecimento de p\u00e1ginas da web e a import\u00e2ncia da preserva\u00e7\u00e3o do conhecimento e da hist\u00f3ria digital.","og_url":"https:\/\/www.correiobraziliense.com.br\/cbradar\/paginas-na-internet-estao-desaparecendo-entenda\/","og_site_name":"Correio Braziliense - Radar","article_published_time":"2025-02-22T22:50:00+00:00","og_image":[{"width":1280,"height":720,"url":"https:\/\/www.correiobraziliense.com.br\/cbradar\/wp-content\/uploads\/2025\/02\/Imagem-do-WhatsApp-de-2025-02-20-as-11.51.35_edf12c08.jpg","type":"image\/jpeg"}],"author":"Larissa Carvalho","twitter_card":"summary_large_image","twitter_misc":{"Escrito por":"Larissa Carvalho","Est. tempo de leitura":"4 minutos"},"schema":{"@context":"https:\/\/schema.org","@graph":[{"@type":"WebPage","@id":"https:\/\/www.correiobraziliense.com.br\/cbradar\/paginas-na-internet-estao-desaparecendo-entenda\/","url":"https:\/\/www.correiobraziliense.com.br\/cbradar\/paginas-na-internet-estao-desaparecendo-entenda\/","name":"P\u00e1ginas na internet est\u00e3o desaparecendo, entenda","isPartOf":{"@id":"https:\/\/www.correiobraziliense.com.br\/cbradar\/#website"},"primaryImageOfPage":{"@id":"https:\/\/www.correiobraziliense.com.br\/cbradar\/paginas-na-internet-estao-desaparecendo-entenda\/#primaryimage"},"image":{"@id":"https:\/\/www.correiobraziliense.com.br\/cbradar\/paginas-na-internet-estao-desaparecendo-entenda\/#primaryimage"},"thumbnailUrl":"https:\/\/www.correiobraziliense.com.br\/cbradar\/wp-content\/uploads\/2025\/02\/Imagem-do-WhatsApp-de-2025-02-20-as-11.51.35_edf12c08.jpg","datePublished":"2025-02-22T22:50:00+00:00","author":{"@id":"https:\/\/www.correiobraziliense.com.br\/cbradar\/#\/schema\/person\/58422787644df994b53a19d3e56c1513"},"description":"O artigo discute o desaparecimento de p\u00e1ginas da web e a import\u00e2ncia da preserva\u00e7\u00e3o do conhecimento e da hist\u00f3ria digital.","breadcrumb":{"@id":"https:\/\/www.correiobraziliense.com.br\/cbradar\/paginas-na-internet-estao-desaparecendo-entenda\/#breadcrumb"},"inLanguage":"pt-BR","potentialAction":[{"@type":"ReadAction","target":["https:\/\/www.correiobraziliense.com.br\/cbradar\/paginas-na-internet-estao-desaparecendo-entenda\/"]}]},{"@type":"ImageObject","inLanguage":"pt-BR","@id":"https:\/\/www.correiobraziliense.com.br\/cbradar\/paginas-na-internet-estao-desaparecendo-entenda\/#primaryimage","url":"https:\/\/www.correiobraziliense.com.br\/cbradar\/wp-content\/uploads\/2025\/02\/Imagem-do-WhatsApp-de-2025-02-20-as-11.51.35_edf12c08.jpg","contentUrl":"https:\/\/www.correiobraziliense.com.br\/cbradar\/wp-content\/uploads\/2025\/02\/Imagem-do-WhatsApp-de-2025-02-20-as-11.51.35_edf12c08.jpg","width":1280,"height":720,"caption":"P\u00e1ginas na web Cre\u0301ditos: depositphotos.com \/ Gajus-Images"},{"@type":"BreadcrumbList","@id":"https:\/\/www.correiobraziliense.com.br\/cbradar\/paginas-na-internet-estao-desaparecendo-entenda\/#breadcrumb","itemListElement":[{"@type":"ListItem","position":1,"name":"In\u00edcio","item":"https:\/\/www.correiobraziliense.com.br\/cbradar\/"},{"@type":"ListItem","position":2,"name":"P\u00e1ginas na internet est\u00e3o desaparecendo, entenda"}]},{"@type":"WebSite","@id":"https:\/\/www.correiobraziliense.com.br\/cbradar\/#website","url":"https:\/\/www.correiobraziliense.com.br\/cbradar\/","name":"Correio Braziliense - Radar","description":"Acompanhe as \u00faltimas not\u00edcias e fique bem informado sobre tudo o que acontece no Brasil e no mundo.","potentialAction":[{"@type":"SearchAction","target":{"@type":"EntryPoint","urlTemplate":"https:\/\/www.correiobraziliense.com.br\/cbradar\/?s={search_term_string}"},"query-input":{"@type":"PropertyValueSpecification","valueRequired":true,"valueName":"search_term_string"}}],"inLanguage":"pt-BR"},{"@type":"Person","@id":"https:\/\/www.correiobraziliense.com.br\/cbradar\/#\/schema\/person\/58422787644df994b53a19d3e56c1513","name":"Larissa Carvalho","image":{"@type":"ImageObject","inLanguage":"pt-BR","@id":"https:\/\/www.correiobraziliense.com.br\/cbradar\/#\/schema\/person\/image\/","url":"https:\/\/secure.gravatar.com\/avatar\/fe4f91a0de32b52a838d0d612abdc1aa?s=96&d=mm&r=g","contentUrl":"https:\/\/secure.gravatar.com\/avatar\/fe4f91a0de32b52a838d0d612abdc1aa?s=96&d=mm&r=g","caption":"Larissa Carvalho"},"url":"https:\/\/www.correiobraziliense.com.br\/cbradar\/author\/larissamyth\/"}]}},"_links":{"self":[{"href":"https:\/\/www.correiobraziliense.com.br\/cbradar\/wp-json\/wp\/v2\/posts\/4196","targetHints":{"allow":["GET"]}}],"collection":[{"href":"https:\/\/www.correiobraziliense.com.br\/cbradar\/wp-json\/wp\/v2\/posts"}],"about":[{"href":"https:\/\/www.correiobraziliense.com.br\/cbradar\/wp-json\/wp\/v2\/types\/post"}],"author":[{"embeddable":true,"href":"https:\/\/www.correiobraziliense.com.br\/cbradar\/wp-json\/wp\/v2\/users\/3"}],"replies":[{"embeddable":true,"href":"https:\/\/www.correiobraziliense.com.br\/cbradar\/wp-json\/wp\/v2\/comments?post=4196"}],"version-history":[{"count":5,"href":"https:\/\/www.correiobraziliense.com.br\/cbradar\/wp-json\/wp\/v2\/posts\/4196\/revisions"}],"predecessor-version":[{"id":4602,"href":"https:\/\/www.correiobraziliense.com.br\/cbradar\/wp-json\/wp\/v2\/posts\/4196\/revisions\/4602"}],"wp:featuredmedia":[{"embeddable":true,"href":"https:\/\/www.correiobraziliense.com.br\/cbradar\/wp-json\/wp\/v2\/media\/4200"}],"wp:attachment":[{"href":"https:\/\/www.correiobraziliense.com.br\/cbradar\/wp-json\/wp\/v2\/media?parent=4196"}],"wp:term":[{"taxonomy":"category","embeddable":true,"href":"https:\/\/www.correiobraziliense.com.br\/cbradar\/wp-json\/wp\/v2\/categories?post=4196"},{"taxonomy":"post_tag","embeddable":true,"href":"https:\/\/www.correiobraziliense.com.br\/cbradar\/wp-json\/wp\/v2\/post_tag?post=4196"}],"curies":[{"name":"wp","href":"https:\/\/api.w.org\/{rel}","templated":true}]}}