{"id":41990,"date":"2025-05-24T13:30:00","date_gmt":"2025-05-24T16:30:00","guid":{"rendered":"https:\/\/www.correiobraziliense.com.br\/cbradar\/?p=41990"},"modified":"2025-05-23T19:29:50","modified_gmt":"2025-05-23T22:29:50","slug":"esse-filme-vai-fazer-voce-rir-e-chorar-com-um-cachorro-so","status":"publish","type":"post","link":"https:\/\/www.correiobraziliense.com.br\/cbradar\/esse-filme-vai-fazer-voce-rir-e-chorar-com-um-cachorro-so\/","title":{"rendered":"Esse filme vai fazer voc\u00ea rir e chorar com um cachorro s\u00f3"},"content":{"rendered":"\n<p><strong>Marley e eu<\/strong> (<em>Marley &amp; Me<\/em>) \u00e9 um filme lan\u00e7ado em 2008, dirigido por <strong>David Frankel<\/strong>, baseado no livro autobiogr\u00e1fico de <strong>John Grogan<\/strong>. A trama acompanha <strong>John<\/strong> e <strong>Jenny Grogan<\/strong>, um jovem casal que adota um filhote de labrador amarelo chamado <strong>Marley<\/strong>.<\/p>\n\n\n\n<p>O que come\u00e7a como uma tentativa de \u201cteste para filhos\u201d se transforma em uma jornada intensa e emocionante. Marley \u00e9 desobediente, ca\u00f3tico e destruidor \u2014 mas tamb\u00e9m carinhoso, leal e profundamente amado.<\/p>\n\n\n\n<h2 class=\"wp-block-heading\">Quem s\u00e3o os personagens principais?<\/h2>\n\n\n\n<ul class=\"wp-block-list\">\n<li><strong>John Grogan<\/strong> (Owen Wilson): jornalista e narrador da hist\u00f3ria.<\/li>\n\n\n\n<li><strong>Jenny Grogan<\/strong> (Jennifer Aniston): esposa paciente, determinada e amorosa.<\/li>\n\n\n\n<li><strong>Marley<\/strong>: o verdadeiro protagonista \u2014 um cachorro imperfeito, mas extraordin\u00e1rio.<\/li>\n\n\n\n<li><strong>Sebastian<\/strong>, <strong>Arnie Klein<\/strong> e os filhos do casal completam o elenco com momentos c\u00f4micos e tocantes.<\/li>\n<\/ul>\n\n\n\n<figure class=\"wp-block-image size-large\"><img decoding=\"async\" width=\"1024\" height=\"576\" src=\"https:\/\/www.correiobraziliense.com.br\/cbradar\/wp-content\/uploads\/2025\/05\/Marley-e-eu-1024x576.png\" alt=\"Esse filme vai fazer voc\u00ea rir e chorar com um cachorro s\u00f3\" class=\"wp-image-41991\" srcset=\"https:\/\/www.correiobraziliense.com.br\/cbradar\/wp-content\/uploads\/2025\/05\/Marley-e-eu-1024x576.png 1024w, https:\/\/www.correiobraziliense.com.br\/cbradar\/wp-content\/uploads\/2025\/05\/Marley-e-eu-300x169.png 300w, https:\/\/www.correiobraziliense.com.br\/cbradar\/wp-content\/uploads\/2025\/05\/Marley-e-eu-768x432.png 768w, https:\/\/www.correiobraziliense.com.br\/cbradar\/wp-content\/uploads\/2025\/05\/Marley-e-eu-750x422.png 750w, https:\/\/www.correiobraziliense.com.br\/cbradar\/wp-content\/uploads\/2025\/05\/Marley-e-eu-1140x641.png 1140w, https:\/\/www.correiobraziliense.com.br\/cbradar\/wp-content\/uploads\/2025\/05\/Marley-e-eu.png 1280w\" sizes=\"(max-width: 1024px) 100vw, 1024px\" \/><figcaption class=\"wp-element-caption\">Marley e eu. Fonte: divulga\u00e7\u00e3o \/ Fox 2000 Pictures<\/figcaption><\/figure>\n\n\n\n<h2 class=\"wp-block-heading\">Como o filme equilibra humor e emo\u00e7\u00e3o?<\/h2>\n\n\n\n<p><em>Marley e eu<\/em> \u00e9 uma com\u00e9dia dram\u00e1tica que brinca com as alegrias e desafios de criar um cachorro. As travessuras de Marley geram muitas risadas, mas o filme vai al\u00e9m, mostrando como a conviv\u00eancia com o pet ajuda o casal a crescer, enfrentar perdas e celebrar a vida cotidiana.<\/p>\n\n\n\n<p>A simplicidade da narrativa \u00e9 justamente o que torna a hist\u00f3ria t\u00e3o universal e comovente.<\/p>\n\n\n\n<h2 class=\"wp-block-heading\">Vale a pena assistir Marley e eu?<\/h2>\n\n\n\n<p>Com certeza. <em>Marley e eu<\/em> \u00e9 um filme para toda a fam\u00edlia, que fala sobre amor incondicional, lealdade e o tempo que temos com quem amamos. \u00c9 imposs\u00edvel n\u00e3o rir e chorar com a trajet\u00f3ria de Marley.<\/p>\n\n\n\n<p>Recomendado especialmente para quem j\u00e1 teve (ou tem) um animal de estima\u00e7\u00e3o e sabe o impacto que eles causam em nossas vidas.<\/p>\n\n\n\n<h2 class=\"wp-block-heading\">Curiosidades sobre Marley e eu<\/h2>\n\n\n\n<ul class=\"wp-block-list\">\n<li>O livro que inspirou o filme foi um best-seller mundial.<\/li>\n\n\n\n<li>Mais de 20 c\u00e3es foram usados para interpretar Marley em diferentes fases da vida.<\/li>\n\n\n\n<li>A hist\u00f3ria real aconteceu na Fl\u00f3rida, onde John Grogan trabalhou como jornalista.<\/li>\n\n\n\n<li>A frase final do filme \u00e9 uma das mais lembradas por quem assistiu: \u201cum cachorro n\u00e3o precisa ser perfeito, s\u00f3 precisa nos amar.\u201d<\/li>\n<\/ul>\n\n\n\n<iframe loading=\"lazy\" width=\"560\" height=\"315\" src=\"https:\/\/www.youtube.com\/embed\/vBKwJVring4?si=vvsaFXaoXtjp_TZc\" title=\"YouTube video player\" frameborder=\"0\" allow=\"accelerometer; autoplay; clipboard-write; encrypted-media; gyroscope; picture-in-picture; web-share\" referrerpolicy=\"strict-origin-when-cross-origin\" allowfullscreen><\/iframe>\n\n\n\n<h2 class=\"wp-block-heading\">FAQ &#8211; Perguntas frequentes<\/h2>\n\n\n\n<ul class=\"wp-block-list\">\n<li><strong>Onde assistir Marley e eu?<\/strong>\n<ul class=\"wp-block-list\">\n<li>Dispon\u00edvel na <strong>Star+<\/strong>, <strong>Amazon Prime Video<\/strong> e <strong>Apple TV<\/strong>.<\/li>\n<\/ul>\n<\/li>\n\n\n\n<li><strong>Quem est\u00e1 no elenco principal?<\/strong>\n<ul class=\"wp-block-list\">\n<li><strong>Owen Wilson<\/strong>, <strong>Jennifer Aniston<\/strong>, <strong>Eric Dane<\/strong>, <strong>Alan Arkin<\/strong>, <strong>Kathleen Turner<\/strong>.<\/li>\n<\/ul>\n<\/li>\n\n\n\n<li><strong>Qual o ano de lan\u00e7amento do filme?<\/strong>\n<ul class=\"wp-block-list\">\n<li><em>Marley e eu<\/em> foi lan\u00e7ado em 2008.<\/li>\n<\/ul>\n<\/li>\n\n\n\n<li><strong>Qual a produtora respons\u00e1vel pelo filme?<\/strong>\n<ul class=\"wp-block-list\">\n<li>Produzido pela <strong>Fox 2000 Pictures<\/strong>, em parceria com a <strong>Regency Enterprises<\/strong> e a <strong>Dune Entertainment<\/strong>.<\/li>\n<\/ul>\n<\/li>\n<\/ul>\n","protected":false},"excerpt":{"rendered":"<p>Amor, caos e li\u00e7\u00f5es de vida em uma emocionante hist\u00f3ria sobre um cachorro inesquec\u00edvel e sua fam\u00edlia humana.<\/p>\n","protected":false},"author":3,"featured_media":41992,"comment_status":"open","ping_status":"open","sticky":false,"template":"","format":"standard","meta":{"_yoast_wpseo_focuskw":"marley e eu","_yoast_wpseo_title":"%%title%%","_yoast_wpseo_metadesc":"Amor, caos e li\u00e7\u00f5es de vida em uma emocionante hist\u00f3ria sobre um cachorro inesquec\u00edvel e sua fam\u00edlia humana.","jnews-multi-image_gallery":[],"jnews_single_post":{"format":"standard"},"jnews_primary_category":[],"jnews_social_meta":[],"jnews_override_counter":[],"footnotes":""},"categories":[140],"post_tag":[568],"class_list":["post-41990","post","type-post","status-publish","format-standard","has-post-thumbnail","hentry","category-entretenimento","tag-series-e-filmes"],"yoast_head":"<!-- This site is optimized with the Yoast SEO plugin v24.6 - https:\/\/yoast.com\/wordpress\/plugins\/seo\/ -->\n<title>Esse filme vai fazer voc\u00ea rir e chorar com um cachorro s\u00f3<\/title>\n<meta name=\"description\" content=\"Amor, caos e li\u00e7\u00f5es de vida em uma emocionante hist\u00f3ria sobre um cachorro inesquec\u00edvel e sua fam\u00edlia humana.\" \/>\n<meta name=\"robots\" content=\"index, follow, max-snippet:-1, max-image-preview:large, max-video-preview:-1\" \/>\n<link rel=\"canonical\" href=\"https:\/\/www.correiobraziliense.com.br\/cbradar\/esse-filme-vai-fazer-voce-rir-e-chorar-com-um-cachorro-so\/\" \/>\n<meta property=\"og:locale\" content=\"pt_BR\" \/>\n<meta property=\"og:type\" content=\"article\" \/>\n<meta property=\"og:title\" content=\"Esse filme vai fazer voc\u00ea rir e chorar com um cachorro s\u00f3\" \/>\n<meta property=\"og:description\" content=\"Amor, caos e li\u00e7\u00f5es de vida em uma emocionante hist\u00f3ria sobre um cachorro inesquec\u00edvel e sua fam\u00edlia humana.\" \/>\n<meta property=\"og:url\" content=\"https:\/\/www.correiobraziliense.com.br\/cbradar\/esse-filme-vai-fazer-voce-rir-e-chorar-com-um-cachorro-so\/\" \/>\n<meta property=\"og:site_name\" content=\"Correio Braziliense - Radar\" \/>\n<meta property=\"article:published_time\" content=\"2025-05-24T16:30:00+00:00\" \/>\n<meta property=\"og:image\" content=\"https:\/\/www.correiobraziliense.com.br\/cbradar\/wp-content\/uploads\/2025\/05\/Marley-e-eu-2.png\" \/>\n\t<meta property=\"og:image:width\" content=\"1280\" \/>\n\t<meta property=\"og:image:height\" content=\"720\" \/>\n\t<meta property=\"og:image:type\" content=\"image\/png\" \/>\n<meta name=\"author\" content=\"Larissa Carvalho\" \/>\n<meta name=\"twitter:card\" content=\"summary_large_image\" \/>\n<meta name=\"twitter:label1\" content=\"Escrito por\" \/>\n\t<meta name=\"twitter:data1\" content=\"Larissa Carvalho\" \/>\n\t<meta name=\"twitter:label2\" content=\"Est. tempo de leitura\" \/>\n\t<meta name=\"twitter:data2\" content=\"3 minutos\" \/>\n<!-- \/ Yoast SEO plugin. -->","yoast_head_json":{"title":"Esse filme vai fazer voc\u00ea rir e chorar com um cachorro s\u00f3","description":"Amor, caos e li\u00e7\u00f5es de vida em uma emocionante hist\u00f3ria sobre um cachorro inesquec\u00edvel e sua fam\u00edlia humana.","robots":{"index":"index","follow":"follow","max-snippet":"max-snippet:-1","max-image-preview":"max-image-preview:large","max-video-preview":"max-video-preview:-1"},"canonical":"https:\/\/www.correiobraziliense.com.br\/cbradar\/esse-filme-vai-fazer-voce-rir-e-chorar-com-um-cachorro-so\/","og_locale":"pt_BR","og_type":"article","og_title":"Esse filme vai fazer voc\u00ea rir e chorar com um cachorro s\u00f3","og_description":"Amor, caos e li\u00e7\u00f5es de vida em uma emocionante hist\u00f3ria sobre um cachorro inesquec\u00edvel e sua fam\u00edlia humana.","og_url":"https:\/\/www.correiobraziliense.com.br\/cbradar\/esse-filme-vai-fazer-voce-rir-e-chorar-com-um-cachorro-so\/","og_site_name":"Correio Braziliense - Radar","article_published_time":"2025-05-24T16:30:00+00:00","og_image":[{"width":1280,"height":720,"url":"https:\/\/www.correiobraziliense.com.br\/cbradar\/wp-content\/uploads\/2025\/05\/Marley-e-eu-2.png","type":"image\/png"}],"author":"Larissa Carvalho","twitter_card":"summary_large_image","twitter_misc":{"Escrito por":"Larissa Carvalho","Est. tempo de leitura":"3 minutos"},"schema":{"@context":"https:\/\/schema.org","@graph":[{"@type":"WebPage","@id":"https:\/\/www.correiobraziliense.com.br\/cbradar\/esse-filme-vai-fazer-voce-rir-e-chorar-com-um-cachorro-so\/","url":"https:\/\/www.correiobraziliense.com.br\/cbradar\/esse-filme-vai-fazer-voce-rir-e-chorar-com-um-cachorro-so\/","name":"Esse filme vai fazer voc\u00ea rir e chorar com um cachorro s\u00f3","isPartOf":{"@id":"https:\/\/www.correiobraziliense.com.br\/cbradar\/#website"},"primaryImageOfPage":{"@id":"https:\/\/www.correiobraziliense.com.br\/cbradar\/esse-filme-vai-fazer-voce-rir-e-chorar-com-um-cachorro-so\/#primaryimage"},"image":{"@id":"https:\/\/www.correiobraziliense.com.br\/cbradar\/esse-filme-vai-fazer-voce-rir-e-chorar-com-um-cachorro-so\/#primaryimage"},"thumbnailUrl":"https:\/\/www.correiobraziliense.com.br\/cbradar\/wp-content\/uploads\/2025\/05\/Marley-e-eu-2.png","datePublished":"2025-05-24T16:30:00+00:00","author":{"@id":"https:\/\/www.correiobraziliense.com.br\/cbradar\/#\/schema\/person\/58422787644df994b53a19d3e56c1513"},"description":"Amor, caos e li\u00e7\u00f5es de vida em uma emocionante hist\u00f3ria sobre um cachorro inesquec\u00edvel e sua fam\u00edlia humana.","breadcrumb":{"@id":"https:\/\/www.correiobraziliense.com.br\/cbradar\/esse-filme-vai-fazer-voce-rir-e-chorar-com-um-cachorro-so\/#breadcrumb"},"inLanguage":"pt-BR","potentialAction":[{"@type":"ReadAction","target":["https:\/\/www.correiobraziliense.com.br\/cbradar\/esse-filme-vai-fazer-voce-rir-e-chorar-com-um-cachorro-so\/"]}]},{"@type":"ImageObject","inLanguage":"pt-BR","@id":"https:\/\/www.correiobraziliense.com.br\/cbradar\/esse-filme-vai-fazer-voce-rir-e-chorar-com-um-cachorro-so\/#primaryimage","url":"https:\/\/www.correiobraziliense.com.br\/cbradar\/wp-content\/uploads\/2025\/05\/Marley-e-eu-2.png","contentUrl":"https:\/\/www.correiobraziliense.com.br\/cbradar\/wp-content\/uploads\/2025\/05\/Marley-e-eu-2.png","width":1280,"height":720,"caption":"Marley e eu. Fonte: divulga\u00e7\u00e3o \/ Fox 2000 Pictures"},{"@type":"BreadcrumbList","@id":"https:\/\/www.correiobraziliense.com.br\/cbradar\/esse-filme-vai-fazer-voce-rir-e-chorar-com-um-cachorro-so\/#breadcrumb","itemListElement":[{"@type":"ListItem","position":1,"name":"In\u00edcio","item":"https:\/\/www.correiobraziliense.com.br\/cbradar\/"},{"@type":"ListItem","position":2,"name":"Esse filme vai fazer voc\u00ea rir e chorar com um cachorro s\u00f3"}]},{"@type":"WebSite","@id":"https:\/\/www.correiobraziliense.com.br\/cbradar\/#website","url":"https:\/\/www.correiobraziliense.com.br\/cbradar\/","name":"Correio Braziliense - Radar","description":"Acompanhe as \u00faltimas not\u00edcias e fique bem informado sobre tudo o que acontece no Brasil e no mundo.","potentialAction":[{"@type":"SearchAction","target":{"@type":"EntryPoint","urlTemplate":"https:\/\/www.correiobraziliense.com.br\/cbradar\/?s={search_term_string}"},"query-input":{"@type":"PropertyValueSpecification","valueRequired":true,"valueName":"search_term_string"}}],"inLanguage":"pt-BR"},{"@type":"Person","@id":"https:\/\/www.correiobraziliense.com.br\/cbradar\/#\/schema\/person\/58422787644df994b53a19d3e56c1513","name":"Larissa Carvalho","image":{"@type":"ImageObject","inLanguage":"pt-BR","@id":"https:\/\/www.correiobraziliense.com.br\/cbradar\/#\/schema\/person\/image\/","url":"https:\/\/secure.gravatar.com\/avatar\/fe4f91a0de32b52a838d0d612abdc1aa?s=96&d=mm&r=g","contentUrl":"https:\/\/secure.gravatar.com\/avatar\/fe4f91a0de32b52a838d0d612abdc1aa?s=96&d=mm&r=g","caption":"Larissa Carvalho"},"url":"https:\/\/www.correiobraziliense.com.br\/cbradar\/author\/larissamyth\/"}]}},"_links":{"self":[{"href":"https:\/\/www.correiobraziliense.com.br\/cbradar\/wp-json\/wp\/v2\/posts\/41990","targetHints":{"allow":["GET"]}}],"collection":[{"href":"https:\/\/www.correiobraziliense.com.br\/cbradar\/wp-json\/wp\/v2\/posts"}],"about":[{"href":"https:\/\/www.correiobraziliense.com.br\/cbradar\/wp-json\/wp\/v2\/types\/post"}],"author":[{"embeddable":true,"href":"https:\/\/www.correiobraziliense.com.br\/cbradar\/wp-json\/wp\/v2\/users\/3"}],"replies":[{"embeddable":true,"href":"https:\/\/www.correiobraziliense.com.br\/cbradar\/wp-json\/wp\/v2\/comments?post=41990"}],"version-history":[{"count":1,"href":"https:\/\/www.correiobraziliense.com.br\/cbradar\/wp-json\/wp\/v2\/posts\/41990\/revisions"}],"predecessor-version":[{"id":41993,"href":"https:\/\/www.correiobraziliense.com.br\/cbradar\/wp-json\/wp\/v2\/posts\/41990\/revisions\/41993"}],"wp:featuredmedia":[{"embeddable":true,"href":"https:\/\/www.correiobraziliense.com.br\/cbradar\/wp-json\/wp\/v2\/media\/41992"}],"wp:attachment":[{"href":"https:\/\/www.correiobraziliense.com.br\/cbradar\/wp-json\/wp\/v2\/media?parent=41990"}],"wp:term":[{"taxonomy":"category","embeddable":true,"href":"https:\/\/www.correiobraziliense.com.br\/cbradar\/wp-json\/wp\/v2\/categories?post=41990"},{"taxonomy":"post_tag","embeddable":true,"href":"https:\/\/www.correiobraziliense.com.br\/cbradar\/wp-json\/wp\/v2\/post_tag?post=41990"}],"curies":[{"name":"wp","href":"https:\/\/api.w.org\/{rel}","templated":true}]}}