{"id":41998,"date":"2025-05-24T18:10:00","date_gmt":"2025-05-24T21:10:00","guid":{"rendered":"https:\/\/www.correiobraziliense.com.br\/cbradar\/?p=41998"},"modified":"2025-05-23T19:29:30","modified_gmt":"2025-05-23T22:29:30","slug":"essa-serie-medica-vai-renovar-sua-fe-na-humanidade","status":"publish","type":"post","link":"https:\/\/www.correiobraziliense.com.br\/cbradar\/essa-serie-medica-vai-renovar-sua-fe-na-humanidade\/","title":{"rendered":"Essa s\u00e9rie m\u00e9dica vai renovar sua f\u00e9 na humanidade"},"content":{"rendered":"\n<p><strong>New Amsterdam<\/strong> \u00e9 uma s\u00e9rie de drama m\u00e9dico lan\u00e7ada em 2018, criada por <strong>David Schulner<\/strong> e inspirada no livro <em>Twelve Patients: Life and Death at Bellevue Hospital<\/em>, de <strong>Eric Manheimer<\/strong>. A trama segue o Dr. <strong>Max Goodwin<\/strong>, novo diretor do hospital p\u00fablico mais antigo dos Estados Unidos, que chega com uma miss\u00e3o clara: romper burocracias e colocar os pacientes no centro do cuidado.<\/p>\n\n\n\n<p>Max enfrenta resist\u00eancias, doen\u00e7as complexas e seus pr\u00f3prios desafios pessoais, incluindo um c\u00e2ncer e a dificuldade de conciliar trabalho e fam\u00edlia. Sua abordagem disruptiva muda a rotina do hospital e inspira todos ao redor.<\/p>\n\n\n\n<h2 class=\"wp-block-heading\">Quem s\u00e3o os personagens principais?<\/h2>\n\n\n\n<ul class=\"wp-block-list\">\n<li><strong>Dr. Max Goodwin<\/strong> (Ryan Eggold): diretor m\u00e9dico idealista e carism\u00e1tico.<\/li>\n\n\n\n<li><strong>Dr. Helen Sharpe<\/strong> (Freema Agyeman): oncologista e interesse amoroso de Max.<\/li>\n\n\n\n<li><strong>Dr. Lauren Bloom<\/strong>, <strong>Dr. Floyd Reynolds<\/strong>, <strong>Dr. Iggy Frome<\/strong> e <strong>Dra. Agnes Kao<\/strong>: formam uma equipe m\u00e9dica dedicada e diversa.<\/li>\n<\/ul>\n\n\n\n<p>Cada personagem traz uma hist\u00f3ria de supera\u00e7\u00e3o e compromisso com seus pacientes.<\/p>\n\n\n\n<figure class=\"wp-block-image size-large\"><img decoding=\"async\" width=\"1024\" height=\"576\" src=\"https:\/\/www.correiobraziliense.com.br\/cbradar\/wp-content\/uploads\/2025\/05\/New-Amsterdam-1024x576.png\" alt=\"Essa s\u00e9rie m\u00e9dica vai renovar sua f\u00e9 na humanidade\" class=\"wp-image-42000\" srcset=\"https:\/\/www.correiobraziliense.com.br\/cbradar\/wp-content\/uploads\/2025\/05\/New-Amsterdam-1024x576.png 1024w, https:\/\/www.correiobraziliense.com.br\/cbradar\/wp-content\/uploads\/2025\/05\/New-Amsterdam-300x169.png 300w, https:\/\/www.correiobraziliense.com.br\/cbradar\/wp-content\/uploads\/2025\/05\/New-Amsterdam-768x432.png 768w, https:\/\/www.correiobraziliense.com.br\/cbradar\/wp-content\/uploads\/2025\/05\/New-Amsterdam-750x422.png 750w, https:\/\/www.correiobraziliense.com.br\/cbradar\/wp-content\/uploads\/2025\/05\/New-Amsterdam-1140x641.png 1140w, https:\/\/www.correiobraziliense.com.br\/cbradar\/wp-content\/uploads\/2025\/05\/New-Amsterdam.png 1280w\" sizes=\"(max-width: 1024px) 100vw, 1024px\" \/><figcaption class=\"wp-element-caption\">New Amsterdam. Fonte: divulga\u00e7\u00e3o \/ NBC<\/figcaption><\/figure>\n\n\n\n<h2 class=\"wp-block-heading\">Como a s\u00e9rie combina medicina e humaniza\u00e7\u00e3o?<\/h2>\n\n\n\n<p><em>New Amsterdam<\/em> vai al\u00e9m dos diagn\u00f3sticos e cirurgias. A s\u00e9rie destaca os dilemas morais da medicina moderna, a luta contra a desigualdade no sistema de sa\u00fade e a import\u00e2ncia do cuidado integral.<\/p>\n\n\n\n<p>Com roteiros emocionantes e humanos, a s\u00e9rie se diferencia por tratar a empatia como parte essencial do tratamento. Max desafia o \u201ccomo sempre foi feito\u201d e questiona: \u201ccomo podemos ajudar?\u201d.<\/p>\n\n\n\n<h2 class=\"wp-block-heading\">Vale a pena assistir New Amsterdam?<\/h2>\n\n\n\n<p>Sim. <em>New Amsterdam<\/em> \u00e9 envolvente, inspiradora e emocionalmente poderosa. Ideal para quem gosta de s\u00e9ries m\u00e9dicas com profundidade, personagens marcantes e uma vis\u00e3o esperan\u00e7osa sobre a medicina e a vida.<\/p>\n\n\n\n<p>\u00c9 o tipo de produ\u00e7\u00e3o que toca o cora\u00e7\u00e3o e estimula o pensamento sobre o papel social do cuidado com o outro.<\/p>\n\n\n\n<h2 class=\"wp-block-heading\">Curiosidades sobre New Amsterdam<\/h2>\n\n\n\n<ul class=\"wp-block-list\">\n<li>Baseada na vida real de Eric Manheimer, que dirigiu o Bellevue Hospital.<\/li>\n\n\n\n<li>As cenas foram filmadas em hospitais reais de Nova York.<\/li>\n\n\n\n<li>A s\u00e9rie aborda temas como racismo, sa\u00fade mental e crise do sistema de sa\u00fade.<\/li>\n\n\n\n<li>Teve 5 temporadas e foi conclu\u00edda em 2023.<\/li>\n<\/ul>\n\n\n\n<h2 class=\"wp-block-heading\">FAQ &#8211; Perguntas frequentes<\/h2>\n\n\n\n<ul class=\"wp-block-list\">\n<li><strong>Onde assistir New Amsterdam?<\/strong>\n<ul class=\"wp-block-list\">\n<li>Dispon\u00edvel na <strong>Netflix<\/strong>, <strong>Globoplay<\/strong> e <strong>Star+<\/strong>.<\/li>\n<\/ul>\n<\/li>\n\n\n\n<li><strong>Quem est\u00e1 no elenco principal?<\/strong>\n<ul class=\"wp-block-list\">\n<li><strong>Ryan Eggold<\/strong>, <strong>Freema Agyeman<\/strong>, <strong>Janet Montgomery<\/strong>, <strong>Jocko Sims<\/strong>, <strong>Tyler Labine<\/strong>, <strong>Anupam Kher<\/strong>.<\/li>\n<\/ul>\n<\/li>\n\n\n\n<li><strong>Qual o ano de lan\u00e7amento da s\u00e9rie?<\/strong>\n<ul class=\"wp-block-list\">\n<li><em>New Amsterdam<\/em> estreou em 2018 e foi conclu\u00edda em 2023.<\/li>\n<\/ul>\n<\/li>\n\n\n\n<li><strong>Qual a produtora respons\u00e1vel pela s\u00e9rie?<\/strong>\n<ul class=\"wp-block-list\">\n<li>Produzida pela <strong>Universal Television<\/strong> em parceria com a <strong>NBC<\/strong>.<\/li>\n<\/ul>\n<\/li>\n<\/ul>\n","protected":false},"excerpt":{"rendered":"<p>Um m\u00e9dico ousado enfrenta o sistema para oferecer sa\u00fade de verdade em um hospital onde empatia vale mais que protocolo.<\/p>\n<p>Sugest\u00f5es de t\u00edtulo:<\/p>\n","protected":false},"author":3,"featured_media":41999,"comment_status":"open","ping_status":"open","sticky":false,"template":"","format":"standard","meta":{"_yoast_wpseo_focuskw":"New Amsterdam","_yoast_wpseo_title":"%%title%%","_yoast_wpseo_metadesc":"Um m\u00e9dico ousado enfrenta o sistema para oferecer sa\u00fade de verdade em um hospital onde empatia vale mais que protocolo.Sugest\u00f5es de t\u00edtulo:","jnews-multi-image_gallery":[],"jnews_single_post":{"format":"standard"},"jnews_primary_category":[],"jnews_social_meta":[],"jnews_override_counter":[],"footnotes":""},"categories":[140],"post_tag":[568],"class_list":["post-41998","post","type-post","status-publish","format-standard","has-post-thumbnail","hentry","category-entretenimento","tag-series-e-filmes"],"yoast_head":"<!-- This site is optimized with the Yoast SEO plugin v24.6 - https:\/\/yoast.com\/wordpress\/plugins\/seo\/ -->\n<title>Essa s\u00e9rie m\u00e9dica vai renovar sua f\u00e9 na humanidade<\/title>\n<meta name=\"description\" content=\"Um m\u00e9dico ousado enfrenta o sistema para oferecer sa\u00fade de verdade em um hospital onde empatia vale mais que protocolo.Sugest\u00f5es de t\u00edtulo:\" \/>\n<meta name=\"robots\" content=\"index, follow, max-snippet:-1, max-image-preview:large, max-video-preview:-1\" \/>\n<link rel=\"canonical\" href=\"https:\/\/www.correiobraziliense.com.br\/cbradar\/essa-serie-medica-vai-renovar-sua-fe-na-humanidade\/\" \/>\n<meta property=\"og:locale\" content=\"pt_BR\" \/>\n<meta property=\"og:type\" content=\"article\" \/>\n<meta property=\"og:title\" content=\"Essa s\u00e9rie m\u00e9dica vai renovar sua f\u00e9 na humanidade\" \/>\n<meta property=\"og:description\" content=\"Um m\u00e9dico ousado enfrenta o sistema para oferecer sa\u00fade de verdade em um hospital onde empatia vale mais que protocolo.Sugest\u00f5es de t\u00edtulo:\" \/>\n<meta property=\"og:url\" content=\"https:\/\/www.correiobraziliense.com.br\/cbradar\/essa-serie-medica-vai-renovar-sua-fe-na-humanidade\/\" \/>\n<meta property=\"og:site_name\" content=\"Correio Braziliense - Radar\" \/>\n<meta property=\"article:published_time\" content=\"2025-05-24T21:10:00+00:00\" \/>\n<meta property=\"og:image\" content=\"https:\/\/www.correiobraziliense.com.br\/cbradar\/wp-content\/uploads\/2025\/05\/New-Amsterdam-2.png\" \/>\n\t<meta property=\"og:image:width\" content=\"1280\" \/>\n\t<meta property=\"og:image:height\" content=\"720\" \/>\n\t<meta property=\"og:image:type\" content=\"image\/png\" \/>\n<meta name=\"author\" content=\"Larissa Carvalho\" \/>\n<meta name=\"twitter:card\" content=\"summary_large_image\" \/>\n<meta name=\"twitter:label1\" content=\"Escrito por\" \/>\n\t<meta name=\"twitter:data1\" content=\"Larissa Carvalho\" \/>\n\t<meta name=\"twitter:label2\" content=\"Est. tempo de leitura\" \/>\n\t<meta name=\"twitter:data2\" content=\"3 minutos\" \/>\n<!-- \/ Yoast SEO plugin. -->","yoast_head_json":{"title":"Essa s\u00e9rie m\u00e9dica vai renovar sua f\u00e9 na humanidade","description":"Um m\u00e9dico ousado enfrenta o sistema para oferecer sa\u00fade de verdade em um hospital onde empatia vale mais que protocolo.Sugest\u00f5es de t\u00edtulo:","robots":{"index":"index","follow":"follow","max-snippet":"max-snippet:-1","max-image-preview":"max-image-preview:large","max-video-preview":"max-video-preview:-1"},"canonical":"https:\/\/www.correiobraziliense.com.br\/cbradar\/essa-serie-medica-vai-renovar-sua-fe-na-humanidade\/","og_locale":"pt_BR","og_type":"article","og_title":"Essa s\u00e9rie m\u00e9dica vai renovar sua f\u00e9 na humanidade","og_description":"Um m\u00e9dico ousado enfrenta o sistema para oferecer sa\u00fade de verdade em um hospital onde empatia vale mais que protocolo.Sugest\u00f5es de t\u00edtulo:","og_url":"https:\/\/www.correiobraziliense.com.br\/cbradar\/essa-serie-medica-vai-renovar-sua-fe-na-humanidade\/","og_site_name":"Correio Braziliense - Radar","article_published_time":"2025-05-24T21:10:00+00:00","og_image":[{"width":1280,"height":720,"url":"https:\/\/www.correiobraziliense.com.br\/cbradar\/wp-content\/uploads\/2025\/05\/New-Amsterdam-2.png","type":"image\/png"}],"author":"Larissa Carvalho","twitter_card":"summary_large_image","twitter_misc":{"Escrito por":"Larissa Carvalho","Est. tempo de leitura":"3 minutos"},"schema":{"@context":"https:\/\/schema.org","@graph":[{"@type":"WebPage","@id":"https:\/\/www.correiobraziliense.com.br\/cbradar\/essa-serie-medica-vai-renovar-sua-fe-na-humanidade\/","url":"https:\/\/www.correiobraziliense.com.br\/cbradar\/essa-serie-medica-vai-renovar-sua-fe-na-humanidade\/","name":"Essa s\u00e9rie m\u00e9dica vai renovar sua f\u00e9 na humanidade","isPartOf":{"@id":"https:\/\/www.correiobraziliense.com.br\/cbradar\/#website"},"primaryImageOfPage":{"@id":"https:\/\/www.correiobraziliense.com.br\/cbradar\/essa-serie-medica-vai-renovar-sua-fe-na-humanidade\/#primaryimage"},"image":{"@id":"https:\/\/www.correiobraziliense.com.br\/cbradar\/essa-serie-medica-vai-renovar-sua-fe-na-humanidade\/#primaryimage"},"thumbnailUrl":"https:\/\/www.correiobraziliense.com.br\/cbradar\/wp-content\/uploads\/2025\/05\/New-Amsterdam-2.png","datePublished":"2025-05-24T21:10:00+00:00","author":{"@id":"https:\/\/www.correiobraziliense.com.br\/cbradar\/#\/schema\/person\/58422787644df994b53a19d3e56c1513"},"description":"Um m\u00e9dico ousado enfrenta o sistema para oferecer sa\u00fade de verdade em um hospital onde empatia vale mais que protocolo.Sugest\u00f5es de t\u00edtulo:","breadcrumb":{"@id":"https:\/\/www.correiobraziliense.com.br\/cbradar\/essa-serie-medica-vai-renovar-sua-fe-na-humanidade\/#breadcrumb"},"inLanguage":"pt-BR","potentialAction":[{"@type":"ReadAction","target":["https:\/\/www.correiobraziliense.com.br\/cbradar\/essa-serie-medica-vai-renovar-sua-fe-na-humanidade\/"]}]},{"@type":"ImageObject","inLanguage":"pt-BR","@id":"https:\/\/www.correiobraziliense.com.br\/cbradar\/essa-serie-medica-vai-renovar-sua-fe-na-humanidade\/#primaryimage","url":"https:\/\/www.correiobraziliense.com.br\/cbradar\/wp-content\/uploads\/2025\/05\/New-Amsterdam-2.png","contentUrl":"https:\/\/www.correiobraziliense.com.br\/cbradar\/wp-content\/uploads\/2025\/05\/New-Amsterdam-2.png","width":1280,"height":720,"caption":"New Amsterdam. Fonte: divulga\u00e7\u00e3o \/ NBC"},{"@type":"BreadcrumbList","@id":"https:\/\/www.correiobraziliense.com.br\/cbradar\/essa-serie-medica-vai-renovar-sua-fe-na-humanidade\/#breadcrumb","itemListElement":[{"@type":"ListItem","position":1,"name":"In\u00edcio","item":"https:\/\/www.correiobraziliense.com.br\/cbradar\/"},{"@type":"ListItem","position":2,"name":"Essa s\u00e9rie m\u00e9dica vai renovar sua f\u00e9 na humanidade"}]},{"@type":"WebSite","@id":"https:\/\/www.correiobraziliense.com.br\/cbradar\/#website","url":"https:\/\/www.correiobraziliense.com.br\/cbradar\/","name":"Correio Braziliense - Radar","description":"Acompanhe as \u00faltimas not\u00edcias e fique bem informado sobre tudo o que acontece no Brasil e no mundo.","potentialAction":[{"@type":"SearchAction","target":{"@type":"EntryPoint","urlTemplate":"https:\/\/www.correiobraziliense.com.br\/cbradar\/?s={search_term_string}"},"query-input":{"@type":"PropertyValueSpecification","valueRequired":true,"valueName":"search_term_string"}}],"inLanguage":"pt-BR"},{"@type":"Person","@id":"https:\/\/www.correiobraziliense.com.br\/cbradar\/#\/schema\/person\/58422787644df994b53a19d3e56c1513","name":"Larissa Carvalho","image":{"@type":"ImageObject","inLanguage":"pt-BR","@id":"https:\/\/www.correiobraziliense.com.br\/cbradar\/#\/schema\/person\/image\/","url":"https:\/\/secure.gravatar.com\/avatar\/fe4f91a0de32b52a838d0d612abdc1aa?s=96&d=mm&r=g","contentUrl":"https:\/\/secure.gravatar.com\/avatar\/fe4f91a0de32b52a838d0d612abdc1aa?s=96&d=mm&r=g","caption":"Larissa Carvalho"},"url":"https:\/\/www.correiobraziliense.com.br\/cbradar\/author\/larissamyth\/"}]}},"_links":{"self":[{"href":"https:\/\/www.correiobraziliense.com.br\/cbradar\/wp-json\/wp\/v2\/posts\/41998","targetHints":{"allow":["GET"]}}],"collection":[{"href":"https:\/\/www.correiobraziliense.com.br\/cbradar\/wp-json\/wp\/v2\/posts"}],"about":[{"href":"https:\/\/www.correiobraziliense.com.br\/cbradar\/wp-json\/wp\/v2\/types\/post"}],"author":[{"embeddable":true,"href":"https:\/\/www.correiobraziliense.com.br\/cbradar\/wp-json\/wp\/v2\/users\/3"}],"replies":[{"embeddable":true,"href":"https:\/\/www.correiobraziliense.com.br\/cbradar\/wp-json\/wp\/v2\/comments?post=41998"}],"version-history":[{"count":1,"href":"https:\/\/www.correiobraziliense.com.br\/cbradar\/wp-json\/wp\/v2\/posts\/41998\/revisions"}],"predecessor-version":[{"id":42001,"href":"https:\/\/www.correiobraziliense.com.br\/cbradar\/wp-json\/wp\/v2\/posts\/41998\/revisions\/42001"}],"wp:featuredmedia":[{"embeddable":true,"href":"https:\/\/www.correiobraziliense.com.br\/cbradar\/wp-json\/wp\/v2\/media\/41999"}],"wp:attachment":[{"href":"https:\/\/www.correiobraziliense.com.br\/cbradar\/wp-json\/wp\/v2\/media?parent=41998"}],"wp:term":[{"taxonomy":"category","embeddable":true,"href":"https:\/\/www.correiobraziliense.com.br\/cbradar\/wp-json\/wp\/v2\/categories?post=41998"},{"taxonomy":"post_tag","embeddable":true,"href":"https:\/\/www.correiobraziliense.com.br\/cbradar\/wp-json\/wp\/v2\/post_tag?post=41998"}],"curies":[{"name":"wp","href":"https:\/\/api.w.org\/{rel}","templated":true}]}}