{"id":42139,"date":"2025-05-25T07:23:00","date_gmt":"2025-05-25T10:23:00","guid":{"rendered":"https:\/\/www.correiobraziliense.com.br\/cbradar\/?p=42139"},"modified":"2025-05-25T05:47:02","modified_gmt":"2025-05-25T08:47:02","slug":"essa-serie-vai-te-fazer-refletir-a-cada-episodio-de-uma-maneira-surpreendente","status":"publish","type":"post","link":"https:\/\/www.correiobraziliense.com.br\/cbradar\/essa-serie-vai-te-fazer-refletir-a-cada-episodio-de-uma-maneira-surpreendente\/","title":{"rendered":"Essa s\u00e9rie vai te fazer refletir a cada epis\u00f3dio de uma maneira surpreendente"},"content":{"rendered":"\n<p><strong>13 Reasons Why<\/strong> \u00e9 uma s\u00e9rie dram\u00e1tica lan\u00e7ada em 2017 pela <strong>Netflix<\/strong>, baseada no livro de <strong>Jay Asher<\/strong>. A trama come\u00e7a ap\u00f3s o suic\u00eddio de <strong>Hannah Baker<\/strong>, uma adolescente que deixa 13 fitas cassetes explicando os motivos que a levaram a tirar a pr\u00f3pria vida.<\/p>\n\n\n\n<p>Cada fita \u00e9 endere\u00e7ada a uma pessoa que, de alguma forma, contribuiu para seu sofrimento. O protagonista, <strong>Clay Jensen<\/strong>, amigo e apaixonado por Hannah, ouve as grava\u00e7\u00f5es e come\u00e7a a desvendar os segredos e abusos que cercavam a vida dela e de seus colegas.<\/p>\n\n\n\n<h2 class=\"wp-block-heading\">Quem s\u00e3o os personagens principais?<\/h2>\n\n\n\n<ul class=\"wp-block-list\">\n<li><strong>Hannah Baker<\/strong> (Katherine Langford): protagonista cuja hist\u00f3ria \u00e9 revelada postumamente.<\/li>\n\n\n\n<li><strong>Clay Jensen<\/strong> (Dylan Minnette): amigo sens\u00edvel que busca justi\u00e7a e respostas.<\/li>\n\n\n\n<li><strong>Justin Foley<\/strong>, <strong>Jessica Davis<\/strong>, <strong>Bryce Walker<\/strong>, <strong>Tony Padilla<\/strong>, <strong>Alex Standall<\/strong>, <strong>Tyler Down<\/strong>, entre outros: jovens com diferentes graus de envolvimento nos eventos.<\/li>\n<\/ul>\n\n\n\n<figure class=\"wp-block-image size-large\"><img decoding=\"async\" width=\"1024\" height=\"576\" src=\"https:\/\/www.correiobraziliense.com.br\/cbradar\/wp-content\/uploads\/2025\/05\/13-Reasons-Why-1024x576.png\" alt=\"Essa s\u00e9rie vai te fazer refletir a cada epis\u00f3dio de uma maneira surpreendente\" class=\"wp-image-42142\" srcset=\"https:\/\/www.correiobraziliense.com.br\/cbradar\/wp-content\/uploads\/2025\/05\/13-Reasons-Why-1024x576.png 1024w, https:\/\/www.correiobraziliense.com.br\/cbradar\/wp-content\/uploads\/2025\/05\/13-Reasons-Why-300x169.png 300w, https:\/\/www.correiobraziliense.com.br\/cbradar\/wp-content\/uploads\/2025\/05\/13-Reasons-Why-768x432.png 768w, https:\/\/www.correiobraziliense.com.br\/cbradar\/wp-content\/uploads\/2025\/05\/13-Reasons-Why-750x422.png 750w, https:\/\/www.correiobraziliense.com.br\/cbradar\/wp-content\/uploads\/2025\/05\/13-Reasons-Why-1140x641.png 1140w, https:\/\/www.correiobraziliense.com.br\/cbradar\/wp-content\/uploads\/2025\/05\/13-Reasons-Why.png 1280w\" sizes=\"(max-width: 1024px) 100vw, 1024px\" \/><figcaption class=\"wp-element-caption\">13 Reasons Why. Fonte: divulga\u00e7\u00e3o \/ Netflix<\/figcaption><\/figure>\n\n\n\n<h2 class=\"wp-block-heading\">Como a s\u00e9rie aborda temas delicados?<\/h2>\n\n\n\n<p><em>13 Reasons Why<\/em> trata de temas sens\u00edveis como bullying, suic\u00eddio, abuso sexual, automutila\u00e7\u00e3o, depend\u00eancia qu\u00edmica e sa\u00fade mental. A s\u00e9rie se prop\u00f5e a abrir di\u00e1logos sobre esses assuntos muitas vezes negligenciados na adolesc\u00eancia e na sociedade.<\/p>\n\n\n\n<p>Ao longo das temporadas, o foco se expande para mostrar os efeitos do trauma coletivo, a culpa, a tentativa de reden\u00e7\u00e3o e o impacto da omiss\u00e3o institucional.<\/p>\n\n\n\n<h2 class=\"wp-block-heading\">Vale a pena assistir 13 Reasons Why?<\/h2>\n\n\n\n<p>Sim, mas com ressalvas. <em>13 Reasons Why<\/em> \u00e9 uma s\u00e9rie poderosa e necess\u00e1ria, mas tamb\u00e9m intensa e emocionalmente pesada. \u00c9 importante assistir com discernimento e, se poss\u00edvel, com apoio para discutir os temas abordados.<\/p>\n\n\n\n<p>A s\u00e9rie foi elogiada pela coragem, mas tamb\u00e9m criticada por algumas abordagens gr\u00e1ficas e pol\u00eamicas. Ainda assim, cumpriu um papel importante ao dar visibilidade a dores reais.<\/p>\n\n\n\n<iframe loading=\"lazy\" width=\"560\" height=\"315\" src=\"https:\/\/www.youtube.com\/embed\/UdzM6rOC3oA?si=b0rIIIwVsPpJDdky\" title=\"YouTube video player\" frameborder=\"0\" allow=\"accelerometer; autoplay; clipboard-write; encrypted-media; gyroscope; picture-in-picture; web-share\" referrerpolicy=\"strict-origin-when-cross-origin\" allowfullscreen><\/iframe>\n\n\n\n<h2 class=\"wp-block-heading\">Curiosidades sobre 13 Reasons Why<\/h2>\n\n\n\n<ul class=\"wp-block-list\">\n<li>A primeira temporada foi produzida por <strong>Selena Gomez<\/strong>.<\/li>\n\n\n\n<li>A s\u00e9rie gerou debates globais sobre sa\u00fade mental e preven\u00e7\u00e3o ao suic\u00eddio.<\/li>\n\n\n\n<li>Ap\u00f3s cr\u00edticas, a Netflix adicionou avisos e materiais de apoio.<\/li>\n\n\n\n<li>Katherine Langford foi indicada ao <strong>Globo de Ouro<\/strong> por sua atua\u00e7\u00e3o como Hannah.<\/li>\n<\/ul>\n\n\n\n<h2 class=\"wp-block-heading\">FAQ &#8211; Perguntas frequentes<\/h2>\n\n\n\n<ul class=\"wp-block-list\">\n<li><strong>Onde assistir 13 Reasons Why?<\/strong>\n<ul class=\"wp-block-list\">\n<li>Dispon\u00edvel exclusivamente na <strong>Netflix<\/strong>.<\/li>\n<\/ul>\n<\/li>\n\n\n\n<li><strong>Quem est\u00e1 no elenco principal?<\/strong>\n<ul class=\"wp-block-list\">\n<li><strong>Katherine Langford<\/strong>, <strong>Dylan Minnette<\/strong>, <strong>Alisha Boe<\/strong>, <strong>Brandon Flynn<\/strong>, <strong>Justin Prentice<\/strong>, <strong>Miles Heizer<\/strong>, <strong>Christian Navarro<\/strong>.<\/li>\n<\/ul>\n<\/li>\n\n\n\n<li><strong>Qual o ano de lan\u00e7amento da s\u00e9rie?<\/strong>\n<ul class=\"wp-block-list\">\n<li><em>13 Reasons Why<\/em> estreou em 2017 e foi finalizada em 2020.<\/li>\n<\/ul>\n<\/li>\n\n\n\n<li><strong>Qual a produtora respons\u00e1vel pela s\u00e9rie?<\/strong>\n<ul class=\"wp-block-list\">\n<li>Produzida pela <strong>Paramount Television<\/strong> em parceria com a <strong>Anonymous Content<\/strong> e a <strong>Netflix<\/strong>.<\/li>\n<\/ul>\n<\/li>\n<\/ul>\n","protected":false},"excerpt":{"rendered":"<p>Uma s\u00e9rie impactante que revela os motivos por tr\u00e1s de uma trag\u00e9dia, provocando debates sobre bullying, trauma e responsabilidade.<\/p>\n","protected":false},"author":3,"featured_media":42141,"comment_status":"open","ping_status":"open","sticky":false,"template":"","format":"standard","meta":{"_yoast_wpseo_focuskw":"13 Reasons Why","_yoast_wpseo_title":"%%title%%","_yoast_wpseo_metadesc":"Uma s\u00e9rie impactante que revela os motivos por tr\u00e1s de uma trag\u00e9dia, provocando debates sobre bullying, trauma e responsabilidade.","jnews-multi-image_gallery":[],"jnews_single_post":{"format":"standard"},"jnews_primary_category":[],"jnews_social_meta":[],"jnews_override_counter":[],"footnotes":""},"categories":[140],"post_tag":[568],"class_list":["post-42139","post","type-post","status-publish","format-standard","has-post-thumbnail","hentry","category-entretenimento","tag-series-e-filmes"],"yoast_head":"<!-- This site is optimized with the Yoast SEO plugin v24.6 - https:\/\/yoast.com\/wordpress\/plugins\/seo\/ -->\n<title>Essa s\u00e9rie vai te fazer refletir a cada epis\u00f3dio de uma maneira surpreendente<\/title>\n<meta name=\"description\" content=\"Uma s\u00e9rie impactante que revela os motivos por tr\u00e1s de uma trag\u00e9dia, provocando debates sobre bullying, trauma e responsabilidade.\" \/>\n<meta name=\"robots\" content=\"index, follow, max-snippet:-1, max-image-preview:large, max-video-preview:-1\" \/>\n<link rel=\"canonical\" href=\"https:\/\/www.correiobraziliense.com.br\/cbradar\/essa-serie-vai-te-fazer-refletir-a-cada-episodio-de-uma-maneira-surpreendente\/\" \/>\n<meta property=\"og:locale\" content=\"pt_BR\" \/>\n<meta property=\"og:type\" content=\"article\" \/>\n<meta property=\"og:title\" content=\"Essa s\u00e9rie vai te fazer refletir a cada epis\u00f3dio de uma maneira surpreendente\" \/>\n<meta property=\"og:description\" content=\"Uma s\u00e9rie impactante que revela os motivos por tr\u00e1s de uma trag\u00e9dia, provocando debates sobre bullying, trauma e responsabilidade.\" \/>\n<meta property=\"og:url\" content=\"https:\/\/www.correiobraziliense.com.br\/cbradar\/essa-serie-vai-te-fazer-refletir-a-cada-episodio-de-uma-maneira-surpreendente\/\" \/>\n<meta property=\"og:site_name\" content=\"Correio Braziliense - Radar\" \/>\n<meta property=\"article:published_time\" content=\"2025-05-25T10:23:00+00:00\" \/>\n<meta property=\"og:image\" content=\"https:\/\/www.correiobraziliense.com.br\/cbradar\/wp-content\/uploads\/2025\/05\/13-Reasons-Why-2.png\" \/>\n\t<meta property=\"og:image:width\" content=\"1280\" \/>\n\t<meta property=\"og:image:height\" content=\"720\" \/>\n\t<meta property=\"og:image:type\" content=\"image\/png\" \/>\n<meta name=\"author\" content=\"Larissa Carvalho\" \/>\n<meta name=\"twitter:card\" content=\"summary_large_image\" \/>\n<meta name=\"twitter:label1\" content=\"Escrito por\" \/>\n\t<meta name=\"twitter:data1\" content=\"Larissa Carvalho\" \/>\n\t<meta name=\"twitter:label2\" content=\"Est. tempo de leitura\" \/>\n\t<meta name=\"twitter:data2\" content=\"3 minutos\" \/>\n<!-- \/ Yoast SEO plugin. -->","yoast_head_json":{"title":"Essa s\u00e9rie vai te fazer refletir a cada epis\u00f3dio de uma maneira surpreendente","description":"Uma s\u00e9rie impactante que revela os motivos por tr\u00e1s de uma trag\u00e9dia, provocando debates sobre bullying, trauma e responsabilidade.","robots":{"index":"index","follow":"follow","max-snippet":"max-snippet:-1","max-image-preview":"max-image-preview:large","max-video-preview":"max-video-preview:-1"},"canonical":"https:\/\/www.correiobraziliense.com.br\/cbradar\/essa-serie-vai-te-fazer-refletir-a-cada-episodio-de-uma-maneira-surpreendente\/","og_locale":"pt_BR","og_type":"article","og_title":"Essa s\u00e9rie vai te fazer refletir a cada epis\u00f3dio de uma maneira surpreendente","og_description":"Uma s\u00e9rie impactante que revela os motivos por tr\u00e1s de uma trag\u00e9dia, provocando debates sobre bullying, trauma e responsabilidade.","og_url":"https:\/\/www.correiobraziliense.com.br\/cbradar\/essa-serie-vai-te-fazer-refletir-a-cada-episodio-de-uma-maneira-surpreendente\/","og_site_name":"Correio Braziliense - Radar","article_published_time":"2025-05-25T10:23:00+00:00","og_image":[{"width":1280,"height":720,"url":"https:\/\/www.correiobraziliense.com.br\/cbradar\/wp-content\/uploads\/2025\/05\/13-Reasons-Why-2.png","type":"image\/png"}],"author":"Larissa Carvalho","twitter_card":"summary_large_image","twitter_misc":{"Escrito por":"Larissa Carvalho","Est. tempo de leitura":"3 minutos"},"schema":{"@context":"https:\/\/schema.org","@graph":[{"@type":"WebPage","@id":"https:\/\/www.correiobraziliense.com.br\/cbradar\/essa-serie-vai-te-fazer-refletir-a-cada-episodio-de-uma-maneira-surpreendente\/","url":"https:\/\/www.correiobraziliense.com.br\/cbradar\/essa-serie-vai-te-fazer-refletir-a-cada-episodio-de-uma-maneira-surpreendente\/","name":"Essa s\u00e9rie vai te fazer refletir a cada epis\u00f3dio de uma maneira surpreendente","isPartOf":{"@id":"https:\/\/www.correiobraziliense.com.br\/cbradar\/#website"},"primaryImageOfPage":{"@id":"https:\/\/www.correiobraziliense.com.br\/cbradar\/essa-serie-vai-te-fazer-refletir-a-cada-episodio-de-uma-maneira-surpreendente\/#primaryimage"},"image":{"@id":"https:\/\/www.correiobraziliense.com.br\/cbradar\/essa-serie-vai-te-fazer-refletir-a-cada-episodio-de-uma-maneira-surpreendente\/#primaryimage"},"thumbnailUrl":"https:\/\/www.correiobraziliense.com.br\/cbradar\/wp-content\/uploads\/2025\/05\/13-Reasons-Why-2.png","datePublished":"2025-05-25T10:23:00+00:00","author":{"@id":"https:\/\/www.correiobraziliense.com.br\/cbradar\/#\/schema\/person\/58422787644df994b53a19d3e56c1513"},"description":"Uma s\u00e9rie impactante que revela os motivos por tr\u00e1s de uma trag\u00e9dia, provocando debates sobre bullying, trauma e responsabilidade.","breadcrumb":{"@id":"https:\/\/www.correiobraziliense.com.br\/cbradar\/essa-serie-vai-te-fazer-refletir-a-cada-episodio-de-uma-maneira-surpreendente\/#breadcrumb"},"inLanguage":"pt-BR","potentialAction":[{"@type":"ReadAction","target":["https:\/\/www.correiobraziliense.com.br\/cbradar\/essa-serie-vai-te-fazer-refletir-a-cada-episodio-de-uma-maneira-surpreendente\/"]}]},{"@type":"ImageObject","inLanguage":"pt-BR","@id":"https:\/\/www.correiobraziliense.com.br\/cbradar\/essa-serie-vai-te-fazer-refletir-a-cada-episodio-de-uma-maneira-surpreendente\/#primaryimage","url":"https:\/\/www.correiobraziliense.com.br\/cbradar\/wp-content\/uploads\/2025\/05\/13-Reasons-Why-2.png","contentUrl":"https:\/\/www.correiobraziliense.com.br\/cbradar\/wp-content\/uploads\/2025\/05\/13-Reasons-Why-2.png","width":1280,"height":720,"caption":"13 Reasons Why. Fonte: divulga\u00e7\u00e3o \/ Netflix"},{"@type":"BreadcrumbList","@id":"https:\/\/www.correiobraziliense.com.br\/cbradar\/essa-serie-vai-te-fazer-refletir-a-cada-episodio-de-uma-maneira-surpreendente\/#breadcrumb","itemListElement":[{"@type":"ListItem","position":1,"name":"In\u00edcio","item":"https:\/\/www.correiobraziliense.com.br\/cbradar\/"},{"@type":"ListItem","position":2,"name":"Essa s\u00e9rie vai te fazer refletir a cada epis\u00f3dio de uma maneira surpreendente"}]},{"@type":"WebSite","@id":"https:\/\/www.correiobraziliense.com.br\/cbradar\/#website","url":"https:\/\/www.correiobraziliense.com.br\/cbradar\/","name":"Correio Braziliense - Radar","description":"Acompanhe as \u00faltimas not\u00edcias e fique bem informado sobre tudo o que acontece no Brasil e no mundo.","potentialAction":[{"@type":"SearchAction","target":{"@type":"EntryPoint","urlTemplate":"https:\/\/www.correiobraziliense.com.br\/cbradar\/?s={search_term_string}"},"query-input":{"@type":"PropertyValueSpecification","valueRequired":true,"valueName":"search_term_string"}}],"inLanguage":"pt-BR"},{"@type":"Person","@id":"https:\/\/www.correiobraziliense.com.br\/cbradar\/#\/schema\/person\/58422787644df994b53a19d3e56c1513","name":"Larissa Carvalho","image":{"@type":"ImageObject","inLanguage":"pt-BR","@id":"https:\/\/www.correiobraziliense.com.br\/cbradar\/#\/schema\/person\/image\/","url":"https:\/\/secure.gravatar.com\/avatar\/fe4f91a0de32b52a838d0d612abdc1aa?s=96&d=mm&r=g","contentUrl":"https:\/\/secure.gravatar.com\/avatar\/fe4f91a0de32b52a838d0d612abdc1aa?s=96&d=mm&r=g","caption":"Larissa Carvalho"},"url":"https:\/\/www.correiobraziliense.com.br\/cbradar\/author\/larissamyth\/"}]}},"_links":{"self":[{"href":"https:\/\/www.correiobraziliense.com.br\/cbradar\/wp-json\/wp\/v2\/posts\/42139","targetHints":{"allow":["GET"]}}],"collection":[{"href":"https:\/\/www.correiobraziliense.com.br\/cbradar\/wp-json\/wp\/v2\/posts"}],"about":[{"href":"https:\/\/www.correiobraziliense.com.br\/cbradar\/wp-json\/wp\/v2\/types\/post"}],"author":[{"embeddable":true,"href":"https:\/\/www.correiobraziliense.com.br\/cbradar\/wp-json\/wp\/v2\/users\/3"}],"replies":[{"embeddable":true,"href":"https:\/\/www.correiobraziliense.com.br\/cbradar\/wp-json\/wp\/v2\/comments?post=42139"}],"version-history":[{"count":2,"href":"https:\/\/www.correiobraziliense.com.br\/cbradar\/wp-json\/wp\/v2\/posts\/42139\/revisions"}],"predecessor-version":[{"id":42536,"href":"https:\/\/www.correiobraziliense.com.br\/cbradar\/wp-json\/wp\/v2\/posts\/42139\/revisions\/42536"}],"wp:featuredmedia":[{"embeddable":true,"href":"https:\/\/www.correiobraziliense.com.br\/cbradar\/wp-json\/wp\/v2\/media\/42141"}],"wp:attachment":[{"href":"https:\/\/www.correiobraziliense.com.br\/cbradar\/wp-json\/wp\/v2\/media?parent=42139"}],"wp:term":[{"taxonomy":"category","embeddable":true,"href":"https:\/\/www.correiobraziliense.com.br\/cbradar\/wp-json\/wp\/v2\/categories?post=42139"},{"taxonomy":"post_tag","embeddable":true,"href":"https:\/\/www.correiobraziliense.com.br\/cbradar\/wp-json\/wp\/v2\/post_tag?post=42139"}],"curies":[{"name":"wp","href":"https:\/\/api.w.org\/{rel}","templated":true}]}}