{"id":42144,"date":"2025-05-25T13:30:00","date_gmt":"2025-05-25T16:30:00","guid":{"rendered":"https:\/\/www.correiobraziliense.com.br\/cbradar\/?p=42144"},"modified":"2025-05-24T10:54:16","modified_gmt":"2025-05-24T13:54:16","slug":"essa-serie-vai-te-emocionar-com-leveza-e-verdade","status":"publish","type":"post","link":"https:\/\/www.correiobraziliense.com.br\/cbradar\/essa-serie-vai-te-emocionar-com-leveza-e-verdade\/","title":{"rendered":"Essa s\u00e9rie vai te emocionar com leveza e verdade"},"content":{"rendered":"\n<p><strong>Atypical<\/strong> \u00e9 uma s\u00e9rie de com\u00e9dia dram\u00e1tica da <strong>Netflix<\/strong>, lan\u00e7ada em 2017, que acompanha a vida de <strong>Sam Gardner<\/strong>, um jovem de 18 anos no espectro autista que decide que est\u00e1 pronto para come\u00e7ar a namorar. Essa decis\u00e3o desencadeia uma s\u00e9rie de mudan\u00e7as em sua vida e nas din\u00e2micas familiares ao seu redor.<\/p>\n\n\n\n<p>A s\u00e9rie mostra as descobertas e dificuldades de Sam ao tentar ser mais independente, enfrentar situa\u00e7\u00f5es sociais e entender as nuances do amor, enquanto sua fam\u00edlia tamb\u00e9m lida com suas pr\u00f3prias crises e transforma\u00e7\u00f5es.<\/p>\n\n\n\n<h2 class=\"wp-block-heading\">Quem s\u00e3o os personagens principais?<\/h2>\n\n\n\n<ul class=\"wp-block-list\">\n<li><strong>Sam Gardner<\/strong> (Keir Gilchrist): protagonista autista, inteligente, sens\u00edvel e apaixonado por pinguins.<\/li>\n\n\n\n<li><strong>Elsa Gardner<\/strong> (Jennifer Jason Leigh): m\u00e3e superprotetora que precisa reaprender a confiar.<\/li>\n\n\n\n<li><strong>Doug Gardner<\/strong> (Michael Rapaport): pai tentando se reconectar com o filho.<\/li>\n\n\n\n<li><strong>Casey Gardner<\/strong> (Brigette Lundy-Paine): irm\u00e3 leal e determinada, com sua pr\u00f3pria jornada de autodescoberta.<\/li>\n\n\n\n<li><strong>Zahid<\/strong>: melhor amigo de Sam, divertido e irreverente.<\/li>\n<\/ul>\n\n\n\n<figure class=\"wp-block-image size-large\"><img decoding=\"async\" width=\"1024\" height=\"576\" src=\"https:\/\/www.correiobraziliense.com.br\/cbradar\/wp-content\/uploads\/2025\/05\/Atypical-1024x576.png\" alt=\"Essa s\u00e9rie vai te emocionar com leveza e verdade\" class=\"wp-image-42149\" srcset=\"https:\/\/www.correiobraziliense.com.br\/cbradar\/wp-content\/uploads\/2025\/05\/Atypical-1024x576.png 1024w, https:\/\/www.correiobraziliense.com.br\/cbradar\/wp-content\/uploads\/2025\/05\/Atypical-300x169.png 300w, https:\/\/www.correiobraziliense.com.br\/cbradar\/wp-content\/uploads\/2025\/05\/Atypical-768x432.png 768w, https:\/\/www.correiobraziliense.com.br\/cbradar\/wp-content\/uploads\/2025\/05\/Atypical-750x422.png 750w, https:\/\/www.correiobraziliense.com.br\/cbradar\/wp-content\/uploads\/2025\/05\/Atypical-1140x641.png 1140w, https:\/\/www.correiobraziliense.com.br\/cbradar\/wp-content\/uploads\/2025\/05\/Atypical.png 1280w\" sizes=\"(max-width: 1024px) 100vw, 1024px\" \/><figcaption class=\"wp-element-caption\">Atypical. Fonte: divulga\u00e7\u00e3o \/ Netflix<\/figcaption><\/figure>\n\n\n\n<h2 class=\"wp-block-heading\">Como a s\u00e9rie trata o autismo e as rela\u00e7\u00f5es familiares?<\/h2>\n\n\n\n<p><em>Atypical<\/em> se destaca por tratar o autismo de forma respeitosa e humanizada, equilibrando informa\u00e7\u00f5es com afeto e humor. A s\u00e9rie mostra o dia a dia de Sam com suas peculiaridades e dificuldades, mas tamb\u00e9m suas conquistas e desejos, desmistificando muitos estigmas sobre o espectro autista.<\/p>\n\n\n\n<p>Al\u00e9m disso, o foco familiar \u00e9 forte: cada membro da fam\u00edlia Gardner passa por transforma\u00e7\u00f5es pessoais que enriquecem a narrativa.<\/p>\n\n\n\n<h2 class=\"wp-block-heading\">Vale a pena assistir Atypical?<\/h2>\n\n\n\n<p>Sim. <em>Atypical<\/em> \u00e9 uma s\u00e9rie tocante, sens\u00edvel e muitas vezes divertida. Ideal para quem busca representatividade, temas familiares e hist\u00f3rias de crescimento pessoal. O roteiro \u00e9 afiado, o elenco \u00e9 carism\u00e1tico e a mensagem \u00e9 profundamente emp\u00e1tica.<\/p>\n\n\n\n<p>\u00c9 uma s\u00e9rie que ensina com leveza e emociona com autenticidade.<\/p>\n\n\n\n<h2 class=\"wp-block-heading\">Curiosidades sobre Atypical<\/h2>\n\n\n\n<ul class=\"wp-block-list\">\n<li>A s\u00e9rie foi elogiada por sua evolu\u00e7\u00e3o na representatividade autista, especialmente ao incluir roteiristas e atores no espectro a partir da segunda temporada.<\/li>\n\n\n\n<li>O nome \u201cAtypical\u201d remete ao termo usado para descrever pessoas fora dos padr\u00f5es t\u00edpicos neurol\u00f3gicos.<\/li>\n\n\n\n<li>As refer\u00eancias aos pinguins s\u00e3o uma met\u00e1fora recorrente sobre identidade e comportamento.<\/li>\n\n\n\n<li>A s\u00e9rie tem 4 temporadas e foi finalizada em 2021.<\/li>\n<\/ul>\n\n\n\n<iframe loading=\"lazy\" width=\"560\" height=\"315\" src=\"https:\/\/www.youtube.com\/embed\/mw6EPR6sNS0?si=GCSFkpQzuCwbRZyV\" title=\"YouTube video player\" frameborder=\"0\" allow=\"accelerometer; autoplay; clipboard-write; encrypted-media; gyroscope; picture-in-picture; web-share\" referrerpolicy=\"strict-origin-when-cross-origin\" allowfullscreen><\/iframe>\n\n\n\n<h2 class=\"wp-block-heading\">FAQ &#8211; Perguntas frequentes<\/h2>\n\n\n\n<ul class=\"wp-block-list\">\n<li><strong>Onde assistir Atypical?<\/strong>\n<ul class=\"wp-block-list\">\n<li>Dispon\u00edvel exclusivamente na <strong>Netflix<\/strong>.<\/li>\n<\/ul>\n<\/li>\n\n\n\n<li><strong>Quem est\u00e1 no elenco principal?<\/strong>\n<ul class=\"wp-block-list\">\n<li><strong>Keir Gilchrist<\/strong>, <strong>Jennifer Jason Leigh<\/strong>, <strong>Brigette Lundy-Paine<\/strong>, <strong>Michael Rapaport<\/strong>, <strong>Amy Okuda<\/strong>, <strong>Nik Dodani<\/strong>.<\/li>\n<\/ul>\n<\/li>\n\n\n\n<li><strong>Qual o ano de lan\u00e7amento da s\u00e9rie?<\/strong>\n<ul class=\"wp-block-list\">\n<li><em>Atypical<\/em> estreou em 2017 e foi finalizada em 2021.<\/li>\n<\/ul>\n<\/li>\n\n\n\n<li><strong>Qual a produtora respons\u00e1vel pela s\u00e9rie?<\/strong>\n<ul class=\"wp-block-list\">\n<li>Produzida pela <strong>Sony Pictures Television<\/strong> em parceria com a <strong>Netflix<\/strong>.<\/li>\n<\/ul>\n<\/li>\n<\/ul>\n","protected":false},"excerpt":{"rendered":"<p>Um retrato sens\u00edvel e divertido do autismo e das descobertas da vida em uma s\u00e9rie que equilibra emo\u00e7\u00e3o, humor e empatia.<\/p>\n","protected":false},"author":3,"featured_media":42148,"comment_status":"open","ping_status":"open","sticky":false,"template":"","format":"standard","meta":{"_yoast_wpseo_focuskw":"Atypical","_yoast_wpseo_title":"%%title%%","_yoast_wpseo_metadesc":"Um retrato sens\u00edvel e divertido do autismo e das descobertas da vida em uma s\u00e9rie que equilibra emo\u00e7\u00e3o, humor e empatia.","jnews-multi-image_gallery":[],"jnews_single_post":{"format":"standard"},"jnews_primary_category":[],"jnews_social_meta":[],"jnews_override_counter":[],"footnotes":""},"categories":[140],"post_tag":[568],"class_list":["post-42144","post","type-post","status-publish","format-standard","has-post-thumbnail","hentry","category-entretenimento","tag-series-e-filmes"],"yoast_head":"<!-- This site is optimized with the Yoast SEO plugin v24.6 - https:\/\/yoast.com\/wordpress\/plugins\/seo\/ -->\n<title>Essa s\u00e9rie vai te emocionar com leveza e verdade<\/title>\n<meta name=\"description\" content=\"Um retrato sens\u00edvel e divertido do autismo e das descobertas da vida em uma s\u00e9rie que equilibra emo\u00e7\u00e3o, humor e empatia.\" \/>\n<meta name=\"robots\" content=\"index, follow, max-snippet:-1, max-image-preview:large, max-video-preview:-1\" \/>\n<link rel=\"canonical\" href=\"https:\/\/www.correiobraziliense.com.br\/cbradar\/essa-serie-vai-te-emocionar-com-leveza-e-verdade\/\" \/>\n<meta property=\"og:locale\" content=\"pt_BR\" \/>\n<meta property=\"og:type\" content=\"article\" \/>\n<meta property=\"og:title\" content=\"Essa s\u00e9rie vai te emocionar com leveza e verdade\" \/>\n<meta property=\"og:description\" content=\"Um retrato sens\u00edvel e divertido do autismo e das descobertas da vida em uma s\u00e9rie que equilibra emo\u00e7\u00e3o, humor e empatia.\" \/>\n<meta property=\"og:url\" content=\"https:\/\/www.correiobraziliense.com.br\/cbradar\/essa-serie-vai-te-emocionar-com-leveza-e-verdade\/\" \/>\n<meta property=\"og:site_name\" content=\"Correio Braziliense - Radar\" \/>\n<meta property=\"article:published_time\" content=\"2025-05-25T16:30:00+00:00\" \/>\n<meta property=\"og:image\" content=\"https:\/\/www.correiobraziliense.com.br\/cbradar\/wp-content\/uploads\/2025\/05\/Atypical-2.png\" \/>\n\t<meta property=\"og:image:width\" content=\"1280\" \/>\n\t<meta property=\"og:image:height\" content=\"720\" \/>\n\t<meta property=\"og:image:type\" content=\"image\/png\" \/>\n<meta name=\"author\" content=\"Larissa Carvalho\" \/>\n<meta name=\"twitter:card\" content=\"summary_large_image\" \/>\n<meta name=\"twitter:label1\" content=\"Escrito por\" \/>\n\t<meta name=\"twitter:data1\" content=\"Larissa Carvalho\" \/>\n\t<meta name=\"twitter:label2\" content=\"Est. tempo de leitura\" \/>\n\t<meta name=\"twitter:data2\" content=\"3 minutos\" \/>\n<!-- \/ Yoast SEO plugin. -->","yoast_head_json":{"title":"Essa s\u00e9rie vai te emocionar com leveza e verdade","description":"Um retrato sens\u00edvel e divertido do autismo e das descobertas da vida em uma s\u00e9rie que equilibra emo\u00e7\u00e3o, humor e empatia.","robots":{"index":"index","follow":"follow","max-snippet":"max-snippet:-1","max-image-preview":"max-image-preview:large","max-video-preview":"max-video-preview:-1"},"canonical":"https:\/\/www.correiobraziliense.com.br\/cbradar\/essa-serie-vai-te-emocionar-com-leveza-e-verdade\/","og_locale":"pt_BR","og_type":"article","og_title":"Essa s\u00e9rie vai te emocionar com leveza e verdade","og_description":"Um retrato sens\u00edvel e divertido do autismo e das descobertas da vida em uma s\u00e9rie que equilibra emo\u00e7\u00e3o, humor e empatia.","og_url":"https:\/\/www.correiobraziliense.com.br\/cbradar\/essa-serie-vai-te-emocionar-com-leveza-e-verdade\/","og_site_name":"Correio Braziliense - Radar","article_published_time":"2025-05-25T16:30:00+00:00","og_image":[{"width":1280,"height":720,"url":"https:\/\/www.correiobraziliense.com.br\/cbradar\/wp-content\/uploads\/2025\/05\/Atypical-2.png","type":"image\/png"}],"author":"Larissa Carvalho","twitter_card":"summary_large_image","twitter_misc":{"Escrito por":"Larissa Carvalho","Est. tempo de leitura":"3 minutos"},"schema":{"@context":"https:\/\/schema.org","@graph":[{"@type":"WebPage","@id":"https:\/\/www.correiobraziliense.com.br\/cbradar\/essa-serie-vai-te-emocionar-com-leveza-e-verdade\/","url":"https:\/\/www.correiobraziliense.com.br\/cbradar\/essa-serie-vai-te-emocionar-com-leveza-e-verdade\/","name":"Essa s\u00e9rie vai te emocionar com leveza e verdade","isPartOf":{"@id":"https:\/\/www.correiobraziliense.com.br\/cbradar\/#website"},"primaryImageOfPage":{"@id":"https:\/\/www.correiobraziliense.com.br\/cbradar\/essa-serie-vai-te-emocionar-com-leveza-e-verdade\/#primaryimage"},"image":{"@id":"https:\/\/www.correiobraziliense.com.br\/cbradar\/essa-serie-vai-te-emocionar-com-leveza-e-verdade\/#primaryimage"},"thumbnailUrl":"https:\/\/www.correiobraziliense.com.br\/cbradar\/wp-content\/uploads\/2025\/05\/Atypical-2.png","datePublished":"2025-05-25T16:30:00+00:00","author":{"@id":"https:\/\/www.correiobraziliense.com.br\/cbradar\/#\/schema\/person\/58422787644df994b53a19d3e56c1513"},"description":"Um retrato sens\u00edvel e divertido do autismo e das descobertas da vida em uma s\u00e9rie que equilibra emo\u00e7\u00e3o, humor e empatia.","breadcrumb":{"@id":"https:\/\/www.correiobraziliense.com.br\/cbradar\/essa-serie-vai-te-emocionar-com-leveza-e-verdade\/#breadcrumb"},"inLanguage":"pt-BR","potentialAction":[{"@type":"ReadAction","target":["https:\/\/www.correiobraziliense.com.br\/cbradar\/essa-serie-vai-te-emocionar-com-leveza-e-verdade\/"]}]},{"@type":"ImageObject","inLanguage":"pt-BR","@id":"https:\/\/www.correiobraziliense.com.br\/cbradar\/essa-serie-vai-te-emocionar-com-leveza-e-verdade\/#primaryimage","url":"https:\/\/www.correiobraziliense.com.br\/cbradar\/wp-content\/uploads\/2025\/05\/Atypical-2.png","contentUrl":"https:\/\/www.correiobraziliense.com.br\/cbradar\/wp-content\/uploads\/2025\/05\/Atypical-2.png","width":1280,"height":720,"caption":"Atypical. Fonte: divulga\u00e7\u00e3o \/ Netflix"},{"@type":"BreadcrumbList","@id":"https:\/\/www.correiobraziliense.com.br\/cbradar\/essa-serie-vai-te-emocionar-com-leveza-e-verdade\/#breadcrumb","itemListElement":[{"@type":"ListItem","position":1,"name":"In\u00edcio","item":"https:\/\/www.correiobraziliense.com.br\/cbradar\/"},{"@type":"ListItem","position":2,"name":"Essa s\u00e9rie vai te emocionar com leveza e verdade"}]},{"@type":"WebSite","@id":"https:\/\/www.correiobraziliense.com.br\/cbradar\/#website","url":"https:\/\/www.correiobraziliense.com.br\/cbradar\/","name":"Correio Braziliense - Radar","description":"Acompanhe as \u00faltimas not\u00edcias e fique bem informado sobre tudo o que acontece no Brasil e no mundo.","potentialAction":[{"@type":"SearchAction","target":{"@type":"EntryPoint","urlTemplate":"https:\/\/www.correiobraziliense.com.br\/cbradar\/?s={search_term_string}"},"query-input":{"@type":"PropertyValueSpecification","valueRequired":true,"valueName":"search_term_string"}}],"inLanguage":"pt-BR"},{"@type":"Person","@id":"https:\/\/www.correiobraziliense.com.br\/cbradar\/#\/schema\/person\/58422787644df994b53a19d3e56c1513","name":"Larissa Carvalho","image":{"@type":"ImageObject","inLanguage":"pt-BR","@id":"https:\/\/www.correiobraziliense.com.br\/cbradar\/#\/schema\/person\/image\/","url":"https:\/\/secure.gravatar.com\/avatar\/fe4f91a0de32b52a838d0d612abdc1aa?s=96&d=mm&r=g","contentUrl":"https:\/\/secure.gravatar.com\/avatar\/fe4f91a0de32b52a838d0d612abdc1aa?s=96&d=mm&r=g","caption":"Larissa Carvalho"},"url":"https:\/\/www.correiobraziliense.com.br\/cbradar\/author\/larissamyth\/"}]}},"_links":{"self":[{"href":"https:\/\/www.correiobraziliense.com.br\/cbradar\/wp-json\/wp\/v2\/posts\/42144","targetHints":{"allow":["GET"]}}],"collection":[{"href":"https:\/\/www.correiobraziliense.com.br\/cbradar\/wp-json\/wp\/v2\/posts"}],"about":[{"href":"https:\/\/www.correiobraziliense.com.br\/cbradar\/wp-json\/wp\/v2\/types\/post"}],"author":[{"embeddable":true,"href":"https:\/\/www.correiobraziliense.com.br\/cbradar\/wp-json\/wp\/v2\/users\/3"}],"replies":[{"embeddable":true,"href":"https:\/\/www.correiobraziliense.com.br\/cbradar\/wp-json\/wp\/v2\/comments?post=42144"}],"version-history":[{"count":1,"href":"https:\/\/www.correiobraziliense.com.br\/cbradar\/wp-json\/wp\/v2\/posts\/42144\/revisions"}],"predecessor-version":[{"id":42151,"href":"https:\/\/www.correiobraziliense.com.br\/cbradar\/wp-json\/wp\/v2\/posts\/42144\/revisions\/42151"}],"wp:featuredmedia":[{"embeddable":true,"href":"https:\/\/www.correiobraziliense.com.br\/cbradar\/wp-json\/wp\/v2\/media\/42148"}],"wp:attachment":[{"href":"https:\/\/www.correiobraziliense.com.br\/cbradar\/wp-json\/wp\/v2\/media?parent=42144"}],"wp:term":[{"taxonomy":"category","embeddable":true,"href":"https:\/\/www.correiobraziliense.com.br\/cbradar\/wp-json\/wp\/v2\/categories?post=42144"},{"taxonomy":"post_tag","embeddable":true,"href":"https:\/\/www.correiobraziliense.com.br\/cbradar\/wp-json\/wp\/v2\/post_tag?post=42144"}],"curies":[{"name":"wp","href":"https:\/\/api.w.org\/{rel}","templated":true}]}}