{"id":42165,"date":"2025-05-25T19:30:00","date_gmt":"2025-05-25T22:30:00","guid":{"rendered":"https:\/\/www.correiobraziliense.com.br\/cbradar\/?p=42165"},"modified":"2025-05-24T10:53:41","modified_gmt":"2025-05-24T13:53:41","slug":"melhor-comedia-para-quem-ama-rir-da-vida-real","status":"publish","type":"post","link":"https:\/\/www.correiobraziliense.com.br\/cbradar\/melhor-comedia-para-quem-ama-rir-da-vida-real\/","title":{"rendered":"Melhor com\u00e9dia para quem ama rir da vida real"},"content":{"rendered":"\n<p><strong>Superstore<\/strong> \u00e9 uma s\u00e9rie de com\u00e9dia lan\u00e7ada em 2015 pela <strong>NBC<\/strong>, criada por <strong>Justin Spitzer<\/strong>. A hist\u00f3ria se passa na loja fict\u00edcia <strong>Cloud 9<\/strong>, onde um grupo diverso de funcion\u00e1rios precisa lidar com situa\u00e7\u00f5es hil\u00e1rias e surreais do varejo, al\u00e9m de quest\u00f5es pessoais e sociais do dia a dia.<\/p>\n\n\n\n<p>O centro da trama \u00e9 o relacionamento entre <strong>Amy<\/strong>, a gerente pragm\u00e1tica, e <strong>Jonah<\/strong>, um novo funcion\u00e1rio idealista. Entre filas, promo\u00e7\u00f5es, desastres e regras corporativas absurdas, eles e os colegas enfrentam o caos e criam la\u00e7os inesperados.<\/p>\n\n\n\n<h2 class=\"wp-block-heading\">Quem s\u00e3o os personagens principais?<\/h2>\n\n\n\n<ul class=\"wp-block-list\">\n<li><strong>Amy Sosa<\/strong> (America Ferrera): funcion\u00e1ria experiente e l\u00edder determinada.<\/li>\n\n\n\n<li><strong>Jonah Simms<\/strong> (Ben Feldman): novo contratado educado e sonhador.<\/li>\n\n\n\n<li><strong>Dina Fox<\/strong>, <strong>Glenn Sturgis<\/strong>, <strong>Garrett McNeill<\/strong>, <strong>Cheyenne<\/strong>, <strong>Mateo<\/strong>: colegas com personalidades \u00fanicas que comp\u00f5em o n\u00facleo c\u00f4mico e emocional.<\/li>\n<\/ul>\n\n\n\n<figure class=\"wp-block-image size-large\"><img decoding=\"async\" width=\"1024\" height=\"576\" src=\"https:\/\/www.correiobraziliense.com.br\/cbradar\/wp-content\/uploads\/2025\/05\/Superstore-1024x576.png\" alt=\"Melhor com\u00e9dia para quem ama rir da vida real\" class=\"wp-image-42168\" srcset=\"https:\/\/www.correiobraziliense.com.br\/cbradar\/wp-content\/uploads\/2025\/05\/Superstore-1024x576.png 1024w, https:\/\/www.correiobraziliense.com.br\/cbradar\/wp-content\/uploads\/2025\/05\/Superstore-300x169.png 300w, https:\/\/www.correiobraziliense.com.br\/cbradar\/wp-content\/uploads\/2025\/05\/Superstore-768x432.png 768w, https:\/\/www.correiobraziliense.com.br\/cbradar\/wp-content\/uploads\/2025\/05\/Superstore-750x422.png 750w, https:\/\/www.correiobraziliense.com.br\/cbradar\/wp-content\/uploads\/2025\/05\/Superstore-1140x641.png 1140w, https:\/\/www.correiobraziliense.com.br\/cbradar\/wp-content\/uploads\/2025\/05\/Superstore.png 1280w\" sizes=\"(max-width: 1024px) 100vw, 1024px\" \/><figcaption class=\"wp-element-caption\">Superstore. Fonte: divulga\u00e7\u00e3o \/ NBC<\/figcaption><\/figure>\n\n\n\n<h2 class=\"wp-block-heading\">Como a s\u00e9rie retrata o ambiente de trabalho com humor?<\/h2>\n\n\n\n<p><em>Superstore<\/em> se destaca por seu humor acess\u00edvel e inteligente, com cr\u00edticas sutis (e \u00e0s vezes escancaradas) ao capitalismo, desigualdade trabalhista, imigra\u00e7\u00e3o e identidade. Mesmo com um tom leve, a s\u00e9rie consegue ser relevante e atual.<\/p>\n\n\n\n<p>A rela\u00e7\u00e3o entre os personagens cria empatia, e os epis\u00f3dios equilibram situa\u00e7\u00f5es absurdas com momentos de ternura e humanidade.<\/p>\n\n\n\n<h2 class=\"wp-block-heading\">Vale a pena assistir Superstore?<\/h2>\n\n\n\n<p>Sim. <em>Superstore<\/em> \u00e9 uma com\u00e9dia envolvente, divertida e cheia de representatividade. A s\u00e9rie \u00e9 perfeita para quem gosta de rir e se emocionar com hist\u00f3rias simples, mas significativas, que falam sobre amizade, trabalho e dignidade no dia a dia.<\/p>\n\n\n\n<p>\u00c9 ideal para maratonar, com epis\u00f3dios curtos e personagens cativantes.<\/p>\n\n\n\n<iframe loading=\"lazy\" width=\"560\" height=\"315\" src=\"https:\/\/www.youtube.com\/embed\/NgZXnTZbF3g?si=koxYrcdebzk40rlh\" title=\"YouTube video player\" frameborder=\"0\" allow=\"accelerometer; autoplay; clipboard-write; encrypted-media; gyroscope; picture-in-picture; web-share\" referrerpolicy=\"strict-origin-when-cross-origin\" allowfullscreen><\/iframe>\n\n\n\n<h2 class=\"wp-block-heading\">Curiosidades sobre Superstore<\/h2>\n\n\n\n<ul class=\"wp-block-list\">\n<li>A s\u00e9rie teve 6 temporadas, encerrando em 2021.<\/li>\n\n\n\n<li>Foi comparada a cl\u00e1ssicos como <em>The Office<\/em> e <em>Parks and Recreation<\/em>.<\/li>\n\n\n\n<li>America Ferrera atuou como protagonista e tamb\u00e9m produtora da s\u00e9rie.<\/li>\n\n\n\n<li>A loja Cloud 9 se tornou um \u00edcone pop nas redes sociais.<\/li>\n<\/ul>\n\n\n\n<h2 class=\"wp-block-heading\">FAQ &#8211; Perguntas frequentes<\/h2>\n\n\n\n<ul class=\"wp-block-list\">\n<li><strong>Onde assistir Superstore?<\/strong>\n<ul class=\"wp-block-list\">\n<li>Dispon\u00edvel no <strong>Star+<\/strong> e <strong>Prime Video<\/strong>.<\/li>\n<\/ul>\n<\/li>\n\n\n\n<li><strong>Quem est\u00e1 no elenco principal?<\/strong>\n<ul class=\"wp-block-list\">\n<li><strong>America Ferrera<\/strong>, <strong>Ben Feldman<\/strong>, <strong>Lauren Ash<\/strong>, <strong>Colton Dunn<\/strong>, <strong>Nico Santos<\/strong>, <strong>Nichole Sakura<\/strong>, <strong>Mark McKinney<\/strong>.<\/li>\n<\/ul>\n<\/li>\n\n\n\n<li><strong>Qual o ano de lan\u00e7amento da s\u00e9rie?<\/strong>\n<ul class=\"wp-block-list\">\n<li><em>Superstore<\/em> estreou em 2015 e foi conclu\u00edda em 2021.<\/li>\n<\/ul>\n<\/li>\n\n\n\n<li><strong>Qual a produtora respons\u00e1vel pela s\u00e9rie?<\/strong>\n<ul class=\"wp-block-list\">\n<li>Produzida pela <strong>Universal Television<\/strong> e exibida pela <strong>NBC<\/strong>.<\/li>\n<\/ul>\n<\/li>\n<\/ul>\n","protected":false},"excerpt":{"rendered":"<p>Humor \u00e1cido e diversidade em uma com\u00e9dia sobre funcion\u00e1rios de um supermercado e suas rela\u00e7\u00f5es ca\u00f3ticas e cativantes.<\/p>\n","protected":false},"author":3,"featured_media":42167,"comment_status":"open","ping_status":"open","sticky":false,"template":"","format":"standard","meta":{"_yoast_wpseo_focuskw":"Superstore","_yoast_wpseo_title":"%%title%%","_yoast_wpseo_metadesc":"Humor \u00e1cido e diversidade em uma com\u00e9dia sobre funcion\u00e1rios de um supermercado e suas rela\u00e7\u00f5es ca\u00f3ticas e cativantes.","jnews-multi-image_gallery":[],"jnews_single_post":{"format":"standard"},"jnews_primary_category":[],"jnews_social_meta":[],"jnews_override_counter":[],"footnotes":""},"categories":[140],"post_tag":[568],"class_list":["post-42165","post","type-post","status-publish","format-standard","has-post-thumbnail","hentry","category-entretenimento","tag-series-e-filmes"],"yoast_head":"<!-- This site is optimized with the Yoast SEO plugin v24.6 - https:\/\/yoast.com\/wordpress\/plugins\/seo\/ -->\n<title>Melhor com\u00e9dia para quem ama rir da vida real<\/title>\n<meta name=\"description\" content=\"Humor \u00e1cido e diversidade em uma com\u00e9dia sobre funcion\u00e1rios de um supermercado e suas rela\u00e7\u00f5es ca\u00f3ticas e cativantes.\" \/>\n<meta name=\"robots\" content=\"index, follow, max-snippet:-1, max-image-preview:large, max-video-preview:-1\" \/>\n<link rel=\"canonical\" href=\"https:\/\/www.correiobraziliense.com.br\/cbradar\/melhor-comedia-para-quem-ama-rir-da-vida-real\/\" \/>\n<meta property=\"og:locale\" content=\"pt_BR\" \/>\n<meta property=\"og:type\" content=\"article\" \/>\n<meta property=\"og:title\" content=\"Melhor com\u00e9dia para quem ama rir da vida real\" \/>\n<meta property=\"og:description\" content=\"Humor \u00e1cido e diversidade em uma com\u00e9dia sobre funcion\u00e1rios de um supermercado e suas rela\u00e7\u00f5es ca\u00f3ticas e cativantes.\" \/>\n<meta property=\"og:url\" content=\"https:\/\/www.correiobraziliense.com.br\/cbradar\/melhor-comedia-para-quem-ama-rir-da-vida-real\/\" \/>\n<meta property=\"og:site_name\" content=\"Correio Braziliense - Radar\" \/>\n<meta property=\"article:published_time\" content=\"2025-05-25T22:30:00+00:00\" \/>\n<meta property=\"og:image\" content=\"https:\/\/www.correiobraziliense.com.br\/cbradar\/wp-content\/uploads\/2025\/05\/Superstore-2.png\" \/>\n\t<meta property=\"og:image:width\" content=\"1280\" \/>\n\t<meta property=\"og:image:height\" content=\"720\" \/>\n\t<meta property=\"og:image:type\" content=\"image\/png\" \/>\n<meta name=\"author\" content=\"Larissa Carvalho\" \/>\n<meta name=\"twitter:card\" content=\"summary_large_image\" \/>\n<meta name=\"twitter:label1\" content=\"Escrito por\" \/>\n\t<meta name=\"twitter:data1\" content=\"Larissa Carvalho\" \/>\n\t<meta name=\"twitter:label2\" content=\"Est. tempo de leitura\" \/>\n\t<meta name=\"twitter:data2\" content=\"3 minutos\" \/>\n<!-- \/ Yoast SEO plugin. -->","yoast_head_json":{"title":"Melhor com\u00e9dia para quem ama rir da vida real","description":"Humor \u00e1cido e diversidade em uma com\u00e9dia sobre funcion\u00e1rios de um supermercado e suas rela\u00e7\u00f5es ca\u00f3ticas e cativantes.","robots":{"index":"index","follow":"follow","max-snippet":"max-snippet:-1","max-image-preview":"max-image-preview:large","max-video-preview":"max-video-preview:-1"},"canonical":"https:\/\/www.correiobraziliense.com.br\/cbradar\/melhor-comedia-para-quem-ama-rir-da-vida-real\/","og_locale":"pt_BR","og_type":"article","og_title":"Melhor com\u00e9dia para quem ama rir da vida real","og_description":"Humor \u00e1cido e diversidade em uma com\u00e9dia sobre funcion\u00e1rios de um supermercado e suas rela\u00e7\u00f5es ca\u00f3ticas e cativantes.","og_url":"https:\/\/www.correiobraziliense.com.br\/cbradar\/melhor-comedia-para-quem-ama-rir-da-vida-real\/","og_site_name":"Correio Braziliense - Radar","article_published_time":"2025-05-25T22:30:00+00:00","og_image":[{"width":1280,"height":720,"url":"https:\/\/www.correiobraziliense.com.br\/cbradar\/wp-content\/uploads\/2025\/05\/Superstore-2.png","type":"image\/png"}],"author":"Larissa Carvalho","twitter_card":"summary_large_image","twitter_misc":{"Escrito por":"Larissa Carvalho","Est. tempo de leitura":"3 minutos"},"schema":{"@context":"https:\/\/schema.org","@graph":[{"@type":"WebPage","@id":"https:\/\/www.correiobraziliense.com.br\/cbradar\/melhor-comedia-para-quem-ama-rir-da-vida-real\/","url":"https:\/\/www.correiobraziliense.com.br\/cbradar\/melhor-comedia-para-quem-ama-rir-da-vida-real\/","name":"Melhor com\u00e9dia para quem ama rir da vida real","isPartOf":{"@id":"https:\/\/www.correiobraziliense.com.br\/cbradar\/#website"},"primaryImageOfPage":{"@id":"https:\/\/www.correiobraziliense.com.br\/cbradar\/melhor-comedia-para-quem-ama-rir-da-vida-real\/#primaryimage"},"image":{"@id":"https:\/\/www.correiobraziliense.com.br\/cbradar\/melhor-comedia-para-quem-ama-rir-da-vida-real\/#primaryimage"},"thumbnailUrl":"https:\/\/www.correiobraziliense.com.br\/cbradar\/wp-content\/uploads\/2025\/05\/Superstore-2.png","datePublished":"2025-05-25T22:30:00+00:00","author":{"@id":"https:\/\/www.correiobraziliense.com.br\/cbradar\/#\/schema\/person\/58422787644df994b53a19d3e56c1513"},"description":"Humor \u00e1cido e diversidade em uma com\u00e9dia sobre funcion\u00e1rios de um supermercado e suas rela\u00e7\u00f5es ca\u00f3ticas e cativantes.","breadcrumb":{"@id":"https:\/\/www.correiobraziliense.com.br\/cbradar\/melhor-comedia-para-quem-ama-rir-da-vida-real\/#breadcrumb"},"inLanguage":"pt-BR","potentialAction":[{"@type":"ReadAction","target":["https:\/\/www.correiobraziliense.com.br\/cbradar\/melhor-comedia-para-quem-ama-rir-da-vida-real\/"]}]},{"@type":"ImageObject","inLanguage":"pt-BR","@id":"https:\/\/www.correiobraziliense.com.br\/cbradar\/melhor-comedia-para-quem-ama-rir-da-vida-real\/#primaryimage","url":"https:\/\/www.correiobraziliense.com.br\/cbradar\/wp-content\/uploads\/2025\/05\/Superstore-2.png","contentUrl":"https:\/\/www.correiobraziliense.com.br\/cbradar\/wp-content\/uploads\/2025\/05\/Superstore-2.png","width":1280,"height":720,"caption":"Superstore. Fonte: divulga\u00e7\u00e3o \/ NBC"},{"@type":"BreadcrumbList","@id":"https:\/\/www.correiobraziliense.com.br\/cbradar\/melhor-comedia-para-quem-ama-rir-da-vida-real\/#breadcrumb","itemListElement":[{"@type":"ListItem","position":1,"name":"In\u00edcio","item":"https:\/\/www.correiobraziliense.com.br\/cbradar\/"},{"@type":"ListItem","position":2,"name":"Melhor com\u00e9dia para quem ama rir da vida real"}]},{"@type":"WebSite","@id":"https:\/\/www.correiobraziliense.com.br\/cbradar\/#website","url":"https:\/\/www.correiobraziliense.com.br\/cbradar\/","name":"Correio Braziliense - Radar","description":"Acompanhe as \u00faltimas not\u00edcias e fique bem informado sobre tudo o que acontece no Brasil e no mundo.","potentialAction":[{"@type":"SearchAction","target":{"@type":"EntryPoint","urlTemplate":"https:\/\/www.correiobraziliense.com.br\/cbradar\/?s={search_term_string}"},"query-input":{"@type":"PropertyValueSpecification","valueRequired":true,"valueName":"search_term_string"}}],"inLanguage":"pt-BR"},{"@type":"Person","@id":"https:\/\/www.correiobraziliense.com.br\/cbradar\/#\/schema\/person\/58422787644df994b53a19d3e56c1513","name":"Larissa Carvalho","image":{"@type":"ImageObject","inLanguage":"pt-BR","@id":"https:\/\/www.correiobraziliense.com.br\/cbradar\/#\/schema\/person\/image\/","url":"https:\/\/secure.gravatar.com\/avatar\/fe4f91a0de32b52a838d0d612abdc1aa?s=96&d=mm&r=g","contentUrl":"https:\/\/secure.gravatar.com\/avatar\/fe4f91a0de32b52a838d0d612abdc1aa?s=96&d=mm&r=g","caption":"Larissa Carvalho"},"url":"https:\/\/www.correiobraziliense.com.br\/cbradar\/author\/larissamyth\/"}]}},"_links":{"self":[{"href":"https:\/\/www.correiobraziliense.com.br\/cbradar\/wp-json\/wp\/v2\/posts\/42165","targetHints":{"allow":["GET"]}}],"collection":[{"href":"https:\/\/www.correiobraziliense.com.br\/cbradar\/wp-json\/wp\/v2\/posts"}],"about":[{"href":"https:\/\/www.correiobraziliense.com.br\/cbradar\/wp-json\/wp\/v2\/types\/post"}],"author":[{"embeddable":true,"href":"https:\/\/www.correiobraziliense.com.br\/cbradar\/wp-json\/wp\/v2\/users\/3"}],"replies":[{"embeddable":true,"href":"https:\/\/www.correiobraziliense.com.br\/cbradar\/wp-json\/wp\/v2\/comments?post=42165"}],"version-history":[{"count":1,"href":"https:\/\/www.correiobraziliense.com.br\/cbradar\/wp-json\/wp\/v2\/posts\/42165\/revisions"}],"predecessor-version":[{"id":42170,"href":"https:\/\/www.correiobraziliense.com.br\/cbradar\/wp-json\/wp\/v2\/posts\/42165\/revisions\/42170"}],"wp:featuredmedia":[{"embeddable":true,"href":"https:\/\/www.correiobraziliense.com.br\/cbradar\/wp-json\/wp\/v2\/media\/42167"}],"wp:attachment":[{"href":"https:\/\/www.correiobraziliense.com.br\/cbradar\/wp-json\/wp\/v2\/media?parent=42165"}],"wp:term":[{"taxonomy":"category","embeddable":true,"href":"https:\/\/www.correiobraziliense.com.br\/cbradar\/wp-json\/wp\/v2\/categories?post=42165"},{"taxonomy":"post_tag","embeddable":true,"href":"https:\/\/www.correiobraziliense.com.br\/cbradar\/wp-json\/wp\/v2\/post_tag?post=42165"}],"curies":[{"name":"wp","href":"https:\/\/api.w.org\/{rel}","templated":true}]}}