{"id":4256,"date":"2025-02-21T06:50:00","date_gmt":"2025-02-21T09:50:00","guid":{"rendered":"https:\/\/www.correiobraziliense.com.br\/cbradar\/?p=4256"},"modified":"2025-06-28T23:19:31","modified_gmt":"2025-06-29T02:19:31","slug":"nao-vai-decepcionar-diz-diretor-sobre-filme-de-peaky-blinders","status":"publish","type":"post","link":"https:\/\/www.correiobraziliense.com.br\/cbradar\/nao-vai-decepcionar-diz-diretor-sobre-filme-de-peaky-blinders\/","title":{"rendered":"&#8220;N\u00e3o vai decepcionar&#8221; diz diretor sobre o filme de Peaky Blinders"},"content":{"rendered":"\n<p>A franquia <strong>Peaky Blinders<\/strong> ganhou uma nova dimens\u00e3o desde que <strong>Steven Knight<\/strong> confirmou o encerramento da <a href=\"https:\/\/www.correiobraziliense.com.br\/cbradar\/top-7-filmes-e-series-imperdiveis-na-netflix-esta-semana\/\" target=\"_blank\" rel=\"noreferrer noopener\">s\u00e9rie <\/a>televisiva com sua sexta temporada em <strong>2022<\/strong>. O que come\u00e7ou como um drama brit\u00e2nico sobre gangsters de <strong>Birmingham<\/strong> ap\u00f3s a <strong>Primeira Guerra Mundial<\/strong> se transformou em um fen\u00f4meno global que conquistou milh\u00f5es de f\u00e3s ao redor do mundo atrav\u00e9s da <strong><a href=\"https:\/\/www.netflix.com\/br\/\" target=\"_blank\" rel=\"noreferrer noopener\">Netflix<\/a><\/strong>. Agora, <strong>The Immortal Man<\/strong> marca uma nova fase da hist\u00f3ria, com filmagens j\u00e1 conclu\u00eddas em dezembro de <strong>2024<\/strong> e expectativas altas para seu lan\u00e7amento.<\/p>\n\n\n\n<p>O filme ter\u00e1 lan\u00e7amento nos cinemas, algo incomum para uma produ\u00e7\u00e3o da <strong>Netflix<\/strong>, mostrando a confian\u00e7a que a plataforma deposita no projeto. A dire\u00e7\u00e3o ficou por conta de <strong>Tom Harper<\/strong>, que j\u00e1 havia trabalhado em epis\u00f3dios da primeira temporada da s\u00e9rie e tem experi\u00eancia com filmes como <strong>As Loucuras de Rose<\/strong> e <strong>Os Aeronautas<\/strong>.<\/p>\n\n\n\n<h2 class=\"wp-block-heading\"><strong>O que esperar de The Immortal Man?<\/strong><\/h2>\n\n\n\n<p>Segundo Steven Knight,&nbsp;<em>The Immortal Man<\/em>&nbsp;re\u00fane alguns dos melhores atores brit\u00e2nicos da atualidade. O elenco inclui nomes de peso como <strong>Cillian Murphy<\/strong>, que retorna ao papel de <strong>Thomas Shelby<\/strong>, e outros talentos como <strong>Barry Keoghan<\/strong>, <strong>Rebecca Ferguson, Tim Roth<\/strong> e <strong>Stephen Graham<\/strong>. A produ\u00e7\u00e3o promete explorar novas hist\u00f3rias dentro do universo j\u00e1 conhecido de Peaky Blinders, mantendo a ess\u00eancia que cativou o p\u00fablico.<\/p>\n\n\n\n<p>O filme, atualmente em fase de p\u00f3s-produ\u00e7\u00e3o, tem gerado expectativas n\u00e3o apenas pelo elenco estelar, mas tamb\u00e9m pela promessa de continuar a narrativa de forma envolvente e emocionante. <strong>Knight<\/strong> afirmou que as cenas de rush e as montagens s\u00e3o impressionantes, garantindo que o p\u00fablico n\u00e3o ficar\u00e1 desapontado.<\/p>\n\n\n<div class=\"wp-block-image\">\n<figure class=\"aligncenter size-large\"><img decoding=\"async\" width=\"1024\" height=\"576\" src=\"https:\/\/www.correiobraziliense.com.br\/cbradar\/wp-content\/uploads\/2025\/02\/peaky-blinders_1740072959519-1024x576.jpg\" alt=\"&quot;N\u00e3o vai decepcionar&quot; diz diretor sobre filme de Peaky Blinders\" class=\"wp-image-4276\" srcset=\"https:\/\/www.correiobraziliense.com.br\/cbradar\/wp-content\/uploads\/2025\/02\/peaky-blinders_1740072959519-1024x576.jpg 1024w, https:\/\/www.correiobraziliense.com.br\/cbradar\/wp-content\/uploads\/2025\/02\/peaky-blinders_1740072959519-300x169.jpg 300w, https:\/\/www.correiobraziliense.com.br\/cbradar\/wp-content\/uploads\/2025\/02\/peaky-blinders_1740072959519-768x432.jpg 768w, https:\/\/www.correiobraziliense.com.br\/cbradar\/wp-content\/uploads\/2025\/02\/peaky-blinders_1740072959519-750x422.jpg 750w, https:\/\/www.correiobraziliense.com.br\/cbradar\/wp-content\/uploads\/2025\/02\/peaky-blinders_1740072959519-1140x641.jpg 1140w, https:\/\/www.correiobraziliense.com.br\/cbradar\/wp-content\/uploads\/2025\/02\/peaky-blinders_1740072959519.jpg 1280w\" sizes=\"(max-width: 1024px) 100vw, 1024px\" \/><figcaption class=\"wp-element-caption\">Peaky Blinders \/\/ Cr\u00e9ditos: depositphotos.com \/ marktucan<\/figcaption><\/figure><\/div>\n\n\n<h2 class=\"wp-block-heading\"><strong>Como Peaky Blinders se tornou um fen\u00f4meno cultural?<\/strong><\/h2>\n\n\n\n<p>A s\u00e9rie&nbsp;<strong>Peaky Blinders<\/strong>&nbsp;se destacou por sua narrativa envolvente, ambienta\u00e7\u00e3o hist\u00f3rica e personagens complexos. Situada em <strong>Birmingham<\/strong> ap\u00f3s a <strong>Primeira Guerra Mundial<\/strong>, a s\u00e9rie segue a trajet\u00f3ria da fam\u00edlia<strong> Shelby,<\/strong> liderada por Thomas Shelby, enquanto eles expandem seu imp\u00e9rio criminoso. A combina\u00e7\u00e3o de um roteiro bem elaborado, atua\u00e7\u00f5es marcantes e uma trilha sonora ic\u00f4nica contribuiu para o sucesso da s\u00e9rie.<\/p>\n\n\n\n<p>Al\u00e9m disso, Peaky Blinders influenciou a moda e a cultura pop, com seu estilo distinto e atmosfera \u00fanica. O impacto da s\u00e9rie transcendeu a tela, inspirando eventos tem\u00e1ticos, produtos licenciados e uma base de f\u00e3s dedicada ao redor do mundo.<\/p>\n\n\n\n<h2 class=\"wp-block-heading\"><strong>Quando ser\u00e1 o lan\u00e7amento de The Immortal Man?<\/strong><\/h2>\n\n\n\n<p>Embora o filme&nbsp;<em>The Immortal Man<\/em>&nbsp;ainda n\u00e3o tenha uma data de estreia confirmada, a expectativa \u00e9 que ele seja lan\u00e7ado em breve, para alegria dos f\u00e3s ansiosos por mais hist\u00f3rias do universo Peaky Blinders. Enquanto isso, a s\u00e9rie original continua dispon\u00edvel na Netflix, permitindo que novos espectadores descubram a saga dos Shelby e que os f\u00e3s de longa data revivam seus momentos favoritos.<\/p>\n\n\n\n<p>Com a promessa de manter a qualidade e o impacto emocional da s\u00e9rie,&nbsp;<em>The Immortal Man<\/em>&nbsp;tem tudo para ser um encerramento digno para essa parte da hist\u00f3ria, celebrando o legado de Peaky Blinders e deixando uma marca duradoura na cultura popular.<\/p>\n\n\n\n<h2 class=\"wp-block-heading\">O que sabemos sobre os spin-offs futuros?<\/h2>\n\n\n\n<p><strong>The Immortal Man<\/strong> \u00e9 apenas o come\u00e7o de uma expans\u00e3o planejada do universo <strong>Peaky Blinders<\/strong>. <strong>Steven Knight<\/strong> j\u00e1 confirmou planos para duas s\u00e9ries spin-off adicionais: uma ambientada em <strong>Boston<\/strong> durante meados do s\u00e9culo XX e outra focada em <strong>Polly<\/strong>, a matriarca do cl\u00e3 <strong>Shelby<\/strong>. Esses projetos demonstram que a <strong>Netflix<\/strong> v\u00ea um potencial de longo prazo na franquia, similar ao que aconteceu com outras propriedades de sucesso da plataforma.<\/p>\n\n\n\n<p><strong>Knight<\/strong> tamb\u00e9m mencionou planos para &#8220;focus on the new generation&#8221; em uma s\u00e9rie p\u00f3s-<strong>Segunda Guerra Mundial<\/strong>, sugerindo que os eventos de <strong>The Immortal Man<\/strong> podem estabelecer as bases para futuras gera\u00e7\u00f5es da fam\u00edlia <strong>Shelby<\/strong>. Essa abordagem garante que o legado dos personagens continue evoluindo, mesmo ap\u00f3s o encerramento da hist\u00f3ria original de <strong>Thomas Shelby<\/strong>.<\/p>\n\n\n\n<p><\/p>\n","protected":false},"excerpt":{"rendered":"<p>A franquia Peaky Blinders ganhou uma nova dimens\u00e3o desde que Steven Knight confirmou o encerramento da s\u00e9rie televisiva com sua sexta temporada em 2022. O que come\u00e7ou como um drama brit\u00e2nico sobre gangsters de Birmingham ap\u00f3s a Primeira Guerra Mundial se transformou em um fen\u00f4meno global que conquistou milh\u00f5es de f\u00e3s ao redor do mundo [&hellip;]<\/p>\n","protected":false},"author":8,"featured_media":4274,"comment_status":"open","ping_status":"open","sticky":false,"template":"","format":"standard","meta":{"_yoast_wpseo_focuskw":"filme","_yoast_wpseo_title":"","_yoast_wpseo_metadesc":"Entenda sobre o filme baseado na s\u00e9rie \"Peaky Blinders\" e motivos do diretor estar confiante sobre o lan\u00e7amento.","jnews-multi-image_gallery":[],"jnews_single_post":{"format":"standard"},"jnews_primary_category":[],"jnews_social_meta":[],"jnews_override_counter":[],"footnotes":""},"categories":[140,169],"post_tag":[605,914,568],"class_list":["post-4256","post","type-post","status-publish","format-standard","has-post-thumbnail","hentry","category-entretenimento","category-noticias","tag-entretenimento","tag-peaky-blinders","tag-series-e-filmes"],"yoast_head":"<!-- This site is optimized with the Yoast SEO plugin v24.6 - https:\/\/yoast.com\/wordpress\/plugins\/seo\/ -->\n<title>&quot;N\u00e3o vai decepcionar&quot; diz diretor sobre o filme de Peaky Blinders - Correio Braziliense - Radar<\/title>\n<meta name=\"description\" content=\"Entenda sobre o filme baseado na s\u00e9rie &quot;Peaky Blinders&quot; e motivos do diretor estar confiante sobre o lan\u00e7amento.\" \/>\n<meta name=\"robots\" content=\"index, follow, max-snippet:-1, max-image-preview:large, max-video-preview:-1\" \/>\n<link rel=\"canonical\" href=\"https:\/\/www.correiobraziliense.com.br\/cbradar\/nao-vai-decepcionar-diz-diretor-sobre-filme-de-peaky-blinders\/\" \/>\n<meta property=\"og:locale\" content=\"pt_BR\" \/>\n<meta property=\"og:type\" content=\"article\" \/>\n<meta property=\"og:title\" content=\"&quot;N\u00e3o vai decepcionar&quot; diz diretor sobre o filme de Peaky Blinders - Correio Braziliense - Radar\" \/>\n<meta property=\"og:description\" content=\"Entenda sobre o filme baseado na s\u00e9rie &quot;Peaky Blinders&quot; e motivos do diretor estar confiante sobre o lan\u00e7amento.\" \/>\n<meta property=\"og:url\" content=\"https:\/\/www.correiobraziliense.com.br\/cbradar\/nao-vai-decepcionar-diz-diretor-sobre-filme-de-peaky-blinders\/\" \/>\n<meta property=\"og:site_name\" content=\"Correio Braziliense - Radar\" \/>\n<meta property=\"article:published_time\" content=\"2025-02-21T09:50:00+00:00\" \/>\n<meta property=\"article:modified_time\" content=\"2025-06-29T02:19:31+00:00\" \/>\n<meta property=\"og:image\" content=\"https:\/\/www.correiobraziliense.com.br\/cbradar\/wp-content\/uploads\/2025\/02\/peaky-blinders_1740072939960.jpg\" \/>\n\t<meta property=\"og:image:width\" content=\"1280\" \/>\n\t<meta property=\"og:image:height\" content=\"720\" \/>\n\t<meta property=\"og:image:type\" content=\"image\/jpeg\" \/>\n<meta name=\"author\" content=\"Maura Pereira\" \/>\n<meta name=\"twitter:card\" content=\"summary_large_image\" \/>\n<meta name=\"twitter:label1\" content=\"Escrito por\" \/>\n\t<meta name=\"twitter:data1\" content=\"Maura Pereira\" \/>\n\t<meta name=\"twitter:label2\" content=\"Est. tempo de leitura\" \/>\n\t<meta name=\"twitter:data2\" content=\"4 minutos\" \/>\n<!-- \/ Yoast SEO plugin. -->","yoast_head_json":{"title":"\"N\u00e3o vai decepcionar\" diz diretor sobre o filme de Peaky Blinders - Correio Braziliense - Radar","description":"Entenda sobre o filme baseado na s\u00e9rie \"Peaky Blinders\" e motivos do diretor estar confiante sobre o lan\u00e7amento.","robots":{"index":"index","follow":"follow","max-snippet":"max-snippet:-1","max-image-preview":"max-image-preview:large","max-video-preview":"max-video-preview:-1"},"canonical":"https:\/\/www.correiobraziliense.com.br\/cbradar\/nao-vai-decepcionar-diz-diretor-sobre-filme-de-peaky-blinders\/","og_locale":"pt_BR","og_type":"article","og_title":"\"N\u00e3o vai decepcionar\" diz diretor sobre o filme de Peaky Blinders - Correio Braziliense - Radar","og_description":"Entenda sobre o filme baseado na s\u00e9rie \"Peaky Blinders\" e motivos do diretor estar confiante sobre o lan\u00e7amento.","og_url":"https:\/\/www.correiobraziliense.com.br\/cbradar\/nao-vai-decepcionar-diz-diretor-sobre-filme-de-peaky-blinders\/","og_site_name":"Correio Braziliense - Radar","article_published_time":"2025-02-21T09:50:00+00:00","article_modified_time":"2025-06-29T02:19:31+00:00","og_image":[{"width":1280,"height":720,"url":"https:\/\/www.correiobraziliense.com.br\/cbradar\/wp-content\/uploads\/2025\/02\/peaky-blinders_1740072939960.jpg","type":"image\/jpeg"}],"author":"Maura Pereira","twitter_card":"summary_large_image","twitter_misc":{"Escrito por":"Maura Pereira","Est. tempo de leitura":"4 minutos"},"schema":{"@context":"https:\/\/schema.org","@graph":[{"@type":"WebPage","@id":"https:\/\/www.correiobraziliense.com.br\/cbradar\/nao-vai-decepcionar-diz-diretor-sobre-filme-de-peaky-blinders\/","url":"https:\/\/www.correiobraziliense.com.br\/cbradar\/nao-vai-decepcionar-diz-diretor-sobre-filme-de-peaky-blinders\/","name":"\"N\u00e3o vai decepcionar\" diz diretor sobre o filme de Peaky Blinders - Correio Braziliense - Radar","isPartOf":{"@id":"https:\/\/www.correiobraziliense.com.br\/cbradar\/#website"},"primaryImageOfPage":{"@id":"https:\/\/www.correiobraziliense.com.br\/cbradar\/nao-vai-decepcionar-diz-diretor-sobre-filme-de-peaky-blinders\/#primaryimage"},"image":{"@id":"https:\/\/www.correiobraziliense.com.br\/cbradar\/nao-vai-decepcionar-diz-diretor-sobre-filme-de-peaky-blinders\/#primaryimage"},"thumbnailUrl":"https:\/\/www.correiobraziliense.com.br\/cbradar\/wp-content\/uploads\/2025\/02\/peaky-blinders_1740072939960.jpg","datePublished":"2025-02-21T09:50:00+00:00","dateModified":"2025-06-29T02:19:31+00:00","author":{"@id":"https:\/\/www.correiobraziliense.com.br\/cbradar\/#\/schema\/person\/4053c651a9bfc785afc6f4cbc9032fd3"},"description":"Entenda sobre o filme baseado na s\u00e9rie \"Peaky Blinders\" e motivos do diretor estar confiante sobre o lan\u00e7amento.","breadcrumb":{"@id":"https:\/\/www.correiobraziliense.com.br\/cbradar\/nao-vai-decepcionar-diz-diretor-sobre-filme-de-peaky-blinders\/#breadcrumb"},"inLanguage":"pt-BR","potentialAction":[{"@type":"ReadAction","target":["https:\/\/www.correiobraziliense.com.br\/cbradar\/nao-vai-decepcionar-diz-diretor-sobre-filme-de-peaky-blinders\/"]}]},{"@type":"ImageObject","inLanguage":"pt-BR","@id":"https:\/\/www.correiobraziliense.com.br\/cbradar\/nao-vai-decepcionar-diz-diretor-sobre-filme-de-peaky-blinders\/#primaryimage","url":"https:\/\/www.correiobraziliense.com.br\/cbradar\/wp-content\/uploads\/2025\/02\/peaky-blinders_1740072939960.jpg","contentUrl":"https:\/\/www.correiobraziliense.com.br\/cbradar\/wp-content\/uploads\/2025\/02\/peaky-blinders_1740072939960.jpg","width":1280,"height":720,"caption":"Peaky Blinders \/\/ Cr\u00e9ditos: depositphotos.com \/ Sonyachny"},{"@type":"BreadcrumbList","@id":"https:\/\/www.correiobraziliense.com.br\/cbradar\/nao-vai-decepcionar-diz-diretor-sobre-filme-de-peaky-blinders\/#breadcrumb","itemListElement":[{"@type":"ListItem","position":1,"name":"In\u00edcio","item":"https:\/\/www.correiobraziliense.com.br\/cbradar\/"},{"@type":"ListItem","position":2,"name":"&#8220;N\u00e3o vai decepcionar&#8221; diz diretor sobre o filme de Peaky Blinders"}]},{"@type":"WebSite","@id":"https:\/\/www.correiobraziliense.com.br\/cbradar\/#website","url":"https:\/\/www.correiobraziliense.com.br\/cbradar\/","name":"Correio Braziliense - Radar","description":"Acompanhe as \u00faltimas not\u00edcias e fique bem informado sobre tudo o que acontece no Brasil e no mundo.","potentialAction":[{"@type":"SearchAction","target":{"@type":"EntryPoint","urlTemplate":"https:\/\/www.correiobraziliense.com.br\/cbradar\/?s={search_term_string}"},"query-input":{"@type":"PropertyValueSpecification","valueRequired":true,"valueName":"search_term_string"}}],"inLanguage":"pt-BR"},{"@type":"Person","@id":"https:\/\/www.correiobraziliense.com.br\/cbradar\/#\/schema\/person\/4053c651a9bfc785afc6f4cbc9032fd3","name":"Maura Pereira","image":{"@type":"ImageObject","inLanguage":"pt-BR","@id":"https:\/\/www.correiobraziliense.com.br\/cbradar\/#\/schema\/person\/image\/","url":"https:\/\/secure.gravatar.com\/avatar\/3effd6bdadfa447f15089c7f7144eaa6?s=96&d=mm&r=g","contentUrl":"https:\/\/secure.gravatar.com\/avatar\/3effd6bdadfa447f15089c7f7144eaa6?s=96&d=mm&r=g","caption":"Maura Pereira"},"sameAs":["https:\/\/www.correiobraziliense.com.br\/"],"url":"https:\/\/www.correiobraziliense.com.br\/cbradar\/author\/mauramyth\/"}]}},"_links":{"self":[{"href":"https:\/\/www.correiobraziliense.com.br\/cbradar\/wp-json\/wp\/v2\/posts\/4256","targetHints":{"allow":["GET"]}}],"collection":[{"href":"https:\/\/www.correiobraziliense.com.br\/cbradar\/wp-json\/wp\/v2\/posts"}],"about":[{"href":"https:\/\/www.correiobraziliense.com.br\/cbradar\/wp-json\/wp\/v2\/types\/post"}],"author":[{"embeddable":true,"href":"https:\/\/www.correiobraziliense.com.br\/cbradar\/wp-json\/wp\/v2\/users\/8"}],"replies":[{"embeddable":true,"href":"https:\/\/www.correiobraziliense.com.br\/cbradar\/wp-json\/wp\/v2\/comments?post=4256"}],"version-history":[{"count":6,"href":"https:\/\/www.correiobraziliense.com.br\/cbradar\/wp-json\/wp\/v2\/posts\/4256\/revisions"}],"predecessor-version":[{"id":61099,"href":"https:\/\/www.correiobraziliense.com.br\/cbradar\/wp-json\/wp\/v2\/posts\/4256\/revisions\/61099"}],"wp:featuredmedia":[{"embeddable":true,"href":"https:\/\/www.correiobraziliense.com.br\/cbradar\/wp-json\/wp\/v2\/media\/4274"}],"wp:attachment":[{"href":"https:\/\/www.correiobraziliense.com.br\/cbradar\/wp-json\/wp\/v2\/media?parent=4256"}],"wp:term":[{"taxonomy":"category","embeddable":true,"href":"https:\/\/www.correiobraziliense.com.br\/cbradar\/wp-json\/wp\/v2\/categories?post=4256"},{"taxonomy":"post_tag","embeddable":true,"href":"https:\/\/www.correiobraziliense.com.br\/cbradar\/wp-json\/wp\/v2\/post_tag?post=4256"}],"curies":[{"name":"wp","href":"https:\/\/api.w.org\/{rel}","templated":true}]}}