{"id":4267,"date":"2025-02-21T07:30:00","date_gmt":"2025-02-21T10:30:00","guid":{"rendered":"https:\/\/www.correiobraziliense.com.br\/cbradar\/?p=4267"},"modified":"2025-02-20T16:09:38","modified_gmt":"2025-02-20T19:09:38","slug":"conheca-a-cidade-brasileira-conhecida-como-suica-brasileira","status":"publish","type":"post","link":"https:\/\/www.correiobraziliense.com.br\/cbradar\/conheca-a-cidade-brasileira-conhecida-como-suica-brasileira\/","title":{"rendered":"Conhe\u00e7a a cidade brasileira conhecida como &#8216;Sui\u00e7a Brasileira&#8217;"},"content":{"rendered":"\n<p><strong>Monte Verde<\/strong>, uma cidade pitoresca localizada no interior de <strong><a href=\"https:\/\/www.correiobraziliense.com.br\/cbradar\/os-melhores-destinos-de-ecoturismo-em-minas-gerais\/\" target=\"_blank\" rel=\"noreferrer noopener\">Minas Gerais<\/a><\/strong>, \u00e9 frequentemente referida como a &#8220;<strong>Su\u00ed\u00e7a Brasileira<\/strong>&#8220;. Este destino tem atra\u00eddo um n\u00famero crescente de turistas em busca de um clima europeu, hospitalidade calorosa e paisagens deslumbrantes. A apenas algumas horas de S\u00e3o Paulo, Monte Verde oferece uma experi\u00eancia \u00fanica que combina romance, aventura e cultura.<\/p>\n\n\n\n<p>Com uma arquitetura que evoca os vilarejos alpinos, ruas de paralelep\u00edpedos e chal\u00e9s aconchegantes, a cidade proporciona aos visitantes a sensa\u00e7\u00e3o de estar em um cen\u00e1rio europeu sem sair do Brasil. O clima ameno e a gastronomia sofisticada tornam Monte Verde um destino ideal para casais apaixonados, oferecendo fondues, chocolates artesanais e vinhos locais.<\/p>\n\n\n\n<h2 class=\"wp-block-heading\"><strong>O que fazer em Monte Verde?<\/strong><\/h2>\n\n\n\n<p>Monte Verde n\u00e3o \u00e9 apenas um ref\u00fagio rom\u00e2ntico; \u00e9 tamb\u00e9m um para\u00edso para os amantes do ecoturismo e dos esportes de aventura. As regi\u00f5es montanhosas ao redor oferecem trilhas c\u00eanicas como a Pedra Redonda, a Pedra Partida e o Chap\u00e9u do Bispo, todas proporcionando vistas panor\u00e2micas espetaculares da Serra da Mantiqueira.<\/p>\n\n\n\n<p>Para aqueles que buscam adrenalina, atividades como arvorismo, tirolesa e passeios de quadriciclo s\u00e3o altamente recomendadas. A Mega Tirolesa da Fazenda Radical \u00e9 um dos destaques, oferecendo uma experi\u00eancia emocionante sobre a paisagem exuberante. Al\u00e9m disso, o Parque Oschin \u00e9 ideal para caminhadas entre arauc\u00e1rias, enquanto o Parque VillaLeta, com sua tem\u00e1tica viking, oferece op\u00e7\u00f5es de lazer para toda a fam\u00edlia.<\/p>\n\n\n\n<figure class=\"wp-block-image size-large\"><img decoding=\"async\" width=\"1024\" height=\"576\" src=\"https:\/\/www.correiobraziliense.com.br\/cbradar\/wp-content\/uploads\/2025\/02\/monte-verde-1024x576.png\" alt=\"Conhe\u00e7a a cidade brasileira conhecida como 'Sui\u00e7a Brasileira'\" class=\"wp-image-4271\" srcset=\"https:\/\/www.correiobraziliense.com.br\/cbradar\/wp-content\/uploads\/2025\/02\/monte-verde-1024x576.png 1024w, https:\/\/www.correiobraziliense.com.br\/cbradar\/wp-content\/uploads\/2025\/02\/monte-verde-300x169.png 300w, https:\/\/www.correiobraziliense.com.br\/cbradar\/wp-content\/uploads\/2025\/02\/monte-verde-768x432.png 768w, https:\/\/www.correiobraziliense.com.br\/cbradar\/wp-content\/uploads\/2025\/02\/monte-verde-750x422.png 750w, https:\/\/www.correiobraziliense.com.br\/cbradar\/wp-content\/uploads\/2025\/02\/monte-verde-1140x641.png 1140w, https:\/\/www.correiobraziliense.com.br\/cbradar\/wp-content\/uploads\/2025\/02\/monte-verde.png 1280w\" sizes=\"(max-width: 1024px) 100vw, 1024px\" \/><figcaption class=\"wp-element-caption\">Monte Verde, Minas Gerais. Fonte: Viajando na Janela<\/figcaption><\/figure>\n\n\n\n<h2 class=\"wp-block-heading\"><strong>Como chegar a Monte Verde?<\/strong><\/h2>\n\n\n\n<p>Monte Verde est\u00e1 localizada a cerca de quatro horas de carro de S\u00e3o Paulo, com acesso principal pela BR-381. Para quem parte de Belo Horizonte, a viagem \u00e9 um pouco mais longa, levando aproximadamente sete horas. A cidade \u00e9 facilmente acess\u00edvel, tornando-se uma op\u00e7\u00e3o conveniente para uma escapada de fim de semana ou f\u00e9rias prolongadas.<\/p>\n\n\n\n<h2 class=\"wp-block-heading\"><strong>Por que Monte Verde \u00e9 conhecida como a &#8220;Su\u00ed\u00e7a Brasileira&#8221;?<\/strong><\/h2>\n\n\n\n<p>A cidade ganhou o apelido de &#8220;Su\u00ed\u00e7a Brasileira&#8221; devido \u00e0 sua arquitetura e clima que lembram os vilarejos alpinos da Europa. Al\u00e9m disso, a hospitalidade local \u00e9 um diferencial significativo. Em 2022, Monte Verde foi eleita a cidade mais acolhedora do Brasil pelo Traveller Review Awards, destacando n\u00e3o apenas a infraestrutura, mas tamb\u00e9m a simpatia de seus moradores.<\/p>\n\n\n\n<p>O com\u00e9rcio local \u00e9 outro atrativo, especialmente na avenida principal, onde lojinhas encantam com queijos, doces tradicionais, cacha\u00e7as e produtos artesanais. Para os amantes da arte, a Galeria de Arte Unger\u2019s Pottery House \u00e9 um espa\u00e7o imperd\u00edvel para visitar.<\/p>\n\n\n\n<h2 class=\"wp-block-heading\"><strong>Monte Verde: um destino em ascens\u00e3o<\/strong><\/h2>\n\n\n\n<p>Com sua mistura irresist\u00edvel de natureza, aventura, romance e hospitalidade, Monte Verde tem se consolidado como um dos destinos tur\u00edsticos mais desejados do Brasil. Seja para relaxar em meio \u00e0s montanhas, explorar trilhas exuberantes ou degustar del\u00edcias gastron\u00f4micas, a &#8220;Su\u00ed\u00e7a Brasileira&#8221; promete encantar e surpreender a cada visita.<\/p>\n","protected":false},"excerpt":{"rendered":"<p>Conhe\u00e7a um site arqueol\u00f3gico paleol\u00edtico localizado no Chile, que oferece uma vis\u00e3o \u00fanica sobre os primeiros assentamentos nas Am\u00e9ricas.<\/p>\n","protected":false},"author":3,"featured_media":4269,"comment_status":"open","ping_status":"open","sticky":false,"template":"","format":"standard","meta":{"jnews-multi-image_gallery":[],"jnews_single_post":{"format":"standard"},"jnews_primary_category":[],"jnews_social_meta":[],"jnews_override_counter":[],"footnotes":""},"categories":[108],"post_tag":[225,468],"class_list":["post-4267","post","type-post","status-publish","format-standard","has-post-thumbnail","hentry","category-cidades","tag-brasil","tag-suica"],"yoast_head":"<!-- This site is optimized with the Yoast SEO plugin v24.6 - https:\/\/yoast.com\/wordpress\/plugins\/seo\/ -->\n<title>Conhe\u00e7a a cidade brasileira conhecida como &#039;Sui\u00e7a Brasileira&#039;<\/title>\n<meta name=\"description\" content=\"Conhe\u00e7a um site arqueol\u00f3gico paleol\u00edtico localizado no Chile, que oferece uma vis\u00e3o \u00fanica sobre os primeiros assentamentos nas Am\u00e9ricas.\" \/>\n<meta name=\"robots\" content=\"index, follow, max-snippet:-1, max-image-preview:large, max-video-preview:-1\" \/>\n<link rel=\"canonical\" href=\"https:\/\/www.correiobraziliense.com.br\/cbradar\/conheca-a-cidade-brasileira-conhecida-como-suica-brasileira\/\" \/>\n<meta property=\"og:locale\" content=\"pt_BR\" \/>\n<meta property=\"og:type\" content=\"article\" \/>\n<meta property=\"og:title\" content=\"Conhe\u00e7a a cidade brasileira conhecida como &#039;Sui\u00e7a Brasileira&#039;\" \/>\n<meta property=\"og:description\" content=\"Conhe\u00e7a um site arqueol\u00f3gico paleol\u00edtico localizado no Chile, que oferece uma vis\u00e3o \u00fanica sobre os primeiros assentamentos nas Am\u00e9ricas.\" \/>\n<meta property=\"og:url\" content=\"https:\/\/www.correiobraziliense.com.br\/cbradar\/conheca-a-cidade-brasileira-conhecida-como-suica-brasileira\/\" \/>\n<meta property=\"og:site_name\" content=\"Correio Braziliense - Radar\" \/>\n<meta property=\"article:published_time\" content=\"2025-02-21T10:30:00+00:00\" \/>\n<meta property=\"og:image\" content=\"https:\/\/www.correiobraziliense.com.br\/cbradar\/wp-content\/uploads\/2025\/02\/monte-verdes.png\" \/>\n\t<meta property=\"og:image:width\" content=\"1280\" \/>\n\t<meta property=\"og:image:height\" content=\"720\" \/>\n\t<meta property=\"og:image:type\" content=\"image\/png\" \/>\n<meta name=\"author\" content=\"Larissa Carvalho\" \/>\n<meta name=\"twitter:card\" content=\"summary_large_image\" \/>\n<meta name=\"twitter:label1\" content=\"Escrito por\" \/>\n\t<meta name=\"twitter:data1\" content=\"Larissa Carvalho\" \/>\n\t<meta name=\"twitter:label2\" content=\"Est. tempo de leitura\" \/>\n\t<meta name=\"twitter:data2\" content=\"3 minutos\" \/>\n<!-- \/ Yoast SEO plugin. -->","yoast_head_json":{"title":"Conhe\u00e7a a cidade brasileira conhecida como 'Sui\u00e7a Brasileira'","description":"Conhe\u00e7a um site arqueol\u00f3gico paleol\u00edtico localizado no Chile, que oferece uma vis\u00e3o \u00fanica sobre os primeiros assentamentos nas Am\u00e9ricas.","robots":{"index":"index","follow":"follow","max-snippet":"max-snippet:-1","max-image-preview":"max-image-preview:large","max-video-preview":"max-video-preview:-1"},"canonical":"https:\/\/www.correiobraziliense.com.br\/cbradar\/conheca-a-cidade-brasileira-conhecida-como-suica-brasileira\/","og_locale":"pt_BR","og_type":"article","og_title":"Conhe\u00e7a a cidade brasileira conhecida como 'Sui\u00e7a Brasileira'","og_description":"Conhe\u00e7a um site arqueol\u00f3gico paleol\u00edtico localizado no Chile, que oferece uma vis\u00e3o \u00fanica sobre os primeiros assentamentos nas Am\u00e9ricas.","og_url":"https:\/\/www.correiobraziliense.com.br\/cbradar\/conheca-a-cidade-brasileira-conhecida-como-suica-brasileira\/","og_site_name":"Correio Braziliense - Radar","article_published_time":"2025-02-21T10:30:00+00:00","og_image":[{"width":1280,"height":720,"url":"https:\/\/www.correiobraziliense.com.br\/cbradar\/wp-content\/uploads\/2025\/02\/monte-verdes.png","type":"image\/png"}],"author":"Larissa Carvalho","twitter_card":"summary_large_image","twitter_misc":{"Escrito por":"Larissa Carvalho","Est. tempo de leitura":"3 minutos"},"schema":{"@context":"https:\/\/schema.org","@graph":[{"@type":"WebPage","@id":"https:\/\/www.correiobraziliense.com.br\/cbradar\/conheca-a-cidade-brasileira-conhecida-como-suica-brasileira\/","url":"https:\/\/www.correiobraziliense.com.br\/cbradar\/conheca-a-cidade-brasileira-conhecida-como-suica-brasileira\/","name":"Conhe\u00e7a a cidade brasileira conhecida como 'Sui\u00e7a Brasileira'","isPartOf":{"@id":"https:\/\/www.correiobraziliense.com.br\/cbradar\/#website"},"primaryImageOfPage":{"@id":"https:\/\/www.correiobraziliense.com.br\/cbradar\/conheca-a-cidade-brasileira-conhecida-como-suica-brasileira\/#primaryimage"},"image":{"@id":"https:\/\/www.correiobraziliense.com.br\/cbradar\/conheca-a-cidade-brasileira-conhecida-como-suica-brasileira\/#primaryimage"},"thumbnailUrl":"https:\/\/www.correiobraziliense.com.br\/cbradar\/wp-content\/uploads\/2025\/02\/monte-verdes.png","datePublished":"2025-02-21T10:30:00+00:00","author":{"@id":"https:\/\/www.correiobraziliense.com.br\/cbradar\/#\/schema\/person\/58422787644df994b53a19d3e56c1513"},"description":"Conhe\u00e7a um site arqueol\u00f3gico paleol\u00edtico localizado no Chile, que oferece uma vis\u00e3o \u00fanica sobre os primeiros assentamentos nas Am\u00e9ricas.","breadcrumb":{"@id":"https:\/\/www.correiobraziliense.com.br\/cbradar\/conheca-a-cidade-brasileira-conhecida-como-suica-brasileira\/#breadcrumb"},"inLanguage":"pt-BR","potentialAction":[{"@type":"ReadAction","target":["https:\/\/www.correiobraziliense.com.br\/cbradar\/conheca-a-cidade-brasileira-conhecida-como-suica-brasileira\/"]}]},{"@type":"ImageObject","inLanguage":"pt-BR","@id":"https:\/\/www.correiobraziliense.com.br\/cbradar\/conheca-a-cidade-brasileira-conhecida-como-suica-brasileira\/#primaryimage","url":"https:\/\/www.correiobraziliense.com.br\/cbradar\/wp-content\/uploads\/2025\/02\/monte-verdes.png","contentUrl":"https:\/\/www.correiobraziliense.com.br\/cbradar\/wp-content\/uploads\/2025\/02\/monte-verdes.png","width":1280,"height":720,"caption":"Sui\u00e7a Brasileira. Fonte: BruxelasDaBelgica, CC BY-SA 4.0, via Wikimedia Commons"},{"@type":"BreadcrumbList","@id":"https:\/\/www.correiobraziliense.com.br\/cbradar\/conheca-a-cidade-brasileira-conhecida-como-suica-brasileira\/#breadcrumb","itemListElement":[{"@type":"ListItem","position":1,"name":"In\u00edcio","item":"https:\/\/www.correiobraziliense.com.br\/cbradar\/"},{"@type":"ListItem","position":2,"name":"Conhe\u00e7a a cidade brasileira conhecida como &#8216;Sui\u00e7a Brasileira&#8217;"}]},{"@type":"WebSite","@id":"https:\/\/www.correiobraziliense.com.br\/cbradar\/#website","url":"https:\/\/www.correiobraziliense.com.br\/cbradar\/","name":"Correio Braziliense - Radar","description":"Acompanhe as \u00faltimas not\u00edcias e fique bem informado sobre tudo o que acontece no Brasil e no mundo.","potentialAction":[{"@type":"SearchAction","target":{"@type":"EntryPoint","urlTemplate":"https:\/\/www.correiobraziliense.com.br\/cbradar\/?s={search_term_string}"},"query-input":{"@type":"PropertyValueSpecification","valueRequired":true,"valueName":"search_term_string"}}],"inLanguage":"pt-BR"},{"@type":"Person","@id":"https:\/\/www.correiobraziliense.com.br\/cbradar\/#\/schema\/person\/58422787644df994b53a19d3e56c1513","name":"Larissa Carvalho","image":{"@type":"ImageObject","inLanguage":"pt-BR","@id":"https:\/\/www.correiobraziliense.com.br\/cbradar\/#\/schema\/person\/image\/","url":"https:\/\/secure.gravatar.com\/avatar\/fe4f91a0de32b52a838d0d612abdc1aa?s=96&d=mm&r=g","contentUrl":"https:\/\/secure.gravatar.com\/avatar\/fe4f91a0de32b52a838d0d612abdc1aa?s=96&d=mm&r=g","caption":"Larissa Carvalho"},"url":"https:\/\/www.correiobraziliense.com.br\/cbradar\/author\/larissamyth\/"}]}},"_links":{"self":[{"href":"https:\/\/www.correiobraziliense.com.br\/cbradar\/wp-json\/wp\/v2\/posts\/4267","targetHints":{"allow":["GET"]}}],"collection":[{"href":"https:\/\/www.correiobraziliense.com.br\/cbradar\/wp-json\/wp\/v2\/posts"}],"about":[{"href":"https:\/\/www.correiobraziliense.com.br\/cbradar\/wp-json\/wp\/v2\/types\/post"}],"author":[{"embeddable":true,"href":"https:\/\/www.correiobraziliense.com.br\/cbradar\/wp-json\/wp\/v2\/users\/3"}],"replies":[{"embeddable":true,"href":"https:\/\/www.correiobraziliense.com.br\/cbradar\/wp-json\/wp\/v2\/comments?post=4267"}],"version-history":[{"count":1,"href":"https:\/\/www.correiobraziliense.com.br\/cbradar\/wp-json\/wp\/v2\/posts\/4267\/revisions"}],"predecessor-version":[{"id":4272,"href":"https:\/\/www.correiobraziliense.com.br\/cbradar\/wp-json\/wp\/v2\/posts\/4267\/revisions\/4272"}],"wp:featuredmedia":[{"embeddable":true,"href":"https:\/\/www.correiobraziliense.com.br\/cbradar\/wp-json\/wp\/v2\/media\/4269"}],"wp:attachment":[{"href":"https:\/\/www.correiobraziliense.com.br\/cbradar\/wp-json\/wp\/v2\/media?parent=4267"}],"wp:term":[{"taxonomy":"category","embeddable":true,"href":"https:\/\/www.correiobraziliense.com.br\/cbradar\/wp-json\/wp\/v2\/categories?post=4267"},{"taxonomy":"post_tag","embeddable":true,"href":"https:\/\/www.correiobraziliense.com.br\/cbradar\/wp-json\/wp\/v2\/post_tag?post=4267"}],"curies":[{"name":"wp","href":"https:\/\/api.w.org\/{rel}","templated":true}]}}