{"id":42976,"date":"2025-06-01T11:23:00","date_gmt":"2025-06-01T14:23:00","guid":{"rendered":"https:\/\/www.correiobraziliense.com.br\/cbradar\/?p=42976"},"modified":"2025-05-28T23:40:31","modified_gmt":"2025-05-29T02:40:31","slug":"melhore-o-seu-sono-drasticamente-apenas-consumindo-essa-bebida-natural","status":"publish","type":"post","link":"https:\/\/www.correiobraziliense.com.br\/cbradar\/melhore-o-seu-sono-drasticamente-apenas-consumindo-essa-bebida-natural\/","title":{"rendered":"Melhore o seu sono drasticamente apenas consumindo essa bebida natural"},"content":{"rendered":"\n<p>O <strong>ch\u00e1 de <a href=\"https:\/\/pt.wikipedia.org\/wiki\/Camomila-vulgar\" target=\"_blank\" rel=\"noreferrer noopener\">camomila<\/a><\/strong>, com seu aroma suave e floral, \u00e9 mundialmente famoso como um indutor de <strong>sono<\/strong> e um agente <strong>relaxante<\/strong>. No entanto, a reputa\u00e7\u00e3o dessa humilde flor (<em>Matricaria recutita<\/em> ou <em>Chamaemelum nobile<\/em>) se estende muito al\u00e9m do travesseiro. Utilizada h\u00e1 mil\u00eanios na medicina tradicional, a <strong>camomila<\/strong> possui uma riqueza de compostos bioativos que lhe conferem <strong>propriedades<\/strong> diversas, capazes de impactar positivamente a <a href=\"https:\/\/www.correiobraziliense.com.br\/cbradar\/prepare-jantares-simples-e-saudaveis-para-uma-boa-alimentacao-durante-a-semana\/\" target=\"_blank\" rel=\"noreferrer noopener\"><strong>sa\u00fade<\/strong> <\/a>de maneiras que voc\u00ea talvez n\u00e3o conhe\u00e7a. Longe de ser apenas uma bebida para antes de dormir, o <strong>ch\u00e1 de camomila<\/strong> \u00e9 um aliado poderoso para a <strong>digest\u00e3o<\/strong>, o <strong>al\u00edvio do estresse<\/strong>, e a <strong>sa\u00fade<\/strong> geral, revelando <strong>benef\u00edcios surpreendentes<\/strong> que valem a pena explorar.<\/p>\n\n\n\n<p>A <strong>ci\u00eancia<\/strong> tem investigado as <strong>propriedades<\/strong> da <strong>camomila<\/strong>, confirmando muitos de seus usos tradicionais. Seus compostos atuam de diversas formas no <strong>corpo<\/strong>, desde <strong>reduzir a inflama\u00e7\u00e3o<\/strong> at\u00e9 modular o <strong>sistema nervoso<\/strong>. Incorporar o <strong>ch\u00e1 de camomila<\/strong> em sua <strong>rotina<\/strong> pode ser um <strong>passo simples<\/strong> para aproveitar esses m\u00faltiplos <strong>benef\u00edcios<\/strong>, tornando-o uma bebida funcional para diferentes momentos do seu dia. Este guia explora as <strong>propriedades<\/strong> da <strong>camomila<\/strong> que v\u00e3o al\u00e9m do <strong>sono<\/strong> e apresenta 7 <strong>benef\u00edcios surpreendentes<\/strong> para a sua <strong>sa\u00fade<\/strong>. <strong>Sempre consulte um profissional de sa\u00fade<\/strong> se voc\u00ea tiver <strong>sintomas persistentes<\/strong> ou <strong>condi\u00e7\u00f5es de sa\u00fade<\/strong> preexistentes.<\/p>\n\n\n\n<h2 class=\"wp-block-heading\">Quais compostos ativos fazem da camomila uma erva com tantas propriedades medicinais?<\/h2>\n\n\n<div class=\"wp-block-image\">\n<figure class=\"aligncenter size-large\"><img decoding=\"async\" width=\"1024\" height=\"576\" src=\"https:\/\/www.correiobraziliense.com.br\/cbradar\/wp-content\/uploads\/2025\/03\/c_1740846713831-1024x576.jpg\" alt=\"Melhore o seu sono drasticamente apenas consumindo essa bebida natural\" class=\"wp-image-8053\" srcset=\"https:\/\/www.correiobraziliense.com.br\/cbradar\/wp-content\/uploads\/2025\/03\/c_1740846713831-1024x576.jpg 1024w, https:\/\/www.correiobraziliense.com.br\/cbradar\/wp-content\/uploads\/2025\/03\/c_1740846713831-300x169.jpg 300w, https:\/\/www.correiobraziliense.com.br\/cbradar\/wp-content\/uploads\/2025\/03\/c_1740846713831-768x432.jpg 768w, https:\/\/www.correiobraziliense.com.br\/cbradar\/wp-content\/uploads\/2025\/03\/c_1740846713831-750x422.jpg 750w, https:\/\/www.correiobraziliense.com.br\/cbradar\/wp-content\/uploads\/2025\/03\/c_1740846713831-1140x641.jpg 1140w, https:\/\/www.correiobraziliense.com.br\/cbradar\/wp-content\/uploads\/2025\/03\/c_1740846713831.jpg 1280w\" sizes=\"(max-width: 1024px) 100vw, 1024px\" \/><figcaption class=\"wp-element-caption\">Ch\u00e1 &#8211; Cr\u00e9ditos: depositphotos.com \/ ViktoriiaDyachenko<\/figcaption><\/figure><\/div>\n\n\n<p>Os principais compostos ativos da <strong>camomila<\/strong> s\u00e3o:<\/p>\n\n\n\n<ul class=\"wp-block-list\">\n<li><strong>Apigenina:<\/strong> Um <strong>flavonoide<\/strong> com <strong>propriedades antioxidantes<\/strong>, <strong>anti-inflamat\u00f3rias<\/strong> e que se liga a receptores GABA no <strong>c\u00e9rebro<\/strong>, contribuindo para o <strong>relaxamento<\/strong>.<\/li>\n\n\n\n<li><strong>Bisabolol e Chamazuleno:<\/strong> S\u00e3o <strong>terpenoides<\/strong> com fortes <strong>propriedades anti-inflamat\u00f3rias<\/strong> e <strong>anti-espasm\u00f3dicas<\/strong>.<\/li>\n\n\n\n<li><strong>Outros Flavonoides:<\/strong> Como a <strong>luteolina<\/strong> e a <strong>quercetina<\/strong>, que tamb\u00e9m contribuem para a <strong>a\u00e7\u00e3o antioxidante<\/strong> e <strong>anti-inflamat\u00f3ria<\/strong>.<\/li>\n<\/ul>\n\n\n\n<p>\u00c9 a <strong>combina\u00e7\u00e3o<\/strong> desses compostos que confere \u00e0 <strong>camomila<\/strong> suas diversas <strong>propriedades terap\u00eauticas<\/strong>.<\/p>\n\n\n\n<h2 class=\"wp-block-heading\">De que forma o ch\u00e1 de camomila pode ser um poderoso aliado para a sua digest\u00e3o?<\/h2>\n\n\n\n<p>O <strong>ch\u00e1 de camomila<\/strong> \u00e9 um excelente aliado para a <strong>sa\u00fade digestiva<\/strong>:<\/p>\n\n\n\n<ul class=\"wp-block-list\">\n<li><strong>A\u00e7\u00e3o Anti-espasm\u00f3dica:<\/strong> Seus compostos, como o <strong>bisabolol<\/strong>, ajudam a <strong>relaxar<\/strong> os <strong>m\u00fasculos lisos<\/strong> do trato gastrointestinal. Isso pode <strong>aliviar c\u00f3licas<\/strong>, <strong>espasmos<\/strong>, <strong>gases<\/strong> e <strong>incha\u00e7o abdominal<\/strong>.<\/li>\n\n\n\n<li><strong>Al\u00edvio de Indigest\u00e3o:<\/strong> Pode ajudar a acalmar o revestimento do est\u00f4mago e promover a <strong>digest\u00e3o<\/strong>, <strong>reduzindo desconfortos<\/strong> como <strong>azia<\/strong> e <strong>n\u00e1useas<\/strong>.<\/li>\n\n\n\n<li><strong>Melhora da S\u00edndrome do Intestino Irrit\u00e1vel (SII):<\/strong> Para algumas pessoas com <strong>SII<\/strong>, o <strong>ch\u00e1 de camomila<\/strong> pode <strong>aliviar sintomas<\/strong> como <strong>dor abdominal<\/strong> e <strong>incha\u00e7o<\/strong> devido ao seu <strong>efeito relaxante<\/strong> <strong>muscular<\/strong>.<\/li>\n\n\n\n<li><strong>Propriedades Carminativas:<\/strong> Ajuda a <strong>reduzir a forma\u00e7\u00e3o de gases<\/strong> e a facilitar sua expuls\u00e3o.<\/li>\n<\/ul>\n\n\n\n<p>Uma x\u00edcara de <strong>ch\u00e1 de camomila<\/strong> ap\u00f3s as refei\u00e7\u00f5es pode trazer grande <strong>conforto digestivo<\/strong>.<\/p>\n\n\n\n<h2 class=\"wp-block-heading\">Al\u00e9m do relaxamento, como a camomila ajuda no al\u00edvio do estresse e da ansiedade?<\/h2>\n\n\n\n<p>Embora famosa pelo <strong>sono<\/strong>, a <strong>camomila<\/strong> \u00e9 um potente agente para o <strong>al\u00edvio do estresse<\/strong> e da <strong>ansiedade<\/strong>:<\/p>\n\n\n\n<ul class=\"wp-block-list\">\n<li><strong>Intera\u00e7\u00e3o com Receptores GABA:<\/strong> A <strong>apigenina<\/strong> e outros compostos da <strong>camomila<\/strong> podem se ligar aos receptores <strong>GABA<\/strong> no <strong>c\u00e9rebro<\/strong>, que s\u00e3o os mesmos receptores que certos medicamentos <strong>anti-ansiedade<\/strong> ativam. Isso promove um <strong>efeito calmante<\/strong> no <strong>sistema nervoso<\/strong>, <strong>reduzindo a agita\u00e7\u00e3o<\/strong> e a <strong>ansiedade<\/strong>.<\/li>\n\n\n\n<li><strong>Redu\u00e7\u00e3o do Estresse:<\/strong> Ao promover o <strong>relaxamento<\/strong> e modular a atividade do <strong>sistema nervoso<\/strong>, o <strong>ch\u00e1 de camomila<\/strong> pode <strong>reduzir<\/strong> os <strong>n\u00edveis de horm\u00f4nios do estresse<\/strong> e a sensa\u00e7\u00e3o geral de <strong>estresse<\/strong>.<\/li>\n\n\n\n<li><strong>Melhora do Humor:<\/strong> Ao <strong>aliviar a ansiedade<\/strong> e o <strong>estresse<\/strong>, a <strong>camomila<\/strong> contribui para um <strong>humor<\/strong> mais equilibrado e uma sensa\u00e7\u00e3o de <strong>bem-estar<\/strong>.<\/li>\n<\/ul>\n\n\n\n<p>\u00c9 uma <strong>alternativa suave<\/strong> para gerenciar o <strong>estresse<\/strong> e a <strong>ansiedade<\/strong> di\u00e1rios.<\/p>\n\n\n\n<h2 class=\"wp-block-heading\">Quais s\u00e3o os 7 benef\u00edcios surpreendentes da camomila que voc\u00ea talvez n\u00e3o conhe\u00e7a?<\/h2>\n\n\n\n<p>Al\u00e9m do <strong>sono<\/strong> e dos benef\u00edcios digestivos para os quais a <strong>camomila<\/strong> \u00e9 bem conhecida, ela oferece:<\/p>\n\n\n\n<ol class=\"wp-block-list\">\n<li><strong>Potente A\u00e7\u00e3o Anti-inflamat\u00f3ria:<\/strong> Seus compostos, como o <strong>chamazuleno<\/strong> e o <strong>bisabolol<\/strong>, <strong>reduzem a inflama\u00e7\u00e3o<\/strong> em todo o <strong>corpo<\/strong>, o que pode <strong>aliviar dores<\/strong> associadas a condi\u00e7\u00f5es <strong>inflamat\u00f3rias<\/strong>.<\/li>\n\n\n\n<li><strong>Propriedades Antioxidantes:<\/strong> Rica em <strong>flavonoides<\/strong>, protege as c\u00e9lulas contra danos causados por <strong>radicais livres<\/strong>, contribuindo para a <strong>preven\u00e7\u00e3o<\/strong> de <strong>doen\u00e7as cr\u00f4nicas<\/strong>.<\/li>\n\n\n\n<li><strong>Al\u00edvio de Dores de Cabe\u00e7a Tensionais:<\/strong> O <strong>efeito relaxante<\/strong> <strong>muscular<\/strong> e <strong>anti-inflamat\u00f3rio<\/strong> da <strong>camomila<\/strong> pode <strong>aliviar dores de cabe\u00e7a<\/strong> causadas por <strong>tens\u00e3o<\/strong> no <strong>pesco\u00e7o<\/strong> e <strong>ombros<\/strong>.<\/li>\n\n\n\n<li><strong>Apoio ao Sistema Imunol\u00f3gico:<\/strong> Suas <strong>propriedades<\/strong> <strong>anti-inflamat\u00f3rias<\/strong> e <strong>antiss\u00e9pticas<\/strong> podem ajudar a modular o <strong>sistema imunol\u00f3gico<\/strong> e a <strong>combater infec\u00e7\u00f5es<\/strong>.<\/li>\n\n\n\n<li><strong>Sa\u00fade da Pele (Uso T\u00f3pico):<\/strong> Aplicada topicamente (em infus\u00e3o fria ou lo\u00e7\u00f5es), a <strong>camomila<\/strong> pode <strong>acalmar irrita\u00e7\u00f5es<\/strong> na <strong>pele<\/strong>, <strong>reduzir a vermelhid\u00e3o<\/strong> e <strong>aliviar a coceira<\/strong> em casos de <strong>eczema<\/strong> ou <strong>dermatite<\/strong>.<\/li>\n\n\n\n<li><strong>Al\u00edvio de C\u00f3licas Menstruais:<\/strong> As <strong>propriedades anti-espasm\u00f3dicas<\/strong> da <strong>camomila<\/strong> podem ajudar a <strong>aliviar as c\u00f3licas<\/strong> e o desconforto <strong>abdominal<\/strong> durante o ciclo menstrual.<\/li>\n\n\n\n<li><strong>Potencial Controle do A\u00e7\u00facar no Sangue:<\/strong> Estudos preliminares sugerem que o <strong>ch\u00e1 de camomila<\/strong> pode ter um leve <strong>efeito<\/strong> na <strong>redu\u00e7\u00e3o dos n\u00edveis de a\u00e7\u00facar no sangue<\/strong> em pessoas com <strong>diabetes<\/strong>, embora mais pesquisas sejam necess\u00e1rias.<\/li>\n<\/ol>\n\n\n\n<p>Esses <strong>benef\u00edcios<\/strong> ampliam o valor da <strong>camomila<\/strong> para a <strong>sa\u00fade<\/strong> geral.<\/p>\n\n\n\n<h2 class=\"wp-block-heading\">Qual a melhor forma de preparar e consumir o ch\u00e1 de camomila para aproveitar todos os seus poderes?<\/h2>\n\n\n\n<p>Para preparar um <strong>ch\u00e1 de camomila<\/strong> que maximize seus <strong>benef\u00edcios<\/strong>:<\/p>\n\n\n\n<ul class=\"wp-block-list\">\n<li><strong>Use as flores secas:<\/strong> Prefira flores inteiras secas (n\u00e3o apenas os saquinhos de <strong>ch\u00e1<\/strong> processados), pois elas ret\u00eam mais compostos ativos.<\/li>\n\n\n\n<li><strong>Temperatura da \u00e1gua:<\/strong> Use <strong>\u00e1gua<\/strong> quente, mas n\u00e3o fervente (cerca de 80-90\u00b0C), para <strong>preservar os compostos<\/strong> delicados.<\/li>\n\n\n\n<li><strong>Tempo de infus\u00e3o:<\/strong> Adicione 1 a 2 colheres de sopa de flores secas por x\u00edcara de <strong>\u00e1gua<\/strong>. Cubra a x\u00edcara ou bule e deixe em infus\u00e3o por 5 a 10 minutos. Cobrir \u00e9 importante para evitar a perda de \u00f3leos vol\u00e1teis.<\/li>\n\n\n\n<li><strong>Coe e sirva.<\/strong><\/li>\n<\/ul>\n\n\n\n<p>Pode ser consumido quente ou frio, dependendo da sua prefer\u00eancia. Para <strong>aliviar<\/strong> <strong>dores<\/strong> ou <strong>desconfortos digestivos<\/strong>, pode ser consumido ap\u00f3s as refei\u00e7\u00f5es. Para <strong>estresse<\/strong> e <strong>ansiedade<\/strong>, v\u00e1rias x\u00edcaras ao longo do dia podem ser ben\u00e9ficas.<\/p>\n\n\n\n<p>Dicas de consumo e precau\u00e7\u00f5es:<\/p>\n\n\n\n<ul class=\"wp-block-list\">\n<li>Evite adicionar muito a\u00e7\u00facar.<\/li>\n\n\n\n<li><strong>Alergia:<\/strong> Pessoas com <strong>alergia<\/strong> a plantas da fam\u00edlia Asteraceae (como ambr\u00f3sia, margaridas, cris\u00e2ntemos) podem ter <strong>alergia<\/strong> \u00e0 <strong>camomila<\/strong>.<\/li>\n\n\n\n<li><strong>Intera\u00e7\u00f5es medicamentosas:<\/strong> Em doses muito elevadas, pode ter um leve <strong>efeito<\/strong> anticoagulante. Se voc\u00ea toma medicamentos anticoagulantes ou outros medicamentos, <strong>sempre consulte um m\u00e9dico<\/strong> antes de usar o <strong>ch\u00e1 de camomila<\/strong> regularmente.<\/li>\n\n\n\n<li><strong>Gravidez\/Amamenta\u00e7\u00e3o:<\/strong> O uso em <strong>beb\u00eas<\/strong> e durante a <strong>gravidez<\/strong> e <strong>amamenta\u00e7\u00e3o<\/strong> deve ser discutido com um m\u00e9dico devido \u00e0 falta de <strong>pesquisas<\/strong> conclusivas e <strong>potenciais<\/strong> <strong>riscos<\/strong> (ex: <strong>estragole<\/strong> em algumas variedades, embora o <strong>risco<\/strong> seja geralmente baixo em <strong>ch\u00e1s<\/strong>).<\/li>\n<\/ul>\n\n\n\n<p>O <strong>ch\u00e1 de camomila<\/strong> \u00e9 uma <strong>bebida<\/strong> vers\u00e1til e com <strong>propriedades terap\u00eauticas<\/strong> que v\u00e3o muito al\u00e9m do <strong>sono<\/strong>, sendo um \u00f3timo aliado para a <strong>sa\u00fade digestiva<\/strong>, <strong>al\u00edvio do estresse<\/strong> e <strong>bem-estar<\/strong> geral.<\/p>\n","protected":false},"excerpt":{"rendered":"<p>O ch\u00e1 de camomila, com seu aroma suave e floral, \u00e9 mundialmente famoso como um indutor de sono e um agente relaxante. No entanto, a reputa\u00e7\u00e3o dessa humilde flor (Matricaria recutita ou Chamaemelum nobile) se estende muito al\u00e9m do travesseiro. Utilizada h\u00e1 mil\u00eanios na medicina tradicional, a camomila possui uma riqueza de compostos bioativos que [&hellip;]<\/p>\n","protected":false},"author":11,"featured_media":13164,"comment_status":"open","ping_status":"open","sticky":false,"template":"","format":"standard","meta":{"_yoast_wpseo_focuskw":"ch\u00e1","_yoast_wpseo_title":"","_yoast_wpseo_metadesc":"Consumo regular dessa bebida natural pode transformar a qualidade do seu sono e trazer noites muito mais reparadoras","jnews-multi-image_gallery":[],"jnews_single_post":{"format":"standard"},"jnews_primary_category":[],"jnews_social_meta":[],"jnews_override_counter":[],"footnotes":""},"categories":[119],"tags":[120,565,1313],"class_list":["post-42976","post","type-post","status-publish","format-standard","has-post-thumbnail","hentry","category-bem-estar","tag-bem-estar","tag-saude","tag-sono"],"yoast_head":"<!-- This site is optimized with the Yoast SEO plugin v24.6 - https:\/\/yoast.com\/wordpress\/plugins\/seo\/ -->\n<title>Melhore o seu sono drasticamente apenas consumindo essa bebida natural - Correio Braziliense - Radar<\/title>\n<meta name=\"description\" content=\"Consumo regular dessa bebida natural pode transformar a qualidade do seu sono e trazer noites muito mais reparadoras\" \/>\n<meta name=\"robots\" content=\"index, follow, max-snippet:-1, max-image-preview:large, max-video-preview:-1\" \/>\n<link rel=\"canonical\" href=\"https:\/\/www.correiobraziliense.com.br\/cbradar\/melhore-o-seu-sono-drasticamente-apenas-consumindo-essa-bebida-natural\/\" \/>\n<meta property=\"og:locale\" content=\"pt_BR\" \/>\n<meta property=\"og:type\" content=\"article\" \/>\n<meta property=\"og:title\" content=\"Melhore o seu sono drasticamente apenas consumindo essa bebida natural - Correio Braziliense - Radar\" \/>\n<meta property=\"og:description\" content=\"Consumo regular dessa bebida natural pode transformar a qualidade do seu sono e trazer noites muito mais reparadoras\" \/>\n<meta property=\"og:url\" content=\"https:\/\/www.correiobraziliense.com.br\/cbradar\/melhore-o-seu-sono-drasticamente-apenas-consumindo-essa-bebida-natural\/\" \/>\n<meta property=\"og:site_name\" content=\"Correio Braziliense - Radar\" \/>\n<meta property=\"article:published_time\" content=\"2025-06-01T14:23:00+00:00\" \/>\n<meta property=\"og:image\" content=\"https:\/\/www.correiobraziliense.com.br\/cbradar\/wp-content\/uploads\/2025\/03\/dormir_1742218666855.jpg\" \/>\n\t<meta property=\"og:image:width\" content=\"1280\" \/>\n\t<meta property=\"og:image:height\" content=\"720\" \/>\n\t<meta property=\"og:image:type\" content=\"image\/jpeg\" \/>\n<meta name=\"author\" content=\"Paulo Custodio\" \/>\n<meta name=\"twitter:card\" content=\"summary_large_image\" \/>\n<meta name=\"twitter:label1\" content=\"Escrito por\" \/>\n\t<meta name=\"twitter:data1\" content=\"Paulo Custodio\" \/>\n\t<meta name=\"twitter:label2\" content=\"Est. tempo de leitura\" \/>\n\t<meta name=\"twitter:data2\" content=\"7 minutos\" \/>\n<!-- \/ Yoast SEO plugin. -->","yoast_head_json":{"title":"Melhore o seu sono drasticamente apenas consumindo essa bebida natural - Correio Braziliense - Radar","description":"Consumo regular dessa bebida natural pode transformar a qualidade do seu sono e trazer noites muito mais reparadoras","robots":{"index":"index","follow":"follow","max-snippet":"max-snippet:-1","max-image-preview":"max-image-preview:large","max-video-preview":"max-video-preview:-1"},"canonical":"https:\/\/www.correiobraziliense.com.br\/cbradar\/melhore-o-seu-sono-drasticamente-apenas-consumindo-essa-bebida-natural\/","og_locale":"pt_BR","og_type":"article","og_title":"Melhore o seu sono drasticamente apenas consumindo essa bebida natural - Correio Braziliense - Radar","og_description":"Consumo regular dessa bebida natural pode transformar a qualidade do seu sono e trazer noites muito mais reparadoras","og_url":"https:\/\/www.correiobraziliense.com.br\/cbradar\/melhore-o-seu-sono-drasticamente-apenas-consumindo-essa-bebida-natural\/","og_site_name":"Correio Braziliense - Radar","article_published_time":"2025-06-01T14:23:00+00:00","og_image":[{"width":1280,"height":720,"url":"https:\/\/www.correiobraziliense.com.br\/cbradar\/wp-content\/uploads\/2025\/03\/dormir_1742218666855.jpg","type":"image\/jpeg"}],"author":"Paulo Custodio","twitter_card":"summary_large_image","twitter_misc":{"Escrito por":"Paulo Custodio","Est. tempo de leitura":"7 minutos"},"schema":{"@context":"https:\/\/schema.org","@graph":[{"@type":"WebPage","@id":"https:\/\/www.correiobraziliense.com.br\/cbradar\/melhore-o-seu-sono-drasticamente-apenas-consumindo-essa-bebida-natural\/","url":"https:\/\/www.correiobraziliense.com.br\/cbradar\/melhore-o-seu-sono-drasticamente-apenas-consumindo-essa-bebida-natural\/","name":"Melhore o seu sono drasticamente apenas consumindo essa bebida natural - Correio Braziliense - Radar","isPartOf":{"@id":"https:\/\/www.correiobraziliense.com.br\/cbradar\/#website"},"primaryImageOfPage":{"@id":"https:\/\/www.correiobraziliense.com.br\/cbradar\/melhore-o-seu-sono-drasticamente-apenas-consumindo-essa-bebida-natural\/#primaryimage"},"image":{"@id":"https:\/\/www.correiobraziliense.com.br\/cbradar\/melhore-o-seu-sono-drasticamente-apenas-consumindo-essa-bebida-natural\/#primaryimage"},"thumbnailUrl":"https:\/\/www.correiobraziliense.com.br\/cbradar\/wp-content\/uploads\/2025\/03\/dormir_1742218666855.jpg","datePublished":"2025-06-01T14:23:00+00:00","author":{"@id":"https:\/\/www.correiobraziliense.com.br\/cbradar\/#\/schema\/person\/4cec7857301a9a1a2ef249893cd908d3"},"description":"Consumo regular dessa bebida natural pode transformar a qualidade do seu sono e trazer noites muito mais reparadoras","breadcrumb":{"@id":"https:\/\/www.correiobraziliense.com.br\/cbradar\/melhore-o-seu-sono-drasticamente-apenas-consumindo-essa-bebida-natural\/#breadcrumb"},"inLanguage":"pt-BR","potentialAction":[{"@type":"ReadAction","target":["https:\/\/www.correiobraziliense.com.br\/cbradar\/melhore-o-seu-sono-drasticamente-apenas-consumindo-essa-bebida-natural\/"]}]},{"@type":"ImageObject","inLanguage":"pt-BR","@id":"https:\/\/www.correiobraziliense.com.br\/cbradar\/melhore-o-seu-sono-drasticamente-apenas-consumindo-essa-bebida-natural\/#primaryimage","url":"https:\/\/www.correiobraziliense.com.br\/cbradar\/wp-content\/uploads\/2025\/03\/dormir_1742218666855.jpg","contentUrl":"https:\/\/www.correiobraziliense.com.br\/cbradar\/wp-content\/uploads\/2025\/03\/dormir_1742218666855.jpg","width":1280,"height":720,"caption":"Mulher acordando - Cr\u00e9ditos: depositphotos.com \/ AllaSerebrina"},{"@type":"BreadcrumbList","@id":"https:\/\/www.correiobraziliense.com.br\/cbradar\/melhore-o-seu-sono-drasticamente-apenas-consumindo-essa-bebida-natural\/#breadcrumb","itemListElement":[{"@type":"ListItem","position":1,"name":"In\u00edcio","item":"https:\/\/www.correiobraziliense.com.br\/cbradar\/"},{"@type":"ListItem","position":2,"name":"Melhore o seu sono drasticamente apenas consumindo essa bebida natural"}]},{"@type":"WebSite","@id":"https:\/\/www.correiobraziliense.com.br\/cbradar\/#website","url":"https:\/\/www.correiobraziliense.com.br\/cbradar\/","name":"Correio Braziliense - Radar","description":"Acompanhe as \u00faltimas not\u00edcias e fique bem informado sobre tudo o que acontece no Brasil e no mundo.","potentialAction":[{"@type":"SearchAction","target":{"@type":"EntryPoint","urlTemplate":"https:\/\/www.correiobraziliense.com.br\/cbradar\/?s={search_term_string}"},"query-input":{"@type":"PropertyValueSpecification","valueRequired":true,"valueName":"search_term_string"}}],"inLanguage":"pt-BR"},{"@type":"Person","@id":"https:\/\/www.correiobraziliense.com.br\/cbradar\/#\/schema\/person\/4cec7857301a9a1a2ef249893cd908d3","name":"Paulo Custodio","image":{"@type":"ImageObject","inLanguage":"pt-BR","@id":"https:\/\/www.correiobraziliense.com.br\/cbradar\/#\/schema\/person\/image\/","url":"https:\/\/secure.gravatar.com\/avatar\/bcd67168d1534e8fcf4f45c726a87cea?s=96&d=mm&r=g","contentUrl":"https:\/\/secure.gravatar.com\/avatar\/bcd67168d1534e8fcf4f45c726a87cea?s=96&d=mm&r=g","caption":"Paulo Custodio"},"sameAs":["https:\/\/www.correiobraziliense.com.br\/cbradar"],"url":"https:\/\/www.correiobraziliense.com.br\/cbradar\/author\/paulomyth\/"}]}},"_links":{"self":[{"href":"https:\/\/www.correiobraziliense.com.br\/cbradar\/wp-json\/wp\/v2\/posts\/42976","targetHints":{"allow":["GET"]}}],"collection":[{"href":"https:\/\/www.correiobraziliense.com.br\/cbradar\/wp-json\/wp\/v2\/posts"}],"about":[{"href":"https:\/\/www.correiobraziliense.com.br\/cbradar\/wp-json\/wp\/v2\/types\/post"}],"author":[{"embeddable":true,"href":"https:\/\/www.correiobraziliense.com.br\/cbradar\/wp-json\/wp\/v2\/users\/11"}],"replies":[{"embeddable":true,"href":"https:\/\/www.correiobraziliense.com.br\/cbradar\/wp-json\/wp\/v2\/comments?post=42976"}],"version-history":[{"count":2,"href":"https:\/\/www.correiobraziliense.com.br\/cbradar\/wp-json\/wp\/v2\/posts\/42976\/revisions"}],"predecessor-version":[{"id":43022,"href":"https:\/\/www.correiobraziliense.com.br\/cbradar\/wp-json\/wp\/v2\/posts\/42976\/revisions\/43022"}],"wp:featuredmedia":[{"embeddable":true,"href":"https:\/\/www.correiobraziliense.com.br\/cbradar\/wp-json\/wp\/v2\/media\/13164"}],"wp:attachment":[{"href":"https:\/\/www.correiobraziliense.com.br\/cbradar\/wp-json\/wp\/v2\/media?parent=42976"}],"wp:term":[{"taxonomy":"category","embeddable":true,"href":"https:\/\/www.correiobraziliense.com.br\/cbradar\/wp-json\/wp\/v2\/categories?post=42976"},{"taxonomy":"post_tag","embeddable":true,"href":"https:\/\/www.correiobraziliense.com.br\/cbradar\/wp-json\/wp\/v2\/tags?post=42976"}],"curies":[{"name":"wp","href":"https:\/\/api.w.org\/{rel}","templated":true}]}}