{"id":4306,"date":"2025-02-21T10:30:00","date_gmt":"2025-02-21T13:30:00","guid":{"rendered":"https:\/\/www.correiobraziliense.com.br\/cbradar\/?p=4306"},"modified":"2025-02-20T16:10:40","modified_gmt":"2025-02-20T19:10:40","slug":"the-last-of-us-ganha-data-de-estreia-da-segunda-temporada","status":"publish","type":"post","link":"https:\/\/www.correiobraziliense.com.br\/cbradar\/the-last-of-us-ganha-data-de-estreia-da-segunda-temporada\/","title":{"rendered":"&#8216;The Last of Us&#8217; ganha data de estreia da segunda temporada"},"content":{"rendered":"\n<p>A aguardada segunda temporada da s\u00e9rie &#8220;<strong><a href=\"https:\/\/www.max.com\/br\/pt\/shows\/last-of-us\/93ba22b1-833e-47ba-ae94-8ee7b9eefa9a\" target=\"_blank\" rel=\"noreferrer noopener\">The Last of Us<\/a><\/strong>&#8221; j\u00e1 tem data de estreia confirmada. A HBO anunciou que os novos epis\u00f3dios ser\u00e3o lan\u00e7ados em 13 de abril. A not\u00edcia foi divulgada nos canais oficiais da emissora nesta quarta-feira, 19 de fevereiro de 2025. A s\u00e9rie, baseada no popular jogo da Naughty Dog, continua a explorar um mundo p\u00f3s-apocal\u00edptico nos Estados Unidos.<\/p>\n\n\n\n<p>Os novos epis\u00f3dios se passam cinco anos ap\u00f3s os eventos da primeira temporada. A trama segue Ellie, interpretada por Bella Ramsey, em sua busca por vingan\u00e7a. Paralelamente, a hist\u00f3ria introduz Abby, vivida por Kaitlyn Dever, uma soldada envolvida em um conflito entre uma mil\u00edcia e um culto. O cen\u00e1rio devastado continua a ser um pano de fundo crucial para o desenvolvimento dos personagens e suas hist\u00f3rias.<\/p>\n\n\n\n<h2 class=\"wp-block-heading\"><strong>Quem s\u00e3o os novos integrantes do elenco?<\/strong><\/h2>\n\n\n\n<p>A segunda temporada de &#8220;The Last of Us&#8221; traz novas adi\u00e7\u00f5es ao elenco, prometendo enriquecer ainda mais a narrativa. Entre os novos nomes est\u00e3o Young Mazino, conhecido por seu trabalho em &#8220;Treta&#8221;, Catherine O\u2019Hara, famosa por &#8220;Schitt\u2019s Creek&#8221;, e Isabela Merced, que ganhou destaque em &#8220;Dora, a Aventureira&#8221;. O ator Pedro Pascal tamb\u00e9m retorna para dar continuidade ao seu papel, aumentando as expectativas dos f\u00e3s.<\/p>\n\n\n\n<iframe loading=\"lazy\" width=\"560\" height=\"315\" src=\"https:\/\/www.youtube.com\/embed\/QAwmfO2VRXE?si=jJJv-__I4acA8bPV\" title=\"YouTube video player\" frameborder=\"0\" allow=\"accelerometer; autoplay; clipboard-write; encrypted-media; gyroscope; picture-in-picture; web-share\" referrerpolicy=\"strict-origin-when-cross-origin\" allowfullscreen><\/iframe>\n\n\n\n<h2 class=\"wp-block-heading\"><strong>Por que &#8220;The Last of Us&#8221; \u00e9 um sucesso na HBO Max?<\/strong><\/h2>\n\n\n\n<p>&#8220;The Last of Us&#8221; conquistou o t\u00edtulo de maior estreia de uma s\u00e9rie na HBO Max, superando at\u00e9 mesmo os epis\u00f3dios piloto de &#8220;A Casa do Drag\u00e3o&#8221; e &#8220;Euphoria&#8221; nas primeiras 24 horas ap\u00f3s o lan\u00e7amento na Am\u00e9rica Latina. Este sucesso pode ser atribu\u00eddo \u00e0 combina\u00e7\u00e3o de uma narrativa envolvente, personagens complexos e a base de f\u00e3s j\u00e1 existente do jogo original.<\/p>\n\n\n\n<p>A s\u00e9rie tem sido elogiada por sua capacidade de traduzir a intensidade emocional e a profundidade do jogo para a tela, mantendo a ess\u00eancia que cativou os jogadores. A expectativa para a segunda temporada \u00e9 alta, com a promessa de novos desafios e desenvolvimentos emocionantes para os personagens principais.<\/p>\n\n\n\n<figure class=\"wp-block-image size-large\"><img decoding=\"async\" width=\"1024\" height=\"576\" src=\"https:\/\/www.correiobraziliense.com.br\/cbradar\/wp-content\/uploads\/2025\/02\/the-last-of-us-2-1024x576.png\" alt=\"'The Last of Us' ganha data de estreia da segunda temporada\" class=\"wp-image-4312\" srcset=\"https:\/\/www.correiobraziliense.com.br\/cbradar\/wp-content\/uploads\/2025\/02\/the-last-of-us-2-1024x576.png 1024w, https:\/\/www.correiobraziliense.com.br\/cbradar\/wp-content\/uploads\/2025\/02\/the-last-of-us-2-300x169.png 300w, https:\/\/www.correiobraziliense.com.br\/cbradar\/wp-content\/uploads\/2025\/02\/the-last-of-us-2-768x432.png 768w, https:\/\/www.correiobraziliense.com.br\/cbradar\/wp-content\/uploads\/2025\/02\/the-last-of-us-2-750x422.png 750w, https:\/\/www.correiobraziliense.com.br\/cbradar\/wp-content\/uploads\/2025\/02\/the-last-of-us-2-1140x641.png 1140w, https:\/\/www.correiobraziliense.com.br\/cbradar\/wp-content\/uploads\/2025\/02\/the-last-of-us-2.png 1280w\" sizes=\"(max-width: 1024px) 100vw, 1024px\" \/><figcaption class=\"wp-element-caption\">The Last of Us. Fonte: divulga\u00e7\u00e3o \/ HBO<\/figcaption><\/figure>\n\n\n\n<h2 class=\"wp-block-heading\"><strong>O que esperar da nova temporada?<\/strong><\/h2>\n\n\n\n<p>Com a estreia marcada para abril, os f\u00e3s podem esperar uma continua\u00e7\u00e3o intensa e emocionante da hist\u00f3ria de Ellie e Abby. A s\u00e9rie promete explorar temas de vingan\u00e7a, sobreviv\u00eancia e moralidade em um mundo devastado. Os novos epis\u00f3dios dever\u00e3o expandir o universo j\u00e1 estabelecido, introduzindo novos personagens e conflitos que desafiar\u00e3o as alian\u00e7as e a determina\u00e7\u00e3o dos protagonistas.<\/p>\n\n\n\n<p>O retorno de &#8220;The Last of Us&#8221; \u00e0 HBO Max \u00e9 aguardado com grande expectativa, prometendo mais uma vez capturar a aten\u00e7\u00e3o do p\u00fablico com sua narrativa poderosa e visual impressionante. A data de estreia j\u00e1 est\u00e1 marcada no calend\u00e1rio dos f\u00e3s, que aguardam ansiosamente para ver o desenrolar desta saga p\u00f3s-apocal\u00edptica.<\/p>\n","protected":false},"excerpt":{"rendered":"<p>The Last of Us \u00e9 uma s\u00e9rie de TV americana de fic\u00e7\u00e3o cient\u00edfica dist\u00f3pica baseada no videogame de mesmo nome.<\/p>\n","protected":false},"author":3,"featured_media":4309,"comment_status":"open","ping_status":"open","sticky":false,"template":"","format":"standard","meta":{"jnews-multi-image_gallery":[],"jnews_single_post":{"format":"standard"},"jnews_primary_category":[],"jnews_social_meta":[],"jnews_override_counter":[],"footnotes":""},"categories":[140],"post_tag":[568,895],"class_list":["post-4306","post","type-post","status-publish","format-standard","has-post-thumbnail","hentry","category-entretenimento","tag-series-e-filmes","tag-the-last-of-us"],"yoast_head":"<!-- This site is optimized with the Yoast SEO plugin v24.6 - https:\/\/yoast.com\/wordpress\/plugins\/seo\/ -->\n<title>&#039;The Last of Us&#039; ganha data de estreia da segunda temporada<\/title>\n<meta name=\"description\" content=\"The Last of Us \u00e9 uma s\u00e9rie de TV americana de fic\u00e7\u00e3o cient\u00edfica dist\u00f3pica baseada no videogame de mesmo nome.\" \/>\n<meta name=\"robots\" content=\"index, follow, max-snippet:-1, max-image-preview:large, max-video-preview:-1\" \/>\n<link rel=\"canonical\" href=\"https:\/\/www.correiobraziliense.com.br\/cbradar\/the-last-of-us-ganha-data-de-estreia-da-segunda-temporada\/\" \/>\n<meta property=\"og:locale\" content=\"pt_BR\" \/>\n<meta property=\"og:type\" content=\"article\" \/>\n<meta property=\"og:title\" content=\"&#039;The Last of Us&#039; ganha data de estreia da segunda temporada\" \/>\n<meta property=\"og:description\" content=\"The Last of Us \u00e9 uma s\u00e9rie de TV americana de fic\u00e7\u00e3o cient\u00edfica dist\u00f3pica baseada no videogame de mesmo nome.\" \/>\n<meta property=\"og:url\" content=\"https:\/\/www.correiobraziliense.com.br\/cbradar\/the-last-of-us-ganha-data-de-estreia-da-segunda-temporada\/\" \/>\n<meta property=\"og:site_name\" content=\"Correio Braziliense - Radar\" \/>\n<meta property=\"article:published_time\" content=\"2025-02-21T13:30:00+00:00\" \/>\n<meta property=\"og:image\" content=\"https:\/\/www.correiobraziliense.com.br\/cbradar\/wp-content\/uploads\/2025\/02\/the-last-of-us.png\" \/>\n\t<meta property=\"og:image:width\" content=\"1280\" \/>\n\t<meta property=\"og:image:height\" content=\"720\" \/>\n\t<meta property=\"og:image:type\" content=\"image\/png\" \/>\n<meta name=\"author\" content=\"Larissa Carvalho\" \/>\n<meta name=\"twitter:card\" content=\"summary_large_image\" \/>\n<meta name=\"twitter:label1\" content=\"Escrito por\" \/>\n\t<meta name=\"twitter:data1\" content=\"Larissa Carvalho\" \/>\n\t<meta name=\"twitter:label2\" content=\"Est. tempo de leitura\" \/>\n\t<meta name=\"twitter:data2\" content=\"3 minutos\" \/>\n<!-- \/ Yoast SEO plugin. -->","yoast_head_json":{"title":"'The Last of Us' ganha data de estreia da segunda temporada","description":"The Last of Us \u00e9 uma s\u00e9rie de TV americana de fic\u00e7\u00e3o cient\u00edfica dist\u00f3pica baseada no videogame de mesmo nome.","robots":{"index":"index","follow":"follow","max-snippet":"max-snippet:-1","max-image-preview":"max-image-preview:large","max-video-preview":"max-video-preview:-1"},"canonical":"https:\/\/www.correiobraziliense.com.br\/cbradar\/the-last-of-us-ganha-data-de-estreia-da-segunda-temporada\/","og_locale":"pt_BR","og_type":"article","og_title":"'The Last of Us' ganha data de estreia da segunda temporada","og_description":"The Last of Us \u00e9 uma s\u00e9rie de TV americana de fic\u00e7\u00e3o cient\u00edfica dist\u00f3pica baseada no videogame de mesmo nome.","og_url":"https:\/\/www.correiobraziliense.com.br\/cbradar\/the-last-of-us-ganha-data-de-estreia-da-segunda-temporada\/","og_site_name":"Correio Braziliense - Radar","article_published_time":"2025-02-21T13:30:00+00:00","og_image":[{"width":1280,"height":720,"url":"https:\/\/www.correiobraziliense.com.br\/cbradar\/wp-content\/uploads\/2025\/02\/the-last-of-us.png","type":"image\/png"}],"author":"Larissa Carvalho","twitter_card":"summary_large_image","twitter_misc":{"Escrito por":"Larissa Carvalho","Est. tempo de leitura":"3 minutos"},"schema":{"@context":"https:\/\/schema.org","@graph":[{"@type":"WebPage","@id":"https:\/\/www.correiobraziliense.com.br\/cbradar\/the-last-of-us-ganha-data-de-estreia-da-segunda-temporada\/","url":"https:\/\/www.correiobraziliense.com.br\/cbradar\/the-last-of-us-ganha-data-de-estreia-da-segunda-temporada\/","name":"'The Last of Us' ganha data de estreia da segunda temporada","isPartOf":{"@id":"https:\/\/www.correiobraziliense.com.br\/cbradar\/#website"},"primaryImageOfPage":{"@id":"https:\/\/www.correiobraziliense.com.br\/cbradar\/the-last-of-us-ganha-data-de-estreia-da-segunda-temporada\/#primaryimage"},"image":{"@id":"https:\/\/www.correiobraziliense.com.br\/cbradar\/the-last-of-us-ganha-data-de-estreia-da-segunda-temporada\/#primaryimage"},"thumbnailUrl":"https:\/\/www.correiobraziliense.com.br\/cbradar\/wp-content\/uploads\/2025\/02\/the-last-of-us.png","datePublished":"2025-02-21T13:30:00+00:00","author":{"@id":"https:\/\/www.correiobraziliense.com.br\/cbradar\/#\/schema\/person\/58422787644df994b53a19d3e56c1513"},"description":"The Last of Us \u00e9 uma s\u00e9rie de TV americana de fic\u00e7\u00e3o cient\u00edfica dist\u00f3pica baseada no videogame de mesmo nome.","breadcrumb":{"@id":"https:\/\/www.correiobraziliense.com.br\/cbradar\/the-last-of-us-ganha-data-de-estreia-da-segunda-temporada\/#breadcrumb"},"inLanguage":"pt-BR","potentialAction":[{"@type":"ReadAction","target":["https:\/\/www.correiobraziliense.com.br\/cbradar\/the-last-of-us-ganha-data-de-estreia-da-segunda-temporada\/"]}]},{"@type":"ImageObject","inLanguage":"pt-BR","@id":"https:\/\/www.correiobraziliense.com.br\/cbradar\/the-last-of-us-ganha-data-de-estreia-da-segunda-temporada\/#primaryimage","url":"https:\/\/www.correiobraziliense.com.br\/cbradar\/wp-content\/uploads\/2025\/02\/the-last-of-us.png","contentUrl":"https:\/\/www.correiobraziliense.com.br\/cbradar\/wp-content\/uploads\/2025\/02\/the-last-of-us.png","width":1280,"height":720,"caption":"The Last of Us. Fonte: divulga\u00e7\u00e3o \/ HBO"},{"@type":"BreadcrumbList","@id":"https:\/\/www.correiobraziliense.com.br\/cbradar\/the-last-of-us-ganha-data-de-estreia-da-segunda-temporada\/#breadcrumb","itemListElement":[{"@type":"ListItem","position":1,"name":"In\u00edcio","item":"https:\/\/www.correiobraziliense.com.br\/cbradar\/"},{"@type":"ListItem","position":2,"name":"&#8216;The Last of Us&#8217; ganha data de estreia da segunda temporada"}]},{"@type":"WebSite","@id":"https:\/\/www.correiobraziliense.com.br\/cbradar\/#website","url":"https:\/\/www.correiobraziliense.com.br\/cbradar\/","name":"Correio Braziliense - Radar","description":"Acompanhe as \u00faltimas not\u00edcias e fique bem informado sobre tudo o que acontece no Brasil e no mundo.","potentialAction":[{"@type":"SearchAction","target":{"@type":"EntryPoint","urlTemplate":"https:\/\/www.correiobraziliense.com.br\/cbradar\/?s={search_term_string}"},"query-input":{"@type":"PropertyValueSpecification","valueRequired":true,"valueName":"search_term_string"}}],"inLanguage":"pt-BR"},{"@type":"Person","@id":"https:\/\/www.correiobraziliense.com.br\/cbradar\/#\/schema\/person\/58422787644df994b53a19d3e56c1513","name":"Larissa Carvalho","image":{"@type":"ImageObject","inLanguage":"pt-BR","@id":"https:\/\/www.correiobraziliense.com.br\/cbradar\/#\/schema\/person\/image\/","url":"https:\/\/secure.gravatar.com\/avatar\/fe4f91a0de32b52a838d0d612abdc1aa?s=96&d=mm&r=g","contentUrl":"https:\/\/secure.gravatar.com\/avatar\/fe4f91a0de32b52a838d0d612abdc1aa?s=96&d=mm&r=g","caption":"Larissa Carvalho"},"url":"https:\/\/www.correiobraziliense.com.br\/cbradar\/author\/larissamyth\/"}]}},"_links":{"self":[{"href":"https:\/\/www.correiobraziliense.com.br\/cbradar\/wp-json\/wp\/v2\/posts\/4306","targetHints":{"allow":["GET"]}}],"collection":[{"href":"https:\/\/www.correiobraziliense.com.br\/cbradar\/wp-json\/wp\/v2\/posts"}],"about":[{"href":"https:\/\/www.correiobraziliense.com.br\/cbradar\/wp-json\/wp\/v2\/types\/post"}],"author":[{"embeddable":true,"href":"https:\/\/www.correiobraziliense.com.br\/cbradar\/wp-json\/wp\/v2\/users\/3"}],"replies":[{"embeddable":true,"href":"https:\/\/www.correiobraziliense.com.br\/cbradar\/wp-json\/wp\/v2\/comments?post=4306"}],"version-history":[{"count":1,"href":"https:\/\/www.correiobraziliense.com.br\/cbradar\/wp-json\/wp\/v2\/posts\/4306\/revisions"}],"predecessor-version":[{"id":4313,"href":"https:\/\/www.correiobraziliense.com.br\/cbradar\/wp-json\/wp\/v2\/posts\/4306\/revisions\/4313"}],"wp:featuredmedia":[{"embeddable":true,"href":"https:\/\/www.correiobraziliense.com.br\/cbradar\/wp-json\/wp\/v2\/media\/4309"}],"wp:attachment":[{"href":"https:\/\/www.correiobraziliense.com.br\/cbradar\/wp-json\/wp\/v2\/media?parent=4306"}],"wp:term":[{"taxonomy":"category","embeddable":true,"href":"https:\/\/www.correiobraziliense.com.br\/cbradar\/wp-json\/wp\/v2\/categories?post=4306"},{"taxonomy":"post_tag","embeddable":true,"href":"https:\/\/www.correiobraziliense.com.br\/cbradar\/wp-json\/wp\/v2\/post_tag?post=4306"}],"curies":[{"name":"wp","href":"https:\/\/api.w.org\/{rel}","templated":true}]}}