{"id":43162,"date":"2025-05-27T15:10:00","date_gmt":"2025-05-27T18:10:00","guid":{"rendered":"https:\/\/www.correiobraziliense.com.br\/cbradar\/?p=43162"},"modified":"2025-05-26T11:50:31","modified_gmt":"2025-05-26T14:50:31","slug":"estas-plantas-ajudam-na-concentracao-e-voce-pode-cultiva-las-em-casa","status":"publish","type":"post","link":"https:\/\/www.correiobraziliense.com.br\/cbradar\/estas-plantas-ajudam-na-concentracao-e-voce-pode-cultiva-las-em-casa\/","title":{"rendered":"Estas plantas ajudam na concentra\u00e7\u00e3o e voc\u00ea pode cultiv\u00e1-las em casa"},"content":{"rendered":"\n<p>Ter uma horta n\u00e3o \u00e9 s\u00f3 uma quest\u00e3o de sustentabilidade, mas tamb\u00e9m de cuidado com a sa\u00fade mental. Algumas <a href=\"https:\/\/www.correiobraziliense.com.br\/cbradar\/aprenda-a-plantar-camomila-e-ter-uma-horta-com-flores-medicinais-em-casa\/\" target=\"_blank\" rel=\"noreferrer noopener\">plantas <\/a>possuem compostos bioativos, como <strong>\u00f3leos essenciais, antioxidantes e subst\u00e2ncias neuroprotetoras<\/strong>, que s\u00e3o cientificamente associados \u00e0 <strong>melhora da mem\u00f3ria, concentra\u00e7\u00e3o, foco e clareza mental<\/strong>.<\/p>\n\n\n\n<p>Cultivar essas plantas em casa traz, al\u00e9m de benef\u00edcios para o c\u00e9rebro, um ambiente mais verde, arom\u00e1tico e terap\u00eautico.<\/p>\n\n\n\n<h2 class=\"wp-block-heading\">Quais s\u00e3o as melhores plantas para mem\u00f3ria que posso cultivar na horta?<\/h2>\n\n\n\n<p>Estas s\u00e3o as plantas mais eficazes para melhorar a mem\u00f3ria e a fun\u00e7\u00e3o cognitiva:<\/p>\n\n\n\n<ol class=\"wp-block-list\">\n<li><strong>Alecrim (Rosmarinus officinalis)<\/strong> \u2013 Rico em carnosol e \u00e1cido rosmar\u00ednico, estimula a mem\u00f3ria, a clareza mental e o foco.<\/li>\n\n\n\n<li><strong>Hortel\u00e3-pimenta (Mentha piperita)<\/strong> \u2013 Melhora a concentra\u00e7\u00e3o, alivia fadiga mental e tem efeito estimulante suave.<\/li>\n\n\n\n<li><strong>Manjeric\u00e3o (Ocimum basilicum)<\/strong> \u2013 Possui compostos que reduzem o estresse e melhoram o desempenho mental.<\/li>\n\n\n\n<li><strong>S\u00e1lvia (Salvia officinalis)<\/strong> \u2013 Reconhecida por seus efeitos neuroprotetores e melhora da mem\u00f3ria de curto e longo prazo.<\/li>\n\n\n\n<li><strong>Ginseng brasileiro (Pfaffia glomerata)<\/strong> \u2013 Planta adapt\u00f3gena que combate o cansa\u00e7o f\u00edsico e mental, melhorando o desempenho cognitivo.<\/li>\n\n\n\n<li><strong>Lavanda (Lavandula angustifolia)<\/strong> \u2013 Acalma o sistema nervoso, reduz ansiedade e, consequentemente, melhora o foco e a concentra\u00e7\u00e3o.<\/li>\n<\/ol>\n\n\n\n<h2 class=\"wp-block-heading\">Quais s\u00e3o as condi\u00e7\u00f5es ideais para montar uma horta de plantas para mem\u00f3ria?<\/h2>\n\n\n\n<h3 class=\"wp-block-heading\">Localiza\u00e7\u00e3o:<\/h3>\n\n\n\n<ul class=\"wp-block-list\">\n<li>Escolha um local que receba <strong>sol pleno<\/strong>, com pelo menos <strong>4 a 6 horas de sol por dia.<\/strong><\/li>\n\n\n\n<li>Pode ser no <strong>quintal, varanda, sacada, jardim ou at\u00e9 mesmo em hortas verticais.<\/strong><\/li>\n<\/ul>\n\n\n\n<h3 class=\"wp-block-heading\">Clima:<\/h3>\n\n\n\n<ul class=\"wp-block-list\">\n<li>Ideal entre <strong>18\u00b0C e 30\u00b0C.<\/strong> Adapt\u00e1veis ao clima tropical, subtropical e temperado ameno.<\/li>\n<\/ul>\n\n\n\n<h3 class=\"wp-block-heading\">Vento:<\/h3>\n\n\n\n<ul class=\"wp-block-list\">\n<li>Proteja as plantas de ventos muito fortes que podem quebrar galhos e secar folhas.<\/li>\n<\/ul>\n\n\n\n<h2 class=\"wp-block-heading\">Qual \u00e9 o tipo de solo ideal?<\/h2>\n\n\n\n<p>O solo deve ser:<\/p>\n\n\n\n<ul class=\"wp-block-list\">\n<li><strong>Leve, bem drenado, f\u00e9rtil e rico em mat\u00e9ria org\u00e2nica.<\/strong><\/li>\n\n\n\n<li>pH entre <strong>6,0 e 7,0<\/strong>, levemente \u00e1cido a neutro.<\/li>\n<\/ul>\n\n\n\n<h3 class=\"wp-block-heading\">Como preparar o solo:<\/h3>\n\n\n\n<ol class=\"wp-block-list\">\n<li>Misture:\n<ul class=\"wp-block-list\">\n<li><strong>2 partes de terra vegetal;<\/strong><\/li>\n\n\n\n<li><strong>1 parte de <\/strong><a href=\"https:\/\/rehagro.com.br\/blog\/composto-organico-quais-os-beneficios-como-e-feito\/\" target=\"_blank\" rel=\"noreferrer noopener\">composto org\u00e2nico<\/a><strong> ou h\u00famus de minhoca;<\/strong><\/li>\n\n\n\n<li><strong>1 parte de areia grossa ou perlita (para melhorar a drenagem).<\/strong><\/li>\n<\/ul>\n<\/li>\n\n\n\n<li>Enrique\u00e7a com:\n<ul class=\"wp-block-list\">\n<li><strong>Farinha de osso e cinzas de madeira<\/strong>, que fornecem c\u00e1lcio, f\u00f3sforo e pot\u00e1ssio.<\/li>\n<\/ul>\n<\/li>\n<\/ol>\n\n\n\n<p>No fundo de vasos ou canteiros, coloque uma camada de <strong>pedras, brita ou cacos de telha<\/strong> para garantir a drenagem.<\/p>\n\n\n\n<h2 class=\"wp-block-heading\">Qual \u00e9 o tamanho ideal dos vasos ou canteiros?<\/h2>\n\n\n\n<ul class=\"wp-block-list\">\n<li><strong>Vasos:<\/strong> Com no m\u00ednimo <strong>30 a 40 cm de profundidade e di\u00e2metro.<\/strong><\/li>\n\n\n\n<li><strong>Canteiros:<\/strong> Altura de <strong>30 a 40 cm<\/strong>, com espa\u00e7amento entre plantas de <strong>30 a 60 cm<\/strong>, dependendo do porte.<\/li>\n<\/ul>\n\n\n\n<h2 class=\"wp-block-heading\">Qual \u00e9 a melhor \u00e9poca para montar a horta?<\/h2>\n\n\n\n<p>Essas plantas podem ser plantadas <strong>o ano todo<\/strong>, principalmente em locais com clima quente ou ameno. As melhores \u00e9pocas s\u00e3o <strong>primavera e outono<\/strong>, quando h\u00e1 equil\u00edbrio entre sol, temperatura e umidade.<\/p>\n\n\n\n<h2 class=\"wp-block-heading\">Como fazer o plantio das plantas para mem\u00f3ria?<\/h2>\n\n\n\n<p>O plantio pode ser feito por <strong>sementes, mudas ou estacas<\/strong>, dependendo da esp\u00e9cie.<\/p>\n\n\n\n<h3 class=\"wp-block-heading\">Passo a passo do plantio:<\/h3>\n\n\n\n<ol class=\"wp-block-list\">\n<li>Prepare o vaso, canteiro ou jardineira com o solo j\u00e1 corrigido.<\/li>\n\n\n\n<li>Se for por sementes, fa\u00e7a sulcos de <strong>0,5 cm a 1 cm de profundidade.<\/strong><\/li>\n\n\n\n<li>Se for por mudas ou estacas, abra uma cova de <strong>10 a 20 cm<\/strong>, suficiente para acomodar o torr\u00e3o da muda.<\/li>\n\n\n\n<li>Posicione a muda no centro e complete com terra, pressionando levemente.<\/li>\n\n\n\n<li>Regue bem ap\u00f3s o plantio.<\/li>\n<\/ol>\n\n\n\n<h3 class=\"wp-block-heading\">Espa\u00e7amento recomendado:<\/h3>\n\n\n\n<ul class=\"wp-block-list\">\n<li><strong>Plantas pequenas (hortel\u00e3, manjeric\u00e3o, s\u00e1lvia):<\/strong> <strong>20 a 30 cm entre plantas.<\/strong><\/li>\n\n\n\n<li><strong>Plantas m\u00e9dias e grandes (alecrim, ginseng brasileiro, lavanda):<\/strong> <strong>40 a 60 cm entre plantas.<\/strong><\/li>\n<\/ul>\n\n\n<div class=\"wp-block-image\">\n<figure class=\"aligncenter size-large\"><img decoding=\"async\" width=\"1024\" height=\"576\" src=\"https:\/\/www.correiobraziliense.com.br\/cbradar\/wp-content\/uploads\/2025\/04\/alecrim_1744393541845-1024x576.jpg\" alt=\"Como fazer uma horta em casa com plantas que aumentam a imunidade\" class=\"wp-image-22115\" srcset=\"https:\/\/www.correiobraziliense.com.br\/cbradar\/wp-content\/uploads\/2025\/04\/alecrim_1744393541845-1024x576.jpg 1024w, https:\/\/www.correiobraziliense.com.br\/cbradar\/wp-content\/uploads\/2025\/04\/alecrim_1744393541845-300x169.jpg 300w, https:\/\/www.correiobraziliense.com.br\/cbradar\/wp-content\/uploads\/2025\/04\/alecrim_1744393541845-768x432.jpg 768w, https:\/\/www.correiobraziliense.com.br\/cbradar\/wp-content\/uploads\/2025\/04\/alecrim_1744393541845-750x422.jpg 750w, https:\/\/www.correiobraziliense.com.br\/cbradar\/wp-content\/uploads\/2025\/04\/alecrim_1744393541845-1140x641.jpg 1140w, https:\/\/www.correiobraziliense.com.br\/cbradar\/wp-content\/uploads\/2025\/04\/alecrim_1744393541845.jpg 1280w\" sizes=\"(max-width: 1024px) 100vw, 1024px\" \/><figcaption class=\"wp-element-caption\">Alecrim &#8211; Cr\u00e9ditos: depositphotos.com \/ MarusiaBO<\/figcaption><\/figure><\/div>\n\n\n<h2 class=\"wp-block-heading\">Quais os cuidados essenciais no cultivo?<\/h2>\n\n\n\n<ul class=\"wp-block-list\">\n<li><strong>Rega:<\/strong>\n<ul class=\"wp-block-list\">\n<li><strong>De 2 a 3 vezes por semana<\/strong>, mantendo o solo levemente \u00famido, sem encharcar.<\/li>\n\n\n\n<li><strong>Alecrim, lavanda e s\u00e1lvia<\/strong> preferem o solo mais seco entre as regas.<\/li>\n<\/ul>\n<\/li>\n\n\n\n<li><strong>Aduba\u00e7\u00e3o:<\/strong>\n<ul class=\"wp-block-list\">\n<li>A cada <strong>30 a 60 dias<\/strong>, aplique:\n<ul class=\"wp-block-list\">\n<li><strong>Composto org\u00e2nico ou h\u00famus de minhoca;<\/strong><\/li>\n\n\n\n<li><strong>Farinha de osso (100 g por planta);<\/strong><\/li>\n\n\n\n<li>Na fase de crescimento intenso, use <strong>NPK 10-10-10<\/strong>.<\/li>\n<\/ul>\n<\/li>\n<\/ul>\n<\/li>\n\n\n\n<li><strong>Poda:<\/strong>\n<ul class=\"wp-block-list\">\n<li>Fa\u00e7a podas regulares para estimular novas brota\u00e7\u00f5es e evitar que fiquem lenhosas ou muito grandes.<\/li>\n<\/ul>\n<\/li>\n\n\n\n<li><strong>Controle de pragas:<\/strong>\n<ul class=\"wp-block-list\">\n<li>Utilize <strong>\u00f3leo de neem, calda de sab\u00e3o ou extratos naturais<\/strong> contra pulg\u00f5es, cochonilhas e \u00e1caros.<\/li>\n<\/ul>\n<\/li>\n\n\n\n<li><strong>Cobertura do solo:<\/strong>\n<ul class=\"wp-block-list\">\n<li>Use <strong>palha, folhas secas ou casca de pinus<\/strong> para manter a umidade e evitar ervas daninhas.<\/li>\n<\/ul>\n<\/li>\n<\/ul>\n\n\n\n<h2 class=\"wp-block-heading\">Quanto tempo leva para come\u00e7ar a colher?<\/h2>\n\n\n\n<ul class=\"wp-block-list\">\n<li>A maioria das plantas pode come\u00e7ar a ser colhida entre <strong>30 a 60 dias ap\u00f3s o plantio<\/strong>, especialmente folhas para ch\u00e1s, infus\u00f5es ou uso culin\u00e1rio.<\/li>\n<\/ul>\n\n\n\n<h2 class=\"wp-block-heading\">Como usar as plantas para melhorar a mem\u00f3ria?<\/h2>\n\n\n\n<ul class=\"wp-block-list\">\n<li><strong>Alecrim:<\/strong>\n<ul class=\"wp-block-list\">\n<li>Ch\u00e1, aromaterapia, defuma\u00e7\u00e3o ou uso na culin\u00e1ria.<\/li>\n<\/ul>\n<\/li>\n\n\n\n<li><strong>Hortel\u00e3-pimenta:<\/strong>\n<ul class=\"wp-block-list\">\n<li>Ch\u00e1, aromatiza\u00e7\u00e3o de ambientes e uso em sucos.<\/li>\n<\/ul>\n<\/li>\n\n\n\n<li><strong>Manjeric\u00e3o:<\/strong>\n<ul class=\"wp-block-list\">\n<li>Ch\u00e1, temperos e defuma\u00e7\u00e3o.<\/li>\n<\/ul>\n<\/li>\n\n\n\n<li><strong>S\u00e1lvia:<\/strong>\n<ul class=\"wp-block-list\">\n<li>Ch\u00e1, inala\u00e7\u00e3o, defuma\u00e7\u00e3o e uso culin\u00e1rio.<\/li>\n<\/ul>\n<\/li>\n\n\n\n<li><strong>Lavanda:<\/strong>\n<ul class=\"wp-block-list\">\n<li>\u00d3leo essencial caseiro, sach\u00eas arom\u00e1ticos e sprays.<\/li>\n<\/ul>\n<\/li>\n\n\n\n<li><strong>Ginseng brasileiro:<\/strong>\n<ul class=\"wp-block-list\">\n<li>Uso das ra\u00edzes em c\u00e1psulas, tinturas ou ch\u00e1s energ\u00e9ticos.<\/li>\n<\/ul>\n<\/li>\n<\/ul>\n\n\n\n<h2 class=\"wp-block-heading\">FAQ<\/h2>\n\n\n\n<p><strong>1. Posso plantar essas plantas em vasos?<\/strong><br>Sim! Todas se adaptam muito bem a <strong>vasos, jardineiras e hortas verticais<\/strong>, desde que tenham <strong>boa drenagem e luz solar.<\/strong><\/p>\n\n\n\n<p><strong>2. Qual \u00e9 a planta mais poderosa para mem\u00f3ria?<\/strong><br>O <strong>alecrim<\/strong> \u00e9 o mais reconhecido cientificamente para melhorar a mem\u00f3ria, seguido da <strong>s\u00e1lvia<\/strong> e do <strong>ginseng brasileiro<\/strong>.<\/p>\n\n\n\n<p><strong>3. Essas plantas ajudam apenas na mem\u00f3ria?<\/strong><br>N\u00e3o. Tamb\u00e9m contribuem para <strong>reduzir o estresse, melhorar o humor, aumentar a concentra\u00e7\u00e3o e at\u00e9 fortalecer o sistema imunol\u00f3gico.<\/strong><\/p>\n\n\n\n<p><strong>4. Preciso de muito espa\u00e7o?<\/strong><br>N\u00e3o. Com <strong>vasos m\u00e9dios e bem posicionados ao sol<\/strong>, voc\u00ea monta uma horta eficiente em sacadas, varandas ou pequenos quintais.<\/p>\n\n\n\n<p><strong>5. Quanto tempo essas plantas vivem?<\/strong><\/p>\n\n\n\n<ul class=\"wp-block-list\">\n<li><strong>Alecrim, lavanda, s\u00e1lvia e ginseng brasileiro<\/strong> s\u00e3o <strong>perenes<\/strong>, vivendo de <strong>5 a 10 anos ou mais.<\/strong><\/li>\n\n\n\n<li><strong>Manjeric\u00e3o e hortel\u00e3<\/strong> precisam ser replantados anualmente ou a cada dois anos.<\/li>\n<\/ul>\n","protected":false},"excerpt":{"rendered":"<p>Ter uma horta n\u00e3o \u00e9 s\u00f3 uma quest\u00e3o de sustentabilidade, mas tamb\u00e9m de cuidado com a sa\u00fade mental. Algumas plantas possuem compostos bioativos, como \u00f3leos essenciais, antioxidantes e subst\u00e2ncias neuroprotetoras, que s\u00e3o cientificamente associados \u00e0 melhora da mem\u00f3ria, concentra\u00e7\u00e3o, foco e clareza mental. Cultivar essas plantas em casa traz, al\u00e9m de benef\u00edcios para o c\u00e9rebro, [&hellip;]<\/p>\n","protected":false},"author":9,"featured_media":27880,"comment_status":"open","ping_status":"open","sticky":false,"template":"","format":"standard","meta":{"_yoast_wpseo_focuskw":"plantas","_yoast_wpseo_title":"%%title%% %%page%%","_yoast_wpseo_metadesc":"Conhe\u00e7a plantas que melhoram a mem\u00f3ria e foco e veja como cultivar uma horta terap\u00eautica em casa com poucos materiais e muito benef\u00edcio.","jnews-multi-image_gallery":[],"jnews_single_post":{"format":"standard"},"jnews_primary_category":[],"jnews_social_meta":[],"jnews_override_counter":[],"footnotes":""},"categories":[136],"tags":[5411,266,5409,5410],"class_list":["post-43162","post","type-post","status-publish","format-standard","has-post-thumbnail","hentry","category-jardinagem","tag-cultivo-de-ervas-para-foco","tag-horta-caseira","tag-horta-para-memoria","tag-plantas-que-melhoram-a-memoria"],"yoast_head":"<!-- This site is optimized with the Yoast SEO plugin v24.6 - https:\/\/yoast.com\/wordpress\/plugins\/seo\/ -->\n<title>Estas plantas ajudam na concentra\u00e7\u00e3o e voc\u00ea pode cultiv\u00e1-las em casa<\/title>\n<meta name=\"description\" content=\"Conhe\u00e7a plantas que melhoram a mem\u00f3ria e foco e veja como cultivar uma horta terap\u00eautica em casa com poucos materiais e muito benef\u00edcio.\" \/>\n<meta name=\"robots\" content=\"index, follow, max-snippet:-1, max-image-preview:large, max-video-preview:-1\" \/>\n<link rel=\"canonical\" href=\"https:\/\/www.correiobraziliense.com.br\/cbradar\/estas-plantas-ajudam-na-concentracao-e-voce-pode-cultiva-las-em-casa\/\" \/>\n<meta property=\"og:locale\" content=\"pt_BR\" \/>\n<meta property=\"og:type\" content=\"article\" \/>\n<meta property=\"og:title\" content=\"Estas plantas ajudam na concentra\u00e7\u00e3o e voc\u00ea pode cultiv\u00e1-las em casa\" \/>\n<meta property=\"og:description\" content=\"Conhe\u00e7a plantas que melhoram a mem\u00f3ria e foco e veja como cultivar uma horta terap\u00eautica em casa com poucos materiais e muito benef\u00edcio.\" \/>\n<meta property=\"og:url\" content=\"https:\/\/www.correiobraziliense.com.br\/cbradar\/estas-plantas-ajudam-na-concentracao-e-voce-pode-cultiva-las-em-casa\/\" \/>\n<meta property=\"og:site_name\" content=\"Correio Braziliense - Radar\" \/>\n<meta property=\"article:published_time\" content=\"2025-05-27T18:10:00+00:00\" \/>\n<meta property=\"og:image\" content=\"https:\/\/www.correiobraziliense.com.br\/cbradar\/wp-content\/uploads\/2025\/04\/Salvia-planta_1745513470784.jpg\" \/>\n\t<meta property=\"og:image:width\" content=\"1280\" \/>\n\t<meta property=\"og:image:height\" content=\"720\" \/>\n\t<meta property=\"og:image:type\" content=\"image\/jpeg\" \/>\n<meta name=\"author\" content=\"Daniely Cardoso\" \/>\n<meta name=\"twitter:card\" content=\"summary_large_image\" \/>\n<meta name=\"twitter:label1\" content=\"Escrito por\" \/>\n\t<meta name=\"twitter:data1\" content=\"Daniely Cardoso\" \/>\n\t<meta name=\"twitter:label2\" content=\"Est. tempo de leitura\" \/>\n\t<meta name=\"twitter:data2\" content=\"6 minutos\" \/>\n<!-- \/ Yoast SEO plugin. -->","yoast_head_json":{"title":"Estas plantas ajudam na concentra\u00e7\u00e3o e voc\u00ea pode cultiv\u00e1-las em casa","description":"Conhe\u00e7a plantas que melhoram a mem\u00f3ria e foco e veja como cultivar uma horta terap\u00eautica em casa com poucos materiais e muito benef\u00edcio.","robots":{"index":"index","follow":"follow","max-snippet":"max-snippet:-1","max-image-preview":"max-image-preview:large","max-video-preview":"max-video-preview:-1"},"canonical":"https:\/\/www.correiobraziliense.com.br\/cbradar\/estas-plantas-ajudam-na-concentracao-e-voce-pode-cultiva-las-em-casa\/","og_locale":"pt_BR","og_type":"article","og_title":"Estas plantas ajudam na concentra\u00e7\u00e3o e voc\u00ea pode cultiv\u00e1-las em casa","og_description":"Conhe\u00e7a plantas que melhoram a mem\u00f3ria e foco e veja como cultivar uma horta terap\u00eautica em casa com poucos materiais e muito benef\u00edcio.","og_url":"https:\/\/www.correiobraziliense.com.br\/cbradar\/estas-plantas-ajudam-na-concentracao-e-voce-pode-cultiva-las-em-casa\/","og_site_name":"Correio Braziliense - Radar","article_published_time":"2025-05-27T18:10:00+00:00","og_image":[{"width":1280,"height":720,"url":"https:\/\/www.correiobraziliense.com.br\/cbradar\/wp-content\/uploads\/2025\/04\/Salvia-planta_1745513470784.jpg","type":"image\/jpeg"}],"author":"Daniely Cardoso","twitter_card":"summary_large_image","twitter_misc":{"Escrito por":"Daniely Cardoso","Est. tempo de leitura":"6 minutos"},"schema":{"@context":"https:\/\/schema.org","@graph":[{"@type":"WebPage","@id":"https:\/\/www.correiobraziliense.com.br\/cbradar\/estas-plantas-ajudam-na-concentracao-e-voce-pode-cultiva-las-em-casa\/","url":"https:\/\/www.correiobraziliense.com.br\/cbradar\/estas-plantas-ajudam-na-concentracao-e-voce-pode-cultiva-las-em-casa\/","name":"Estas plantas ajudam na concentra\u00e7\u00e3o e voc\u00ea pode cultiv\u00e1-las em casa","isPartOf":{"@id":"https:\/\/www.correiobraziliense.com.br\/cbradar\/#website"},"primaryImageOfPage":{"@id":"https:\/\/www.correiobraziliense.com.br\/cbradar\/estas-plantas-ajudam-na-concentracao-e-voce-pode-cultiva-las-em-casa\/#primaryimage"},"image":{"@id":"https:\/\/www.correiobraziliense.com.br\/cbradar\/estas-plantas-ajudam-na-concentracao-e-voce-pode-cultiva-las-em-casa\/#primaryimage"},"thumbnailUrl":"https:\/\/www.correiobraziliense.com.br\/cbradar\/wp-content\/uploads\/2025\/04\/Salvia-planta_1745513470784.jpg","datePublished":"2025-05-27T18:10:00+00:00","author":{"@id":"https:\/\/www.correiobraziliense.com.br\/cbradar\/#\/schema\/person\/7356666e12ec0ee53f348ee5db227032"},"description":"Conhe\u00e7a plantas que melhoram a mem\u00f3ria e foco e veja como cultivar uma horta terap\u00eautica em casa com poucos materiais e muito benef\u00edcio.","breadcrumb":{"@id":"https:\/\/www.correiobraziliense.com.br\/cbradar\/estas-plantas-ajudam-na-concentracao-e-voce-pode-cultiva-las-em-casa\/#breadcrumb"},"inLanguage":"pt-BR","potentialAction":[{"@type":"ReadAction","target":["https:\/\/www.correiobraziliense.com.br\/cbradar\/estas-plantas-ajudam-na-concentracao-e-voce-pode-cultiva-las-em-casa\/"]}]},{"@type":"ImageObject","inLanguage":"pt-BR","@id":"https:\/\/www.correiobraziliense.com.br\/cbradar\/estas-plantas-ajudam-na-concentracao-e-voce-pode-cultiva-las-em-casa\/#primaryimage","url":"https:\/\/www.correiobraziliense.com.br\/cbradar\/wp-content\/uploads\/2025\/04\/Salvia-planta_1745513470784.jpg","contentUrl":"https:\/\/www.correiobraziliense.com.br\/cbradar\/wp-content\/uploads\/2025\/04\/Salvia-planta_1745513470784.jpg","width":1280,"height":720,"caption":"Essa erva destaca-se pela versatilidade em prepara\u00e7\u00f5es dom\u00e9sticas e na promo\u00e7\u00e3o do bem-estar - Cr\u00e9ditos: depositphotos.com \/ robynmac"},{"@type":"BreadcrumbList","@id":"https:\/\/www.correiobraziliense.com.br\/cbradar\/estas-plantas-ajudam-na-concentracao-e-voce-pode-cultiva-las-em-casa\/#breadcrumb","itemListElement":[{"@type":"ListItem","position":1,"name":"In\u00edcio","item":"https:\/\/www.correiobraziliense.com.br\/cbradar\/"},{"@type":"ListItem","position":2,"name":"Estas plantas ajudam na concentra\u00e7\u00e3o e voc\u00ea pode cultiv\u00e1-las em casa"}]},{"@type":"WebSite","@id":"https:\/\/www.correiobraziliense.com.br\/cbradar\/#website","url":"https:\/\/www.correiobraziliense.com.br\/cbradar\/","name":"Correio Braziliense - Radar","description":"Acompanhe as \u00faltimas not\u00edcias e fique bem informado sobre tudo o que acontece no Brasil e no mundo.","potentialAction":[{"@type":"SearchAction","target":{"@type":"EntryPoint","urlTemplate":"https:\/\/www.correiobraziliense.com.br\/cbradar\/?s={search_term_string}"},"query-input":{"@type":"PropertyValueSpecification","valueRequired":true,"valueName":"search_term_string"}}],"inLanguage":"pt-BR"},{"@type":"Person","@id":"https:\/\/www.correiobraziliense.com.br\/cbradar\/#\/schema\/person\/7356666e12ec0ee53f348ee5db227032","name":"Daniely Cardoso","image":{"@type":"ImageObject","inLanguage":"pt-BR","@id":"https:\/\/www.correiobraziliense.com.br\/cbradar\/#\/schema\/person\/image\/","url":"https:\/\/secure.gravatar.com\/avatar\/4b80ddbd124d1f071b626d52d62e5dff?s=96&d=mm&r=g","contentUrl":"https:\/\/secure.gravatar.com\/avatar\/4b80ddbd124d1f071b626d52d62e5dff?s=96&d=mm&r=g","caption":"Daniely Cardoso"},"description":"Redatora nos portais CB Radar e EM Foco, formada pela Universidade Federal de Goi\u00e1s, em Goi\u00e2nia. Apaixonada por comunica\u00e7\u00e3o, arte, decora\u00e7\u00e3o e tend\u00eancias, atuo na produ\u00e7\u00e3o de conte\u00fados envolventes sobre curiosidades, moda, beleza e paisagismo, sempre com um olhar atento \u00e0s novidades do momento.","sameAs":["https:\/\/www.correiobraziliense.com.br\/cbradar"],"url":"https:\/\/www.correiobraziliense.com.br\/cbradar\/author\/danielymyth\/"}]}},"_links":{"self":[{"href":"https:\/\/www.correiobraziliense.com.br\/cbradar\/wp-json\/wp\/v2\/posts\/43162","targetHints":{"allow":["GET"]}}],"collection":[{"href":"https:\/\/www.correiobraziliense.com.br\/cbradar\/wp-json\/wp\/v2\/posts"}],"about":[{"href":"https:\/\/www.correiobraziliense.com.br\/cbradar\/wp-json\/wp\/v2\/types\/post"}],"author":[{"embeddable":true,"href":"https:\/\/www.correiobraziliense.com.br\/cbradar\/wp-json\/wp\/v2\/users\/9"}],"replies":[{"embeddable":true,"href":"https:\/\/www.correiobraziliense.com.br\/cbradar\/wp-json\/wp\/v2\/comments?post=43162"}],"version-history":[{"count":2,"href":"https:\/\/www.correiobraziliense.com.br\/cbradar\/wp-json\/wp\/v2\/posts\/43162\/revisions"}],"predecessor-version":[{"id":43173,"href":"https:\/\/www.correiobraziliense.com.br\/cbradar\/wp-json\/wp\/v2\/posts\/43162\/revisions\/43173"}],"wp:featuredmedia":[{"embeddable":true,"href":"https:\/\/www.correiobraziliense.com.br\/cbradar\/wp-json\/wp\/v2\/media\/27880"}],"wp:attachment":[{"href":"https:\/\/www.correiobraziliense.com.br\/cbradar\/wp-json\/wp\/v2\/media?parent=43162"}],"wp:term":[{"taxonomy":"category","embeddable":true,"href":"https:\/\/www.correiobraziliense.com.br\/cbradar\/wp-json\/wp\/v2\/categories?post=43162"},{"taxonomy":"post_tag","embeddable":true,"href":"https:\/\/www.correiobraziliense.com.br\/cbradar\/wp-json\/wp\/v2\/tags?post=43162"}],"curies":[{"name":"wp","href":"https:\/\/api.w.org\/{rel}","templated":true}]}}