{"id":4321,"date":"2025-02-21T12:30:00","date_gmt":"2025-02-21T15:30:00","guid":{"rendered":"https:\/\/www.correiobraziliense.com.br\/cbradar\/?p=4321"},"modified":"2025-02-20T16:11:02","modified_gmt":"2025-02-20T19:11:02","slug":"a3-sedan-2025-e-lancado-pela-audi-e-valor-vai-te-surpreender","status":"publish","type":"post","link":"https:\/\/www.correiobraziliense.com.br\/cbradar\/a3-sedan-2025-e-lancado-pela-audi-e-valor-vai-te-surpreender\/","title":{"rendered":"A3 Sedan 2025 \u00e9 lan\u00e7ado pela Audi e valor vai te surpreender"},"content":{"rendered":"\n<p>A Audi do Brasil lan\u00e7ou a nova linha do <strong>A3 Sedan 2025<\/strong>, trazendo atualiza\u00e7\u00f5es significativas em design e tecnologia. Este modelo, um dos mais vendidos globalmente pela marca, agora adota a nova linguagem visual da <strong>Audi<\/strong>, al\u00e9m de melhorias no motor 2.0 TFSI. Dispon\u00edvel em tr\u00eas vers\u00f5es &#8211; Advanced, Performance e Performance Black &#8211; o <strong>A3 Sedan<\/strong> promete conquistar ainda mais os consumidores brasileiros.<\/p>\n\n\n\n<p>Renato Celiberti, respons\u00e1vel pelas vendas da Audi no Brasil, destaca a import\u00e2ncia de atualizar um modelo t\u00e3o querido. As novidades no A3 Sedan visam manter sua popularidade, oferecendo um ve\u00edculo mais elegante e sofisticado. Gerold Pillekamp, chefe de marketing e comunica\u00e7\u00e3o, refor\u00e7a que o lan\u00e7amento marca um novo cap\u00edtulo na hist\u00f3ria da Audi no Brasil.<\/p>\n\n\n\n<h2 class=\"wp-block-heading\"><strong>Quais s\u00e3o as novidades no design do Audi A3 Sedan 2025?<\/strong><\/h2>\n\n\n\n<p>O design do A3 Sedan 2025 apresenta mudan\u00e7as not\u00e1veis na dianteira, com novos para-choques e entradas de ar redesenhadas. A grade singleframe, agora mais larga e plana, possui um acabamento em cromo escuro de alto brilho. O logotipo em 2D no centro da grade e o nome do ve\u00edculo na coluna B seguem o novo padr\u00e3o visual da Audi.<\/p>\n\n\n\n<p>A vers\u00e3o Advanced, a mais acess\u00edvel, vem equipada com rodas de liga-leve de 18 polegadas e controle de cruzeiro adaptativo. Sensores de estacionamento dianteiro e traseiro, Park Assist e um pacote de assist\u00eancia lateral s\u00e3o algumas das inova\u00e7\u00f5es tecnol\u00f3gicas desta vers\u00e3o.<\/p>\n\n\n\n<figure class=\"wp-block-image size-large\"><img decoding=\"async\" width=\"1024\" height=\"576\" src=\"https:\/\/www.correiobraziliense.com.br\/cbradar\/wp-content\/uploads\/2025\/02\/A3-Sedan-2-1024x576.png\" alt=\"A3 Sedan 2025 \u00e9 lan\u00e7ado pela Audi e valor vai te surpreender\" class=\"wp-image-4352\" srcset=\"https:\/\/www.correiobraziliense.com.br\/cbradar\/wp-content\/uploads\/2025\/02\/A3-Sedan-2-1024x576.png 1024w, https:\/\/www.correiobraziliense.com.br\/cbradar\/wp-content\/uploads\/2025\/02\/A3-Sedan-2-300x169.png 300w, https:\/\/www.correiobraziliense.com.br\/cbradar\/wp-content\/uploads\/2025\/02\/A3-Sedan-2-768x432.png 768w, https:\/\/www.correiobraziliense.com.br\/cbradar\/wp-content\/uploads\/2025\/02\/A3-Sedan-2-750x422.png 750w, https:\/\/www.correiobraziliense.com.br\/cbradar\/wp-content\/uploads\/2025\/02\/A3-Sedan-2-1140x641.png 1140w, https:\/\/www.correiobraziliense.com.br\/cbradar\/wp-content\/uploads\/2025\/02\/A3-Sedan-2.png 1280w\" sizes=\"(max-width: 1024px) 100vw, 1024px\" \/><figcaption class=\"wp-element-caption\">A3 Sedan. Fonte: divulga\u00e7\u00e3o \/ Audi<\/figcaption><\/figure>\n\n\n\n<figure class=\"wp-block-image size-large\"><img decoding=\"async\" width=\"1024\" height=\"576\" src=\"https:\/\/www.correiobraziliense.com.br\/cbradar\/wp-content\/uploads\/2025\/02\/A3-Sedan-3-1024x576.png\" alt=\"A3 Sedan 2025 \u00e9 lan\u00e7ado pela Audi e valor vai te surpreender\" class=\"wp-image-4353\" srcset=\"https:\/\/www.correiobraziliense.com.br\/cbradar\/wp-content\/uploads\/2025\/02\/A3-Sedan-3-1024x576.png 1024w, https:\/\/www.correiobraziliense.com.br\/cbradar\/wp-content\/uploads\/2025\/02\/A3-Sedan-3-300x169.png 300w, https:\/\/www.correiobraziliense.com.br\/cbradar\/wp-content\/uploads\/2025\/02\/A3-Sedan-3-768x432.png 768w, https:\/\/www.correiobraziliense.com.br\/cbradar\/wp-content\/uploads\/2025\/02\/A3-Sedan-3-750x422.png 750w, https:\/\/www.correiobraziliense.com.br\/cbradar\/wp-content\/uploads\/2025\/02\/A3-Sedan-3-1140x641.png 1140w, https:\/\/www.correiobraziliense.com.br\/cbradar\/wp-content\/uploads\/2025\/02\/A3-Sedan-3.png 1280w\" sizes=\"(max-width: 1024px) 100vw, 1024px\" \/><figcaption class=\"wp-element-caption\">A3 Sedan. Fonte: divulga\u00e7\u00e3o \/ Audi<\/figcaption><\/figure>\n\n\n\n<h2 class=\"wp-block-heading\"><strong>Quais s\u00e3o as caracter\u00edsticas das vers\u00f5es Performance e Performance Black?<\/strong><\/h2>\n\n\n\n<p>A vers\u00e3o Performance do A3 Sedan inclui todos os itens da Advanced, al\u00e9m de um kit exterior S Line e novas rodas de liga-leve. Os retrovisores externos aquecidos e rebat\u00edveis s\u00e3o uma novidade, assim como o ar-condicionado autom\u00e1tico de tr\u00eas zonas e bancos esportivos em couro sint\u00e9tico.<\/p>\n\n\n\n<p>J\u00e1 a vers\u00e3o Performance Black, topo de linha, oferece acabamento do painel em microfibra Dinamica e um sistema de som premium SONOS 3D. As rodas de liga-leve de 19 polegadas e o pacote de luzes ambiente s\u00e3o alguns dos diferenciais desta vers\u00e3o.<\/p>\n\n\n\n<h2 class=\"wp-block-heading\"><strong>Como \u00e9 o desempenho do motor do Audi A3 Sedan 2025?<\/strong><\/h2>\n\n\n\n<p>O Audi A3 Sedan 2025 mant\u00e9m o motor 2.0 TFSI, capaz de gerar 204 cv de pot\u00eancia e 32,6 kgfm de torque. Com transmiss\u00e3o autom\u00e1tica S tronic de sete velocidades, o modelo acelera de 0 a 100 km\/h em 7,4 segundos, com velocidade m\u00e1xima limitada a 210 km\/h.<\/p>\n\n\n\n<p>As dimens\u00f5es do ve\u00edculo incluem um comprimento de 4.504 mm e um entre-eixos de 2.634 mm, proporcionando um porta-malas de 425 litros. A capacidade do tanque \u00e9 de 50 litros, garantindo uma boa autonomia para viagens.<\/p>\n\n\n\n<h2 class=\"wp-block-heading\"><strong>Quais s\u00e3o as op\u00e7\u00f5es de cores e pre\u00e7os do Audi A3 Sedan 2025?<\/strong><\/h2>\n\n\n\n<p>As op\u00e7\u00f5es de cores variam conforme a vers\u00e3o. A Advanced oferece cores s\u00f3lidas como Branco Arkona e Preto Brilhante, al\u00e9m de met\u00e1licas como Azul Navarra e Verde Distrito. A Performance inclui op\u00e7\u00f5es como Amarelo Piton e Cinza Daytona, enquanto a Performance Black mant\u00e9m uma paleta semelhante.<\/p>\n\n\n\n<p>Os pre\u00e7os do Audi A3 Sedan 2025 come\u00e7am em R$ 289.990, com disponibilidade em todas as concession\u00e1rias da marca no Brasil. Com suas atualiza\u00e7\u00f5es, o A3 Sedan promete continuar sendo uma escolha popular entre os consumidores brasileiros.<\/p>\n","protected":false},"excerpt":{"rendered":"<p>O Audi A3 Sedan recebe uma atualiza\u00e7\u00e3o para 2025, incluindo um novo visual e tecnologia aprimorada. Saiba mais sobre a atualiza\u00e7\u00e3o do modelo popular.<\/p>\n","protected":false},"author":3,"featured_media":4347,"comment_status":"open","ping_status":"open","sticky":false,"template":"","format":"standard","meta":{"jnews-multi-image_gallery":[],"jnews_single_post":{"format":"standard"},"jnews_primary_category":[],"jnews_social_meta":[],"jnews_override_counter":[],"footnotes":""},"categories":[122],"post_tag":[896,897],"class_list":["post-4321","post","type-post","status-publish","format-standard","has-post-thumbnail","hentry","category-automobilismo","tag-audi","tag-sedan"],"yoast_head":"<!-- This site is optimized with the Yoast SEO plugin v24.6 - https:\/\/yoast.com\/wordpress\/plugins\/seo\/ -->\n<title>A3 Sedan 2025 \u00e9 lan\u00e7ado pela Audi e valor vai te surpreender<\/title>\n<meta name=\"description\" content=\"O Audi A3 Sedan recebe uma atualiza\u00e7\u00e3o para 2025, incluindo um novo visual e tecnologia aprimorada. Saiba mais sobre a atualiza\u00e7\u00e3o do modelo popular.\" \/>\n<meta name=\"robots\" content=\"index, follow, max-snippet:-1, max-image-preview:large, max-video-preview:-1\" \/>\n<link rel=\"canonical\" href=\"https:\/\/www.correiobraziliense.com.br\/cbradar\/a3-sedan-2025-e-lancado-pela-audi-e-valor-vai-te-surpreender\/\" \/>\n<meta property=\"og:locale\" content=\"pt_BR\" \/>\n<meta property=\"og:type\" content=\"article\" \/>\n<meta property=\"og:title\" content=\"A3 Sedan 2025 \u00e9 lan\u00e7ado pela Audi e valor vai te surpreender\" \/>\n<meta property=\"og:description\" content=\"O Audi A3 Sedan recebe uma atualiza\u00e7\u00e3o para 2025, incluindo um novo visual e tecnologia aprimorada. Saiba mais sobre a atualiza\u00e7\u00e3o do modelo popular.\" \/>\n<meta property=\"og:url\" content=\"https:\/\/www.correiobraziliense.com.br\/cbradar\/a3-sedan-2025-e-lancado-pela-audi-e-valor-vai-te-surpreender\/\" \/>\n<meta property=\"og:site_name\" content=\"Correio Braziliense - Radar\" \/>\n<meta property=\"article:published_time\" content=\"2025-02-21T15:30:00+00:00\" \/>\n<meta property=\"og:image\" content=\"https:\/\/www.correiobraziliense.com.br\/cbradar\/wp-content\/uploads\/2025\/02\/A3-Sedan.png\" \/>\n\t<meta property=\"og:image:width\" content=\"1280\" \/>\n\t<meta property=\"og:image:height\" content=\"720\" \/>\n\t<meta property=\"og:image:type\" content=\"image\/png\" \/>\n<meta name=\"author\" content=\"Larissa Carvalho\" \/>\n<meta name=\"twitter:card\" content=\"summary_large_image\" \/>\n<meta name=\"twitter:label1\" content=\"Escrito por\" \/>\n\t<meta name=\"twitter:data1\" content=\"Larissa Carvalho\" \/>\n\t<meta name=\"twitter:label2\" content=\"Est. tempo de leitura\" \/>\n\t<meta name=\"twitter:data2\" content=\"4 minutos\" \/>\n<!-- \/ Yoast SEO plugin. -->","yoast_head_json":{"title":"A3 Sedan 2025 \u00e9 lan\u00e7ado pela Audi e valor vai te surpreender","description":"O Audi A3 Sedan recebe uma atualiza\u00e7\u00e3o para 2025, incluindo um novo visual e tecnologia aprimorada. Saiba mais sobre a atualiza\u00e7\u00e3o do modelo popular.","robots":{"index":"index","follow":"follow","max-snippet":"max-snippet:-1","max-image-preview":"max-image-preview:large","max-video-preview":"max-video-preview:-1"},"canonical":"https:\/\/www.correiobraziliense.com.br\/cbradar\/a3-sedan-2025-e-lancado-pela-audi-e-valor-vai-te-surpreender\/","og_locale":"pt_BR","og_type":"article","og_title":"A3 Sedan 2025 \u00e9 lan\u00e7ado pela Audi e valor vai te surpreender","og_description":"O Audi A3 Sedan recebe uma atualiza\u00e7\u00e3o para 2025, incluindo um novo visual e tecnologia aprimorada. Saiba mais sobre a atualiza\u00e7\u00e3o do modelo popular.","og_url":"https:\/\/www.correiobraziliense.com.br\/cbradar\/a3-sedan-2025-e-lancado-pela-audi-e-valor-vai-te-surpreender\/","og_site_name":"Correio Braziliense - Radar","article_published_time":"2025-02-21T15:30:00+00:00","og_image":[{"width":1280,"height":720,"url":"https:\/\/www.correiobraziliense.com.br\/cbradar\/wp-content\/uploads\/2025\/02\/A3-Sedan.png","type":"image\/png"}],"author":"Larissa Carvalho","twitter_card":"summary_large_image","twitter_misc":{"Escrito por":"Larissa Carvalho","Est. tempo de leitura":"4 minutos"},"schema":{"@context":"https:\/\/schema.org","@graph":[{"@type":"WebPage","@id":"https:\/\/www.correiobraziliense.com.br\/cbradar\/a3-sedan-2025-e-lancado-pela-audi-e-valor-vai-te-surpreender\/","url":"https:\/\/www.correiobraziliense.com.br\/cbradar\/a3-sedan-2025-e-lancado-pela-audi-e-valor-vai-te-surpreender\/","name":"A3 Sedan 2025 \u00e9 lan\u00e7ado pela Audi e valor vai te surpreender","isPartOf":{"@id":"https:\/\/www.correiobraziliense.com.br\/cbradar\/#website"},"primaryImageOfPage":{"@id":"https:\/\/www.correiobraziliense.com.br\/cbradar\/a3-sedan-2025-e-lancado-pela-audi-e-valor-vai-te-surpreender\/#primaryimage"},"image":{"@id":"https:\/\/www.correiobraziliense.com.br\/cbradar\/a3-sedan-2025-e-lancado-pela-audi-e-valor-vai-te-surpreender\/#primaryimage"},"thumbnailUrl":"https:\/\/www.correiobraziliense.com.br\/cbradar\/wp-content\/uploads\/2025\/02\/A3-Sedan.png","datePublished":"2025-02-21T15:30:00+00:00","author":{"@id":"https:\/\/www.correiobraziliense.com.br\/cbradar\/#\/schema\/person\/58422787644df994b53a19d3e56c1513"},"description":"O Audi A3 Sedan recebe uma atualiza\u00e7\u00e3o para 2025, incluindo um novo visual e tecnologia aprimorada. Saiba mais sobre a atualiza\u00e7\u00e3o do modelo popular.","breadcrumb":{"@id":"https:\/\/www.correiobraziliense.com.br\/cbradar\/a3-sedan-2025-e-lancado-pela-audi-e-valor-vai-te-surpreender\/#breadcrumb"},"inLanguage":"pt-BR","potentialAction":[{"@type":"ReadAction","target":["https:\/\/www.correiobraziliense.com.br\/cbradar\/a3-sedan-2025-e-lancado-pela-audi-e-valor-vai-te-surpreender\/"]}]},{"@type":"ImageObject","inLanguage":"pt-BR","@id":"https:\/\/www.correiobraziliense.com.br\/cbradar\/a3-sedan-2025-e-lancado-pela-audi-e-valor-vai-te-surpreender\/#primaryimage","url":"https:\/\/www.correiobraziliense.com.br\/cbradar\/wp-content\/uploads\/2025\/02\/A3-Sedan.png","contentUrl":"https:\/\/www.correiobraziliense.com.br\/cbradar\/wp-content\/uploads\/2025\/02\/A3-Sedan.png","width":1280,"height":720,"caption":"A3 Sedan. Fonte: divulga\u00e7\u00e3o \/ Audi"},{"@type":"BreadcrumbList","@id":"https:\/\/www.correiobraziliense.com.br\/cbradar\/a3-sedan-2025-e-lancado-pela-audi-e-valor-vai-te-surpreender\/#breadcrumb","itemListElement":[{"@type":"ListItem","position":1,"name":"In\u00edcio","item":"https:\/\/www.correiobraziliense.com.br\/cbradar\/"},{"@type":"ListItem","position":2,"name":"A3 Sedan 2025 \u00e9 lan\u00e7ado pela Audi e valor vai te surpreender"}]},{"@type":"WebSite","@id":"https:\/\/www.correiobraziliense.com.br\/cbradar\/#website","url":"https:\/\/www.correiobraziliense.com.br\/cbradar\/","name":"Correio Braziliense - Radar","description":"Acompanhe as \u00faltimas not\u00edcias e fique bem informado sobre tudo o que acontece no Brasil e no mundo.","potentialAction":[{"@type":"SearchAction","target":{"@type":"EntryPoint","urlTemplate":"https:\/\/www.correiobraziliense.com.br\/cbradar\/?s={search_term_string}"},"query-input":{"@type":"PropertyValueSpecification","valueRequired":true,"valueName":"search_term_string"}}],"inLanguage":"pt-BR"},{"@type":"Person","@id":"https:\/\/www.correiobraziliense.com.br\/cbradar\/#\/schema\/person\/58422787644df994b53a19d3e56c1513","name":"Larissa Carvalho","image":{"@type":"ImageObject","inLanguage":"pt-BR","@id":"https:\/\/www.correiobraziliense.com.br\/cbradar\/#\/schema\/person\/image\/","url":"https:\/\/secure.gravatar.com\/avatar\/fe4f91a0de32b52a838d0d612abdc1aa?s=96&d=mm&r=g","contentUrl":"https:\/\/secure.gravatar.com\/avatar\/fe4f91a0de32b52a838d0d612abdc1aa?s=96&d=mm&r=g","caption":"Larissa Carvalho"},"url":"https:\/\/www.correiobraziliense.com.br\/cbradar\/author\/larissamyth\/"}]}},"_links":{"self":[{"href":"https:\/\/www.correiobraziliense.com.br\/cbradar\/wp-json\/wp\/v2\/posts\/4321","targetHints":{"allow":["GET"]}}],"collection":[{"href":"https:\/\/www.correiobraziliense.com.br\/cbradar\/wp-json\/wp\/v2\/posts"}],"about":[{"href":"https:\/\/www.correiobraziliense.com.br\/cbradar\/wp-json\/wp\/v2\/types\/post"}],"author":[{"embeddable":true,"href":"https:\/\/www.correiobraziliense.com.br\/cbradar\/wp-json\/wp\/v2\/users\/3"}],"replies":[{"embeddable":true,"href":"https:\/\/www.correiobraziliense.com.br\/cbradar\/wp-json\/wp\/v2\/comments?post=4321"}],"version-history":[{"count":1,"href":"https:\/\/www.correiobraziliense.com.br\/cbradar\/wp-json\/wp\/v2\/posts\/4321\/revisions"}],"predecessor-version":[{"id":4355,"href":"https:\/\/www.correiobraziliense.com.br\/cbradar\/wp-json\/wp\/v2\/posts\/4321\/revisions\/4355"}],"wp:featuredmedia":[{"embeddable":true,"href":"https:\/\/www.correiobraziliense.com.br\/cbradar\/wp-json\/wp\/v2\/media\/4347"}],"wp:attachment":[{"href":"https:\/\/www.correiobraziliense.com.br\/cbradar\/wp-json\/wp\/v2\/media?parent=4321"}],"wp:term":[{"taxonomy":"category","embeddable":true,"href":"https:\/\/www.correiobraziliense.com.br\/cbradar\/wp-json\/wp\/v2\/categories?post=4321"},{"taxonomy":"post_tag","embeddable":true,"href":"https:\/\/www.correiobraziliense.com.br\/cbradar\/wp-json\/wp\/v2\/post_tag?post=4321"}],"curies":[{"name":"wp","href":"https:\/\/api.w.org\/{rel}","templated":true}]}}