{"id":43248,"date":"2025-05-27T07:23:00","date_gmt":"2025-05-27T10:23:00","guid":{"rendered":"https:\/\/www.correiobraziliense.com.br\/cbradar\/?p=43248"},"modified":"2025-05-26T15:51:16","modified_gmt":"2025-05-26T18:51:16","slug":"essa-serie-vai-te-impactar-com-verdades-dificeis","status":"publish","type":"post","link":"https:\/\/www.correiobraziliense.com.br\/cbradar\/essa-serie-vai-te-impactar-com-verdades-dificeis\/","title":{"rendered":"Essa s\u00e9rie vai te impactar com verdades dif\u00edceis"},"content":{"rendered":"\n<p><strong>The Morning Show<\/strong> \u00e9 uma s\u00e9rie dram\u00e1tica da <strong>Apple TV+<\/strong>, criada por <strong>Jay Carson<\/strong> e lan\u00e7ada em 2019. A trama gira em torno do programa matinal de not\u00edcias mais famoso dos Estados Unidos, que entra em crise ap\u00f3s seu apresentador, <strong>Mitch Kessler<\/strong>, ser demitido por acusa\u00e7\u00f5es de ass\u00e9dio sexual.<\/p>\n\n\n\n<p>Enquanto a coapresentadora <strong>Alex Levy<\/strong> tenta manter sua posi\u00e7\u00e3o e credibilidade, uma nova rep\u00f3rter, <strong>Bradley Jackson<\/strong>, surge como voz disruptiva. Juntas, elas enfrentam jogos de poder, dilemas morais e a necessidade urgente de mudan\u00e7a na cultura da m\u00eddia.<\/p>\n\n\n\n<h2 class=\"wp-block-heading\">Quem s\u00e3o os personagens principais?<\/h2>\n\n\n\n<ul class=\"wp-block-list\">\n<li><strong>Alex Levy<\/strong> (Jennifer Aniston): \u00e2ncora veterana, forte e vulner\u00e1vel.<\/li>\n\n\n\n<li><strong>Bradley Jackson<\/strong> (Reese Witherspoon): rep\u00f3rter impetuosa e idealista.<\/li>\n\n\n\n<li><strong>Mitch Kessler<\/strong> (Steve Carell): jornalista carism\u00e1tico envolvido em esc\u00e2ndalos.<\/li>\n\n\n\n<li><strong>Cory Ellison<\/strong>, <strong>Chip Black<\/strong>, <strong>Hannah Shoenfeld<\/strong>: figuras centrais no jogo pol\u00edtico da emissora.<\/li>\n<\/ul>\n\n\n\n<figure class=\"wp-block-image size-large\"><img decoding=\"async\" width=\"1024\" height=\"576\" src=\"https:\/\/www.correiobraziliense.com.br\/cbradar\/wp-content\/uploads\/2025\/05\/The-Morning-Show-2-1024x576.png\" alt=\"Essa s\u00e9rie vai te impactar com verdades dif\u00edceis\" class=\"wp-image-43250\" srcset=\"https:\/\/www.correiobraziliense.com.br\/cbradar\/wp-content\/uploads\/2025\/05\/The-Morning-Show-2-1024x576.png 1024w, https:\/\/www.correiobraziliense.com.br\/cbradar\/wp-content\/uploads\/2025\/05\/The-Morning-Show-2-300x169.png 300w, https:\/\/www.correiobraziliense.com.br\/cbradar\/wp-content\/uploads\/2025\/05\/The-Morning-Show-2-768x432.png 768w, https:\/\/www.correiobraziliense.com.br\/cbradar\/wp-content\/uploads\/2025\/05\/The-Morning-Show-2-750x422.png 750w, https:\/\/www.correiobraziliense.com.br\/cbradar\/wp-content\/uploads\/2025\/05\/The-Morning-Show-2-1140x641.png 1140w, https:\/\/www.correiobraziliense.com.br\/cbradar\/wp-content\/uploads\/2025\/05\/The-Morning-Show-2.png 1280w\" sizes=\"(max-width: 1024px) 100vw, 1024px\" \/><figcaption class=\"wp-element-caption\">The Morning Show. Fonte: divulga\u00e7\u00e3o \/ AppleTV<\/figcaption><\/figure>\n\n\n\n<h2 class=\"wp-block-heading\">Como a s\u00e9rie retrata esc\u00e2ndalos e empoderamento?<\/h2>\n\n\n\n<p><em>The Morning Show<\/em> aborda o impacto do movimento #MeToo e as complexas camadas do abuso de poder dentro de ambientes corporativos. A s\u00e9rie n\u00e3o simplifica os conflitos: ela apresenta personagens humanos, que erram, tentam corrigir o curso e lidam com consequ\u00eancias reais.<\/p>\n\n\n\n<p>\u00c9 uma cr\u00edtica direta \u00e0 hipocrisia institucional, ao machismo enraizado e \u00e0 forma como a m\u00eddia constr\u00f3i (e destr\u00f3i) reputa\u00e7\u00f5es.<\/p>\n\n\n\n<h2 class=\"wp-block-heading\">Vale a pena assistir The Morning Show?<\/h2>\n\n\n\n<p>Sim. <em>The Morning Show<\/em> \u00e9 uma das s\u00e9ries mais potentes da atualidade, com atua\u00e7\u00f5es marcantes de Jennifer Aniston e Reese Witherspoon. A s\u00e9rie combina tens\u00e3o, emo\u00e7\u00e3o e relev\u00e2ncia social com qualidade t\u00e9cnica impec\u00e1vel.<\/p>\n\n\n\n<p>Ideal para quem busca hist\u00f3rias maduras, com reflex\u00f5es sobre \u00e9tica, poder e reconstru\u00e7\u00e3o pessoal e profissional.<\/p>\n\n\n\n<iframe loading=\"lazy\" width=\"560\" height=\"315\" src=\"https:\/\/www.youtube.com\/embed\/vPrtuy_4lHM?si=hM3tLEqq3HSc7nil\" title=\"YouTube video player\" frameborder=\"0\" allow=\"accelerometer; autoplay; clipboard-write; encrypted-media; gyroscope; picture-in-picture; web-share\" referrerpolicy=\"strict-origin-when-cross-origin\" allowfullscreen><\/iframe>\n\n\n\n<h2 class=\"wp-block-heading\">Curiosidades sobre The Morning Show<\/h2>\n\n\n\n<ul class=\"wp-block-list\">\n<li>Foi a primeira grande produ\u00e7\u00e3o da Apple TV+.<\/li>\n\n\n\n<li>Jennifer Aniston venceu o <strong>SAG Awards<\/strong> por sua atua\u00e7\u00e3o.<\/li>\n\n\n\n<li>A s\u00e9rie foi inspirada no livro <em>Top of the Morning<\/em>, de <strong>Brian Stelter<\/strong>.<\/li>\n\n\n\n<li>A terceira temporada expandiu temas como fake news, redes sociais e crise de imagem p\u00fablica.<\/li>\n<\/ul>\n\n\n\n<h2 class=\"wp-block-heading\">FAQ &#8211; Perguntas frequentes<\/h2>\n\n\n\n<ul class=\"wp-block-list\">\n<li><strong>Onde assistir The Morning Show?<\/strong>\n<ul class=\"wp-block-list\">\n<li>Dispon\u00edvel exclusivamente na <strong>Apple TV+<\/strong>.<\/li>\n<\/ul>\n<\/li>\n\n\n\n<li><strong>Quem est\u00e1 no elenco principal?<\/strong>\n<ul class=\"wp-block-list\">\n<li><strong>Jennifer Aniston<\/strong>, <strong>Reese Witherspoon<\/strong>, <strong>Steve Carell<\/strong>, <strong>Billy Crudup<\/strong>, <strong>Mark Duplass<\/strong>, <strong>Karen Pittman<\/strong>, <strong>Greta Lee<\/strong>.<\/li>\n<\/ul>\n<\/li>\n\n\n\n<li><strong>Qual o ano de lan\u00e7amento da s\u00e9rie?<\/strong>\n<ul class=\"wp-block-list\">\n<li><em>The Morning Show<\/em> estreou em 2019.<\/li>\n<\/ul>\n<\/li>\n\n\n\n<li><strong>Qual a produtora respons\u00e1vel pela s\u00e9rie?<\/strong>\n<ul class=\"wp-block-list\">\n<li>Produzida pela <strong>Media Res<\/strong>, em parceria com a <strong>Echo Films<\/strong> e a <strong>Hello Sunshine<\/strong>.<\/li>\n<\/ul>\n<\/li>\n<\/ul>\n","protected":false},"excerpt":{"rendered":"<p>Esc\u00e2ndalos, poder e empoderamento no jornalismo em uma s\u00e9rie que exp\u00f5e bastidores e dilemas de um mundo em colapso.<\/p>\n","protected":false},"author":3,"featured_media":43251,"comment_status":"open","ping_status":"open","sticky":false,"template":"","format":"standard","meta":{"_yoast_wpseo_focuskw":"The Morning Show","_yoast_wpseo_title":"%%title%%","_yoast_wpseo_metadesc":"Esc\u00e2ndalos, poder e empoderamento no jornalismo em uma s\u00e9rie que exp\u00f5e bastidores e dilemas de um mundo em colapso.","jnews-multi-image_gallery":[],"jnews_single_post":{"format":"standard"},"jnews_primary_category":[],"jnews_social_meta":[],"jnews_override_counter":[],"footnotes":""},"categories":[140],"post_tag":[568],"class_list":["post-43248","post","type-post","status-publish","format-standard","has-post-thumbnail","hentry","category-entretenimento","tag-series-e-filmes"],"yoast_head":"<!-- This site is optimized with the Yoast SEO plugin v24.6 - https:\/\/yoast.com\/wordpress\/plugins\/seo\/ -->\n<title>Essa s\u00e9rie vai te impactar com verdades dif\u00edceis<\/title>\n<meta name=\"description\" content=\"Esc\u00e2ndalos, poder e empoderamento no jornalismo em uma s\u00e9rie que exp\u00f5e bastidores e dilemas de um mundo em colapso.\" \/>\n<meta name=\"robots\" content=\"index, follow, max-snippet:-1, max-image-preview:large, max-video-preview:-1\" \/>\n<link rel=\"canonical\" href=\"https:\/\/www.correiobraziliense.com.br\/cbradar\/essa-serie-vai-te-impactar-com-verdades-dificeis\/\" \/>\n<meta property=\"og:locale\" content=\"pt_BR\" \/>\n<meta property=\"og:type\" content=\"article\" \/>\n<meta property=\"og:title\" content=\"Essa s\u00e9rie vai te impactar com verdades dif\u00edceis\" \/>\n<meta property=\"og:description\" content=\"Esc\u00e2ndalos, poder e empoderamento no jornalismo em uma s\u00e9rie que exp\u00f5e bastidores e dilemas de um mundo em colapso.\" \/>\n<meta property=\"og:url\" content=\"https:\/\/www.correiobraziliense.com.br\/cbradar\/essa-serie-vai-te-impactar-com-verdades-dificeis\/\" \/>\n<meta property=\"og:site_name\" content=\"Correio Braziliense - Radar\" \/>\n<meta property=\"article:published_time\" content=\"2025-05-27T10:23:00+00:00\" \/>\n<meta property=\"og:image\" content=\"https:\/\/www.correiobraziliense.com.br\/cbradar\/wp-content\/uploads\/2025\/05\/The-Morning-Show.png\" \/>\n\t<meta property=\"og:image:width\" content=\"1280\" \/>\n\t<meta property=\"og:image:height\" content=\"720\" \/>\n\t<meta property=\"og:image:type\" content=\"image\/png\" \/>\n<meta name=\"author\" content=\"Larissa Carvalho\" \/>\n<meta name=\"twitter:card\" content=\"summary_large_image\" \/>\n<meta name=\"twitter:label1\" content=\"Escrito por\" \/>\n\t<meta name=\"twitter:data1\" content=\"Larissa Carvalho\" \/>\n\t<meta name=\"twitter:label2\" content=\"Est. tempo de leitura\" \/>\n\t<meta name=\"twitter:data2\" content=\"3 minutos\" \/>\n<!-- \/ Yoast SEO plugin. -->","yoast_head_json":{"title":"Essa s\u00e9rie vai te impactar com verdades dif\u00edceis","description":"Esc\u00e2ndalos, poder e empoderamento no jornalismo em uma s\u00e9rie que exp\u00f5e bastidores e dilemas de um mundo em colapso.","robots":{"index":"index","follow":"follow","max-snippet":"max-snippet:-1","max-image-preview":"max-image-preview:large","max-video-preview":"max-video-preview:-1"},"canonical":"https:\/\/www.correiobraziliense.com.br\/cbradar\/essa-serie-vai-te-impactar-com-verdades-dificeis\/","og_locale":"pt_BR","og_type":"article","og_title":"Essa s\u00e9rie vai te impactar com verdades dif\u00edceis","og_description":"Esc\u00e2ndalos, poder e empoderamento no jornalismo em uma s\u00e9rie que exp\u00f5e bastidores e dilemas de um mundo em colapso.","og_url":"https:\/\/www.correiobraziliense.com.br\/cbradar\/essa-serie-vai-te-impactar-com-verdades-dificeis\/","og_site_name":"Correio Braziliense - Radar","article_published_time":"2025-05-27T10:23:00+00:00","og_image":[{"width":1280,"height":720,"url":"https:\/\/www.correiobraziliense.com.br\/cbradar\/wp-content\/uploads\/2025\/05\/The-Morning-Show.png","type":"image\/png"}],"author":"Larissa Carvalho","twitter_card":"summary_large_image","twitter_misc":{"Escrito por":"Larissa Carvalho","Est. tempo de leitura":"3 minutos"},"schema":{"@context":"https:\/\/schema.org","@graph":[{"@type":"WebPage","@id":"https:\/\/www.correiobraziliense.com.br\/cbradar\/essa-serie-vai-te-impactar-com-verdades-dificeis\/","url":"https:\/\/www.correiobraziliense.com.br\/cbradar\/essa-serie-vai-te-impactar-com-verdades-dificeis\/","name":"Essa s\u00e9rie vai te impactar com verdades dif\u00edceis","isPartOf":{"@id":"https:\/\/www.correiobraziliense.com.br\/cbradar\/#website"},"primaryImageOfPage":{"@id":"https:\/\/www.correiobraziliense.com.br\/cbradar\/essa-serie-vai-te-impactar-com-verdades-dificeis\/#primaryimage"},"image":{"@id":"https:\/\/www.correiobraziliense.com.br\/cbradar\/essa-serie-vai-te-impactar-com-verdades-dificeis\/#primaryimage"},"thumbnailUrl":"https:\/\/www.correiobraziliense.com.br\/cbradar\/wp-content\/uploads\/2025\/05\/The-Morning-Show.png","datePublished":"2025-05-27T10:23:00+00:00","author":{"@id":"https:\/\/www.correiobraziliense.com.br\/cbradar\/#\/schema\/person\/58422787644df994b53a19d3e56c1513"},"description":"Esc\u00e2ndalos, poder e empoderamento no jornalismo em uma s\u00e9rie que exp\u00f5e bastidores e dilemas de um mundo em colapso.","breadcrumb":{"@id":"https:\/\/www.correiobraziliense.com.br\/cbradar\/essa-serie-vai-te-impactar-com-verdades-dificeis\/#breadcrumb"},"inLanguage":"pt-BR","potentialAction":[{"@type":"ReadAction","target":["https:\/\/www.correiobraziliense.com.br\/cbradar\/essa-serie-vai-te-impactar-com-verdades-dificeis\/"]}]},{"@type":"ImageObject","inLanguage":"pt-BR","@id":"https:\/\/www.correiobraziliense.com.br\/cbradar\/essa-serie-vai-te-impactar-com-verdades-dificeis\/#primaryimage","url":"https:\/\/www.correiobraziliense.com.br\/cbradar\/wp-content\/uploads\/2025\/05\/The-Morning-Show.png","contentUrl":"https:\/\/www.correiobraziliense.com.br\/cbradar\/wp-content\/uploads\/2025\/05\/The-Morning-Show.png","width":1280,"height":720,"caption":"The Morning Show. Fonte: divulga\u00e7\u00e3o \/ AppleTV"},{"@type":"BreadcrumbList","@id":"https:\/\/www.correiobraziliense.com.br\/cbradar\/essa-serie-vai-te-impactar-com-verdades-dificeis\/#breadcrumb","itemListElement":[{"@type":"ListItem","position":1,"name":"In\u00edcio","item":"https:\/\/www.correiobraziliense.com.br\/cbradar\/"},{"@type":"ListItem","position":2,"name":"Essa s\u00e9rie vai te impactar com verdades dif\u00edceis"}]},{"@type":"WebSite","@id":"https:\/\/www.correiobraziliense.com.br\/cbradar\/#website","url":"https:\/\/www.correiobraziliense.com.br\/cbradar\/","name":"Correio Braziliense - Radar","description":"Acompanhe as \u00faltimas not\u00edcias e fique bem informado sobre tudo o que acontece no Brasil e no mundo.","potentialAction":[{"@type":"SearchAction","target":{"@type":"EntryPoint","urlTemplate":"https:\/\/www.correiobraziliense.com.br\/cbradar\/?s={search_term_string}"},"query-input":{"@type":"PropertyValueSpecification","valueRequired":true,"valueName":"search_term_string"}}],"inLanguage":"pt-BR"},{"@type":"Person","@id":"https:\/\/www.correiobraziliense.com.br\/cbradar\/#\/schema\/person\/58422787644df994b53a19d3e56c1513","name":"Larissa Carvalho","image":{"@type":"ImageObject","inLanguage":"pt-BR","@id":"https:\/\/www.correiobraziliense.com.br\/cbradar\/#\/schema\/person\/image\/","url":"https:\/\/secure.gravatar.com\/avatar\/fe4f91a0de32b52a838d0d612abdc1aa?s=96&d=mm&r=g","contentUrl":"https:\/\/secure.gravatar.com\/avatar\/fe4f91a0de32b52a838d0d612abdc1aa?s=96&d=mm&r=g","caption":"Larissa Carvalho"},"url":"https:\/\/www.correiobraziliense.com.br\/cbradar\/author\/larissamyth\/"}]}},"_links":{"self":[{"href":"https:\/\/www.correiobraziliense.com.br\/cbradar\/wp-json\/wp\/v2\/posts\/43248","targetHints":{"allow":["GET"]}}],"collection":[{"href":"https:\/\/www.correiobraziliense.com.br\/cbradar\/wp-json\/wp\/v2\/posts"}],"about":[{"href":"https:\/\/www.correiobraziliense.com.br\/cbradar\/wp-json\/wp\/v2\/types\/post"}],"author":[{"embeddable":true,"href":"https:\/\/www.correiobraziliense.com.br\/cbradar\/wp-json\/wp\/v2\/users\/3"}],"replies":[{"embeddable":true,"href":"https:\/\/www.correiobraziliense.com.br\/cbradar\/wp-json\/wp\/v2\/comments?post=43248"}],"version-history":[{"count":1,"href":"https:\/\/www.correiobraziliense.com.br\/cbradar\/wp-json\/wp\/v2\/posts\/43248\/revisions"}],"predecessor-version":[{"id":43252,"href":"https:\/\/www.correiobraziliense.com.br\/cbradar\/wp-json\/wp\/v2\/posts\/43248\/revisions\/43252"}],"wp:featuredmedia":[{"embeddable":true,"href":"https:\/\/www.correiobraziliense.com.br\/cbradar\/wp-json\/wp\/v2\/media\/43251"}],"wp:attachment":[{"href":"https:\/\/www.correiobraziliense.com.br\/cbradar\/wp-json\/wp\/v2\/media?parent=43248"}],"wp:term":[{"taxonomy":"category","embeddable":true,"href":"https:\/\/www.correiobraziliense.com.br\/cbradar\/wp-json\/wp\/v2\/categories?post=43248"},{"taxonomy":"post_tag","embeddable":true,"href":"https:\/\/www.correiobraziliense.com.br\/cbradar\/wp-json\/wp\/v2\/post_tag?post=43248"}],"curies":[{"name":"wp","href":"https:\/\/api.w.org\/{rel}","templated":true}]}}